{"id":21287,"date":"2025-02-20T14:00:09","date_gmt":"2025-02-20T17:00:09","guid":{"rendered":"https:\/\/www.em.com.br\/emfoco\/?p=21287"},"modified":"2025-02-20T14:00:10","modified_gmt":"2025-02-20T17:00:10","slug":"governo-lanca-novo-cadunico-e-beneficiarios-comemoram","status":"publish","type":"post","link":"https:\/\/www.em.com.br\/emfoco\/2025\/02\/20\/governo-lanca-novo-cadunico-e-beneficiarios-comemoram\/","title":{"rendered":"Governo lan\u00e7a novo Cad\u00danico e benefici\u00e1rios comemoram!"},"content":{"rendered":"\n<p>O <strong>Novo Cadastro \u00danico<\/strong>, conhecido como <strong>Cad\u00danico<\/strong>, \u00e9 uma plataforma reformulada pelo <strong>Minist\u00e9rio do Desenvolvimento e Assist\u00eancia Social, Fam\u00edlia e Combate \u00e0 Fome (MDS) no Brasil<\/strong>. Este sistema visa aprimorar o processo de registro de fam\u00edlias que buscam participar de programas sociais, promovendo uma integra\u00e7\u00e3o mais eficiente das bases de dados governamentais. O lan\u00e7amento oficial aconteceu em <strong>Bras\u00edlia<\/strong>, com a presen\u00e7a de diversas autoridades.<\/p>\n\n\n\n<p>O Cad\u00danico \u00e9 um componente vital para que cidad\u00e3os brasileiros possam acessar programas sociais, como o Bolsa Fam\u00edlia. A atualiza\u00e7\u00e3o do sistema busca n\u00e3o apenas agilizar o acesso aos benef\u00edcios, mas tamb\u00e9m garantir que os dados sejam processados de maneira mais precisa e segura.<\/p>\n\n\n\n<h2 class=\"wp-block-heading\">Quais s\u00e3o as melhorias no acesso aos benef\u00edcios sociais?<\/h2>\n\n\n\n<p>Com o Novo Cad\u00danico, o acesso aos programas sociais foi significativamente melhorado. A principal inova\u00e7\u00e3o \u00e9 a automa\u00e7\u00e3o no preenchimento de informa\u00e7\u00f5es, permitindo que os dados sejam processados de forma mais r\u00e1pida e com menos erros. O uso do <strong>CPF<\/strong> do benefici\u00e1rio facilita a obten\u00e7\u00e3o de informa\u00e7\u00f5es essenciais, como dados de nascimento e previd\u00eancia social, sem a necessidade de m\u00faltiplos documentos.<\/p>\n\n\n\n<p>O sistema tamb\u00e9m introduz uma plataforma de gest\u00e3o de riscos, que \u00e9 crucial para monitorar e prevenir fraudes. Essa funcionalidade assegura que os recursos sejam distribu\u00eddos de maneira justa, protegendo tanto os dados dos benefici\u00e1rios quanto a integridade dos programas sociais.<\/p>\n\n\n\n<figure class=\"wp-block-image size-large\"><img loading=\"lazy\" decoding=\"async\" width=\"1024\" height=\"576\" src=\"https:\/\/www.em.com.br\/emfoco\/wp-content\/uploads\/2025\/02\/esse-115-1024x576.jpg\" alt=\"Governo lan\u00e7a novo Cad\u00danico e benefici\u00e1rios comemoram!\" class=\"wp-image-21290\" srcset=\"https:\/\/www.em.com.br\/emfoco\/wp-content\/uploads\/2025\/02\/esse-115-1024x576.jpg 1024w, https:\/\/www.em.com.br\/emfoco\/wp-content\/uploads\/2025\/02\/esse-115-300x169.jpg 300w, https:\/\/www.em.com.br\/emfoco\/wp-content\/uploads\/2025\/02\/esse-115-768x432.jpg 768w, https:\/\/www.em.com.br\/emfoco\/wp-content\/uploads\/2025\/02\/esse-115-750x422.jpg 750w, https:\/\/www.em.com.br\/emfoco\/wp-content\/uploads\/2025\/02\/esse-115-1140x641.jpg 1140w, https:\/\/www.em.com.br\/emfoco\/wp-content\/uploads\/2025\/02\/esse-115.jpg 1280w\" sizes=\"auto, (max-width: 1024px) 100vw, 1024px\" \/><figcaption class=\"wp-element-caption\">Celular com Aplicativo Cad\u00danico \u2013 Cr\u00e9ditos: depositphotos.com \/ sidneydealmeida<\/figcaption><\/figure>\n\n\n\n<h2 class=\"wp-block-heading\">Funcionalidades do portal integrado<\/h2>\n\n\n\n<p>O Novo Cad\u00danico funciona como um portal integrado que centraliza informa\u00e7\u00f5es importantes, incluindo dados de \u00f3bitos, nascimentos, identifica\u00e7\u00e3o por CPF e registros de emprego formal. Essa centraliza\u00e7\u00e3o visa otimizar o tempo dos operadores e simplificar o processo para os cidad\u00e3os, eliminando a necessidade de fornecer informa\u00e7\u00f5es j\u00e1 dispon\u00edveis no sistema.<\/p>\n\n\n\n<p>Al\u00e9m disso, o portal oferece ferramentas para capacita\u00e7\u00e3o, relat\u00f3rios anal\u00edticos e gest\u00e3o de riscos, tornando-se uma solu\u00e7\u00e3o abrangente para a administra\u00e7\u00e3o dos programas sociais. A seguran\u00e7a e a confiabilidade dos dados s\u00e3o garantidas pela <strong>Dataprev<\/strong>, que gerencia o armazenamento das informa\u00e7\u00f5es.<\/p>\n\n\n\n<h2 class=\"wp-block-heading\">Impactos da moderniza\u00e7\u00e3o do Cad\u00danico<\/h2>\n\n\n\n<p>A moderniza\u00e7\u00e3o do Cadastro \u00danico representa um avan\u00e7o significativo na administra\u00e7\u00e3o dos programas sociais no Brasil. Com a integra\u00e7\u00e3o de dados e a automa\u00e7\u00e3o dos processos, espera-se que o acesso aos benef\u00edcios seja mais r\u00e1pido e eficiente, melhorando o atendimento \u00e0s necessidades da popula\u00e7\u00e3o.<\/p>\n\n\n\n<p>Al\u00e9m disso, a implementa\u00e7\u00e3o de um sistema robusto de gest\u00e3o de riscos garante que os recursos sejam alocados de forma justa, minimizando fraudes e desperd\u00edcios. O Novo Cad\u00danico n\u00e3o apenas simplifica o processo de cadastramento, mas tamb\u00e9m fortalece a infraestrutura social do pa\u00eds, tornando os programas sociais mais acess\u00edveis e eficazes para todos os brasileiros.<\/p>\n","protected":false},"excerpt":{"rendered":"<p>O Novo Cadastro \u00danico, conhecido como Cad\u00danico, \u00e9 uma plataforma reformulada pelo Minist\u00e9rio do Desenvolvimento e Assist\u00eancia Social, Fam\u00edlia e Combate \u00e0 Fome (MDS) no Brasil. Este sistema visa aprimorar o processo de registro de fam\u00edlias que buscam participar de programas sociais, promovendo uma integra\u00e7\u00e3o mais eficiente das bases de dados governamentais. O lan\u00e7amento oficial [&hellip;]<\/p>\n","protected":false},"author":5,"featured_media":16518,"comment_status":"open","ping_status":"open","sticky":false,"template":"","format":"standard","meta":{"jnews-multi-image_gallery":[],"jnews_single_post":{"format":"standard"},"jnews_primary_category":[],"jnews_social_meta":[],"jnews_override_counter":[],"footnotes":""},"categories":[28,1],"tags":[209,158,656,2269],"class_list":["post-21287","post","type-post","status-publish","format-standard","has-post-thumbnail","hentry","category-economia","category-noticias","tag-bolsa-familia","tag-brasil","tag-cadastro-unico","tag-dataprev"],"yoast_head":"<!-- This site is optimized with the Yoast SEO plugin v23.8 - https:\/\/yoast.com\/wordpress\/plugins\/seo\/ -->\n<title>Governo lan\u00e7a novo Cad\u00danico e benefici\u00e1rios comemoram! - Estado de Minas - Em foco<\/title>\n<meta name=\"description\" content=\"Governo moderniza o cadastro \u00fanico, trazendo mais agilidade e seguran\u00e7a no acesso a programas sociais como o bolsa fam\u00edlia.\" \/>\n<meta name=\"robots\" content=\"index, follow, max-snippet:-1, max-image-preview:large, max-video-preview:-1\" \/>\n<link rel=\"canonical\" href=\"https:\/\/www.em.com.br\/emfoco\/2025\/02\/20\/governo-lanca-novo-cadunico-e-beneficiarios-comemoram\/\" \/>\n<meta property=\"og:locale\" content=\"pt_BR\" \/>\n<meta property=\"og:type\" content=\"article\" \/>\n<meta property=\"og:title\" content=\"Governo lan\u00e7a novo Cad\u00danico e benefici\u00e1rios comemoram! - Estado de Minas - Em foco\" \/>\n<meta property=\"og:description\" content=\"Governo moderniza o cadastro \u00fanico, trazendo mais agilidade e seguran\u00e7a no acesso a programas sociais como o bolsa fam\u00edlia.\" \/>\n<meta property=\"og:url\" content=\"https:\/\/www.em.com.br\/emfoco\/2025\/02\/20\/governo-lanca-novo-cadunico-e-beneficiarios-comemoram\/\" \/>\n<meta property=\"og:site_name\" content=\"Estado de Minas - Em foco\" \/>\n<meta property=\"article:published_time\" content=\"2025-02-20T17:00:09+00:00\" \/>\n<meta property=\"article:modified_time\" content=\"2025-02-20T17:00:10+00:00\" \/>\n<meta property=\"og:image\" content=\"https:\/\/www.em.com.br\/emfoco\/wp-content\/uploads\/2025\/02\/esse-47.jpg\" \/>\n\t<meta property=\"og:image:width\" content=\"1280\" \/>\n\t<meta property=\"og:image:height\" content=\"720\" \/>\n\t<meta property=\"og:image:type\" content=\"image\/jpeg\" \/>\n<meta name=\"author\" content=\"N\u00fabia Rangel\" \/>\n<meta name=\"twitter:card\" content=\"summary_large_image\" \/>\n<meta name=\"twitter:label1\" content=\"Escrito por\" \/>\n\t<meta name=\"twitter:data1\" content=\"N\u00fabia Rangel\" \/>\n\t<meta name=\"twitter:label2\" content=\"Est. tempo de leitura\" \/>\n\t<meta name=\"twitter:data2\" content=\"3 minutos\" \/>\n<!-- \/ Yoast SEO plugin. -->","yoast_head_json":{"title":"Governo lan\u00e7a novo Cad\u00danico e benefici\u00e1rios comemoram! - Estado de Minas - Em foco","description":"Governo moderniza o cadastro \u00fanico, trazendo mais agilidade e seguran\u00e7a no acesso a programas sociais como o bolsa fam\u00edlia.","robots":{"index":"index","follow":"follow","max-snippet":"max-snippet:-1","max-image-preview":"max-image-preview:large","max-video-preview":"max-video-preview:-1"},"canonical":"https:\/\/www.em.com.br\/emfoco\/2025\/02\/20\/governo-lanca-novo-cadunico-e-beneficiarios-comemoram\/","og_locale":"pt_BR","og_type":"article","og_title":"Governo lan\u00e7a novo Cad\u00danico e benefici\u00e1rios comemoram! - Estado de Minas - Em foco","og_description":"Governo moderniza o cadastro \u00fanico, trazendo mais agilidade e seguran\u00e7a no acesso a programas sociais como o bolsa fam\u00edlia.","og_url":"https:\/\/www.em.com.br\/emfoco\/2025\/02\/20\/governo-lanca-novo-cadunico-e-beneficiarios-comemoram\/","og_site_name":"Estado de Minas - Em foco","article_published_time":"2025-02-20T17:00:09+00:00","article_modified_time":"2025-02-20T17:00:10+00:00","og_image":[{"width":1280,"height":720,"url":"https:\/\/www.em.com.br\/emfoco\/wp-content\/uploads\/2025\/02\/esse-47.jpg","type":"image\/jpeg"}],"author":"N\u00fabia Rangel","twitter_card":"summary_large_image","twitter_misc":{"Escrito por":"N\u00fabia Rangel","Est. tempo de leitura":"3 minutos"},"schema":{"@context":"https:\/\/schema.org","@graph":[{"@type":"WebPage","@id":"https:\/\/www.em.com.br\/emfoco\/2025\/02\/20\/governo-lanca-novo-cadunico-e-beneficiarios-comemoram\/","url":"https:\/\/www.em.com.br\/emfoco\/2025\/02\/20\/governo-lanca-novo-cadunico-e-beneficiarios-comemoram\/","name":"Governo lan\u00e7a novo Cad\u00danico e benefici\u00e1rios comemoram! - Estado de Minas - Em foco","isPartOf":{"@id":"https:\/\/www.em.com.br\/emfoco\/#website"},"primaryImageOfPage":{"@id":"https:\/\/www.em.com.br\/emfoco\/2025\/02\/20\/governo-lanca-novo-cadunico-e-beneficiarios-comemoram\/#primaryimage"},"image":{"@id":"https:\/\/www.em.com.br\/emfoco\/2025\/02\/20\/governo-lanca-novo-cadunico-e-beneficiarios-comemoram\/#primaryimage"},"thumbnailUrl":"https:\/\/www.em.com.br\/emfoco\/wp-content\/uploads\/2025\/02\/esse-47.jpg","datePublished":"2025-02-20T17:00:09+00:00","dateModified":"2025-02-20T17:00:10+00:00","author":{"@id":"https:\/\/www.em.com.br\/emfoco\/#\/schema\/person\/524437ef54f8a5d32591b143307f2e20"},"description":"Governo moderniza o cadastro \u00fanico, trazendo mais agilidade e seguran\u00e7a no acesso a programas sociais como o bolsa fam\u00edlia.","breadcrumb":{"@id":"https:\/\/www.em.com.br\/emfoco\/2025\/02\/20\/governo-lanca-novo-cadunico-e-beneficiarios-comemoram\/#breadcrumb"},"inLanguage":"pt-BR","potentialAction":[{"@type":"ReadAction","target":["https:\/\/www.em.com.br\/emfoco\/2025\/02\/20\/governo-lanca-novo-cadunico-e-beneficiarios-comemoram\/"]}]},{"@type":"ImageObject","inLanguage":"pt-BR","@id":"https:\/\/www.em.com.br\/emfoco\/2025\/02\/20\/governo-lanca-novo-cadunico-e-beneficiarios-comemoram\/#primaryimage","url":"https:\/\/www.em.com.br\/emfoco\/wp-content\/uploads\/2025\/02\/esse-47.jpg","contentUrl":"https:\/\/www.em.com.br\/emfoco\/wp-content\/uploads\/2025\/02\/esse-47.jpg","width":1280,"height":720,"caption":"Presidente Lula Cr\u00e9ditos: depositphotos.com \/ thenews2.com"},{"@type":"BreadcrumbList","@id":"https:\/\/www.em.com.br\/emfoco\/2025\/02\/20\/governo-lanca-novo-cadunico-e-beneficiarios-comemoram\/#breadcrumb","itemListElement":[{"@type":"ListItem","position":1,"name":"In\u00edcio","item":"https:\/\/www.em.com.br\/emfoco\/"},{"@type":"ListItem","position":2,"name":"Governo lan\u00e7a novo Cad\u00danico e benefici\u00e1rios comemoram!"}]},{"@type":"WebSite","@id":"https:\/\/www.em.com.br\/emfoco\/#website","url":"https:\/\/www.em.com.br\/emfoco\/","name":"Estado de Minas - Em foco","description":"Acompanhe as \u00faltimas not\u00edcias e fique bem informado sobre tudo o que acontece em Minas Gerais, Brasil e no mundo.","potentialAction":[{"@type":"SearchAction","target":{"@type":"EntryPoint","urlTemplate":"https:\/\/www.em.com.br\/emfoco\/?s={search_term_string}"},"query-input":{"@type":"PropertyValueSpecification","valueRequired":true,"valueName":"search_term_string"}}],"inLanguage":"pt-BR"},{"@type":"Person","@id":"https:\/\/www.em.com.br\/emfoco\/#\/schema\/person\/524437ef54f8a5d32591b143307f2e20","name":"N\u00fabia Rangel","image":{"@type":"ImageObject","inLanguage":"pt-BR","@id":"https:\/\/www.em.com.br\/emfoco\/#\/schema\/person\/image\/","url":"https:\/\/secure.gravatar.com\/avatar\/47cff2827a5ba23c37e8068c86817ea4?s=96&d=mm&r=g","contentUrl":"https:\/\/secure.gravatar.com\/avatar\/47cff2827a5ba23c37e8068c86817ea4?s=96&d=mm&r=g","caption":"N\u00fabia Rangel"},"sameAs":["https:\/\/www.em.com.br\/emfoco\/"],"url":"https:\/\/www.em.com.br\/emfoco\/author\/nubiamyth\/"}]}},"_links":{"self":[{"href":"https:\/\/www.em.com.br\/emfoco\/wp-json\/wp\/v2\/posts\/21287","targetHints":{"allow":["GET"]}}],"collection":[{"href":"https:\/\/www.em.com.br\/emfoco\/wp-json\/wp\/v2\/posts"}],"about":[{"href":"https:\/\/www.em.com.br\/emfoco\/wp-json\/wp\/v2\/types\/post"}],"author":[{"embeddable":true,"href":"https:\/\/www.em.com.br\/emfoco\/wp-json\/wp\/v2\/users\/5"}],"replies":[{"embeddable":true,"href":"https:\/\/www.em.com.br\/emfoco\/wp-json\/wp\/v2\/comments?post=21287"}],"version-history":[{"count":3,"href":"https:\/\/www.em.com.br\/emfoco\/wp-json\/wp\/v2\/posts\/21287\/revisions"}],"predecessor-version":[{"id":21291,"href":"https:\/\/www.em.com.br\/emfoco\/wp-json\/wp\/v2\/posts\/21287\/revisions\/21291"}],"wp:featuredmedia":[{"embeddable":true,"href":"https:\/\/www.em.com.br\/emfoco\/wp-json\/wp\/v2\/media\/16518"}],"wp:attachment":[{"href":"https:\/\/www.em.com.br\/emfoco\/wp-json\/wp\/v2\/media?parent=21287"}],"wp:term":[{"taxonomy":"category","embeddable":true,"href":"https:\/\/www.em.com.br\/emfoco\/wp-json\/wp\/v2\/categories?post=21287"},{"taxonomy":"post_tag","embeddable":true,"href":"https:\/\/www.em.com.br\/emfoco\/wp-json\/wp\/v2\/tags?post=21287"}],"curies":[{"name":"wp","href":"https:\/\/api.w.org\/{rel}","templated":true}]}}