{"id":21224,"date":"2025-02-19T19:30:00","date_gmt":"2025-02-19T22:30:00","guid":{"rendered":"https:\/\/www.em.com.br\/emfoco\/?p=21224"},"modified":"2025-02-19T16:41:35","modified_gmt":"2025-02-19T19:41:35","slug":"o-efeito-chocante-da-aspirina-nos-cabelos-que-poucos-conhecem","status":"publish","type":"post","link":"https:\/\/www.em.com.br\/emfoco\/2025\/02\/19\/o-efeito-chocante-da-aspirina-nos-cabelos-que-poucos-conhecem\/","title":{"rendered":"O efeito chocante da aspirina nos cabelos que poucos conhecem!"},"content":{"rendered":"\n<p>Nos \u00faltimos anos, a busca por solu\u00e7\u00f5es caseiras para cuidados capilares tem ganhado for\u00e7a, e a aspirina desponta como uma alternativa intrigante. Tradicionalmente usada para aliviar dores e reduzir febres, a aspirina cont\u00e9m propriedades que podem beneficiar a sa\u00fade dos cabelos. Este artigo explora como esse medicamento comum pode ser incorporado ao shampoo para promover um couro cabeludo mais saud\u00e1vel e fios mais fortes.<\/p>\n\n\n\n<p>Segundo o site <a href=\"https:\/\/paisefilhos.com.br\/entretenimento\/aspirina-no-shampoo-ajuda-no-crescimento-capilar\/\" target=\"_blank\" rel=\"noreferrer noopener\">Pais&amp;Filhos<\/a>, o uso de aspirina nos cuidados capilares n\u00e3o \u00e9 uma pr\u00e1tica nova, mas tem atra\u00eddo aten\u00e7\u00e3o renovada devido aos seus potenciais benef\u00edcios. Ao ser adicionada ao shampoo, a aspirina pode ajudar a combater problemas como caspa e promover um ambiente mais prop\u00edcio para o crescimento capilar.<\/p>\n\n\n\n<h2 class=\"wp-block-heading\">Como a aspirina contribui para o crescimento dos cabelos?<\/h2>\n\n\n\n<p>Aspirina cont\u00e9m \u00e1cido acetilsalic\u00edlico, que possui propriedades anti-inflamat\u00f3rias. Quando aplicada no couro cabeludo, essa subst\u00e2ncia pode ajudar a reduzir inflama\u00e7\u00f5es e irrita\u00e7\u00f5es, criando um ambiente mais saud\u00e1vel para o crescimento dos fios. Al\u00e9m disso, o \u00e1cido salic\u00edlico presente na aspirina atua como um esfoliante suave, ajudando a remover c\u00e9lulas mortas e res\u00edduos que podem obstruir os fol\u00edculos capilares.<\/p>\n\n\n\n<p>O uso regular de aspirina no shampoo pode tamb\u00e9m melhorar a circula\u00e7\u00e3o sangu\u00ednea no couro cabeludo, especialmente quando combinado com uma massagem durante a aplica\u00e7\u00e3o. Isso pode resultar em fios mais fortes e saud\u00e1veis ao longo do tempo.<\/p>\n\n\n\n<h2 class=\"wp-block-heading\">Quais s\u00e3o os benef\u00edcios est\u00e9ticos da aspirina para o cabelo?<\/h2>\n\n\n\n<p>Al\u00e9m de auxiliar no combate \u00e0 caspa, a aspirina pode ajudar a melhorar a <a href=\"https:\/\/www.em.com.br\/emfoco\/2025\/02\/17\/a-verdade-oculta-por-tras-do-nome-ana-voce-nunca-imaginou-esse-significado\/\" target=\"_blank\" rel=\"noreferrer noopener\">apar\u00eancia<\/a> geral dos cabelos. Um dos benef\u00edcios est\u00e9ticos \u00e9 a capacidade de remover tons indesejados, como o esverdeado que pode surgir ap\u00f3s a exposi\u00e7\u00e3o ao cloro. Isso torna a aspirina uma op\u00e7\u00e3o interessante para quem deseja manter a cor natural dos cabelos ou recuperar a tonalidade ap\u00f3s processos de colora\u00e7\u00e3o.<\/p>\n\n\n\n<p>Outro benef\u00edcio \u00e9 o efeito de alinhamento dos fios, que pode proporcionar um aspecto mais liso e saud\u00e1vel sem a necessidade de produtos qu\u00edmicos agressivos. Essa propriedade torna a aspirina uma escolha atraente para quem busca minimizar os danos causados por tratamentos capilares intensivos.<\/p>\n\n\n<div class=\"wp-block-image\">\n<figure class=\"aligncenter size-large\"><img loading=\"lazy\" decoding=\"async\" width=\"1024\" height=\"576\" src=\"https:\/\/www.em.com.br\/emfoco\/wp-content\/uploads\/2025\/02\/shampoo_1739993811293-1024x576.jpg\" alt=\"O efeito chocante da aspirina nos cabelos que poucos conhecem\" class=\"wp-image-21226\" srcset=\"https:\/\/www.em.com.br\/emfoco\/wp-content\/uploads\/2025\/02\/shampoo_1739993811293-1024x576.jpg 1024w, https:\/\/www.em.com.br\/emfoco\/wp-content\/uploads\/2025\/02\/shampoo_1739993811293-300x169.jpg 300w, https:\/\/www.em.com.br\/emfoco\/wp-content\/uploads\/2025\/02\/shampoo_1739993811293-768x432.jpg 768w, https:\/\/www.em.com.br\/emfoco\/wp-content\/uploads\/2025\/02\/shampoo_1739993811293-750x422.jpg 750w, https:\/\/www.em.com.br\/emfoco\/wp-content\/uploads\/2025\/02\/shampoo_1739993811293-1140x641.jpg 1140w, https:\/\/www.em.com.br\/emfoco\/wp-content\/uploads\/2025\/02\/shampoo_1739993811293.jpg 1280w\" sizes=\"auto, (max-width: 1024px) 100vw, 1024px\" \/><figcaption class=\"wp-element-caption\">Shampoo (Cr\u00e9ditos: depositphotos.com \/ esp2k)<\/figcaption><\/figure><\/div>\n\n\n<h2 class=\"wp-block-heading\">Como integrar a aspirina na rotina de cuidados capilares?<\/h2>\n\n\n\n<p>Incorporar a aspirina na rotina de cuidados capilares \u00e9 simples e pode ser feito em casa. Para isso, basta esmagar uma ou duas aspirinas e mistur\u00e1-las ao shampoo antes de aplicar nos cabelos. Durante a aplica\u00e7\u00e3o, \u00e9 recomendado massagear suavemente o couro cabeludo para potencializar os efeitos do tratamento e melhorar a circula\u00e7\u00e3o sangu\u00ednea.<\/p>\n\n\n\n<p>\u00c9 importante lembrar que a sa\u00fade dos cabelos n\u00e3o depende apenas de tratamentos t\u00f3picos. Uma dieta equilibrada e uma boa hidrata\u00e7\u00e3o s\u00e3o fundamentais para manter os fios saud\u00e1veis. A aspirina pode ser uma ferramenta adicional nesse cuidado, oferecendo um visual renovado e mais vitalidade aos cabelos.<\/p>\n\n\n\n<h2 class=\"wp-block-heading\">Considera\u00e7\u00f5es sobre o uso de aspirina<\/h2>\n\n\n\n<p>Embora a aspirina ofere\u00e7a diversos benef\u00edcios para os cabelos, \u00e9 essencial us\u00e1-la com cautela, especialmente em cabelos secos ou danificados, onde pode causar mais danos do que benef\u00edcios. Para cabelos oleosos, no entanto, a aspirina pode ser uma excelente aliada, ajudando a manter o couro cabeludo limpo e saud\u00e1vel.<\/p>\n\n\n\n<p>Em suma, a aspirina se destaca como uma alternativa acess\u00edvel e eficaz para quem busca melhorar a sa\u00fade capilar. Combinada a uma rotina de cuidados abrangente, que inclui alimenta\u00e7\u00e3o balanceada e hidrata\u00e7\u00e3o adequada, a aspirina pode contribuir significativamente para a beleza e vitalidade dos cabelos.<\/p>\n","protected":false},"excerpt":{"rendered":"<p>Nos \u00faltimos anos, a busca por solu\u00e7\u00f5es caseiras para cuidados capilares tem ganhado for\u00e7a, e a aspirina desponta como uma alternativa intrigante. Tradicionalmente usada para aliviar dores e reduzir febres, a aspirina cont\u00e9m propriedades que podem beneficiar a sa\u00fade dos cabelos. Este artigo explora como esse medicamento comum pode ser incorporado ao shampoo para promover [&hellip;]<\/p>\n","protected":false},"author":10,"featured_media":21225,"comment_status":"open","ping_status":"open","sticky":false,"template":"","format":"standard","meta":{"jnews-multi-image_gallery":[],"jnews_single_post":{"format":"standard"},"jnews_primary_category":[],"jnews_social_meta":[],"jnews_override_counter":[],"footnotes":""},"categories":[29],"tags":[5312,4905,5173],"class_list":["post-21224","post","type-post","status-publish","format-standard","has-post-thumbnail","hentry","category-entretenimento","tag-aspirina","tag-cabelo","tag-shampoo"],"yoast_head":"<!-- This site is optimized with the Yoast SEO plugin v23.8 - https:\/\/yoast.com\/wordpress\/plugins\/seo\/ -->\n<title>O efeito chocante da aspirina nos cabelos que poucos conhecem! - Estado de Minas - Em foco<\/title>\n<meta name=\"description\" content=\"Adicionar aspirina ao shampoo pode trazer benef\u00edcios incr\u00edveis para os cabelos. Descubra esse segredo simples e poderoso!\" \/>\n<meta name=\"robots\" content=\"index, follow, max-snippet:-1, max-image-preview:large, max-video-preview:-1\" \/>\n<link rel=\"canonical\" href=\"https:\/\/www.em.com.br\/emfoco\/2025\/02\/19\/o-efeito-chocante-da-aspirina-nos-cabelos-que-poucos-conhecem\/\" \/>\n<meta property=\"og:locale\" content=\"pt_BR\" \/>\n<meta property=\"og:type\" content=\"article\" \/>\n<meta property=\"og:title\" content=\"O efeito chocante da aspirina nos cabelos que poucos conhecem! - Estado de Minas - Em foco\" \/>\n<meta property=\"og:description\" content=\"Adicionar aspirina ao shampoo pode trazer benef\u00edcios incr\u00edveis para os cabelos. Descubra esse segredo simples e poderoso!\" \/>\n<meta property=\"og:url\" content=\"https:\/\/www.em.com.br\/emfoco\/2025\/02\/19\/o-efeito-chocante-da-aspirina-nos-cabelos-que-poucos-conhecem\/\" \/>\n<meta property=\"og:site_name\" content=\"Estado de Minas - Em foco\" \/>\n<meta property=\"article:published_time\" content=\"2025-02-19T22:30:00+00:00\" \/>\n<meta property=\"article:modified_time\" content=\"2025-02-19T19:41:35+00:00\" \/>\n<meta property=\"og:image\" content=\"https:\/\/www.em.com.br\/emfoco\/wp-content\/uploads\/2025\/02\/aspirina_1739993730006.jpg\" \/>\n\t<meta property=\"og:image:width\" content=\"1280\" \/>\n\t<meta property=\"og:image:height\" content=\"720\" \/>\n\t<meta property=\"og:image:type\" content=\"image\/jpeg\" \/>\n<meta name=\"author\" content=\"Patryck Reinehr\" \/>\n<meta name=\"twitter:card\" content=\"summary_large_image\" \/>\n<meta name=\"twitter:label1\" content=\"Escrito por\" \/>\n\t<meta name=\"twitter:data1\" content=\"Patryck Reinehr\" \/>\n\t<meta name=\"twitter:label2\" content=\"Est. tempo de leitura\" \/>\n\t<meta name=\"twitter:data2\" content=\"4 minutos\" \/>\n<!-- \/ Yoast SEO plugin. -->","yoast_head_json":{"title":"O efeito chocante da aspirina nos cabelos que poucos conhecem! - Estado de Minas - Em foco","description":"Adicionar aspirina ao shampoo pode trazer benef\u00edcios incr\u00edveis para os cabelos. Descubra esse segredo simples e poderoso!","robots":{"index":"index","follow":"follow","max-snippet":"max-snippet:-1","max-image-preview":"max-image-preview:large","max-video-preview":"max-video-preview:-1"},"canonical":"https:\/\/www.em.com.br\/emfoco\/2025\/02\/19\/o-efeito-chocante-da-aspirina-nos-cabelos-que-poucos-conhecem\/","og_locale":"pt_BR","og_type":"article","og_title":"O efeito chocante da aspirina nos cabelos que poucos conhecem! - Estado de Minas - Em foco","og_description":"Adicionar aspirina ao shampoo pode trazer benef\u00edcios incr\u00edveis para os cabelos. Descubra esse segredo simples e poderoso!","og_url":"https:\/\/www.em.com.br\/emfoco\/2025\/02\/19\/o-efeito-chocante-da-aspirina-nos-cabelos-que-poucos-conhecem\/","og_site_name":"Estado de Minas - Em foco","article_published_time":"2025-02-19T22:30:00+00:00","article_modified_time":"2025-02-19T19:41:35+00:00","og_image":[{"width":1280,"height":720,"url":"https:\/\/www.em.com.br\/emfoco\/wp-content\/uploads\/2025\/02\/aspirina_1739993730006.jpg","type":"image\/jpeg"}],"author":"Patryck Reinehr","twitter_card":"summary_large_image","twitter_misc":{"Escrito por":"Patryck Reinehr","Est. tempo de leitura":"4 minutos"},"schema":{"@context":"https:\/\/schema.org","@graph":[{"@type":"WebPage","@id":"https:\/\/www.em.com.br\/emfoco\/2025\/02\/19\/o-efeito-chocante-da-aspirina-nos-cabelos-que-poucos-conhecem\/","url":"https:\/\/www.em.com.br\/emfoco\/2025\/02\/19\/o-efeito-chocante-da-aspirina-nos-cabelos-que-poucos-conhecem\/","name":"O efeito chocante da aspirina nos cabelos que poucos conhecem! - Estado de Minas - Em foco","isPartOf":{"@id":"https:\/\/www.em.com.br\/emfoco\/#website"},"primaryImageOfPage":{"@id":"https:\/\/www.em.com.br\/emfoco\/2025\/02\/19\/o-efeito-chocante-da-aspirina-nos-cabelos-que-poucos-conhecem\/#primaryimage"},"image":{"@id":"https:\/\/www.em.com.br\/emfoco\/2025\/02\/19\/o-efeito-chocante-da-aspirina-nos-cabelos-que-poucos-conhecem\/#primaryimage"},"thumbnailUrl":"https:\/\/www.em.com.br\/emfoco\/wp-content\/uploads\/2025\/02\/aspirina_1739993730006.jpg","datePublished":"2025-02-19T22:30:00+00:00","dateModified":"2025-02-19T19:41:35+00:00","author":{"@id":"https:\/\/www.em.com.br\/emfoco\/#\/schema\/person\/43407752bebcbbb4d0ec79deedc0d7ce"},"description":"Adicionar aspirina ao shampoo pode trazer benef\u00edcios incr\u00edveis para os cabelos. Descubra esse segredo simples e poderoso!","breadcrumb":{"@id":"https:\/\/www.em.com.br\/emfoco\/2025\/02\/19\/o-efeito-chocante-da-aspirina-nos-cabelos-que-poucos-conhecem\/#breadcrumb"},"inLanguage":"pt-BR","potentialAction":[{"@type":"ReadAction","target":["https:\/\/www.em.com.br\/emfoco\/2025\/02\/19\/o-efeito-chocante-da-aspirina-nos-cabelos-que-poucos-conhecem\/"]}]},{"@type":"ImageObject","inLanguage":"pt-BR","@id":"https:\/\/www.em.com.br\/emfoco\/2025\/02\/19\/o-efeito-chocante-da-aspirina-nos-cabelos-que-poucos-conhecem\/#primaryimage","url":"https:\/\/www.em.com.br\/emfoco\/wp-content\/uploads\/2025\/02\/aspirina_1739993730006.jpg","contentUrl":"https:\/\/www.em.com.br\/emfoco\/wp-content\/uploads\/2025\/02\/aspirina_1739993730006.jpg","width":1280,"height":720,"caption":"Aspirina (Cr\u00e9ditos: depositphotos.com \/ khlebec)"},{"@type":"BreadcrumbList","@id":"https:\/\/www.em.com.br\/emfoco\/2025\/02\/19\/o-efeito-chocante-da-aspirina-nos-cabelos-que-poucos-conhecem\/#breadcrumb","itemListElement":[{"@type":"ListItem","position":1,"name":"In\u00edcio","item":"https:\/\/www.em.com.br\/emfoco\/"},{"@type":"ListItem","position":2,"name":"O efeito chocante da aspirina nos cabelos que poucos conhecem!"}]},{"@type":"WebSite","@id":"https:\/\/www.em.com.br\/emfoco\/#website","url":"https:\/\/www.em.com.br\/emfoco\/","name":"Estado de Minas - Em foco","description":"Acompanhe as \u00faltimas not\u00edcias e fique bem informado sobre tudo o que acontece em Minas Gerais, Brasil e no mundo.","potentialAction":[{"@type":"SearchAction","target":{"@type":"EntryPoint","urlTemplate":"https:\/\/www.em.com.br\/emfoco\/?s={search_term_string}"},"query-input":{"@type":"PropertyValueSpecification","valueRequired":true,"valueName":"search_term_string"}}],"inLanguage":"pt-BR"},{"@type":"Person","@id":"https:\/\/www.em.com.br\/emfoco\/#\/schema\/person\/43407752bebcbbb4d0ec79deedc0d7ce","name":"Patryck Reinehr","image":{"@type":"ImageObject","inLanguage":"pt-BR","@id":"https:\/\/www.em.com.br\/emfoco\/#\/schema\/person\/image\/","url":"https:\/\/secure.gravatar.com\/avatar\/570c7fb2898c0e2df0823196891bea88?s=96&d=mm&r=g","contentUrl":"https:\/\/secure.gravatar.com\/avatar\/570c7fb2898c0e2df0823196891bea88?s=96&d=mm&r=g","caption":"Patryck Reinehr"},"url":"https:\/\/www.em.com.br\/emfoco\/author\/patryckmyth\/"}]}},"_links":{"self":[{"href":"https:\/\/www.em.com.br\/emfoco\/wp-json\/wp\/v2\/posts\/21224","targetHints":{"allow":["GET"]}}],"collection":[{"href":"https:\/\/www.em.com.br\/emfoco\/wp-json\/wp\/v2\/posts"}],"about":[{"href":"https:\/\/www.em.com.br\/emfoco\/wp-json\/wp\/v2\/types\/post"}],"author":[{"embeddable":true,"href":"https:\/\/www.em.com.br\/emfoco\/wp-json\/wp\/v2\/users\/10"}],"replies":[{"embeddable":true,"href":"https:\/\/www.em.com.br\/emfoco\/wp-json\/wp\/v2\/comments?post=21224"}],"version-history":[{"count":2,"href":"https:\/\/www.em.com.br\/emfoco\/wp-json\/wp\/v2\/posts\/21224\/revisions"}],"predecessor-version":[{"id":21228,"href":"https:\/\/www.em.com.br\/emfoco\/wp-json\/wp\/v2\/posts\/21224\/revisions\/21228"}],"wp:featuredmedia":[{"embeddable":true,"href":"https:\/\/www.em.com.br\/emfoco\/wp-json\/wp\/v2\/media\/21225"}],"wp:attachment":[{"href":"https:\/\/www.em.com.br\/emfoco\/wp-json\/wp\/v2\/media?parent=21224"}],"wp:term":[{"taxonomy":"category","embeddable":true,"href":"https:\/\/www.em.com.br\/emfoco\/wp-json\/wp\/v2\/categories?post=21224"},{"taxonomy":"post_tag","embeddable":true,"href":"https:\/\/www.em.com.br\/emfoco\/wp-json\/wp\/v2\/tags?post=21224"}],"curies":[{"name":"wp","href":"https:\/\/api.w.org\/{rel}","templated":true}]}}