{"id":21149,"date":"2025-03-02T08:40:00","date_gmt":"2025-03-02T11:40:00","guid":{"rendered":"https:\/\/www.em.com.br\/emfoco\/?p=21149"},"modified":"2025-02-28T15:05:15","modified_gmt":"2025-02-28T18:05:15","slug":"inss-altera-calendario-de-pagamentos-em-marco-devido-ao-carnaval","status":"publish","type":"post","link":"https:\/\/www.em.com.br\/emfoco\/2025\/03\/02\/inss-altera-calendario-de-pagamentos-em-marco-devido-ao-carnaval\/","title":{"rendered":"INSS altera calend\u00e1rio de pagamentos em mar\u00e7o devido ao Carnaval"},"content":{"rendered":"\n<p>Em 2025, o <strong><a href=\"https:\/\/www.em.com.br\/emfoco\/2025\/02\/14\/como-o-carnaval-e-celebrado-ao-redor-do-mundo-veja-as-diferencas\/\" target=\"_blank\" rel=\"noreferrer noopener\">Carnaval<\/a><\/strong> ser\u00e1 celebrado nos dias 3 e 4 de mar\u00e7o, o que levou o <strong><a href=\"https:\/\/www.gov.br\/inss\/pt-br\" target=\"_blank\" rel=\"noreferrer noopener\">Instituto Nacional do Seguro Social <\/a>(INSS)<\/strong> a realizar ajustes no calend\u00e1rio de pagamentos dos benef\u00edcios. O objetivo \u00e9 garantir que os benefici\u00e1rios recebam seus valores sem atrasos, mesmo durante esse per\u00edodo festivo. O calend\u00e1rio anual de pagamentos do INSS \u00e9 geralmente definido em dezembro, levando em considera\u00e7\u00e3o feriados nacionais e outras datas comemorativas.<\/p>\n\n\n\n<p>Durante feriados, as ag\u00eancias do INSS n\u00e3o funcionam, o que requer altera\u00e7\u00f5es nos dias de dep\u00f3sito para assegurar que os benefici\u00e1rios n\u00e3o fiquem sem acesso aos seus recursos. Essas mudan\u00e7as s\u00e3o essenciais para evitar qualquer interrup\u00e7\u00e3o no recebimento dos benef\u00edcios, especialmente para aqueles que dependem desses valores para suas despesas di\u00e1rias.<\/p>\n\n\n\n<h2 class=\"wp-block-heading\">Como ser\u00e1 o pagamento para quem recebe at\u00e9 um sal\u00e1rio m\u00ednimo?<\/h2>\n\n\n\n<p>Para os benefici\u00e1rios que recebem at\u00e9 um sal\u00e1rio m\u00ednimo, o INSS estabeleceu um cronograma espec\u00edfico para os pagamentos. Os dep\u00f3sitos come\u00e7am antes do Carnaval e s\u00e3o retomados ap\u00f3s o feriado. Abaixo est\u00e1 o cronograma detalhado:<\/p>\n\n\n\n<ul class=\"wp-block-list\">\n<li><strong>NB final 1:<\/strong> 24 de fevereiro<\/li>\n\n\n\n<li><strong>NB final 2:<\/strong> 25 de fevereiro<\/li>\n\n\n\n<li><strong>NB final 3:<\/strong> 26 de fevereiro<\/li>\n\n\n\n<li><strong>NB final 4:<\/strong> 27 de fevereiro<\/li>\n\n\n\n<li><strong>NB final 5:<\/strong> 28 de fevereiro<\/li>\n\n\n\n<li><strong>NB final 6:<\/strong> 6 de mar\u00e7o<\/li>\n\n\n\n<li><strong>NB final 7:<\/strong> 7 de mar\u00e7o<\/li>\n\n\n\n<li><strong>NB final 8:<\/strong> 10 de mar\u00e7o<\/li>\n\n\n\n<li><strong>NB final 9:<\/strong> 11 de mar\u00e7o<\/li>\n\n\n\n<li><strong>NB final 0:<\/strong> 12 de mar\u00e7o<\/li>\n<\/ul>\n\n\n\n<p>Observa-se que h\u00e1 uma pausa nos pagamentos durante o per\u00edodo do Carnaval, com a retomada a partir de 6 de mar\u00e7o.<\/p>\n\n\n\n<figure class=\"wp-block-image size-large\"><img loading=\"lazy\" decoding=\"async\" width=\"1024\" height=\"576\" src=\"https:\/\/www.em.com.br\/emfoco\/wp-content\/uploads\/2025\/01\/dinheiro-brasil_1738187141488-1024x576.jpg\" alt=\"Comunicado 07\/01: Desconto especial de 15% para pagamento antecipado do IPVA acabam hoje!\" class=\"wp-image-14750\" srcset=\"https:\/\/www.em.com.br\/emfoco\/wp-content\/uploads\/2025\/01\/dinheiro-brasil_1738187141488-1024x576.jpg 1024w, https:\/\/www.em.com.br\/emfoco\/wp-content\/uploads\/2025\/01\/dinheiro-brasil_1738187141488-300x169.jpg 300w, https:\/\/www.em.com.br\/emfoco\/wp-content\/uploads\/2025\/01\/dinheiro-brasil_1738187141488-768x432.jpg 768w, https:\/\/www.em.com.br\/emfoco\/wp-content\/uploads\/2025\/01\/dinheiro-brasil_1738187141488-750x422.jpg 750w, https:\/\/www.em.com.br\/emfoco\/wp-content\/uploads\/2025\/01\/dinheiro-brasil_1738187141488-1140x641.jpg 1140w, https:\/\/www.em.com.br\/emfoco\/wp-content\/uploads\/2025\/01\/dinheiro-brasil_1738187141488.jpg 1280w\" sizes=\"auto, (max-width: 1024px) 100vw, 1024px\" \/><figcaption class=\"wp-element-caption\">imagem Ilustrativa Dinheiro &#8211; Cr\u00e9ditos: depositphotos.com \/ rmcarvalhobsb<\/figcaption><\/figure>\n\n\n\n<h2 class=\"wp-block-heading\">Qual \u00e9 o cronograma para quem recebe acima de um sal\u00e1rio m\u00ednimo?<\/h2>\n\n\n\n<p>Para os benefici\u00e1rios que recebem acima de um sal\u00e1rio m\u00ednimo, os dep\u00f3sitos ser\u00e3o efetuados a partir de 6 de mar\u00e7o. Nesse caso, o INSS optou por realizar os pagamentos em grupos, com dois grupos sendo pagos por dia, em vez de pagamentos individuais. Essa estrat\u00e9gia visa otimizar o processo e garantir que todos recebam seus benef\u00edcios de forma eficiente.<\/p>\n\n\n\n<h2 class=\"wp-block-heading\">Como obter mais informa\u00e7\u00f5es sobre o calend\u00e1rio de pagamentos?<\/h2>\n\n\n\n<p>Para esclarecer d\u00favidas ou obter mais informa\u00e7\u00f5es sobre o cronograma de pagamentos, os benefici\u00e1rios podem consultar o site oficial do INSS ou utilizar o aplicativo &#8220;<strong>Meu INSS<\/strong>&#8220;. Al\u00e9m disso, a central de atendimento pelo <strong>telefone 135<\/strong> est\u00e1 dispon\u00edvel de segunda a s\u00e1bado para fornecer assist\u00eancia adicional. Essas op\u00e7\u00f5es garantem que todos os benefici\u00e1rios tenham acesso f\u00e1cil e r\u00e1pido \u00e0s informa\u00e7\u00f5es necess\u00e1rias sobre seus pagamentos.<\/p>\n","protected":false},"excerpt":{"rendered":"<p>Em 2025, o Carnaval ser\u00e1 celebrado nos dias 3 e 4 de mar\u00e7o, o que levou o Instituto Nacional do Seguro Social (INSS) a realizar ajustes no calend\u00e1rio de pagamentos dos benef\u00edcios. O objetivo \u00e9 garantir que os benefici\u00e1rios recebam seus valores sem atrasos, mesmo durante esse per\u00edodo festivo. O calend\u00e1rio anual de pagamentos do [&hellip;]<\/p>\n","protected":false},"author":5,"featured_media":8303,"comment_status":"open","ping_status":"open","sticky":false,"template":"","format":"standard","meta":{"jnews-multi-image_gallery":[],"jnews_single_post":{"format":"standard"},"jnews_primary_category":[],"jnews_social_meta":[],"jnews_override_counter":[],"footnotes":""},"categories":[28,1],"tags":[453,1500,174,658],"class_list":["post-21149","post","type-post","status-publish","format-standard","has-post-thumbnail","hentry","category-economia","category-noticias","tag-beneficiarios","tag-carnaval","tag-inss","tag-pagamentos"],"yoast_head":"<!-- This site is optimized with the Yoast SEO plugin v23.8 - https:\/\/yoast.com\/wordpress\/plugins\/seo\/ -->\n<title>INSS altera calend\u00e1rio de pagamentos em mar\u00e7o devido ao Carnaval - Estado de Minas - Em foco<\/title>\n<meta name=\"description\" content=\"INSS modifica cronograma de pagamentos para evitar atrasos no Carnaval 2025. Veja as novas datas aqui. Confira!\" \/>\n<meta name=\"robots\" content=\"index, follow, max-snippet:-1, max-image-preview:large, max-video-preview:-1\" \/>\n<link rel=\"canonical\" href=\"https:\/\/www.em.com.br\/emfoco\/2025\/03\/02\/inss-altera-calendario-de-pagamentos-em-marco-devido-ao-carnaval\/\" \/>\n<meta property=\"og:locale\" content=\"pt_BR\" \/>\n<meta property=\"og:type\" content=\"article\" \/>\n<meta property=\"og:title\" content=\"INSS altera calend\u00e1rio de pagamentos em mar\u00e7o devido ao Carnaval - Estado de Minas - Em foco\" \/>\n<meta property=\"og:description\" content=\"INSS modifica cronograma de pagamentos para evitar atrasos no Carnaval 2025. Veja as novas datas aqui. Confira!\" \/>\n<meta property=\"og:url\" content=\"https:\/\/www.em.com.br\/emfoco\/2025\/03\/02\/inss-altera-calendario-de-pagamentos-em-marco-devido-ao-carnaval\/\" \/>\n<meta property=\"og:site_name\" content=\"Estado de Minas - Em foco\" \/>\n<meta property=\"article:published_time\" content=\"2025-03-02T11:40:00+00:00\" \/>\n<meta property=\"article:modified_time\" content=\"2025-02-28T18:05:15+00:00\" \/>\n<meta property=\"og:image\" content=\"https:\/\/www.em.com.br\/emfoco\/wp-content\/uploads\/2025\/01\/inss_1735903475263.jpg\" \/>\n\t<meta property=\"og:image:width\" content=\"1280\" \/>\n\t<meta property=\"og:image:height\" content=\"720\" \/>\n\t<meta property=\"og:image:type\" content=\"image\/jpeg\" \/>\n<meta name=\"author\" content=\"N\u00fabia Rangel\" \/>\n<meta name=\"twitter:card\" content=\"summary_large_image\" \/>\n<meta name=\"twitter:label1\" content=\"Escrito por\" \/>\n\t<meta name=\"twitter:data1\" content=\"N\u00fabia Rangel\" \/>\n\t<meta name=\"twitter:label2\" content=\"Est. tempo de leitura\" \/>\n\t<meta name=\"twitter:data2\" content=\"3 minutos\" \/>\n<!-- \/ Yoast SEO plugin. -->","yoast_head_json":{"title":"INSS altera calend\u00e1rio de pagamentos em mar\u00e7o devido ao Carnaval - Estado de Minas - Em foco","description":"INSS modifica cronograma de pagamentos para evitar atrasos no Carnaval 2025. Veja as novas datas aqui. Confira!","robots":{"index":"index","follow":"follow","max-snippet":"max-snippet:-1","max-image-preview":"max-image-preview:large","max-video-preview":"max-video-preview:-1"},"canonical":"https:\/\/www.em.com.br\/emfoco\/2025\/03\/02\/inss-altera-calendario-de-pagamentos-em-marco-devido-ao-carnaval\/","og_locale":"pt_BR","og_type":"article","og_title":"INSS altera calend\u00e1rio de pagamentos em mar\u00e7o devido ao Carnaval - Estado de Minas - Em foco","og_description":"INSS modifica cronograma de pagamentos para evitar atrasos no Carnaval 2025. Veja as novas datas aqui. Confira!","og_url":"https:\/\/www.em.com.br\/emfoco\/2025\/03\/02\/inss-altera-calendario-de-pagamentos-em-marco-devido-ao-carnaval\/","og_site_name":"Estado de Minas - Em foco","article_published_time":"2025-03-02T11:40:00+00:00","article_modified_time":"2025-02-28T18:05:15+00:00","og_image":[{"width":1280,"height":720,"url":"https:\/\/www.em.com.br\/emfoco\/wp-content\/uploads\/2025\/01\/inss_1735903475263.jpg","type":"image\/jpeg"}],"author":"N\u00fabia Rangel","twitter_card":"summary_large_image","twitter_misc":{"Escrito por":"N\u00fabia Rangel","Est. tempo de leitura":"3 minutos"},"schema":{"@context":"https:\/\/schema.org","@graph":[{"@type":"WebPage","@id":"https:\/\/www.em.com.br\/emfoco\/2025\/03\/02\/inss-altera-calendario-de-pagamentos-em-marco-devido-ao-carnaval\/","url":"https:\/\/www.em.com.br\/emfoco\/2025\/03\/02\/inss-altera-calendario-de-pagamentos-em-marco-devido-ao-carnaval\/","name":"INSS altera calend\u00e1rio de pagamentos em mar\u00e7o devido ao Carnaval - Estado de Minas - Em foco","isPartOf":{"@id":"https:\/\/www.em.com.br\/emfoco\/#website"},"primaryImageOfPage":{"@id":"https:\/\/www.em.com.br\/emfoco\/2025\/03\/02\/inss-altera-calendario-de-pagamentos-em-marco-devido-ao-carnaval\/#primaryimage"},"image":{"@id":"https:\/\/www.em.com.br\/emfoco\/2025\/03\/02\/inss-altera-calendario-de-pagamentos-em-marco-devido-ao-carnaval\/#primaryimage"},"thumbnailUrl":"https:\/\/www.em.com.br\/emfoco\/wp-content\/uploads\/2025\/01\/inss_1735903475263.jpg","datePublished":"2025-03-02T11:40:00+00:00","dateModified":"2025-02-28T18:05:15+00:00","author":{"@id":"https:\/\/www.em.com.br\/emfoco\/#\/schema\/person\/524437ef54f8a5d32591b143307f2e20"},"description":"INSS modifica cronograma de pagamentos para evitar atrasos no Carnaval 2025. Veja as novas datas aqui. Confira!","breadcrumb":{"@id":"https:\/\/www.em.com.br\/emfoco\/2025\/03\/02\/inss-altera-calendario-de-pagamentos-em-marco-devido-ao-carnaval\/#breadcrumb"},"inLanguage":"pt-BR","potentialAction":[{"@type":"ReadAction","target":["https:\/\/www.em.com.br\/emfoco\/2025\/03\/02\/inss-altera-calendario-de-pagamentos-em-marco-devido-ao-carnaval\/"]}]},{"@type":"ImageObject","inLanguage":"pt-BR","@id":"https:\/\/www.em.com.br\/emfoco\/2025\/03\/02\/inss-altera-calendario-de-pagamentos-em-marco-devido-ao-carnaval\/#primaryimage","url":"https:\/\/www.em.com.br\/emfoco\/wp-content\/uploads\/2025\/01\/inss_1735903475263.jpg","contentUrl":"https:\/\/www.em.com.br\/emfoco\/wp-content\/uploads\/2025\/01\/inss_1735903475263.jpg","width":1280,"height":720,"caption":"Imagem Ilustrativa do INSS - Cr\u00e9ditos: depositphotos.com \/ AngelaMacario"},{"@type":"BreadcrumbList","@id":"https:\/\/www.em.com.br\/emfoco\/2025\/03\/02\/inss-altera-calendario-de-pagamentos-em-marco-devido-ao-carnaval\/#breadcrumb","itemListElement":[{"@type":"ListItem","position":1,"name":"In\u00edcio","item":"https:\/\/www.em.com.br\/emfoco\/"},{"@type":"ListItem","position":2,"name":"INSS altera calend\u00e1rio de pagamentos em mar\u00e7o devido ao Carnaval"}]},{"@type":"WebSite","@id":"https:\/\/www.em.com.br\/emfoco\/#website","url":"https:\/\/www.em.com.br\/emfoco\/","name":"Estado de Minas - Em foco","description":"Acompanhe as \u00faltimas not\u00edcias e fique bem informado sobre tudo o que acontece em Minas Gerais, Brasil e no mundo.","potentialAction":[{"@type":"SearchAction","target":{"@type":"EntryPoint","urlTemplate":"https:\/\/www.em.com.br\/emfoco\/?s={search_term_string}"},"query-input":{"@type":"PropertyValueSpecification","valueRequired":true,"valueName":"search_term_string"}}],"inLanguage":"pt-BR"},{"@type":"Person","@id":"https:\/\/www.em.com.br\/emfoco\/#\/schema\/person\/524437ef54f8a5d32591b143307f2e20","name":"N\u00fabia Rangel","image":{"@type":"ImageObject","inLanguage":"pt-BR","@id":"https:\/\/www.em.com.br\/emfoco\/#\/schema\/person\/image\/","url":"https:\/\/secure.gravatar.com\/avatar\/47cff2827a5ba23c37e8068c86817ea4?s=96&d=mm&r=g","contentUrl":"https:\/\/secure.gravatar.com\/avatar\/47cff2827a5ba23c37e8068c86817ea4?s=96&d=mm&r=g","caption":"N\u00fabia Rangel"},"sameAs":["https:\/\/www.em.com.br\/emfoco\/"],"url":"https:\/\/www.em.com.br\/emfoco\/author\/nubiamyth\/"}]}},"_links":{"self":[{"href":"https:\/\/www.em.com.br\/emfoco\/wp-json\/wp\/v2\/posts\/21149","targetHints":{"allow":["GET"]}}],"collection":[{"href":"https:\/\/www.em.com.br\/emfoco\/wp-json\/wp\/v2\/posts"}],"about":[{"href":"https:\/\/www.em.com.br\/emfoco\/wp-json\/wp\/v2\/types\/post"}],"author":[{"embeddable":true,"href":"https:\/\/www.em.com.br\/emfoco\/wp-json\/wp\/v2\/users\/5"}],"replies":[{"embeddable":true,"href":"https:\/\/www.em.com.br\/emfoco\/wp-json\/wp\/v2\/comments?post=21149"}],"version-history":[{"count":2,"href":"https:\/\/www.em.com.br\/emfoco\/wp-json\/wp\/v2\/posts\/21149\/revisions"}],"predecessor-version":[{"id":21154,"href":"https:\/\/www.em.com.br\/emfoco\/wp-json\/wp\/v2\/posts\/21149\/revisions\/21154"}],"wp:featuredmedia":[{"embeddable":true,"href":"https:\/\/www.em.com.br\/emfoco\/wp-json\/wp\/v2\/media\/8303"}],"wp:attachment":[{"href":"https:\/\/www.em.com.br\/emfoco\/wp-json\/wp\/v2\/media?parent=21149"}],"wp:term":[{"taxonomy":"category","embeddable":true,"href":"https:\/\/www.em.com.br\/emfoco\/wp-json\/wp\/v2\/categories?post=21149"},{"taxonomy":"post_tag","embeddable":true,"href":"https:\/\/www.em.com.br\/emfoco\/wp-json\/wp\/v2\/tags?post=21149"}],"curies":[{"name":"wp","href":"https:\/\/api.w.org\/{rel}","templated":true}]}}