{"id":21145,"date":"2025-02-20T22:00:35","date_gmt":"2025-02-21T01:00:35","guid":{"rendered":"https:\/\/www.em.com.br\/emfoco\/?p=21145"},"modified":"2025-06-20T00:16:21","modified_gmt":"2025-06-20T03:16:21","slug":"prepare-a-pipoca-os-melhores-filmes-chegam-ao-prime-video-em-2025","status":"publish","type":"post","link":"https:\/\/www.em.com.br\/emfoco\/2025\/02\/20\/prepare-a-pipoca-os-melhores-filmes-chegam-ao-prime-video-em-2025\/","title":{"rendered":"Prepare a pipoca! Os melhores filmes chegam ao Prime Video em 2025"},"content":{"rendered":"\n<p>O ano de 2025 marca um ponto de virada para o <strong><a href=\"https:\/\/www.primevideo.com\/\" target=\"_blank\" rel=\"noreferrer noopener\">Prime Video<\/a><\/strong>, que aposta em grandes <a href=\"https:\/\/www.em.com.br\/emfoco\/2025\/02\/10\/o-filme-de-super-heroi-mais-lucrativo-de-2021-chegou-ao-catalogo-digital\/\" target=\"_blank\" rel=\"noreferrer noopener\">produ\u00e7\u00f5es <\/a>para consolidar sua posi\u00e7\u00e3o no mercado brasileiro. A plataforma da <strong>Amazon<\/strong> investiu na aquisi\u00e7\u00e3o de direitos dos maiores lan\u00e7amentos do ano, incluindo sequ\u00eancias aguardadas h\u00e1 d\u00e9cadas e adapta\u00e7\u00f5es live-action. O cat\u00e1logo expandido demonstra estrat\u00e9gia clara de diversifica\u00e7\u00e3o para atingir diferentes perfis de assinantes. O <strong>Prime Video<\/strong> se destaca por sua biblioteca de filmes adorados por cr\u00edticos e p\u00fablico.<\/p>\n\n\n\n<p>A estrat\u00e9gia da <strong>Amazon<\/strong> vai al\u00e9m do entretenimento, posicionando o <strong>Prime Video<\/strong> como parte de um ecossistema que inclui entrega, m\u00fasica e gaming. Esta abordagem integrada compete eficazmente com plataformas especializadas em streaming. Os dados de 2024 mostram crescimento da base de assinantes, especialmente entre consumidores que valorizam o custo-benef\u00edcio do <strong>Amazon Prime<\/strong>. A empresa foi pioneira em adquirir obras de festivais, garantindo disponibilidade sem custos adicionais.<\/p>\n\n\n\n<h2 class=\"wp-block-heading\"><strong>Como os \u00e9picos hist\u00f3ricos redefinem o streaming em 2025?<\/strong><\/h2>\n\n\n\n<p>&#8220;<strong>Gladiador 2<\/strong>&#8221; representa um dos maiores investimentos da plataforma em 2025, trazendo a sequ\u00eancia do cl\u00e1ssico de <strong>Ridley Scott<\/strong> ap\u00f3s 24 anos. <strong>Paul Mescal<\/strong> assume o protagonismo como <strong>Lucius<\/strong>, enfrentando o desafio de honrar o legado de <strong>Maximus<\/strong>. A produ\u00e7\u00e3o de 250 milh\u00f5es de d\u00f3lares chega via <strong>Paramount+<\/strong> como um dos maiores lan\u00e7amentos do ano. O filme explora temas de honra e resist\u00eancia que ressoam com audi\u00eancias contempor\u00e2neas.<\/p>\n\n\n\n<p>A chegada de &#8220;<strong>Gladiador 2<\/strong>&#8221; ao streaming marca mudan\u00e7a na distribui\u00e7\u00e3o de blockbusters. <strong>Denzel Washington<\/strong> e <strong>Pedro Pascal<\/strong> completam um elenco estelar. A produ\u00e7\u00e3o visual mant\u00e9m a grandiosidade do original com avan\u00e7os tecnol\u00f3gicos para maior imers\u00e3o na <strong>Roma<\/strong> antiga. O sucesso no <strong>Prime Video<\/strong> pode estabelecer precedente para futuras produ\u00e7\u00f5es \u00e9picas no streaming.<\/p>\n\n\n<div class=\"wp-block-image\">\n<figure class=\"aligncenter size-large\"><img loading=\"lazy\" decoding=\"async\" width=\"1024\" height=\"576\" src=\"https:\/\/www.em.com.br\/emfoco\/wp-content\/uploads\/2025\/01\/Streaming_1736313753347-1024x576.jpg\" alt=\"Prepare a pipoca, os melhores filmes chegam ao Prime Video em 2025\" class=\"wp-image-9178\" srcset=\"https:\/\/www.em.com.br\/emfoco\/wp-content\/uploads\/2025\/01\/Streaming_1736313753347-1024x576.jpg 1024w, https:\/\/www.em.com.br\/emfoco\/wp-content\/uploads\/2025\/01\/Streaming_1736313753347-300x169.jpg 300w, https:\/\/www.em.com.br\/emfoco\/wp-content\/uploads\/2025\/01\/Streaming_1736313753347-768x432.jpg 768w, https:\/\/www.em.com.br\/emfoco\/wp-content\/uploads\/2025\/01\/Streaming_1736313753347-750x422.jpg 750w, https:\/\/www.em.com.br\/emfoco\/wp-content\/uploads\/2025\/01\/Streaming_1736313753347-1140x641.jpg 1140w, https:\/\/www.em.com.br\/emfoco\/wp-content\/uploads\/2025\/01\/Streaming_1736313753347.jpg 1280w\" sizes=\"auto, (max-width: 1024px) 100vw, 1024px\" \/><figcaption class=\"wp-element-caption\">Filmes &#8211; Cr\u00e9ditos: depositphotos.com \/ REDPIXEL<\/figcaption><\/figure><\/div>\n\n\n<h2 class=\"wp-block-heading\"><strong>Por que as adapta\u00e7\u00f5es live-action dominam o cat\u00e1logo?<\/strong><\/h2>\n\n\n\n<p>&#8220;<strong>Como Treinar o Seu Drag\u00e3o<\/strong>&#8221; em live-action chega ao <strong>Prime Video<\/strong> no segundo semestre, ap\u00f3s estreia nos cinemas em junho. <strong>Mason Thames<\/strong> interpreta <strong>Solu\u00e7o<\/strong>, o jovem viking que desafia tradi\u00e7\u00f5es ao fazer amizade com <strong>Banguela<\/strong>. <strong>Dean DeBlois<\/strong> assume a dire\u00e7\u00e3o, garantindo continuidade narrativa. <strong>Gerard Butler<\/strong> reprisa <strong>Stoico, o Imenso<\/strong>, conectando com a vers\u00e3o animada.<\/p>\n\n\n\n<p>A estrat\u00e9gia de fidelidade ao material original diferencia esta adapta\u00e7\u00e3o de outros live-actions controversos. Os dubladores brasileiros originais retornam para manter a experi\u00eancia familiar. A dire\u00e7\u00e3o cria uma <strong>Berk<\/strong> convincente onde vikings e drag\u00f5es coexistem. A chegada ao <strong>Prime Video<\/strong> garante acesso amplo a uma das adapta\u00e7\u00f5es mais aguardadas.<\/p>\n\n\n\n<h2 class=\"wp-block-heading\"><strong>Qual ser\u00e1 o impacto do retorno de franquias ic\u00f4nicas?<\/strong><\/h2>\n\n\n\n<p>&#8220;<strong>Shrek 5<\/strong>&#8221; marca presen\u00e7a no <strong>Prime Video<\/strong> em 2026, com lan\u00e7amento confirmado para dezembro. A quinta aventura do ogro verde reunir\u00e1 <strong>Mike Myers<\/strong>, <strong>Cameron Diaz<\/strong> e <strong>Eddie Murphy<\/strong> nos pap\u00e9is ic\u00f4nicos. <strong>Walt Dohrn<\/strong> assume a dire\u00e7\u00e3o em produ\u00e7\u00e3o que celebra os 25 anos da <strong>DreamWorks<\/strong>. O primeiro teaser revelou nova est\u00e9tica visual que dividiu opini\u00f5es, mas demonstra evolu\u00e7\u00e3o t\u00e9cnica.<\/p>\n\n\n\n<p><strong>Eddie Murphy<\/strong> confirmou que <strong>Burro<\/strong> ganhar\u00e1 spin-off pr\u00f3prio, expandindo o universo <strong>Shrek<\/strong>. O novo filme explora <strong>Fel\u00edcia<\/strong>, filha adolescente de <strong>Shrek<\/strong>, introduzindo elementos familiares modernos. A chegada ao <strong>Prime Video<\/strong> no mesmo ano do lan\u00e7amento demonstra import\u00e2ncia estrat\u00e9gica da plataforma. O sucesso pode definir o futuro de outras franquias animadas no streaming.<\/p>\n\n\n\n<h2 class=\"wp-block-heading\"><strong>Como as produ\u00e7\u00f5es originais competem com Hollywood?<\/strong><\/h2>\n\n\n\n<p>O <strong>Prime Video<\/strong> investe em produ\u00e7\u00f5es originais brasileiras e internacionais para equilibrar blockbusters licenciados. &#8220;<strong>A Mulher da Casa Abandonada<\/strong>&#8220;, adapta\u00e7\u00e3o do podcast de <strong>Chico Felitti<\/strong>, representa um dos projetos originais mais ambiciosos no <strong>Brasil<\/strong>. <strong>Rob\u00f4 Selvagem<\/strong> da <strong>DreamWorks<\/strong> demonstra a capacidade de atrair produ\u00e7\u00f5es de est\u00fadios renomados. A estrat\u00e9gia combina conte\u00fado original com grandes aquisi\u00e7\u00f5es.<\/p>\n\n\n\n<p>A segunda temporada de &#8220;<strong>Fallout<\/strong>&#8221; promete repetir o sucesso estrondoso, consolidando o <strong>Prime Video<\/strong> como destino para adapta\u00e7\u00f5es de videogames. &#8220;<strong>Citadel 2<\/strong>&#8221; com <strong>Richard Madden<\/strong> expande o universo de espionagem global. A plataforma aposta em produ\u00e7\u00f5es internacionais, incluindo sucessos coreanos. O investimento em conte\u00fado original garante exclusividade em mercado saturado.<\/p>\n","protected":false},"excerpt":{"rendered":"<p>O ano de 2025 marca um ponto de virada para o Prime Video, que aposta em grandes produ\u00e7\u00f5es para consolidar sua posi\u00e7\u00e3o no mercado brasileiro. A plataforma da Amazon investiu na aquisi\u00e7\u00e3o de direitos dos maiores lan\u00e7amentos do ano, incluindo sequ\u00eancias aguardadas h\u00e1 d\u00e9cadas e adapta\u00e7\u00f5es live-action. O cat\u00e1logo expandido demonstra estrat\u00e9gia clara de diversifica\u00e7\u00e3o [&hellip;]<\/p>\n","protected":false},"author":7,"featured_media":14515,"comment_status":"open","ping_status":"open","sticky":false,"template":"","format":"standard","meta":{"jnews-multi-image_gallery":[],"jnews_single_post":{"format":"standard"},"jnews_primary_category":[],"jnews_social_meta":[],"jnews_override_counter":[],"footnotes":""},"categories":[29,137],"tags":[1855,1228,727,1530],"class_list":["post-21145","post","type-post","status-publish","format-standard","has-post-thumbnail","hentry","category-entretenimento","category-filmes","tag-amazon","tag-entretenimento","tag-filmes","tag-streaming"],"yoast_head":"<!-- This site is optimized with the Yoast SEO plugin v23.8 - https:\/\/yoast.com\/wordpress\/plugins\/seo\/ -->\n<title>Prepare a pipoca! Os melhores filmes chegam ao Prime Video em 2025 - Estado de Minas - Em foco<\/title>\n<meta name=\"description\" content=\"Descubra os filmes mais aguardados de 2025 no Amazon Prime Video. Prepare-se para uma maratona de cinema com t\u00edtulos imperd\u00edveis.\" \/>\n<meta name=\"robots\" content=\"index, follow, max-snippet:-1, max-image-preview:large, max-video-preview:-1\" \/>\n<link rel=\"canonical\" href=\"https:\/\/www.em.com.br\/emfoco\/2025\/02\/20\/prepare-a-pipoca-os-melhores-filmes-chegam-ao-prime-video-em-2025\/\" \/>\n<meta property=\"og:locale\" content=\"pt_BR\" \/>\n<meta property=\"og:type\" content=\"article\" \/>\n<meta property=\"og:title\" content=\"Prepare a pipoca! Os melhores filmes chegam ao Prime Video em 2025 - Estado de Minas - Em foco\" \/>\n<meta property=\"og:description\" content=\"Descubra os filmes mais aguardados de 2025 no Amazon Prime Video. Prepare-se para uma maratona de cinema com t\u00edtulos imperd\u00edveis.\" \/>\n<meta property=\"og:url\" content=\"https:\/\/www.em.com.br\/emfoco\/2025\/02\/20\/prepare-a-pipoca-os-melhores-filmes-chegam-ao-prime-video-em-2025\/\" \/>\n<meta property=\"og:site_name\" content=\"Estado de Minas - Em foco\" \/>\n<meta property=\"article:published_time\" content=\"2025-02-21T01:00:35+00:00\" \/>\n<meta property=\"article:modified_time\" content=\"2025-06-20T03:16:21+00:00\" \/>\n<meta property=\"og:image\" content=\"https:\/\/www.em.com.br\/emfoco\/wp-content\/uploads\/2025\/01\/Prime-Video_1738124885899.jpg\" \/>\n\t<meta property=\"og:image:width\" content=\"1280\" \/>\n\t<meta property=\"og:image:height\" content=\"720\" \/>\n\t<meta property=\"og:image:type\" content=\"image\/jpeg\" \/>\n<meta name=\"author\" content=\"Kelvin\" \/>\n<meta name=\"twitter:card\" content=\"summary_large_image\" \/>\n<meta name=\"twitter:label1\" content=\"Escrito por\" \/>\n\t<meta name=\"twitter:data1\" content=\"Kelvin\" \/>\n\t<meta name=\"twitter:label2\" content=\"Est. tempo de leitura\" \/>\n\t<meta name=\"twitter:data2\" content=\"4 minutos\" \/>\n<!-- \/ Yoast SEO plugin. -->","yoast_head_json":{"title":"Prepare a pipoca! Os melhores filmes chegam ao Prime Video em 2025 - Estado de Minas - Em foco","description":"Descubra os filmes mais aguardados de 2025 no Amazon Prime Video. Prepare-se para uma maratona de cinema com t\u00edtulos imperd\u00edveis.","robots":{"index":"index","follow":"follow","max-snippet":"max-snippet:-1","max-image-preview":"max-image-preview:large","max-video-preview":"max-video-preview:-1"},"canonical":"https:\/\/www.em.com.br\/emfoco\/2025\/02\/20\/prepare-a-pipoca-os-melhores-filmes-chegam-ao-prime-video-em-2025\/","og_locale":"pt_BR","og_type":"article","og_title":"Prepare a pipoca! Os melhores filmes chegam ao Prime Video em 2025 - Estado de Minas - Em foco","og_description":"Descubra os filmes mais aguardados de 2025 no Amazon Prime Video. Prepare-se para uma maratona de cinema com t\u00edtulos imperd\u00edveis.","og_url":"https:\/\/www.em.com.br\/emfoco\/2025\/02\/20\/prepare-a-pipoca-os-melhores-filmes-chegam-ao-prime-video-em-2025\/","og_site_name":"Estado de Minas - Em foco","article_published_time":"2025-02-21T01:00:35+00:00","article_modified_time":"2025-06-20T03:16:21+00:00","og_image":[{"width":1280,"height":720,"url":"https:\/\/www.em.com.br\/emfoco\/wp-content\/uploads\/2025\/01\/Prime-Video_1738124885899.jpg","type":"image\/jpeg"}],"author":"Kelvin","twitter_card":"summary_large_image","twitter_misc":{"Escrito por":"Kelvin","Est. tempo de leitura":"4 minutos"},"schema":{"@context":"https:\/\/schema.org","@graph":[{"@type":"WebPage","@id":"https:\/\/www.em.com.br\/emfoco\/2025\/02\/20\/prepare-a-pipoca-os-melhores-filmes-chegam-ao-prime-video-em-2025\/","url":"https:\/\/www.em.com.br\/emfoco\/2025\/02\/20\/prepare-a-pipoca-os-melhores-filmes-chegam-ao-prime-video-em-2025\/","name":"Prepare a pipoca! Os melhores filmes chegam ao Prime Video em 2025 - Estado de Minas - Em foco","isPartOf":{"@id":"https:\/\/www.em.com.br\/emfoco\/#website"},"primaryImageOfPage":{"@id":"https:\/\/www.em.com.br\/emfoco\/2025\/02\/20\/prepare-a-pipoca-os-melhores-filmes-chegam-ao-prime-video-em-2025\/#primaryimage"},"image":{"@id":"https:\/\/www.em.com.br\/emfoco\/2025\/02\/20\/prepare-a-pipoca-os-melhores-filmes-chegam-ao-prime-video-em-2025\/#primaryimage"},"thumbnailUrl":"https:\/\/www.em.com.br\/emfoco\/wp-content\/uploads\/2025\/01\/Prime-Video_1738124885899.jpg","datePublished":"2025-02-21T01:00:35+00:00","dateModified":"2025-06-20T03:16:21+00:00","author":{"@id":"https:\/\/www.em.com.br\/emfoco\/#\/schema\/person\/fb0a7f48c6fbb94b83f413a80f61917d"},"description":"Descubra os filmes mais aguardados de 2025 no Amazon Prime Video. Prepare-se para uma maratona de cinema com t\u00edtulos imperd\u00edveis.","breadcrumb":{"@id":"https:\/\/www.em.com.br\/emfoco\/2025\/02\/20\/prepare-a-pipoca-os-melhores-filmes-chegam-ao-prime-video-em-2025\/#breadcrumb"},"inLanguage":"pt-BR","potentialAction":[{"@type":"ReadAction","target":["https:\/\/www.em.com.br\/emfoco\/2025\/02\/20\/prepare-a-pipoca-os-melhores-filmes-chegam-ao-prime-video-em-2025\/"]}]},{"@type":"ImageObject","inLanguage":"pt-BR","@id":"https:\/\/www.em.com.br\/emfoco\/2025\/02\/20\/prepare-a-pipoca-os-melhores-filmes-chegam-ao-prime-video-em-2025\/#primaryimage","url":"https:\/\/www.em.com.br\/emfoco\/wp-content\/uploads\/2025\/01\/Prime-Video_1738124885899.jpg","contentUrl":"https:\/\/www.em.com.br\/emfoco\/wp-content\/uploads\/2025\/01\/Prime-Video_1738124885899.jpg","width":1280,"height":720,"caption":"Prime Video - Cr\u00e9ditos: depositphotos.com \/ shirotie"},{"@type":"BreadcrumbList","@id":"https:\/\/www.em.com.br\/emfoco\/2025\/02\/20\/prepare-a-pipoca-os-melhores-filmes-chegam-ao-prime-video-em-2025\/#breadcrumb","itemListElement":[{"@type":"ListItem","position":1,"name":"In\u00edcio","item":"https:\/\/www.em.com.br\/emfoco\/"},{"@type":"ListItem","position":2,"name":"Prepare a pipoca! Os melhores filmes chegam ao Prime Video em 2025"}]},{"@type":"WebSite","@id":"https:\/\/www.em.com.br\/emfoco\/#website","url":"https:\/\/www.em.com.br\/emfoco\/","name":"Estado de Minas - Em foco","description":"Acompanhe as \u00faltimas not\u00edcias e fique bem informado sobre tudo o que acontece em Minas Gerais, Brasil e no mundo.","potentialAction":[{"@type":"SearchAction","target":{"@type":"EntryPoint","urlTemplate":"https:\/\/www.em.com.br\/emfoco\/?s={search_term_string}"},"query-input":{"@type":"PropertyValueSpecification","valueRequired":true,"valueName":"search_term_string"}}],"inLanguage":"pt-BR"},{"@type":"Person","@id":"https:\/\/www.em.com.br\/emfoco\/#\/schema\/person\/fb0a7f48c6fbb94b83f413a80f61917d","name":"Kelvin","image":{"@type":"ImageObject","inLanguage":"pt-BR","@id":"https:\/\/www.em.com.br\/emfoco\/#\/schema\/person\/image\/","url":"https:\/\/secure.gravatar.com\/avatar\/e74f84337e6bf6c4c5e88fbdffa05270?s=96&d=mm&r=g","contentUrl":"https:\/\/secure.gravatar.com\/avatar\/e74f84337e6bf6c4c5e88fbdffa05270?s=96&d=mm&r=g","caption":"Kelvin"},"sameAs":["https:\/\/www.em.com.br\/emfoco"],"url":"https:\/\/www.em.com.br\/emfoco\/author\/kelvinmyth\/"}]}},"_links":{"self":[{"href":"https:\/\/www.em.com.br\/emfoco\/wp-json\/wp\/v2\/posts\/21145","targetHints":{"allow":["GET"]}}],"collection":[{"href":"https:\/\/www.em.com.br\/emfoco\/wp-json\/wp\/v2\/posts"}],"about":[{"href":"https:\/\/www.em.com.br\/emfoco\/wp-json\/wp\/v2\/types\/post"}],"author":[{"embeddable":true,"href":"https:\/\/www.em.com.br\/emfoco\/wp-json\/wp\/v2\/users\/7"}],"replies":[{"embeddable":true,"href":"https:\/\/www.em.com.br\/emfoco\/wp-json\/wp\/v2\/comments?post=21145"}],"version-history":[{"count":4,"href":"https:\/\/www.em.com.br\/emfoco\/wp-json\/wp\/v2\/posts\/21145\/revisions"}],"predecessor-version":[{"id":64303,"href":"https:\/\/www.em.com.br\/emfoco\/wp-json\/wp\/v2\/posts\/21145\/revisions\/64303"}],"wp:featuredmedia":[{"embeddable":true,"href":"https:\/\/www.em.com.br\/emfoco\/wp-json\/wp\/v2\/media\/14515"}],"wp:attachment":[{"href":"https:\/\/www.em.com.br\/emfoco\/wp-json\/wp\/v2\/media?parent=21145"}],"wp:term":[{"taxonomy":"category","embeddable":true,"href":"https:\/\/www.em.com.br\/emfoco\/wp-json\/wp\/v2\/categories?post=21145"},{"taxonomy":"post_tag","embeddable":true,"href":"https:\/\/www.em.com.br\/emfoco\/wp-json\/wp\/v2\/tags?post=21145"}],"curies":[{"name":"wp","href":"https:\/\/api.w.org\/{rel}","templated":true}]}}