{"id":21103,"date":"2025-02-25T13:20:00","date_gmt":"2025-02-25T16:20:00","guid":{"rendered":"https:\/\/www.em.com.br\/emfoco\/?p=21103"},"modified":"2025-06-17T13:42:13","modified_gmt":"2025-06-17T16:42:13","slug":"suv-da-byd-impressiona-com-mais-de-400-cv-e-autonomia-de-610-km","status":"publish","type":"post","link":"https:\/\/www.em.com.br\/emfoco\/2025\/02\/25\/suv-da-byd-impressiona-com-mais-de-400-cv-e-autonomia-de-610-km\/","title":{"rendered":"SUV da BYD impressiona com mais de 400 cv e autonomia de 610 km!"},"content":{"rendered":"\n<p>O <a href=\"https:\/\/www.byd.com\/eu\/electric-cars\/sealion-7\" target=\"_blank\" rel=\"noreferrer noopener\"><strong>BYD Sea Lion 07<\/strong> <\/a>chega ao <strong>Brasil<\/strong> numa fase delicada para SUVs cup\u00ea <strong><a href=\"https:\/\/www.em.com.br\/emfoco\/2025\/05\/16\/novo-audi-a6-e-tron-chega-ao-brasil-para-revolucionar-o-mercado-de-sedans-eletricos\/\" target=\"_blank\" rel=\"noreferrer noopener\">el\u00e9tricos<\/a><\/strong>. O modelo, baseado no sed\u00e3 <strong>BYD Seal<\/strong>, utiliza a plataforma <strong>e-Platform 3.0 EVO<\/strong> em mais uma aposta da montadora chinesa no conceito que mistura estilo e praticidade. As imagens de patente confirmam a chegada, mas resta saber se h\u00e1 espa\u00e7o real para mais um modelo neste segmento espec\u00edfico.<\/p>\n\n\n\n<p>O SUV cup\u00ea el\u00e9trico enfrenta resist\u00eancia natural do consumidor brasileiro, que historicamente prefere ve\u00edculos pr\u00e1ticos. A <strong>BYD<\/strong> aposta no conceito <strong>Ocean-X<\/strong>, mas pode estar for\u00e7ando uma tend\u00eancia que ainda n\u00e3o se consolidou no pa\u00eds. Com testes j\u00e1 em andamento, a marca demonstra confian\u00e7a, por\u00e9m o timing coincide com desacelera\u00e7\u00e3o das vendas de el\u00e9tricos premium.<\/p>\n\n\n\n<h2 class=\"wp-block-heading\"><strong>O design realmente justifica as limita\u00e7\u00f5es do formato cup\u00ea?<\/strong><\/h2>\n\n\n\n<p>O <strong>Sea Lion 07<\/strong> adota linguagem visual do <strong>Seal<\/strong>, mantendo far\u00f3is similares e acrescentando lanternas conectadas na traseira. Os spoilers duplos refor\u00e7am o apelo esportivo, mas comprometem a funcionalidade t\u00edpica de um SUV. O resultado \u00e9 um ve\u00edculo que n\u00e3o atende completamente nenhum dos dois conceitos.<\/p>\n\n\n\n<p>O interior traz volante de quatro raios e seletor de cristal, elementos que impressionam visualmente, mas podem complicar o uso di\u00e1rio. A tela de 15,6 polegadas com sistema <strong>DiLink 100<\/strong> segue a tend\u00eancia de digitaliza\u00e7\u00e3o excessiva. O tema marinho e as ma\u00e7anetas inspiradas em asas soam mais como exerc\u00edcio de design do que solu\u00e7\u00f5es pr\u00e1ticas para motoristas brasileiros.<\/p>\n\n\n\n<figure class=\"wp-block-image size-large\"><img loading=\"lazy\" decoding=\"async\" width=\"1024\" height=\"576\" src=\"https:\/\/www.em.com.br\/emfoco\/wp-content\/uploads\/2025\/02\/esse-3-9-1024x576.jpg\" alt=\"SUV da BYD impressiona com mais de 400 cv e autonomia de 610 km!\" class=\"wp-image-21115\" srcset=\"https:\/\/www.em.com.br\/emfoco\/wp-content\/uploads\/2025\/02\/esse-3-9-1024x576.jpg 1024w, https:\/\/www.em.com.br\/emfoco\/wp-content\/uploads\/2025\/02\/esse-3-9-300x169.jpg 300w, https:\/\/www.em.com.br\/emfoco\/wp-content\/uploads\/2025\/02\/esse-3-9-768x432.jpg 768w, https:\/\/www.em.com.br\/emfoco\/wp-content\/uploads\/2025\/02\/esse-3-9-750x422.jpg 750w, https:\/\/www.em.com.br\/emfoco\/wp-content\/uploads\/2025\/02\/esse-3-9-1140x641.jpg 1140w, https:\/\/www.em.com.br\/emfoco\/wp-content\/uploads\/2025\/02\/esse-3-9.jpg 1280w\" sizes=\"auto, (max-width: 1024px) 100vw, 1024px\" \/><figcaption class=\"wp-element-caption\">BYD Sea Lion 07 &#8211; Cr\u00e9ditos: Divulga\u00e7\u00e3o\/BYD<\/figcaption><\/figure>\n\n\n\n<h2 class=\"wp-block-heading\"><strong>As op\u00e7\u00f5es de motoriza\u00e7\u00e3o atendem o mercado nacional?<\/strong><\/h2>\n\n\n\n<p>Na <strong>China<\/strong>, o modelo oferece tr\u00eas configura\u00e7\u00f5es, com pot\u00eancias de 231 cv, 313 cv e 435 cv na vers\u00e3o integral. A autonomia entre 550 km e 610 km pelo ciclo <strong>CLTC<\/strong> pode ser otimista para condi\u00e7\u00f5es brasileiras. A acelera\u00e7\u00e3o de 4,5 segundos na vers\u00e3o topo impressiona, mas tem pouco valor pr\u00e1tico no tr\u00e2nsito urbano nacional.<\/p>\n\n\n\n<p>As baterias <strong>Blade<\/strong> de fosfato de ferro-l\u00edtio trazem seguran\u00e7a comprovada, mas a tecnologia <strong>Cell-to-Body<\/strong> pode complicar reparos em caso de acidentes. A integra\u00e7\u00e3o da bateria \u00e0 estrutura aumenta a rigidez, mas tamb\u00e9m os custos de manuten\u00e7\u00e3o. Para o mercado brasileiro, simplicidade costuma superar sofistica\u00e7\u00e3o t\u00e9cnica.<\/p>\n\n\n\n<h2 class=\"wp-block-heading\"><strong>O sistema DiPilot 100 tem relev\u00e2ncia no Brasil?<\/strong><\/h2>\n\n\n\n<p>O pacote de assist\u00eancia <strong>DiPilot 100 &#8220;God&#8217;s Eye&#8221;<\/strong> combina radares e c\u00e2meras para fun\u00e7\u00f5es avan\u00e7adas. O controle de cruzeiro adaptativo e a assist\u00eancia de faixa funcionam bem em estradas organizadas, mas podem ser menos eficazes no tr\u00e2nsito ca\u00f3tico brasileiro. O reconhecimento de sinais de tr\u00e2nsito pode enfrentar dificuldades com a sinaliza\u00e7\u00e3o inconsistente do pa\u00eds.<\/p>\n\n\n\n<p>Esses sistemas adicionam custos significativos ao ve\u00edculo final. Consumidores brasileiros podem questionar se vale pagar mais por tecnologias que funcionam parcialmente. A <strong>BYD<\/strong> precisa adaptar expectativas sobre estes recursos para evitar frustra\u00e7\u00f5es posteriores.<\/p>\n\n\n\n<figure class=\"wp-block-image size-large\"><img loading=\"lazy\" decoding=\"async\" width=\"1024\" height=\"576\" src=\"https:\/\/www.em.com.br\/emfoco\/wp-content\/uploads\/2025\/02\/esse-1-75-1024x576.jpg\" alt=\"SUV da BYD impressiona com mais de 400 cv e autonomia de 610 km!\" class=\"wp-image-21117\" srcset=\"https:\/\/www.em.com.br\/emfoco\/wp-content\/uploads\/2025\/02\/esse-1-75-1024x576.jpg 1024w, https:\/\/www.em.com.br\/emfoco\/wp-content\/uploads\/2025\/02\/esse-1-75-300x169.jpg 300w, https:\/\/www.em.com.br\/emfoco\/wp-content\/uploads\/2025\/02\/esse-1-75-768x432.jpg 768w, https:\/\/www.em.com.br\/emfoco\/wp-content\/uploads\/2025\/02\/esse-1-75-750x422.jpg 750w, https:\/\/www.em.com.br\/emfoco\/wp-content\/uploads\/2025\/02\/esse-1-75-1140x641.jpg 1140w, https:\/\/www.em.com.br\/emfoco\/wp-content\/uploads\/2025\/02\/esse-1-75.jpg 1280w\" sizes=\"auto, (max-width: 1024px) 100vw, 1024px\" \/><figcaption class=\"wp-element-caption\">BYD Sea Lion 07 &#8211; Cr\u00e9ditos: Divulga\u00e7\u00e3o\/BYD<\/figcaption><\/figure>\n\n\n\n<h2 class=\"wp-block-heading\"><strong>Existe demanda real para outro SUV cup\u00ea el\u00e9trico?<\/strong><\/h2>\n\n\n\n<p>O mercado brasileiro de SUVs cup\u00ea permanece nichado, dominado por modelos de luxo europeus. O <strong>Sea Lion 07<\/strong> precisar\u00e1 competir contra ve\u00edculos estabelecidos que oferecem prest\u00edgio superior. A <strong>BYD<\/strong> conta com pre\u00e7o competitivo, mas pode n\u00e3o ser suficiente para conquistar compradores deste segmento espec\u00edfico.<\/p>\n\n\n\n<p>A estrat\u00e9gia de multiplicar modelos SUV pode estar ultrapassando a capacidade de absor\u00e7\u00e3o do mercado. Entre <strong>Tang<\/strong>, <strong>Yuan Plus<\/strong> e agora <strong>Sea Lion 07<\/strong>, a marca chinesa corre o risco de atrapalhar as pr\u00f3prias vendas. O foco em variedade pode prejudicar o desenvolvimento de cada modelo individualmente.<\/p>\n\n\n\n<h2 class=\"wp-block-heading\"><strong>A BYD compreende as prioridades do consumidor brasileiro?<\/strong><\/h2>\n\n\n\n<p>O <strong>Sea Lion 07<\/strong> representa mais uma demonstra\u00e7\u00e3o da capacidade tecnol\u00f3gica chinesa do que resposta \u00e0s demandas reais brasileiras. O mercado local prioriza autonomia, custo de manuten\u00e7\u00e3o e praticidade sobre design elaborado e tecnologias avan\u00e7adas. O conceito oce\u00e2nico pode soar ex\u00f3tico demais para o pragmatismo nacional.<\/p>\n\n\n\n<p>A aus\u00eancia de data oficial de lan\u00e7amento sugere que a pr\u00f3pria <strong>BYD<\/strong> ainda avalia a viabilidade comercial. Os testes no pa\u00eds podem estar servindo mais para pesquisa de mercado do que prepara\u00e7\u00e3o para vendas imediatas. A marca precisa balancear ambi\u00e7\u00f5es globais com realidades locais para obter sucesso sustent\u00e1vel no Brasil.<\/p>\n","protected":false},"excerpt":{"rendered":"<p>O BYD Sea Lion 07 chega ao Brasil numa fase delicada para SUVs cup\u00ea el\u00e9tricos. O modelo, baseado no sed\u00e3 BYD Seal, utiliza a plataforma e-Platform 3.0 EVO em mais uma aposta da montadora chinesa no conceito que mistura estilo e praticidade. As imagens de patente confirmam a chegada, mas resta saber se h\u00e1 espa\u00e7o [&hellip;]<\/p>\n","protected":false},"author":5,"featured_media":21118,"comment_status":"open","ping_status":"open","sticky":false,"template":"","format":"standard","meta":{"jnews-multi-image_gallery":[],"jnews_single_post":{"format":"standard"},"jnews_primary_category":[],"jnews_social_meta":[],"jnews_override_counter":[],"footnotes":""},"categories":[27,1],"tags":[2044,1159,1118,2462],"class_list":["post-21103","post","type-post","status-publish","format-standard","has-post-thumbnail","hentry","category-carros","category-noticias","tag-byd","tag-carros-eletricos","tag-suv","tag-suv-eletrico"],"yoast_head":"<!-- This site is optimized with the Yoast SEO plugin v23.8 - https:\/\/yoast.com\/wordpress\/plugins\/seo\/ -->\n<title>SUV da BYD impressiona com mais de 400 cv e autonomia de 610 km! - Estado de Minas - Em foco<\/title>\n<meta name=\"description\" content=\"Conhe\u00e7a o BYD Sea Lion 07, SUV el\u00e9trico com at\u00e9 610 km de autonomia e design inspirado no conceito Ocean-X.\" \/>\n<meta name=\"robots\" content=\"index, follow, max-snippet:-1, max-image-preview:large, max-video-preview:-1\" \/>\n<link rel=\"canonical\" href=\"https:\/\/www.em.com.br\/emfoco\/2025\/02\/25\/suv-da-byd-impressiona-com-mais-de-400-cv-e-autonomia-de-610-km\/\" \/>\n<meta property=\"og:locale\" content=\"pt_BR\" \/>\n<meta property=\"og:type\" content=\"article\" \/>\n<meta property=\"og:title\" content=\"SUV da BYD impressiona com mais de 400 cv e autonomia de 610 km! - Estado de Minas - Em foco\" \/>\n<meta property=\"og:description\" content=\"Conhe\u00e7a o BYD Sea Lion 07, SUV el\u00e9trico com at\u00e9 610 km de autonomia e design inspirado no conceito Ocean-X.\" \/>\n<meta property=\"og:url\" content=\"https:\/\/www.em.com.br\/emfoco\/2025\/02\/25\/suv-da-byd-impressiona-com-mais-de-400-cv-e-autonomia-de-610-km\/\" \/>\n<meta property=\"og:site_name\" content=\"Estado de Minas - Em foco\" \/>\n<meta property=\"article:published_time\" content=\"2025-02-25T16:20:00+00:00\" \/>\n<meta property=\"article:modified_time\" content=\"2025-06-17T16:42:13+00:00\" \/>\n<meta property=\"og:image\" content=\"https:\/\/www.em.com.br\/emfoco\/wp-content\/uploads\/2025\/02\/esse-113.jpg\" \/>\n\t<meta property=\"og:image:width\" content=\"1280\" \/>\n\t<meta property=\"og:image:height\" content=\"720\" \/>\n\t<meta property=\"og:image:type\" content=\"image\/jpeg\" \/>\n<meta name=\"author\" content=\"N\u00fabia Rangel\" \/>\n<meta name=\"twitter:card\" content=\"summary_large_image\" \/>\n<meta name=\"twitter:label1\" content=\"Escrito por\" \/>\n\t<meta name=\"twitter:data1\" content=\"N\u00fabia Rangel\" \/>\n\t<meta name=\"twitter:label2\" content=\"Est. tempo de leitura\" \/>\n\t<meta name=\"twitter:data2\" content=\"5 minutos\" \/>\n<!-- \/ Yoast SEO plugin. -->","yoast_head_json":{"title":"SUV da BYD impressiona com mais de 400 cv e autonomia de 610 km! - Estado de Minas - Em foco","description":"Conhe\u00e7a o BYD Sea Lion 07, SUV el\u00e9trico com at\u00e9 610 km de autonomia e design inspirado no conceito Ocean-X.","robots":{"index":"index","follow":"follow","max-snippet":"max-snippet:-1","max-image-preview":"max-image-preview:large","max-video-preview":"max-video-preview:-1"},"canonical":"https:\/\/www.em.com.br\/emfoco\/2025\/02\/25\/suv-da-byd-impressiona-com-mais-de-400-cv-e-autonomia-de-610-km\/","og_locale":"pt_BR","og_type":"article","og_title":"SUV da BYD impressiona com mais de 400 cv e autonomia de 610 km! - Estado de Minas - Em foco","og_description":"Conhe\u00e7a o BYD Sea Lion 07, SUV el\u00e9trico com at\u00e9 610 km de autonomia e design inspirado no conceito Ocean-X.","og_url":"https:\/\/www.em.com.br\/emfoco\/2025\/02\/25\/suv-da-byd-impressiona-com-mais-de-400-cv-e-autonomia-de-610-km\/","og_site_name":"Estado de Minas - Em foco","article_published_time":"2025-02-25T16:20:00+00:00","article_modified_time":"2025-06-17T16:42:13+00:00","og_image":[{"width":1280,"height":720,"url":"https:\/\/www.em.com.br\/emfoco\/wp-content\/uploads\/2025\/02\/esse-113.jpg","type":"image\/jpeg"}],"author":"N\u00fabia Rangel","twitter_card":"summary_large_image","twitter_misc":{"Escrito por":"N\u00fabia Rangel","Est. tempo de leitura":"5 minutos"},"schema":{"@context":"https:\/\/schema.org","@graph":[{"@type":"WebPage","@id":"https:\/\/www.em.com.br\/emfoco\/2025\/02\/25\/suv-da-byd-impressiona-com-mais-de-400-cv-e-autonomia-de-610-km\/","url":"https:\/\/www.em.com.br\/emfoco\/2025\/02\/25\/suv-da-byd-impressiona-com-mais-de-400-cv-e-autonomia-de-610-km\/","name":"SUV da BYD impressiona com mais de 400 cv e autonomia de 610 km! - Estado de Minas - Em foco","isPartOf":{"@id":"https:\/\/www.em.com.br\/emfoco\/#website"},"primaryImageOfPage":{"@id":"https:\/\/www.em.com.br\/emfoco\/2025\/02\/25\/suv-da-byd-impressiona-com-mais-de-400-cv-e-autonomia-de-610-km\/#primaryimage"},"image":{"@id":"https:\/\/www.em.com.br\/emfoco\/2025\/02\/25\/suv-da-byd-impressiona-com-mais-de-400-cv-e-autonomia-de-610-km\/#primaryimage"},"thumbnailUrl":"https:\/\/www.em.com.br\/emfoco\/wp-content\/uploads\/2025\/02\/esse-113.jpg","datePublished":"2025-02-25T16:20:00+00:00","dateModified":"2025-06-17T16:42:13+00:00","author":{"@id":"https:\/\/www.em.com.br\/emfoco\/#\/schema\/person\/524437ef54f8a5d32591b143307f2e20"},"description":"Conhe\u00e7a o BYD Sea Lion 07, SUV el\u00e9trico com at\u00e9 610 km de autonomia e design inspirado no conceito Ocean-X.","breadcrumb":{"@id":"https:\/\/www.em.com.br\/emfoco\/2025\/02\/25\/suv-da-byd-impressiona-com-mais-de-400-cv-e-autonomia-de-610-km\/#breadcrumb"},"inLanguage":"pt-BR","potentialAction":[{"@type":"ReadAction","target":["https:\/\/www.em.com.br\/emfoco\/2025\/02\/25\/suv-da-byd-impressiona-com-mais-de-400-cv-e-autonomia-de-610-km\/"]}]},{"@type":"ImageObject","inLanguage":"pt-BR","@id":"https:\/\/www.em.com.br\/emfoco\/2025\/02\/25\/suv-da-byd-impressiona-com-mais-de-400-cv-e-autonomia-de-610-km\/#primaryimage","url":"https:\/\/www.em.com.br\/emfoco\/wp-content\/uploads\/2025\/02\/esse-113.jpg","contentUrl":"https:\/\/www.em.com.br\/emfoco\/wp-content\/uploads\/2025\/02\/esse-113.jpg","width":1280,"height":720,"caption":"BYD Sea Lion 07 - Cr\u00e9ditos: Divulga\u00e7\u00e3o\/BYD"},{"@type":"BreadcrumbList","@id":"https:\/\/www.em.com.br\/emfoco\/2025\/02\/25\/suv-da-byd-impressiona-com-mais-de-400-cv-e-autonomia-de-610-km\/#breadcrumb","itemListElement":[{"@type":"ListItem","position":1,"name":"In\u00edcio","item":"https:\/\/www.em.com.br\/emfoco\/"},{"@type":"ListItem","position":2,"name":"SUV da BYD impressiona com mais de 400 cv e autonomia de 610 km!"}]},{"@type":"WebSite","@id":"https:\/\/www.em.com.br\/emfoco\/#website","url":"https:\/\/www.em.com.br\/emfoco\/","name":"Estado de Minas - Em foco","description":"Acompanhe as \u00faltimas not\u00edcias e fique bem informado sobre tudo o que acontece em Minas Gerais, Brasil e no mundo.","potentialAction":[{"@type":"SearchAction","target":{"@type":"EntryPoint","urlTemplate":"https:\/\/www.em.com.br\/emfoco\/?s={search_term_string}"},"query-input":{"@type":"PropertyValueSpecification","valueRequired":true,"valueName":"search_term_string"}}],"inLanguage":"pt-BR"},{"@type":"Person","@id":"https:\/\/www.em.com.br\/emfoco\/#\/schema\/person\/524437ef54f8a5d32591b143307f2e20","name":"N\u00fabia Rangel","image":{"@type":"ImageObject","inLanguage":"pt-BR","@id":"https:\/\/www.em.com.br\/emfoco\/#\/schema\/person\/image\/","url":"https:\/\/secure.gravatar.com\/avatar\/47cff2827a5ba23c37e8068c86817ea4?s=96&d=mm&r=g","contentUrl":"https:\/\/secure.gravatar.com\/avatar\/47cff2827a5ba23c37e8068c86817ea4?s=96&d=mm&r=g","caption":"N\u00fabia Rangel"},"sameAs":["https:\/\/www.em.com.br\/emfoco\/"],"url":"https:\/\/www.em.com.br\/emfoco\/author\/nubiamyth\/"}]}},"_links":{"self":[{"href":"https:\/\/www.em.com.br\/emfoco\/wp-json\/wp\/v2\/posts\/21103","targetHints":{"allow":["GET"]}}],"collection":[{"href":"https:\/\/www.em.com.br\/emfoco\/wp-json\/wp\/v2\/posts"}],"about":[{"href":"https:\/\/www.em.com.br\/emfoco\/wp-json\/wp\/v2\/types\/post"}],"author":[{"embeddable":true,"href":"https:\/\/www.em.com.br\/emfoco\/wp-json\/wp\/v2\/users\/5"}],"replies":[{"embeddable":true,"href":"https:\/\/www.em.com.br\/emfoco\/wp-json\/wp\/v2\/comments?post=21103"}],"version-history":[{"count":5,"href":"https:\/\/www.em.com.br\/emfoco\/wp-json\/wp\/v2\/posts\/21103\/revisions"}],"predecessor-version":[{"id":62232,"href":"https:\/\/www.em.com.br\/emfoco\/wp-json\/wp\/v2\/posts\/21103\/revisions\/62232"}],"wp:featuredmedia":[{"embeddable":true,"href":"https:\/\/www.em.com.br\/emfoco\/wp-json\/wp\/v2\/media\/21118"}],"wp:attachment":[{"href":"https:\/\/www.em.com.br\/emfoco\/wp-json\/wp\/v2\/media?parent=21103"}],"wp:term":[{"taxonomy":"category","embeddable":true,"href":"https:\/\/www.em.com.br\/emfoco\/wp-json\/wp\/v2\/categories?post=21103"},{"taxonomy":"post_tag","embeddable":true,"href":"https:\/\/www.em.com.br\/emfoco\/wp-json\/wp\/v2\/tags?post=21103"}],"curies":[{"name":"wp","href":"https:\/\/api.w.org\/{rel}","templated":true}]}}