{"id":21094,"date":"2025-03-01T08:40:00","date_gmt":"2025-03-01T11:40:00","guid":{"rendered":"https:\/\/www.em.com.br\/emfoco\/?p=21094"},"modified":"2025-02-19T13:52:36","modified_gmt":"2025-02-19T16:52:36","slug":"novo-cadastro-unico-chega-em-marco-com-mudancas-que-vao-impactar-milhoes","status":"publish","type":"post","link":"https:\/\/www.em.com.br\/emfoco\/2025\/03\/01\/novo-cadastro-unico-chega-em-marco-com-mudancas-que-vao-impactar-milhoes\/","title":{"rendered":"Novo Cadastro \u00danico chega em mar\u00e7o com mudan\u00e7as que v\u00e3o impactar milh\u00f5es!"},"content":{"rendered":"\n<p>A partir de mar\u00e7o de 2025, o <strong><a href=\"https:\/\/www.gov.br\/pt-br\/servicos\/consultar-dados-do-cadastro-unico-cadunico\" target=\"_blank\" rel=\"noreferrer noopener\">Cadastro \u00danico<\/a> (Cad\u00danico)<\/strong> passar\u00e1 por uma significativa reforma que promete transformar a maneira como as informa\u00e7\u00f5es s\u00e3o geridas e utilizadas pelos programas sociais no <strong>Brasil<\/strong>. Com uma nova plataforma, o sistema ser\u00e1 mais \u00e1gil e seguro, facilitando tanto para os operadores quanto para os cidad\u00e3os que dependem desses servi\u00e7os. Esta atualiza\u00e7\u00e3o busca integrar diferentes bases de dados do <strong>Governo Federal<\/strong>, automatizando processos e melhorando a precis\u00e3o das informa\u00e7\u00f5es.<\/p>\n\n\n\n<p>Desde a \u00faltima atualiza\u00e7\u00e3o em 2010, o Cad\u00danico n\u00e3o passava por mudan\u00e7as significativas. Agora, sob a coordena\u00e7\u00e3o do <strong>Minist\u00e9rio do Desenvolvimento e Assist\u00eancia Social, Fam\u00edlia e Combate \u00e0 Fome (MDS)<\/strong> e em parceria com a <strong>DAPAPREV<\/strong>, a moderniza\u00e7\u00e3o permitir\u00e1 que informa\u00e7\u00f5es sejam buscadas e inclu\u00eddas de forma autom\u00e1tica e <strong><a href=\"https:\/\/www.em.com.br\/emfoco\/2025\/02\/11\/misterio-e-horror-em-1918-o-filme-que-mergulha-nas-profundezas-da-psique-humana-ja-pode-ser-visto-online\/\" target=\"_blank\" rel=\"noreferrer noopener\">online<\/a><\/strong>. Isso n\u00e3o apenas aumenta a confiabilidade dos dados, mas tamb\u00e9m simplifica o processo de cadastro para as fam\u00edlias, especialmente aquelas em situa\u00e7\u00e3o de vulnerabilidade.<\/p>\n\n\n\n<h2 class=\"wp-block-heading\">Quais s\u00e3o os benef\u00edcios da reforma do cadastro \u00fanico?<\/h2>\n\n\n\n<p>A reforma do Cad\u00danico traz uma s\u00e9rie de benef\u00edcios tanto para os operadores do sistema quanto para os cidad\u00e3os. Para os operadores, a necessidade de preencher manualmente todo o cadastro ser\u00e1 reduzida, j\u00e1 que muitas informa\u00e7\u00f5es ser\u00e3o automaticamente extra\u00eddas da base nacional. Isso representa uma economia de tempo e recursos significativos.<\/p>\n\n\n\n<p>Para os cidad\u00e3os, especialmente os mais pobres e vulner\u00e1veis, a simplifica\u00e7\u00e3o do processo de cadastro \u00e9 um al\u00edvio. Muitas dessas pessoas n\u00e3o t\u00eam tempo ou recursos para se deslocar at\u00e9 instala\u00e7\u00f5es p\u00fablicas para fornecer informa\u00e7\u00f5es que o governo j\u00e1 possui. Com a moderniza\u00e7\u00e3o, o acesso aos programas sociais se torna mais f\u00e1cil e menos burocr\u00e1tico.<\/p>\n\n\n\n<figure class=\"wp-block-image size-large\"><img loading=\"lazy\" decoding=\"async\" width=\"1024\" height=\"576\" src=\"https:\/\/www.em.com.br\/emfoco\/wp-content\/uploads\/2025\/01\/bolsa-familia_1738271729523-1024x576.jpg\" alt=\"Benefici\u00e1rios do Bolsa Fam\u00edlia recebem comunicado crucial para fevereiro\" class=\"wp-image-14997\" srcset=\"https:\/\/www.em.com.br\/emfoco\/wp-content\/uploads\/2025\/01\/bolsa-familia_1738271729523-1024x576.jpg 1024w, https:\/\/www.em.com.br\/emfoco\/wp-content\/uploads\/2025\/01\/bolsa-familia_1738271729523-300x169.jpg 300w, https:\/\/www.em.com.br\/emfoco\/wp-content\/uploads\/2025\/01\/bolsa-familia_1738271729523-768x432.jpg 768w, https:\/\/www.em.com.br\/emfoco\/wp-content\/uploads\/2025\/01\/bolsa-familia_1738271729523-750x422.jpg 750w, https:\/\/www.em.com.br\/emfoco\/wp-content\/uploads\/2025\/01\/bolsa-familia_1738271729523-1140x641.jpg 1140w, https:\/\/www.em.com.br\/emfoco\/wp-content\/uploads\/2025\/01\/bolsa-familia_1738271729523.jpg 1280w\" sizes=\"auto, (max-width: 1024px) 100vw, 1024px\" \/><figcaption class=\"wp-element-caption\">Bolsa Familia &#8211; Cr\u00e9ditos: depositphotos.com \/ joasouza<\/figcaption><\/figure>\n\n\n\n<h2 class=\"wp-block-heading\">Como a moderniza\u00e7\u00e3o impacta os programas sociais?<\/h2>\n\n\n\n<p>O impacto da moderniza\u00e7\u00e3o do Cad\u00danico ser\u00e1 sentido em mais de 40 programas sociais federais que utilizam esses dados para selecionar seus benefici\u00e1rios. Programas como o <strong>Bolsa Fam\u00edlia, o P\u00e9 de Meia e o Benef\u00edcio de Presta\u00e7\u00e3o Continuada (BPC)<\/strong> dependem de informa\u00e7\u00f5es precisas e atualizadas para funcionar de maneira eficaz.<\/p>\n\n\n\n<p>Al\u00e9m disso, a nova plataforma promete aumentar a seguran\u00e7a da informa\u00e7\u00e3o, reduzindo o risco de fraudes cibern\u00e9ticas. Isso \u00e9 crucial para garantir que os benef\u00edcios cheguem a quem realmente precisa, sem desvios ou erros.<\/p>\n\n\n\n<h2 class=\"wp-block-heading\">Capacita\u00e7\u00e3o e transi\u00e7\u00e3o para o novo sistema<\/h2>\n\n\n\n<p>Para garantir uma transi\u00e7\u00e3o suave para o novo sistema, o MDS est\u00e1 promovendo um amplo processo de capacita\u00e7\u00e3o online para os operadores do Cad\u00danico. Essa capacita\u00e7\u00e3o, que ser\u00e1 obrigat\u00f3ria e ter\u00e1 n\u00edveis b\u00e1sico, intermedi\u00e1rio e avan\u00e7ado, come\u00e7ar\u00e1 em fevereiro de 2025. O objetivo \u00e9 assegurar que todos os entrevistadores e operadores estejam preparados para lidar com a nova plataforma.<\/p>\n\n\n\n<p>A mudan\u00e7a para o novo sistema ser\u00e1 feita de uma \u00fanica vez, com o desligamento do sistema anterior e a ativa\u00e7\u00e3o do novo portal. O CPF ser\u00e1 a chave de unicidade do Cadastro \u00danico, permitindo uma integra\u00e7\u00e3o mais robusta com outras bases de dados, como a nova <strong>Carteira de Identidade Nacional<\/strong> e bases biom\u00e9tricas, refor\u00e7ando ainda mais a seguran\u00e7a e a confiabilidade do sistema.<\/p>\n\n\n\n<h2 class=\"wp-block-heading\">O futuro do cadastro \u00fanico<\/h2>\n\n\n\n<p>Com essas mudan\u00e7as, o Cadastro \u00danico se reposiciona como uma tecnologia social de ponta, reconhecida mundialmente. A moderniza\u00e7\u00e3o n\u00e3o apenas melhora a efici\u00eancia dos programas sociais, mas tamb\u00e9m representa um avan\u00e7o significativo na gest\u00e3o de dados p\u00fablicos no Brasil. A expectativa \u00e9 que essa reforma traga benef\u00edcios duradouros para milh\u00f5es de brasileiros que dependem desses programas para melhorar suas condi\u00e7\u00f5es de vida.<\/p>\n","protected":false},"excerpt":{"rendered":"<p>A partir de mar\u00e7o de 2025, o Cadastro \u00danico (Cad\u00danico) passar\u00e1 por uma significativa reforma que promete transformar a maneira como as informa\u00e7\u00f5es s\u00e3o geridas e utilizadas pelos programas sociais no Brasil. Com uma nova plataforma, o sistema ser\u00e1 mais \u00e1gil e seguro, facilitando tanto para os operadores quanto para os cidad\u00e3os que dependem desses [&hellip;]<\/p>\n","protected":false},"author":5,"featured_media":14751,"comment_status":"open","ping_status":"open","sticky":false,"template":"","format":"standard","meta":{"jnews-multi-image_gallery":[],"jnews_single_post":{"format":"standard"},"jnews_primary_category":[],"jnews_social_meta":[],"jnews_override_counter":[],"footnotes":""},"categories":[28,1],"tags":[656,239,164,5291],"class_list":["post-21094","post","type-post","status-publish","format-standard","has-post-thumbnail","hentry","category-economia","category-noticias","tag-cadastro-unico","tag-modernizacao","tag-programas-sociais","tag-reformulacao"],"yoast_head":"<!-- This site is optimized with the Yoast SEO plugin v23.8 - https:\/\/yoast.com\/wordpress\/plugins\/seo\/ -->\n<title>Novo Cadastro \u00danico chega em mar\u00e7o com mudan\u00e7as que v\u00e3o impactar milh\u00f5es! - Estado de Minas - Em foco<\/title>\n<meta name=\"description\" content=\"Cadastro \u00danico ser\u00e1 reformulado em 2025 com nova plataforma que promete mais agilidade, seguran\u00e7a e integra\u00e7\u00e3o de dados.\" \/>\n<meta name=\"robots\" content=\"index, follow, max-snippet:-1, max-image-preview:large, max-video-preview:-1\" \/>\n<link rel=\"canonical\" href=\"https:\/\/www.em.com.br\/emfoco\/2025\/03\/01\/novo-cadastro-unico-chega-em-marco-com-mudancas-que-vao-impactar-milhoes\/\" \/>\n<meta property=\"og:locale\" content=\"pt_BR\" \/>\n<meta property=\"og:type\" content=\"article\" \/>\n<meta property=\"og:title\" content=\"Novo Cadastro \u00danico chega em mar\u00e7o com mudan\u00e7as que v\u00e3o impactar milh\u00f5es! - Estado de Minas - Em foco\" \/>\n<meta property=\"og:description\" content=\"Cadastro \u00danico ser\u00e1 reformulado em 2025 com nova plataforma que promete mais agilidade, seguran\u00e7a e integra\u00e7\u00e3o de dados.\" \/>\n<meta property=\"og:url\" content=\"https:\/\/www.em.com.br\/emfoco\/2025\/03\/01\/novo-cadastro-unico-chega-em-marco-com-mudancas-que-vao-impactar-milhoes\/\" \/>\n<meta property=\"og:site_name\" content=\"Estado de Minas - Em foco\" \/>\n<meta property=\"article:published_time\" content=\"2025-03-01T11:40:00+00:00\" \/>\n<meta property=\"article:modified_time\" content=\"2025-02-19T16:52:36+00:00\" \/>\n<meta property=\"og:image\" content=\"https:\/\/www.em.com.br\/emfoco\/wp-content\/uploads\/2025\/01\/dinheiro-brasil_1738187229576.jpg\" \/>\n\t<meta property=\"og:image:width\" content=\"1280\" \/>\n\t<meta property=\"og:image:height\" content=\"720\" \/>\n\t<meta property=\"og:image:type\" content=\"image\/jpeg\" \/>\n<meta name=\"author\" content=\"N\u00fabia Rangel\" \/>\n<meta name=\"twitter:card\" content=\"summary_large_image\" \/>\n<meta name=\"twitter:label1\" content=\"Escrito por\" \/>\n\t<meta name=\"twitter:data1\" content=\"N\u00fabia Rangel\" \/>\n\t<meta name=\"twitter:label2\" content=\"Est. tempo de leitura\" \/>\n\t<meta name=\"twitter:data2\" content=\"4 minutos\" \/>\n<!-- \/ Yoast SEO plugin. -->","yoast_head_json":{"title":"Novo Cadastro \u00danico chega em mar\u00e7o com mudan\u00e7as que v\u00e3o impactar milh\u00f5es! - Estado de Minas - Em foco","description":"Cadastro \u00danico ser\u00e1 reformulado em 2025 com nova plataforma que promete mais agilidade, seguran\u00e7a e integra\u00e7\u00e3o de dados.","robots":{"index":"index","follow":"follow","max-snippet":"max-snippet:-1","max-image-preview":"max-image-preview:large","max-video-preview":"max-video-preview:-1"},"canonical":"https:\/\/www.em.com.br\/emfoco\/2025\/03\/01\/novo-cadastro-unico-chega-em-marco-com-mudancas-que-vao-impactar-milhoes\/","og_locale":"pt_BR","og_type":"article","og_title":"Novo Cadastro \u00danico chega em mar\u00e7o com mudan\u00e7as que v\u00e3o impactar milh\u00f5es! - Estado de Minas - Em foco","og_description":"Cadastro \u00danico ser\u00e1 reformulado em 2025 com nova plataforma que promete mais agilidade, seguran\u00e7a e integra\u00e7\u00e3o de dados.","og_url":"https:\/\/www.em.com.br\/emfoco\/2025\/03\/01\/novo-cadastro-unico-chega-em-marco-com-mudancas-que-vao-impactar-milhoes\/","og_site_name":"Estado de Minas - Em foco","article_published_time":"2025-03-01T11:40:00+00:00","article_modified_time":"2025-02-19T16:52:36+00:00","og_image":[{"width":1280,"height":720,"url":"https:\/\/www.em.com.br\/emfoco\/wp-content\/uploads\/2025\/01\/dinheiro-brasil_1738187229576.jpg","type":"image\/jpeg"}],"author":"N\u00fabia Rangel","twitter_card":"summary_large_image","twitter_misc":{"Escrito por":"N\u00fabia Rangel","Est. tempo de leitura":"4 minutos"},"schema":{"@context":"https:\/\/schema.org","@graph":[{"@type":"WebPage","@id":"https:\/\/www.em.com.br\/emfoco\/2025\/03\/01\/novo-cadastro-unico-chega-em-marco-com-mudancas-que-vao-impactar-milhoes\/","url":"https:\/\/www.em.com.br\/emfoco\/2025\/03\/01\/novo-cadastro-unico-chega-em-marco-com-mudancas-que-vao-impactar-milhoes\/","name":"Novo Cadastro \u00danico chega em mar\u00e7o com mudan\u00e7as que v\u00e3o impactar milh\u00f5es! - Estado de Minas - Em foco","isPartOf":{"@id":"https:\/\/www.em.com.br\/emfoco\/#website"},"primaryImageOfPage":{"@id":"https:\/\/www.em.com.br\/emfoco\/2025\/03\/01\/novo-cadastro-unico-chega-em-marco-com-mudancas-que-vao-impactar-milhoes\/#primaryimage"},"image":{"@id":"https:\/\/www.em.com.br\/emfoco\/2025\/03\/01\/novo-cadastro-unico-chega-em-marco-com-mudancas-que-vao-impactar-milhoes\/#primaryimage"},"thumbnailUrl":"https:\/\/www.em.com.br\/emfoco\/wp-content\/uploads\/2025\/01\/dinheiro-brasil_1738187229576.jpg","datePublished":"2025-03-01T11:40:00+00:00","dateModified":"2025-02-19T16:52:36+00:00","author":{"@id":"https:\/\/www.em.com.br\/emfoco\/#\/schema\/person\/524437ef54f8a5d32591b143307f2e20"},"description":"Cadastro \u00danico ser\u00e1 reformulado em 2025 com nova plataforma que promete mais agilidade, seguran\u00e7a e integra\u00e7\u00e3o de dados.","breadcrumb":{"@id":"https:\/\/www.em.com.br\/emfoco\/2025\/03\/01\/novo-cadastro-unico-chega-em-marco-com-mudancas-que-vao-impactar-milhoes\/#breadcrumb"},"inLanguage":"pt-BR","potentialAction":[{"@type":"ReadAction","target":["https:\/\/www.em.com.br\/emfoco\/2025\/03\/01\/novo-cadastro-unico-chega-em-marco-com-mudancas-que-vao-impactar-milhoes\/"]}]},{"@type":"ImageObject","inLanguage":"pt-BR","@id":"https:\/\/www.em.com.br\/emfoco\/2025\/03\/01\/novo-cadastro-unico-chega-em-marco-com-mudancas-que-vao-impactar-milhoes\/#primaryimage","url":"https:\/\/www.em.com.br\/emfoco\/wp-content\/uploads\/2025\/01\/dinheiro-brasil_1738187229576.jpg","contentUrl":"https:\/\/www.em.com.br\/emfoco\/wp-content\/uploads\/2025\/01\/dinheiro-brasil_1738187229576.jpg","width":1280,"height":720,"caption":"Imagem Ilustrativa de Dinheiro - Cr\u00e9ditos: depositphotos.com \/ verganifotografia"},{"@type":"BreadcrumbList","@id":"https:\/\/www.em.com.br\/emfoco\/2025\/03\/01\/novo-cadastro-unico-chega-em-marco-com-mudancas-que-vao-impactar-milhoes\/#breadcrumb","itemListElement":[{"@type":"ListItem","position":1,"name":"In\u00edcio","item":"https:\/\/www.em.com.br\/emfoco\/"},{"@type":"ListItem","position":2,"name":"Novo Cadastro \u00danico chega em mar\u00e7o com mudan\u00e7as que v\u00e3o impactar milh\u00f5es!"}]},{"@type":"WebSite","@id":"https:\/\/www.em.com.br\/emfoco\/#website","url":"https:\/\/www.em.com.br\/emfoco\/","name":"Estado de Minas - Em foco","description":"Acompanhe as \u00faltimas not\u00edcias e fique bem informado sobre tudo o que acontece em Minas Gerais, Brasil e no mundo.","potentialAction":[{"@type":"SearchAction","target":{"@type":"EntryPoint","urlTemplate":"https:\/\/www.em.com.br\/emfoco\/?s={search_term_string}"},"query-input":{"@type":"PropertyValueSpecification","valueRequired":true,"valueName":"search_term_string"}}],"inLanguage":"pt-BR"},{"@type":"Person","@id":"https:\/\/www.em.com.br\/emfoco\/#\/schema\/person\/524437ef54f8a5d32591b143307f2e20","name":"N\u00fabia Rangel","image":{"@type":"ImageObject","inLanguage":"pt-BR","@id":"https:\/\/www.em.com.br\/emfoco\/#\/schema\/person\/image\/","url":"https:\/\/secure.gravatar.com\/avatar\/47cff2827a5ba23c37e8068c86817ea4?s=96&d=mm&r=g","contentUrl":"https:\/\/secure.gravatar.com\/avatar\/47cff2827a5ba23c37e8068c86817ea4?s=96&d=mm&r=g","caption":"N\u00fabia Rangel"},"sameAs":["https:\/\/www.em.com.br\/emfoco\/"],"url":"https:\/\/www.em.com.br\/emfoco\/author\/nubiamyth\/"}]}},"_links":{"self":[{"href":"https:\/\/www.em.com.br\/emfoco\/wp-json\/wp\/v2\/posts\/21094","targetHints":{"allow":["GET"]}}],"collection":[{"href":"https:\/\/www.em.com.br\/emfoco\/wp-json\/wp\/v2\/posts"}],"about":[{"href":"https:\/\/www.em.com.br\/emfoco\/wp-json\/wp\/v2\/types\/post"}],"author":[{"embeddable":true,"href":"https:\/\/www.em.com.br\/emfoco\/wp-json\/wp\/v2\/users\/5"}],"replies":[{"embeddable":true,"href":"https:\/\/www.em.com.br\/emfoco\/wp-json\/wp\/v2\/comments?post=21094"}],"version-history":[{"count":2,"href":"https:\/\/www.em.com.br\/emfoco\/wp-json\/wp\/v2\/posts\/21094\/revisions"}],"predecessor-version":[{"id":21142,"href":"https:\/\/www.em.com.br\/emfoco\/wp-json\/wp\/v2\/posts\/21094\/revisions\/21142"}],"wp:featuredmedia":[{"embeddable":true,"href":"https:\/\/www.em.com.br\/emfoco\/wp-json\/wp\/v2\/media\/14751"}],"wp:attachment":[{"href":"https:\/\/www.em.com.br\/emfoco\/wp-json\/wp\/v2\/media?parent=21094"}],"wp:term":[{"taxonomy":"category","embeddable":true,"href":"https:\/\/www.em.com.br\/emfoco\/wp-json\/wp\/v2\/categories?post=21094"},{"taxonomy":"post_tag","embeddable":true,"href":"https:\/\/www.em.com.br\/emfoco\/wp-json\/wp\/v2\/tags?post=21094"}],"curies":[{"name":"wp","href":"https:\/\/api.w.org\/{rel}","templated":true}]}}