{"id":21069,"date":"2025-03-01T18:00:00","date_gmt":"2025-03-01T21:00:00","guid":{"rendered":"https:\/\/www.em.com.br\/emfoco\/?p=21069"},"modified":"2025-02-19T13:09:44","modified_gmt":"2025-02-19T16:09:44","slug":"como-o-sono-influencia-a-saude-da-coluna-e-evita-dores-nas-costas","status":"publish","type":"post","link":"https:\/\/www.em.com.br\/emfoco\/2025\/03\/01\/como-o-sono-influencia-a-saude-da-coluna-e-evita-dores-nas-costas\/","title":{"rendered":"Como o sono influencia a sa\u00fade da coluna e evita dores nas costas"},"content":{"rendered":"\n<p>O <strong>sono<\/strong> desempenha um papel crucial na sa\u00fade geral do corpo, especialmente na manuten\u00e7\u00e3o da<strong> <a href=\"https:\/\/www.em.com.br\/emfoco\/2025\/02\/01\/comer-bem-e-ainda-emagrecer-e-possivel\/\" target=\"_blank\" rel=\"noreferrer noopener\">sa\u00fade<\/a> da coluna vertebral<\/strong>. Dormir bem n\u00e3o apenas ajuda a restaurar a energia, mas tamb\u00e9m \u00e9 vital para o funcionamento adequado da coluna. Condi\u00e7\u00f5es como dores lombares e cervicais s\u00e3o frequentemente exacerbadas por h\u00e1bitos de sono inadequados e podem afetar a qualidade de vida de milh\u00f5es de pessoas ao redor do mundo.<\/p>\n\n\n\n<p>\u00c9 essencial entender que a escolha de colch\u00f5es e travesseiros adequados, assim como a ado\u00e7\u00e3o de posturas corretas durante o sono, pode influenciar significativamente a sa\u00fade da coluna. Um sono reparador n\u00e3o apenas alivia as tens\u00f5es acumuladas ao longo do dia, mas tamb\u00e9m promove um alinhamento saud\u00e1vel da coluna.<\/p>\n\n\n\n<h2 class=\"wp-block-heading\">Quais fatores interferem no sono reparador?<\/h2>\n\n\n\n<p>V\u00e1rios fatores podem interferir na capacidade de alcan\u00e7ar um sono reparador. O<strong> estresse di\u00e1rio, a ansiedade e o uso excessivo de dispositivos eletr\u00f4nicos<\/strong> antes de dormir s\u00e3o algumas das causas mais comuns de ins\u00f4nia e sono de m\u00e1 qualidade. Al\u00e9m disso, a escolha inadequada de colch\u00f5es e travesseiros pode contribuir para desconfortos f\u00edsicos, impactando negativamente a coluna vertebral.<\/p>\n\n\n\n<p>Adotar <strong>h\u00e1bitos saud\u00e1veis<\/strong>, como criar uma rotina de sono consistente e evitar o uso de eletr\u00f4nicos antes de dormir, pode ajudar a melhorar a qualidade do sono. Al\u00e9m disso, ajustar o ambiente de sono para torn\u00e1-lo mais confort\u00e1vel e relaxante \u00e9 fundamental para promover um descanso adequado.<\/p>\n\n\n\n<figure class=\"wp-block-image size-large\"><img loading=\"lazy\" decoding=\"async\" width=\"1024\" height=\"576\" src=\"https:\/\/www.em.com.br\/emfoco\/wp-content\/uploads\/2025\/02\/dormir_1739981169985-1024x576.jpg\" alt=\"Como o sono influencia a sa\u00fade da coluna e evita dores nas costas\" class=\"wp-image-21075\" srcset=\"https:\/\/www.em.com.br\/emfoco\/wp-content\/uploads\/2025\/02\/dormir_1739981169985-1024x576.jpg 1024w, https:\/\/www.em.com.br\/emfoco\/wp-content\/uploads\/2025\/02\/dormir_1739981169985-300x169.jpg 300w, https:\/\/www.em.com.br\/emfoco\/wp-content\/uploads\/2025\/02\/dormir_1739981169985-768x432.jpg 768w, https:\/\/www.em.com.br\/emfoco\/wp-content\/uploads\/2025\/02\/dormir_1739981169985-750x422.jpg 750w, https:\/\/www.em.com.br\/emfoco\/wp-content\/uploads\/2025\/02\/dormir_1739981169985-1140x641.jpg 1140w, https:\/\/www.em.com.br\/emfoco\/wp-content\/uploads\/2025\/02\/dormir_1739981169985.jpg 1280w\" sizes=\"auto, (max-width: 1024px) 100vw, 1024px\" \/><figcaption class=\"wp-element-caption\">Imagem de pessoa acordando &#8211;  Cr\u00e9ditos: depositphotos.com \/ AllaSerebrina<\/figcaption><\/figure>\n\n\n\n<h2 class=\"wp-block-heading\">Como escolher o colch\u00e3o e travesseiro ideais?<\/h2>\n\n\n\n<p>A escolha do colch\u00e3o e do travesseiro \u00e9 crucial para garantir um sono de qualidade e a sa\u00fade da coluna. Colch\u00f5es que oferecem suporte adequado, como os de espuma de mem\u00f3ria ou molas ensacadas, s\u00e3o frequentemente recomendados por especialistas. Esses tipos de colch\u00f5es ajudam a distribuir o peso do corpo de maneira uniforme, reduzindo a press\u00e3o sobre a coluna.<\/p>\n\n\n\n<ul class=\"wp-block-list\">\n<li>Opte por colch\u00f5es que se adaptem ao contorno do corpo.<\/li>\n\n\n\n<li>Escolha travesseiros que mantenham o pesco\u00e7o alinhado com a coluna.<\/li>\n\n\n\n<li>Considere a firmeza do colch\u00e3o de acordo com suas prefer\u00eancias pessoais e necessidades de sa\u00fade.<\/li>\n<\/ul>\n\n\n\n<h2 class=\"wp-block-heading\">Quais posturas favorecem um sono saud\u00e1vel?<\/h2>\n\n\n\n<p>Adotar posturas corretas durante o sono pode aliviar a press\u00e3o sobre a coluna e promover um descanso mais reparador. Dormir de lado com um travesseiro entre as pernas pode ajudar a manter a coluna alinhada. Para aqueles que preferem dormir de costas, colocar um travesseiro sob os joelhos pode ajudar a manter a curvatura natural da coluna.<\/p>\n\n\n\n<p>Evitar dormir de bru\u00e7os \u00e9 geralmente aconselh\u00e1vel, pois essa posi\u00e7\u00e3o pode aumentar a tens\u00e3o nas regi\u00f5es cervical e lombar. Ajustar a <strong><a href=\"https:\/\/ibcc.org.br\/postura-ao-dormir-pode-determinar-uma-boa-ou-ma-noite-de-sono\/\" target=\"_blank\" rel=\"noreferrer noopener\">postura de sono<\/a><\/strong> pode ser uma maneira eficaz de reduzir dores e desconfortos associados a problemas na coluna.<\/p>\n\n\n\n<p>Promover um sono reparador \u00e9 essencial para a sa\u00fade da coluna e o bem-estar geral. Pequenas mudan\u00e7as nos h\u00e1bitos de sono e no ambiente podem ter um impacto significativo na qualidade do descanso. Ao prestar aten\u00e7\u00e3o aos detalhes, como a escolha de colch\u00f5es e travesseiros adequados e a ado\u00e7\u00e3o de posturas corretas, \u00e9 poss\u00edvel melhorar a sa\u00fade da coluna e acordar revigorado para enfrentar o dia.<\/p>\n","protected":false},"excerpt":{"rendered":"<p>O sono desempenha um papel crucial na sa\u00fade geral do corpo, especialmente na manuten\u00e7\u00e3o da sa\u00fade da coluna vertebral. Dormir bem n\u00e3o apenas ajuda a restaurar a energia, mas tamb\u00e9m \u00e9 vital para o funcionamento adequado da coluna. Condi\u00e7\u00f5es como dores lombares e cervicais s\u00e3o frequentemente exacerbadas por h\u00e1bitos de sono inadequados e podem afetar [&hellip;]<\/p>\n","protected":false},"author":5,"featured_media":21073,"comment_status":"open","ping_status":"open","sticky":false,"template":"","format":"standard","meta":{"jnews-multi-image_gallery":[],"jnews_single_post":{"format":"standard"},"jnews_primary_category":[],"jnews_social_meta":[],"jnews_override_counter":[],"footnotes":""},"categories":[29,1],"tags":[5286,5287,415,1925],"class_list":["post-21069","post","type-post","status-publish","format-standard","has-post-thumbnail","hentry","category-entretenimento","category-noticias","tag-coluna","tag-postura","tag-saude","tag-sono"],"yoast_head":"<!-- This site is optimized with the Yoast SEO plugin v23.8 - https:\/\/yoast.com\/wordpress\/plugins\/seo\/ -->\n<title>Como o sono influencia a sa\u00fade da coluna e evita dores nas costas - Estado de Minas - Em foco<\/title>\n<meta name=\"description\" content=\"Descubra como a qualidade do sono influencia a sa\u00fade da coluna e como evitar dores nas costas com h\u00e1bitos simples.\" \/>\n<meta name=\"robots\" content=\"index, follow, max-snippet:-1, max-image-preview:large, max-video-preview:-1\" \/>\n<link rel=\"canonical\" href=\"https:\/\/www.em.com.br\/emfoco\/2025\/03\/01\/como-o-sono-influencia-a-saude-da-coluna-e-evita-dores-nas-costas\/\" \/>\n<meta property=\"og:locale\" content=\"pt_BR\" \/>\n<meta property=\"og:type\" content=\"article\" \/>\n<meta property=\"og:title\" content=\"Como o sono influencia a sa\u00fade da coluna e evita dores nas costas - Estado de Minas - Em foco\" \/>\n<meta property=\"og:description\" content=\"Descubra como a qualidade do sono influencia a sa\u00fade da coluna e como evitar dores nas costas com h\u00e1bitos simples.\" \/>\n<meta property=\"og:url\" content=\"https:\/\/www.em.com.br\/emfoco\/2025\/03\/01\/como-o-sono-influencia-a-saude-da-coluna-e-evita-dores-nas-costas\/\" \/>\n<meta property=\"og:site_name\" content=\"Estado de Minas - Em foco\" \/>\n<meta property=\"article:published_time\" content=\"2025-03-01T21:00:00+00:00\" \/>\n<meta property=\"article:modified_time\" content=\"2025-02-19T16:09:44+00:00\" \/>\n<meta property=\"og:image\" content=\"https:\/\/www.em.com.br\/emfoco\/wp-content\/uploads\/2025\/02\/dormir_1739981100605.jpg\" \/>\n\t<meta property=\"og:image:width\" content=\"1280\" \/>\n\t<meta property=\"og:image:height\" content=\"720\" \/>\n\t<meta property=\"og:image:type\" content=\"image\/jpeg\" \/>\n<meta name=\"author\" content=\"N\u00fabia Rangel\" \/>\n<meta name=\"twitter:card\" content=\"summary_large_image\" \/>\n<meta name=\"twitter:label1\" content=\"Escrito por\" \/>\n\t<meta name=\"twitter:data1\" content=\"N\u00fabia Rangel\" \/>\n\t<meta name=\"twitter:label2\" content=\"Est. tempo de leitura\" \/>\n\t<meta name=\"twitter:data2\" content=\"4 minutos\" \/>\n<!-- \/ Yoast SEO plugin. -->","yoast_head_json":{"title":"Como o sono influencia a sa\u00fade da coluna e evita dores nas costas - Estado de Minas - Em foco","description":"Descubra como a qualidade do sono influencia a sa\u00fade da coluna e como evitar dores nas costas com h\u00e1bitos simples.","robots":{"index":"index","follow":"follow","max-snippet":"max-snippet:-1","max-image-preview":"max-image-preview:large","max-video-preview":"max-video-preview:-1"},"canonical":"https:\/\/www.em.com.br\/emfoco\/2025\/03\/01\/como-o-sono-influencia-a-saude-da-coluna-e-evita-dores-nas-costas\/","og_locale":"pt_BR","og_type":"article","og_title":"Como o sono influencia a sa\u00fade da coluna e evita dores nas costas - Estado de Minas - Em foco","og_description":"Descubra como a qualidade do sono influencia a sa\u00fade da coluna e como evitar dores nas costas com h\u00e1bitos simples.","og_url":"https:\/\/www.em.com.br\/emfoco\/2025\/03\/01\/como-o-sono-influencia-a-saude-da-coluna-e-evita-dores-nas-costas\/","og_site_name":"Estado de Minas - Em foco","article_published_time":"2025-03-01T21:00:00+00:00","article_modified_time":"2025-02-19T16:09:44+00:00","og_image":[{"width":1280,"height":720,"url":"https:\/\/www.em.com.br\/emfoco\/wp-content\/uploads\/2025\/02\/dormir_1739981100605.jpg","type":"image\/jpeg"}],"author":"N\u00fabia Rangel","twitter_card":"summary_large_image","twitter_misc":{"Escrito por":"N\u00fabia Rangel","Est. tempo de leitura":"4 minutos"},"schema":{"@context":"https:\/\/schema.org","@graph":[{"@type":"WebPage","@id":"https:\/\/www.em.com.br\/emfoco\/2025\/03\/01\/como-o-sono-influencia-a-saude-da-coluna-e-evita-dores-nas-costas\/","url":"https:\/\/www.em.com.br\/emfoco\/2025\/03\/01\/como-o-sono-influencia-a-saude-da-coluna-e-evita-dores-nas-costas\/","name":"Como o sono influencia a sa\u00fade da coluna e evita dores nas costas - Estado de Minas - Em foco","isPartOf":{"@id":"https:\/\/www.em.com.br\/emfoco\/#website"},"primaryImageOfPage":{"@id":"https:\/\/www.em.com.br\/emfoco\/2025\/03\/01\/como-o-sono-influencia-a-saude-da-coluna-e-evita-dores-nas-costas\/#primaryimage"},"image":{"@id":"https:\/\/www.em.com.br\/emfoco\/2025\/03\/01\/como-o-sono-influencia-a-saude-da-coluna-e-evita-dores-nas-costas\/#primaryimage"},"thumbnailUrl":"https:\/\/www.em.com.br\/emfoco\/wp-content\/uploads\/2025\/02\/dormir_1739981100605.jpg","datePublished":"2025-03-01T21:00:00+00:00","dateModified":"2025-02-19T16:09:44+00:00","author":{"@id":"https:\/\/www.em.com.br\/emfoco\/#\/schema\/person\/524437ef54f8a5d32591b143307f2e20"},"description":"Descubra como a qualidade do sono influencia a sa\u00fade da coluna e como evitar dores nas costas com h\u00e1bitos simples.","breadcrumb":{"@id":"https:\/\/www.em.com.br\/emfoco\/2025\/03\/01\/como-o-sono-influencia-a-saude-da-coluna-e-evita-dores-nas-costas\/#breadcrumb"},"inLanguage":"pt-BR","potentialAction":[{"@type":"ReadAction","target":["https:\/\/www.em.com.br\/emfoco\/2025\/03\/01\/como-o-sono-influencia-a-saude-da-coluna-e-evita-dores-nas-costas\/"]}]},{"@type":"ImageObject","inLanguage":"pt-BR","@id":"https:\/\/www.em.com.br\/emfoco\/2025\/03\/01\/como-o-sono-influencia-a-saude-da-coluna-e-evita-dores-nas-costas\/#primaryimage","url":"https:\/\/www.em.com.br\/emfoco\/wp-content\/uploads\/2025\/02\/dormir_1739981100605.jpg","contentUrl":"https:\/\/www.em.com.br\/emfoco\/wp-content\/uploads\/2025\/02\/dormir_1739981100605.jpg","width":1280,"height":720,"caption":"Imagem de pessoa dormindo - Cr\u00e9ditos: depositphotos.com \/ AllaSerebrina"},{"@type":"BreadcrumbList","@id":"https:\/\/www.em.com.br\/emfoco\/2025\/03\/01\/como-o-sono-influencia-a-saude-da-coluna-e-evita-dores-nas-costas\/#breadcrumb","itemListElement":[{"@type":"ListItem","position":1,"name":"In\u00edcio","item":"https:\/\/www.em.com.br\/emfoco\/"},{"@type":"ListItem","position":2,"name":"Como o sono influencia a sa\u00fade da coluna e evita dores nas costas"}]},{"@type":"WebSite","@id":"https:\/\/www.em.com.br\/emfoco\/#website","url":"https:\/\/www.em.com.br\/emfoco\/","name":"Estado de Minas - Em foco","description":"Acompanhe as \u00faltimas not\u00edcias e fique bem informado sobre tudo o que acontece em Minas Gerais, Brasil e no mundo.","potentialAction":[{"@type":"SearchAction","target":{"@type":"EntryPoint","urlTemplate":"https:\/\/www.em.com.br\/emfoco\/?s={search_term_string}"},"query-input":{"@type":"PropertyValueSpecification","valueRequired":true,"valueName":"search_term_string"}}],"inLanguage":"pt-BR"},{"@type":"Person","@id":"https:\/\/www.em.com.br\/emfoco\/#\/schema\/person\/524437ef54f8a5d32591b143307f2e20","name":"N\u00fabia Rangel","image":{"@type":"ImageObject","inLanguage":"pt-BR","@id":"https:\/\/www.em.com.br\/emfoco\/#\/schema\/person\/image\/","url":"https:\/\/secure.gravatar.com\/avatar\/47cff2827a5ba23c37e8068c86817ea4?s=96&d=mm&r=g","contentUrl":"https:\/\/secure.gravatar.com\/avatar\/47cff2827a5ba23c37e8068c86817ea4?s=96&d=mm&r=g","caption":"N\u00fabia Rangel"},"sameAs":["https:\/\/www.em.com.br\/emfoco\/"],"url":"https:\/\/www.em.com.br\/emfoco\/author\/nubiamyth\/"}]}},"_links":{"self":[{"href":"https:\/\/www.em.com.br\/emfoco\/wp-json\/wp\/v2\/posts\/21069","targetHints":{"allow":["GET"]}}],"collection":[{"href":"https:\/\/www.em.com.br\/emfoco\/wp-json\/wp\/v2\/posts"}],"about":[{"href":"https:\/\/www.em.com.br\/emfoco\/wp-json\/wp\/v2\/types\/post"}],"author":[{"embeddable":true,"href":"https:\/\/www.em.com.br\/emfoco\/wp-json\/wp\/v2\/users\/5"}],"replies":[{"embeddable":true,"href":"https:\/\/www.em.com.br\/emfoco\/wp-json\/wp\/v2\/comments?post=21069"}],"version-history":[{"count":2,"href":"https:\/\/www.em.com.br\/emfoco\/wp-json\/wp\/v2\/posts\/21069\/revisions"}],"predecessor-version":[{"id":21077,"href":"https:\/\/www.em.com.br\/emfoco\/wp-json\/wp\/v2\/posts\/21069\/revisions\/21077"}],"wp:featuredmedia":[{"embeddable":true,"href":"https:\/\/www.em.com.br\/emfoco\/wp-json\/wp\/v2\/media\/21073"}],"wp:attachment":[{"href":"https:\/\/www.em.com.br\/emfoco\/wp-json\/wp\/v2\/media?parent=21069"}],"wp:term":[{"taxonomy":"category","embeddable":true,"href":"https:\/\/www.em.com.br\/emfoco\/wp-json\/wp\/v2\/categories?post=21069"},{"taxonomy":"post_tag","embeddable":true,"href":"https:\/\/www.em.com.br\/emfoco\/wp-json\/wp\/v2\/tags?post=21069"}],"curies":[{"name":"wp","href":"https:\/\/api.w.org\/{rel}","templated":true}]}}