{"id":21011,"date":"2025-02-20T11:20:09","date_gmt":"2025-02-20T14:20:09","guid":{"rendered":"https:\/\/www.em.com.br\/emfoco\/?p=21011"},"modified":"2025-02-20T01:02:36","modified_gmt":"2025-02-20T04:02:36","slug":"saque-fgts-de-r-6-mil-descubra-quem-tem-direito-e-como-solicitar","status":"publish","type":"post","link":"https:\/\/www.em.com.br\/emfoco\/2025\/02\/20\/saque-fgts-de-r-6-mil-descubra-quem-tem-direito-e-como-solicitar\/","title":{"rendered":"Trabalhadores tem acesso a novo saque de R$ 6 mil no FGTS"},"content":{"rendered":"\n<p>Recentemente, a <strong>Caixa Econ\u00f4mica Federal <\/strong>autorizou o saque de at\u00e9 R$ 6 mil do <strong>Fundo de Garantia do Tempo de Servi\u00e7o <\/strong>(<strong><a href=\"https:\/\/www.caixa.gov.br\/beneficios-trabalhador\/fgts\/Paginas\/default.aspx\" target=\"_blank\" rel=\"noreferrer noopener\">FGTS<\/a><\/strong>) para os moradores de <strong>Irupi<\/strong>, no Sul do <strong>Esp\u00edrito Santo<\/strong>. Esta medida emergencial foi implementada em resposta \u00e0 calamidade p\u00fablica causada por fortes <a href=\"https:\/\/www.em.com.br\/emfoco\/2025\/02\/03\/fevereiro-em-belo-horizonte-prepare-se-para-o-verao-temperaturas-chuvas-e-dicas-essenciais\/\" target=\"_blank\" rel=\"noreferrer noopener\">chuvas <\/a>que devastaram a regi\u00e3o. Os afetados j\u00e1 podem solicitar a libera\u00e7\u00e3o dos valores por meio do aplicativo do FGTS.<\/p>\n\n\n\n<p>O objetivo do saque emergencial \u00e9 proporcionar al\u00edvio financeiro \u00e0s v\u00edtimas do desastre natural, ajudando na recupera\u00e7\u00e3o das perdas sofridas. O processo de solicita\u00e7\u00e3o \u00e9 feito de forma digital, permitindo que os benefici\u00e1rios acessem os recursos de maneira pr\u00e1tica e r\u00e1pida.<\/p>\n\n\n\n<h2 class=\"wp-block-heading\">Crit\u00e9rios para o saque de R$ 6 mil pelo FGTS<\/h2>\n\n\n\n<p>Para ter direito ao saque de R$ 6 mil pelo FGTS, \u00e9 necess\u00e1rio que o trabalhador resida em \u00e1reas afetadas pela calamidade, conforme identificado pela Defesa Civil de Irupi. Al\u00e9m disso, o benefici\u00e1rio deve ter saldo dispon\u00edvel na conta do FGTS e n\u00e3o ter realizado retirada pelo mesmo motivo nos \u00faltimos 12 meses.<\/p>\n\n\n\n<p>O valor m\u00e1ximo que pode ser sacado \u00e9 de R$ 6.220,00 por conta vinculada, respeitando o saldo dispon\u00edvel. Esta modalidade de saque \u00e9 uma medida de apoio em situa\u00e7\u00f5es de calamidade p\u00fablica, semelhante a iniciativas anteriores adotadas em casos de desastres naturais e emerg\u00eancias sanit\u00e1rias.<\/p>\n\n\n<div class=\"wp-block-image\">\n<figure class=\"aligncenter size-large\"><img loading=\"lazy\" decoding=\"async\" width=\"1024\" height=\"576\" src=\"https:\/\/www.em.com.br\/emfoco\/wp-content\/uploads\/2025\/02\/auxilio_1739545217404-1024x576.jpg\" alt=\"Saque FGTS de R$ 6 mil Descubra quem tem direito e como solicitar\" class=\"wp-image-19668\" srcset=\"https:\/\/www.em.com.br\/emfoco\/wp-content\/uploads\/2025\/02\/auxilio_1739545217404-1024x576.jpg 1024w, https:\/\/www.em.com.br\/emfoco\/wp-content\/uploads\/2025\/02\/auxilio_1739545217404-300x169.jpg 300w, https:\/\/www.em.com.br\/emfoco\/wp-content\/uploads\/2025\/02\/auxilio_1739545217404-768x432.jpg 768w, https:\/\/www.em.com.br\/emfoco\/wp-content\/uploads\/2025\/02\/auxilio_1739545217404-750x422.jpg 750w, https:\/\/www.em.com.br\/emfoco\/wp-content\/uploads\/2025\/02\/auxilio_1739545217404-1140x641.jpg 1140w, https:\/\/www.em.com.br\/emfoco\/wp-content\/uploads\/2025\/02\/auxilio_1739545217404.jpg 1280w\" sizes=\"auto, (max-width: 1024px) 100vw, 1024px\" \/><figcaption class=\"wp-element-caption\">Auxillio &#8211; Cr\u00e9ditos: depositphotos.com \/ rafapress<\/figcaption><\/figure><\/div>\n\n\n<h2 class=\"wp-block-heading\">Como solicitar o saque de R$ 6 mil pelo FGTS?<\/h2>\n\n\n\n<p>O processo de solicita\u00e7\u00e3o do saque \u00e9 realizado pelo aplicativo FGTS, dispon\u00edvel para dispositivos m\u00f3veis. A seguir, um passo a passo para efetuar o pedido:<\/p>\n\n\n\n<ol class=\"wp-block-list\">\n<li>Acesse o aplicativo FGTS e clique na op\u00e7\u00e3o \u201cMeus Saques\u201d.<\/li>\n\n\n\n<li>Escolha a op\u00e7\u00e3o \u201cOutras Situa\u00e7\u00f5es de Saques\u201d.<\/li>\n\n\n\n<li>Selecione o motivo do saque como \u201cCalamidade P\u00fablica\u201d.<\/li>\n\n\n\n<li>Escolha a cidade afetada e clique em \u201cContinuar\u201d.<\/li>\n\n\n\n<li>Opte por receber o benef\u00edcio via cr\u00e9dito em conta banc\u00e1ria ou saque presencial.<\/li>\n\n\n\n<li>Fa\u00e7a o upload dos documentos requeridos.<\/li>\n\n\n\n<li>Revise os documentos anexados e confirme a solicita\u00e7\u00e3o.<\/li>\n<\/ol>\n\n\n\n<p>Ap\u00f3s a an\u00e1lise da Caixa, caso a solicita\u00e7\u00e3o seja aprovada, o valor ser\u00e1 creditado na conta indicada pelo trabalhador.<\/p>\n\n\n\n<h2 class=\"wp-block-heading\">Documentos necess\u00e1rios para a solicita\u00e7\u00e3o<\/h2>\n\n\n\n<p>Para efetuar a solicita\u00e7\u00e3o do saque, \u00e9 necess\u00e1rio apresentar alguns documentos. A Caixa Econ\u00f4mica Federal exige:<\/p>\n\n\n\n<ul class=\"wp-block-list\">\n<li>Carteira de identidade, carteira de habilita\u00e7\u00e3o ou passaporte, com envio de frente e verso.<\/li>\n\n\n\n<li>Selfie com o documento de identifica\u00e7\u00e3o.<\/li>\n\n\n\n<li>Comprovante de resid\u00eancia em nome do trabalhador, emitido at\u00e9 120 dias antes do decreto de calamidade.<\/li>\n\n\n\n<li>Certid\u00e3o de Casamento ou Escritura P\u00fablica de Uni\u00e3o Est\u00e1vel, caso o comprovante de resid\u00eancia esteja em nome do c\u00f4njuge.<\/li>\n<\/ul>\n\n\n\n<p>O prazo para solicitar o saque \u00e9 at\u00e9 o dia 24 de abril de 2025. Esta iniciativa busca oferecer suporte financeiro aos trabalhadores em momentos de crise, garantindo que possam enfrentar as dificuldades decorrentes de desastres naturais com um pouco mais de seguran\u00e7a.<\/p>\n","protected":false},"excerpt":{"rendered":"<p>Recentemente, a Caixa Econ\u00f4mica Federal autorizou o saque de at\u00e9 R$ 6 mil do Fundo de Garantia do Tempo de Servi\u00e7o (FGTS) para os moradores de Irupi, no Sul do Esp\u00edrito Santo. Esta medida emergencial foi implementada em resposta \u00e0 calamidade p\u00fablica causada por fortes chuvas que devastaram a regi\u00e3o. Os afetados j\u00e1 podem solicitar [&hellip;]<\/p>\n","protected":false},"author":7,"featured_media":19677,"comment_status":"open","ping_status":"open","sticky":false,"template":"","format":"standard","meta":{"jnews-multi-image_gallery":[],"jnews_single_post":{"format":"standard"},"jnews_primary_category":[],"jnews_social_meta":[],"jnews_override_counter":[],"footnotes":""},"categories":[28],"tags":[5274,935,1036,646],"class_list":["post-21011","post","type-post","status-publish","format-standard","has-post-thumbnail","hentry","category-economia","tag-desastre-natural","tag-emergencia","tag-fgts","tag-saque"],"yoast_head":"<!-- This site is optimized with the Yoast SEO plugin v23.8 - https:\/\/yoast.com\/wordpress\/plugins\/seo\/ -->\n<title>Trabalhadores tem acesso a novo saque de R$ 6 mil no FGTS - Estado de Minas - Em foco<\/title>\n<meta name=\"description\" content=\"Saque do FGTS de at\u00e9 R$ 6 mil: Descubra se voc\u00ea tem direito e como solicitar esse benef\u00edcio. Guia completo e passo a passo.\" \/>\n<meta name=\"robots\" content=\"index, follow, max-snippet:-1, max-image-preview:large, max-video-preview:-1\" \/>\n<link rel=\"canonical\" href=\"https:\/\/www.em.com.br\/emfoco\/2025\/02\/20\/saque-fgts-de-r-6-mil-descubra-quem-tem-direito-e-como-solicitar\/\" \/>\n<meta property=\"og:locale\" content=\"pt_BR\" \/>\n<meta property=\"og:type\" content=\"article\" \/>\n<meta property=\"og:title\" content=\"Trabalhadores tem acesso a novo saque de R$ 6 mil no FGTS - Estado de Minas - Em foco\" \/>\n<meta property=\"og:description\" content=\"Saque do FGTS de at\u00e9 R$ 6 mil: Descubra se voc\u00ea tem direito e como solicitar esse benef\u00edcio. Guia completo e passo a passo.\" \/>\n<meta property=\"og:url\" content=\"https:\/\/www.em.com.br\/emfoco\/2025\/02\/20\/saque-fgts-de-r-6-mil-descubra-quem-tem-direito-e-como-solicitar\/\" \/>\n<meta property=\"og:site_name\" content=\"Estado de Minas - Em foco\" \/>\n<meta property=\"article:published_time\" content=\"2025-02-20T14:20:09+00:00\" \/>\n<meta property=\"article:modified_time\" content=\"2025-02-20T04:02:36+00:00\" \/>\n<meta property=\"og:image\" content=\"https:\/\/www.em.com.br\/emfoco\/wp-content\/uploads\/2025\/02\/dinheiro_1739545473839.jpg\" \/>\n\t<meta property=\"og:image:width\" content=\"1280\" \/>\n\t<meta property=\"og:image:height\" content=\"720\" \/>\n\t<meta property=\"og:image:type\" content=\"image\/jpeg\" \/>\n<meta name=\"author\" content=\"Kelvin\" \/>\n<meta name=\"twitter:card\" content=\"summary_large_image\" \/>\n<meta name=\"twitter:label1\" content=\"Escrito por\" \/>\n\t<meta name=\"twitter:data1\" content=\"Kelvin\" \/>\n\t<meta name=\"twitter:label2\" content=\"Est. tempo de leitura\" \/>\n\t<meta name=\"twitter:data2\" content=\"3 minutos\" \/>\n<!-- \/ Yoast SEO plugin. -->","yoast_head_json":{"title":"Trabalhadores tem acesso a novo saque de R$ 6 mil no FGTS - Estado de Minas - Em foco","description":"Saque do FGTS de at\u00e9 R$ 6 mil: Descubra se voc\u00ea tem direito e como solicitar esse benef\u00edcio. Guia completo e passo a passo.","robots":{"index":"index","follow":"follow","max-snippet":"max-snippet:-1","max-image-preview":"max-image-preview:large","max-video-preview":"max-video-preview:-1"},"canonical":"https:\/\/www.em.com.br\/emfoco\/2025\/02\/20\/saque-fgts-de-r-6-mil-descubra-quem-tem-direito-e-como-solicitar\/","og_locale":"pt_BR","og_type":"article","og_title":"Trabalhadores tem acesso a novo saque de R$ 6 mil no FGTS - Estado de Minas - Em foco","og_description":"Saque do FGTS de at\u00e9 R$ 6 mil: Descubra se voc\u00ea tem direito e como solicitar esse benef\u00edcio. Guia completo e passo a passo.","og_url":"https:\/\/www.em.com.br\/emfoco\/2025\/02\/20\/saque-fgts-de-r-6-mil-descubra-quem-tem-direito-e-como-solicitar\/","og_site_name":"Estado de Minas - Em foco","article_published_time":"2025-02-20T14:20:09+00:00","article_modified_time":"2025-02-20T04:02:36+00:00","og_image":[{"width":1280,"height":720,"url":"https:\/\/www.em.com.br\/emfoco\/wp-content\/uploads\/2025\/02\/dinheiro_1739545473839.jpg","type":"image\/jpeg"}],"author":"Kelvin","twitter_card":"summary_large_image","twitter_misc":{"Escrito por":"Kelvin","Est. tempo de leitura":"3 minutos"},"schema":{"@context":"https:\/\/schema.org","@graph":[{"@type":"WebPage","@id":"https:\/\/www.em.com.br\/emfoco\/2025\/02\/20\/saque-fgts-de-r-6-mil-descubra-quem-tem-direito-e-como-solicitar\/","url":"https:\/\/www.em.com.br\/emfoco\/2025\/02\/20\/saque-fgts-de-r-6-mil-descubra-quem-tem-direito-e-como-solicitar\/","name":"Trabalhadores tem acesso a novo saque de R$ 6 mil no FGTS - Estado de Minas - Em foco","isPartOf":{"@id":"https:\/\/www.em.com.br\/emfoco\/#website"},"primaryImageOfPage":{"@id":"https:\/\/www.em.com.br\/emfoco\/2025\/02\/20\/saque-fgts-de-r-6-mil-descubra-quem-tem-direito-e-como-solicitar\/#primaryimage"},"image":{"@id":"https:\/\/www.em.com.br\/emfoco\/2025\/02\/20\/saque-fgts-de-r-6-mil-descubra-quem-tem-direito-e-como-solicitar\/#primaryimage"},"thumbnailUrl":"https:\/\/www.em.com.br\/emfoco\/wp-content\/uploads\/2025\/02\/dinheiro_1739545473839.jpg","datePublished":"2025-02-20T14:20:09+00:00","dateModified":"2025-02-20T04:02:36+00:00","author":{"@id":"https:\/\/www.em.com.br\/emfoco\/#\/schema\/person\/fb0a7f48c6fbb94b83f413a80f61917d"},"description":"Saque do FGTS de at\u00e9 R$ 6 mil: Descubra se voc\u00ea tem direito e como solicitar esse benef\u00edcio. Guia completo e passo a passo.","breadcrumb":{"@id":"https:\/\/www.em.com.br\/emfoco\/2025\/02\/20\/saque-fgts-de-r-6-mil-descubra-quem-tem-direito-e-como-solicitar\/#breadcrumb"},"inLanguage":"pt-BR","potentialAction":[{"@type":"ReadAction","target":["https:\/\/www.em.com.br\/emfoco\/2025\/02\/20\/saque-fgts-de-r-6-mil-descubra-quem-tem-direito-e-como-solicitar\/"]}]},{"@type":"ImageObject","inLanguage":"pt-BR","@id":"https:\/\/www.em.com.br\/emfoco\/2025\/02\/20\/saque-fgts-de-r-6-mil-descubra-quem-tem-direito-e-como-solicitar\/#primaryimage","url":"https:\/\/www.em.com.br\/emfoco\/wp-content\/uploads\/2025\/02\/dinheiro_1739545473839.jpg","contentUrl":"https:\/\/www.em.com.br\/emfoco\/wp-content\/uploads\/2025\/02\/dinheiro_1739545473839.jpg","width":1280,"height":720,"caption":"Auxilio - Cr\u00e9ditos: depositphotos.com \/ rafapress"},{"@type":"BreadcrumbList","@id":"https:\/\/www.em.com.br\/emfoco\/2025\/02\/20\/saque-fgts-de-r-6-mil-descubra-quem-tem-direito-e-como-solicitar\/#breadcrumb","itemListElement":[{"@type":"ListItem","position":1,"name":"In\u00edcio","item":"https:\/\/www.em.com.br\/emfoco\/"},{"@type":"ListItem","position":2,"name":"Trabalhadores tem acesso a novo saque de R$ 6 mil no FGTS"}]},{"@type":"WebSite","@id":"https:\/\/www.em.com.br\/emfoco\/#website","url":"https:\/\/www.em.com.br\/emfoco\/","name":"Estado de Minas - Em foco","description":"Acompanhe as \u00faltimas not\u00edcias e fique bem informado sobre tudo o que acontece em Minas Gerais, Brasil e no mundo.","potentialAction":[{"@type":"SearchAction","target":{"@type":"EntryPoint","urlTemplate":"https:\/\/www.em.com.br\/emfoco\/?s={search_term_string}"},"query-input":{"@type":"PropertyValueSpecification","valueRequired":true,"valueName":"search_term_string"}}],"inLanguage":"pt-BR"},{"@type":"Person","@id":"https:\/\/www.em.com.br\/emfoco\/#\/schema\/person\/fb0a7f48c6fbb94b83f413a80f61917d","name":"Kelvin","image":{"@type":"ImageObject","inLanguage":"pt-BR","@id":"https:\/\/www.em.com.br\/emfoco\/#\/schema\/person\/image\/","url":"https:\/\/secure.gravatar.com\/avatar\/e74f84337e6bf6c4c5e88fbdffa05270?s=96&d=mm&r=g","contentUrl":"https:\/\/secure.gravatar.com\/avatar\/e74f84337e6bf6c4c5e88fbdffa05270?s=96&d=mm&r=g","caption":"Kelvin"},"sameAs":["https:\/\/www.em.com.br\/emfoco"],"url":"https:\/\/www.em.com.br\/emfoco\/author\/kelvinmyth\/"}]}},"_links":{"self":[{"href":"https:\/\/www.em.com.br\/emfoco\/wp-json\/wp\/v2\/posts\/21011","targetHints":{"allow":["GET"]}}],"collection":[{"href":"https:\/\/www.em.com.br\/emfoco\/wp-json\/wp\/v2\/posts"}],"about":[{"href":"https:\/\/www.em.com.br\/emfoco\/wp-json\/wp\/v2\/types\/post"}],"author":[{"embeddable":true,"href":"https:\/\/www.em.com.br\/emfoco\/wp-json\/wp\/v2\/users\/7"}],"replies":[{"embeddable":true,"href":"https:\/\/www.em.com.br\/emfoco\/wp-json\/wp\/v2\/comments?post=21011"}],"version-history":[{"count":3,"href":"https:\/\/www.em.com.br\/emfoco\/wp-json\/wp\/v2\/posts\/21011\/revisions"}],"predecessor-version":[{"id":21250,"href":"https:\/\/www.em.com.br\/emfoco\/wp-json\/wp\/v2\/posts\/21011\/revisions\/21250"}],"wp:featuredmedia":[{"embeddable":true,"href":"https:\/\/www.em.com.br\/emfoco\/wp-json\/wp\/v2\/media\/19677"}],"wp:attachment":[{"href":"https:\/\/www.em.com.br\/emfoco\/wp-json\/wp\/v2\/media?parent=21011"}],"wp:term":[{"taxonomy":"category","embeddable":true,"href":"https:\/\/www.em.com.br\/emfoco\/wp-json\/wp\/v2\/categories?post=21011"},{"taxonomy":"post_tag","embeddable":true,"href":"https:\/\/www.em.com.br\/emfoco\/wp-json\/wp\/v2\/tags?post=21011"}],"curies":[{"name":"wp","href":"https:\/\/api.w.org\/{rel}","templated":true}]}}