{"id":20976,"date":"2025-02-20T07:20:50","date_gmt":"2025-02-20T10:20:50","guid":{"rendered":"https:\/\/www.em.com.br\/emfoco\/?p=20976"},"modified":"2025-02-20T00:41:08","modified_gmt":"2025-02-20T03:41:08","slug":"bolsa-familia-2025-guia-completo-de-pagamentos-e-beneficios","status":"publish","type":"post","link":"https:\/\/www.em.com.br\/emfoco\/2025\/02\/20\/bolsa-familia-2025-guia-completo-de-pagamentos-e-beneficios\/","title":{"rendered":"Bolsa Fam\u00edlia 2025 libera calend\u00e1rio de pagamentos e novos benef\u00edcios"},"content":{"rendered":"\n<p>O <strong>Bolsa Fam\u00edlia<\/strong>, um dos programas sociais mais importantes do <strong>Brasil<\/strong>, continua a <a href=\"https:\/\/www.em.com.br\/emfoco\/2025\/02\/19\/deixe-o-aluguel-para-tras-com-minha-casa-minha-vida\/\" target=\"_blank\" rel=\"noreferrer noopener\">desempenhar <\/a>um papel crucial no apoio \u00e0s fam\u00edlias de baixa renda em 2025. Desde sua cria\u00e7\u00e3o, o programa tem se adaptado \u00e0s necessidades da popula\u00e7\u00e3o, oferecendo assist\u00eancia financeira para garantir uma vida mais digna aos seus benefici\u00e1rios. Em fevereiro deste ano, os titulares come\u00e7aram a ser convocados para receber o benef\u00edcio, que agora inclui um adicional bimestral.<\/p>\n\n\n\n<p>O programa \u00e9 destinado a fam\u00edlias com renda familiar de at\u00e9 R$ 218 por pessoa, inscritas no<strong> Cadastro \u00danico para Programas Sociais do Governo Federal (<a href=\"https:\/\/www.gov.br\/pt-br\/servicos\/consultar-dados-do-cadastro-unico-cadunico\" target=\"_blank\" rel=\"noreferrer noopener\">Cad\u00danico<\/a>)<\/strong>. O valor m\u00ednimo do benef\u00edcio \u00e9 de R$ 600, mas pode ser complementado por valores adicionais para atender necessidades espec\u00edficas das fam\u00edlias. Este artigo explora as atualiza\u00e7\u00f5es do programa e os detalhes do calend\u00e1rio de pagamentos para 2025.<\/p>\n\n\n\n<h2 class=\"wp-block-heading\">Como funciona o calend\u00e1rio de pagamentos do Bolsa Fam\u00edlia?<\/h2>\n\n\n\n<p>O calend\u00e1rio de pagamentos do Bolsa Fam\u00edlia \u00e9 organizado de forma escalonada, distribuindo os valores nos \u00faltimos 10 dias \u00fateis de cada m\u00eas. Em fevereiro de 2025, os pagamentos come\u00e7aram no dia 17 e se estender\u00e3o at\u00e9 o dia 28. Os benefici\u00e1rios s\u00e3o convocados de acordo com o final do seu N\u00famero de Inscri\u00e7\u00e3o Social (NIS), garantindo uma distribui\u00e7\u00e3o ordenada e eficiente dos recursos.<\/p>\n\n\n<div class=\"wp-block-image\">\n<figure class=\"aligncenter size-large\"><img loading=\"lazy\" decoding=\"async\" width=\"1024\" height=\"576\" src=\"https:\/\/www.em.com.br\/emfoco\/wp-content\/uploads\/2025\/02\/auxilio_1739545123297-1024x576.jpg\" alt=\"Bolsa Fam\u00edlia 2025, guia completo de pagamentos e benef\u00edcios\" class=\"wp-image-19659\" srcset=\"https:\/\/www.em.com.br\/emfoco\/wp-content\/uploads\/2025\/02\/auxilio_1739545123297-1024x576.jpg 1024w, https:\/\/www.em.com.br\/emfoco\/wp-content\/uploads\/2025\/02\/auxilio_1739545123297-300x169.jpg 300w, https:\/\/www.em.com.br\/emfoco\/wp-content\/uploads\/2025\/02\/auxilio_1739545123297-768x432.jpg 768w, https:\/\/www.em.com.br\/emfoco\/wp-content\/uploads\/2025\/02\/auxilio_1739545123297-750x422.jpg 750w, https:\/\/www.em.com.br\/emfoco\/wp-content\/uploads\/2025\/02\/auxilio_1739545123297-1140x641.jpg 1140w, https:\/\/www.em.com.br\/emfoco\/wp-content\/uploads\/2025\/02\/auxilio_1739545123297.jpg 1280w\" sizes=\"auto, (max-width: 1024px) 100vw, 1024px\" \/><figcaption class=\"wp-element-caption\">Auxillio &#8211; Cr\u00e9ditos: depositphotos.com \/ rafapress<\/figcaption><\/figure><\/div>\n\n\n<p>Para o m\u00eas de fevereiro, o cronograma \u00e9 o seguinte:<\/p>\n\n\n\n<ul class=\"wp-block-list\">\n<li>17 de fevereiro \u2013 NIS de final 1<\/li>\n\n\n\n<li>18 de fevereiro \u2013 NIS de final 2<\/li>\n\n\n\n<li>19 de fevereiro \u2013 NIS de final 3<\/li>\n\n\n\n<li>20 de fevereiro \u2013 NIS de final 4<\/li>\n\n\n\n<li>21 de fevereiro \u2013 NIS de final 5<\/li>\n\n\n\n<li>24 de fevereiro \u2013 NIS de final 6<\/li>\n\n\n\n<li>25 de fevereiro \u2013 NIS de final 7<\/li>\n\n\n\n<li>26 de fevereiro \u2013 NIS de final 8<\/li>\n\n\n\n<li>27 de fevereiro \u2013 NIS de final 9<\/li>\n\n\n\n<li>28 de fevereiro \u2013 NIS de final 0<\/li>\n<\/ul>\n\n\n\n<h2 class=\"wp-block-heading\">Quais s\u00e3o os benef\u00edcios adicionais dispon\u00edveis?<\/h2>\n\n\n\n<p>Al\u00e9m do valor base, o Bolsa Fam\u00edlia oferece uma s\u00e9rie de benef\u00edcios adicionais que visam atender \u00e0s necessidades espec\u00edficas das fam\u00edlias. Estes complementos s\u00e3o fundamentais para garantir que o aux\u00edlio seja suficiente para cobrir as despesas b\u00e1sicas. Os principais benef\u00edcios adicionais incluem:<\/p>\n\n\n\n<ul class=\"wp-block-list\">\n<li><strong>Benef\u00edcio de Renda de Cidadania:<\/strong> Adiciona R$ 142 por membro da unidade familiar.<\/li>\n\n\n\n<li><strong>Benef\u00edcio Complementar:<\/strong> Complementa o pagamento de fam\u00edlias cuja soma dos benef\u00edcios n\u00e3o atinja R$ 600.<\/li>\n\n\n\n<li><strong>Benef\u00edcio Primeira Inf\u00e2ncia:<\/strong> Libera R$ 150 mensais para cada crian\u00e7a de zero a sete anos.<\/li>\n\n\n\n<li><strong>Benef\u00edcio Vari\u00e1vel Familiar:<\/strong> Paga uma parcela extra mensal de R$ 50 para gestantes e jovens de 7 a 18 anos.<\/li>\n\n\n\n<li><strong>Benef\u00edcio Vari\u00e1vel Familiar Nutriz:<\/strong> Paga um extra de R$ 50 para cada integrante com at\u00e9 sete meses de idade.<\/li>\n\n\n\n<li><strong>Benef\u00edcio Extraordin\u00e1rio de Transi\u00e7\u00e3o:<\/strong> Dispon\u00edvel at\u00e9 maio de 2025, garante que nenhum benefici\u00e1rio receba menos do que o concedido no Aux\u00edlio Brasil.<\/li>\n<\/ul>\n\n\n\n<h2 class=\"wp-block-heading\">O papel do aux\u00edlio g\u00e1s no or\u00e7amento familiar<\/h2>\n\n\n\n<p>Em fevereiro, os benefici\u00e1rios do Bolsa Fam\u00edlia tamb\u00e9m receber\u00e3o o aux\u00edlio g\u00e1s, uma medida importante para garantir a compra do botij\u00e3o de g\u00e1s, essencial para o preparo de alimentos. Este aux\u00edlio \u00e9 uma resposta \u00e0s flutua\u00e7\u00f5es nos pre\u00e7os do g\u00e1s de cozinha, que impactam diretamente o or\u00e7amento das fam\u00edlias de baixa renda.<\/p>\n\n\n\n<p>O Bolsa Fam\u00edlia, com suas atualiza\u00e7\u00f5es e complementos, continua a ser uma ferramenta vital para a redu\u00e7\u00e3o da pobreza e promo\u00e7\u00e3o da inclus\u00e3o social no Brasil. Ao adaptar-se \u00e0s necessidades emergentes, o programa reafirma seu compromisso com o bem-estar das fam\u00edlias brasileiras.<\/p>\n","protected":false},"excerpt":{"rendered":"<p>O Bolsa Fam\u00edlia, um dos programas sociais mais importantes do Brasil, continua a desempenhar um papel crucial no apoio \u00e0s fam\u00edlias de baixa renda em 2025. Desde sua cria\u00e7\u00e3o, o programa tem se adaptado \u00e0s necessidades da popula\u00e7\u00e3o, oferecendo assist\u00eancia financeira para garantir uma vida mais digna aos seus benefici\u00e1rios. Em fevereiro deste ano, os [&hellip;]<\/p>\n","protected":false},"author":7,"featured_media":19676,"comment_status":"open","ping_status":"open","sticky":false,"template":"","format":"standard","meta":{"jnews-multi-image_gallery":[],"jnews_single_post":{"format":"standard"},"jnews_primary_category":[],"jnews_social_meta":[],"jnews_override_counter":[],"footnotes":""},"categories":[28],"tags":[3760,209,2917,5261],"class_list":["post-20976","post","type-post","status-publish","format-standard","has-post-thumbnail","hentry","category-economia","tag-auxilio-brasil","tag-bolsa-familia","tag-calendario-2025","tag-pagamentos-de-fevereiro"],"yoast_head":"<!-- This site is optimized with the Yoast SEO plugin v23.8 - https:\/\/yoast.com\/wordpress\/plugins\/seo\/ -->\n<title>Bolsa Fam\u00edlia 2025 libera calend\u00e1rio de pagamentos e novos benef\u00edcios - Estado de Minas - Em foco<\/title>\n<meta name=\"description\" content=\"Fique por dentro de tudo sobre o Bolsa Fam\u00edlia em 2025! Consulte o calend\u00e1rio de pagamentos, benef\u00edcios e saiba como se inscrever.\" \/>\n<meta name=\"robots\" content=\"index, follow, max-snippet:-1, max-image-preview:large, max-video-preview:-1\" \/>\n<link rel=\"canonical\" href=\"https:\/\/www.em.com.br\/emfoco\/2025\/02\/20\/bolsa-familia-2025-guia-completo-de-pagamentos-e-beneficios\/\" \/>\n<meta property=\"og:locale\" content=\"pt_BR\" \/>\n<meta property=\"og:type\" content=\"article\" \/>\n<meta property=\"og:title\" content=\"Bolsa Fam\u00edlia 2025 libera calend\u00e1rio de pagamentos e novos benef\u00edcios - Estado de Minas - Em foco\" \/>\n<meta property=\"og:description\" content=\"Fique por dentro de tudo sobre o Bolsa Fam\u00edlia em 2025! Consulte o calend\u00e1rio de pagamentos, benef\u00edcios e saiba como se inscrever.\" \/>\n<meta property=\"og:url\" content=\"https:\/\/www.em.com.br\/emfoco\/2025\/02\/20\/bolsa-familia-2025-guia-completo-de-pagamentos-e-beneficios\/\" \/>\n<meta property=\"og:site_name\" content=\"Estado de Minas - Em foco\" \/>\n<meta property=\"article:published_time\" content=\"2025-02-20T10:20:50+00:00\" \/>\n<meta property=\"article:modified_time\" content=\"2025-02-20T03:41:08+00:00\" \/>\n<meta property=\"og:image\" content=\"https:\/\/www.em.com.br\/emfoco\/wp-content\/uploads\/2025\/02\/dinheiro_1739545459515.jpg\" \/>\n\t<meta property=\"og:image:width\" content=\"1280\" \/>\n\t<meta property=\"og:image:height\" content=\"720\" \/>\n\t<meta property=\"og:image:type\" content=\"image\/jpeg\" \/>\n<meta name=\"author\" content=\"Kelvin\" \/>\n<meta name=\"twitter:card\" content=\"summary_large_image\" \/>\n<meta name=\"twitter:label1\" content=\"Escrito por\" \/>\n\t<meta name=\"twitter:data1\" content=\"Kelvin\" \/>\n\t<meta name=\"twitter:label2\" content=\"Est. tempo de leitura\" \/>\n\t<meta name=\"twitter:data2\" content=\"4 minutos\" \/>\n<!-- \/ Yoast SEO plugin. -->","yoast_head_json":{"title":"Bolsa Fam\u00edlia 2025 libera calend\u00e1rio de pagamentos e novos benef\u00edcios - Estado de Minas - Em foco","description":"Fique por dentro de tudo sobre o Bolsa Fam\u00edlia em 2025! Consulte o calend\u00e1rio de pagamentos, benef\u00edcios e saiba como se inscrever.","robots":{"index":"index","follow":"follow","max-snippet":"max-snippet:-1","max-image-preview":"max-image-preview:large","max-video-preview":"max-video-preview:-1"},"canonical":"https:\/\/www.em.com.br\/emfoco\/2025\/02\/20\/bolsa-familia-2025-guia-completo-de-pagamentos-e-beneficios\/","og_locale":"pt_BR","og_type":"article","og_title":"Bolsa Fam\u00edlia 2025 libera calend\u00e1rio de pagamentos e novos benef\u00edcios - Estado de Minas - Em foco","og_description":"Fique por dentro de tudo sobre o Bolsa Fam\u00edlia em 2025! Consulte o calend\u00e1rio de pagamentos, benef\u00edcios e saiba como se inscrever.","og_url":"https:\/\/www.em.com.br\/emfoco\/2025\/02\/20\/bolsa-familia-2025-guia-completo-de-pagamentos-e-beneficios\/","og_site_name":"Estado de Minas - Em foco","article_published_time":"2025-02-20T10:20:50+00:00","article_modified_time":"2025-02-20T03:41:08+00:00","og_image":[{"width":1280,"height":720,"url":"https:\/\/www.em.com.br\/emfoco\/wp-content\/uploads\/2025\/02\/dinheiro_1739545459515.jpg","type":"image\/jpeg"}],"author":"Kelvin","twitter_card":"summary_large_image","twitter_misc":{"Escrito por":"Kelvin","Est. tempo de leitura":"4 minutos"},"schema":{"@context":"https:\/\/schema.org","@graph":[{"@type":"WebPage","@id":"https:\/\/www.em.com.br\/emfoco\/2025\/02\/20\/bolsa-familia-2025-guia-completo-de-pagamentos-e-beneficios\/","url":"https:\/\/www.em.com.br\/emfoco\/2025\/02\/20\/bolsa-familia-2025-guia-completo-de-pagamentos-e-beneficios\/","name":"Bolsa Fam\u00edlia 2025 libera calend\u00e1rio de pagamentos e novos benef\u00edcios - Estado de Minas - Em foco","isPartOf":{"@id":"https:\/\/www.em.com.br\/emfoco\/#website"},"primaryImageOfPage":{"@id":"https:\/\/www.em.com.br\/emfoco\/2025\/02\/20\/bolsa-familia-2025-guia-completo-de-pagamentos-e-beneficios\/#primaryimage"},"image":{"@id":"https:\/\/www.em.com.br\/emfoco\/2025\/02\/20\/bolsa-familia-2025-guia-completo-de-pagamentos-e-beneficios\/#primaryimage"},"thumbnailUrl":"https:\/\/www.em.com.br\/emfoco\/wp-content\/uploads\/2025\/02\/dinheiro_1739545459515.jpg","datePublished":"2025-02-20T10:20:50+00:00","dateModified":"2025-02-20T03:41:08+00:00","author":{"@id":"https:\/\/www.em.com.br\/emfoco\/#\/schema\/person\/fb0a7f48c6fbb94b83f413a80f61917d"},"description":"Fique por dentro de tudo sobre o Bolsa Fam\u00edlia em 2025! Consulte o calend\u00e1rio de pagamentos, benef\u00edcios e saiba como se inscrever.","breadcrumb":{"@id":"https:\/\/www.em.com.br\/emfoco\/2025\/02\/20\/bolsa-familia-2025-guia-completo-de-pagamentos-e-beneficios\/#breadcrumb"},"inLanguage":"pt-BR","potentialAction":[{"@type":"ReadAction","target":["https:\/\/www.em.com.br\/emfoco\/2025\/02\/20\/bolsa-familia-2025-guia-completo-de-pagamentos-e-beneficios\/"]}]},{"@type":"ImageObject","inLanguage":"pt-BR","@id":"https:\/\/www.em.com.br\/emfoco\/2025\/02\/20\/bolsa-familia-2025-guia-completo-de-pagamentos-e-beneficios\/#primaryimage","url":"https:\/\/www.em.com.br\/emfoco\/wp-content\/uploads\/2025\/02\/dinheiro_1739545459515.jpg","contentUrl":"https:\/\/www.em.com.br\/emfoco\/wp-content\/uploads\/2025\/02\/dinheiro_1739545459515.jpg","width":1280,"height":720,"caption":"Auxilio - Cr\u00e9ditos: depositphotos.com \/ rafapress"},{"@type":"BreadcrumbList","@id":"https:\/\/www.em.com.br\/emfoco\/2025\/02\/20\/bolsa-familia-2025-guia-completo-de-pagamentos-e-beneficios\/#breadcrumb","itemListElement":[{"@type":"ListItem","position":1,"name":"In\u00edcio","item":"https:\/\/www.em.com.br\/emfoco\/"},{"@type":"ListItem","position":2,"name":"Bolsa Fam\u00edlia 2025 libera calend\u00e1rio de pagamentos e novos benef\u00edcios"}]},{"@type":"WebSite","@id":"https:\/\/www.em.com.br\/emfoco\/#website","url":"https:\/\/www.em.com.br\/emfoco\/","name":"Estado de Minas - Em foco","description":"Acompanhe as \u00faltimas not\u00edcias e fique bem informado sobre tudo o que acontece em Minas Gerais, Brasil e no mundo.","potentialAction":[{"@type":"SearchAction","target":{"@type":"EntryPoint","urlTemplate":"https:\/\/www.em.com.br\/emfoco\/?s={search_term_string}"},"query-input":{"@type":"PropertyValueSpecification","valueRequired":true,"valueName":"search_term_string"}}],"inLanguage":"pt-BR"},{"@type":"Person","@id":"https:\/\/www.em.com.br\/emfoco\/#\/schema\/person\/fb0a7f48c6fbb94b83f413a80f61917d","name":"Kelvin","image":{"@type":"ImageObject","inLanguage":"pt-BR","@id":"https:\/\/www.em.com.br\/emfoco\/#\/schema\/person\/image\/","url":"https:\/\/secure.gravatar.com\/avatar\/e74f84337e6bf6c4c5e88fbdffa05270?s=96&d=mm&r=g","contentUrl":"https:\/\/secure.gravatar.com\/avatar\/e74f84337e6bf6c4c5e88fbdffa05270?s=96&d=mm&r=g","caption":"Kelvin"},"sameAs":["https:\/\/www.em.com.br\/emfoco"],"url":"https:\/\/www.em.com.br\/emfoco\/author\/kelvinmyth\/"}]}},"_links":{"self":[{"href":"https:\/\/www.em.com.br\/emfoco\/wp-json\/wp\/v2\/posts\/20976","targetHints":{"allow":["GET"]}}],"collection":[{"href":"https:\/\/www.em.com.br\/emfoco\/wp-json\/wp\/v2\/posts"}],"about":[{"href":"https:\/\/www.em.com.br\/emfoco\/wp-json\/wp\/v2\/types\/post"}],"author":[{"embeddable":true,"href":"https:\/\/www.em.com.br\/emfoco\/wp-json\/wp\/v2\/users\/7"}],"replies":[{"embeddable":true,"href":"https:\/\/www.em.com.br\/emfoco\/wp-json\/wp\/v2\/comments?post=20976"}],"version-history":[{"count":3,"href":"https:\/\/www.em.com.br\/emfoco\/wp-json\/wp\/v2\/posts\/20976\/revisions"}],"predecessor-version":[{"id":21237,"href":"https:\/\/www.em.com.br\/emfoco\/wp-json\/wp\/v2\/posts\/20976\/revisions\/21237"}],"wp:featuredmedia":[{"embeddable":true,"href":"https:\/\/www.em.com.br\/emfoco\/wp-json\/wp\/v2\/media\/19676"}],"wp:attachment":[{"href":"https:\/\/www.em.com.br\/emfoco\/wp-json\/wp\/v2\/media?parent=20976"}],"wp:term":[{"taxonomy":"category","embeddable":true,"href":"https:\/\/www.em.com.br\/emfoco\/wp-json\/wp\/v2\/categories?post=20976"},{"taxonomy":"post_tag","embeddable":true,"href":"https:\/\/www.em.com.br\/emfoco\/wp-json\/wp\/v2\/tags?post=20976"}],"curies":[{"name":"wp","href":"https:\/\/api.w.org\/{rel}","templated":true}]}}