{"id":20854,"date":"2025-02-18T19:30:00","date_gmt":"2025-02-18T22:30:00","guid":{"rendered":"https:\/\/www.em.com.br\/emfoco\/?p=20854"},"modified":"2025-02-18T18:41:16","modified_gmt":"2025-02-18T21:41:16","slug":"cascas-de-limao-tem-um-beneficio-incrivel-e-poucos-aproveitam","status":"publish","type":"post","link":"https:\/\/www.em.com.br\/emfoco\/2025\/02\/18\/cascas-de-limao-tem-um-beneficio-incrivel-e-poucos-aproveitam\/","title":{"rendered":"Cascas de lim\u00e3o t\u00eam um benef\u00edcio incr\u00edvel e poucos aproveitam"},"content":{"rendered":"\n<p>O lim\u00e3o \u00e9 amplamente reconhecido por seu sabor c\u00edtrico e refrescante, mas suas cascas frequentemente acabam no lixo, sem que seus potenciais sejam explorados. No entanto, essas cascas s\u00e3o ricas em compostos ben\u00e9ficos, como \u00f3leos essenciais e flavonoides, que podem ser aproveitados de diversas maneiras. Desde usos culin\u00e1rios at\u00e9 solu\u00e7\u00f5es de limpeza e cuidados pessoais, as cascas de lim\u00e3o oferecem uma gama de benef\u00edcios que podem ser incorporados no dia a dia.<\/p>\n\n\n\n<p>Segundo o site <a href=\"https:\/\/receitasdepesos.com.br\/descubra-como-as-cascas-de-limao-podem-facilitar-sua-vida.html\/\" target=\"_blank\" rel=\"noreferrer noopener\">Receitas de Peso<\/a>, transformar cascas de lim\u00e3o em recursos \u00fateis n\u00e3o s\u00f3 promove um estilo de vida mais sustent\u00e1vel, mas tamb\u00e9m pode resultar em economia e criatividade na rotina dom\u00e9stica. Este artigo explora como maximizar o uso das cascas de lim\u00e3o, contribuindo para um ambiente mais ecol\u00f3gico e consciente.<\/p>\n\n\n\n<h2 class=\"wp-block-heading\">Como as cascas de lim\u00e3o podem ser utilizadas na cozinha?<\/h2>\n\n\n\n<p>Na culin\u00e1ria, as cascas de lim\u00e3o s\u00e3o extremamente vers\u00e1teis. Elas podem ser utilizadas para adicionar sabor e aroma a uma variedade de pratos e bebidas. Aqui est\u00e3o algumas formas de incorpor\u00e1-las na cozinha:<\/p>\n\n\n\n<ul class=\"wp-block-list\">\n<li><strong>Raspas de Lim\u00e3o:<\/strong>\u00a0Rale a casca para usar em bolos, tortas e biscoitos, adicionando um toque c\u00edtrico.<\/li>\n\n\n\n<li><strong>A\u00e7\u00facar ou Sal Aromatizado:<\/strong>\u00a0Misture raspas de lim\u00e3o com a\u00e7\u00facar ou sal para criar temperos especiais.<\/li>\n\n\n\n<li><strong>\u00d3leo ou Vinagre Aromatizado:<\/strong>\u00a0Infunda cascas de lim\u00e3o em azeite ou vinagre para um sabor extra.<\/li>\n\n\n\n<li><strong>Ch\u00e1s e Infus\u00f5es:<\/strong>\u00a0Adicione cascas a ch\u00e1s ou \u00e1guas saborizadas para um toque refrescante.<\/li>\n\n\n\n<li><strong>Conservas e Geleias:<\/strong>\u00a0Use as cascas para intensificar o aroma c\u00edtrico em conservas caseiras.<\/li>\n<\/ul>\n\n\n\n<h2 class=\"wp-block-heading\">Quais s\u00e3o os benef\u00edcios das cascas na limpeza?<\/h2>\n\n\n\n<p>Al\u00e9m de suas aplica\u00e7\u00f5es <a href=\"https:\/\/www.em.com.br\/emfoco\/2025\/02\/17\/a-verdade-oculta-por-tras-do-nome-ana-voce-nunca-imaginou-esse-significado\/\" target=\"_blank\" rel=\"noreferrer noopener\">culin\u00e1rias<\/a>, as cascas de lim\u00e3o s\u00e3o eficazes em diversas tarefas de limpeza, oferecendo uma alternativa natural e sustent\u00e1vel aos produtos qu\u00edmicos. Veja algumas ideias:<\/p>\n\n\n\n<ul class=\"wp-block-list\">\n<li><strong>Desengordurante Natural:<\/strong>\u00a0Misture cascas de lim\u00e3o com vinagre branco para criar um limpador multiuso.<\/li>\n\n\n\n<li><strong>Eliminador de Odores:<\/strong>\u00a0Coloque cascas secas na geladeira para absorver maus odores.<\/li>\n\n\n\n<li><strong>Limpador de Micro-ondas:<\/strong>\u00a0Ferva cascas com \u00e1gua no micro-ondas para soltar sujeiras e perfumar o ambiente.<\/li>\n\n\n\n<li><strong>Perfume para a Casa:<\/strong>\u00a0Ferva cascas com canela para criar um aroma agrad\u00e1vel no ambiente.<\/li>\n<\/ul>\n\n\n<div class=\"wp-block-image\">\n<figure class=\"aligncenter size-large\"><img loading=\"lazy\" decoding=\"async\" width=\"1024\" height=\"576\" src=\"https:\/\/www.em.com.br\/emfoco\/wp-content\/uploads\/2025\/02\/cascas-de-limao_1739914748665-1024x576.jpg\" alt=\"Cascas de lim\u00e3o t\u00eam um benef\u00edcio incr\u00edvel e poucos aproveitam\" class=\"wp-image-20856\" srcset=\"https:\/\/www.em.com.br\/emfoco\/wp-content\/uploads\/2025\/02\/cascas-de-limao_1739914748665-1024x576.jpg 1024w, https:\/\/www.em.com.br\/emfoco\/wp-content\/uploads\/2025\/02\/cascas-de-limao_1739914748665-300x169.jpg 300w, https:\/\/www.em.com.br\/emfoco\/wp-content\/uploads\/2025\/02\/cascas-de-limao_1739914748665-768x432.jpg 768w, https:\/\/www.em.com.br\/emfoco\/wp-content\/uploads\/2025\/02\/cascas-de-limao_1739914748665-750x422.jpg 750w, https:\/\/www.em.com.br\/emfoco\/wp-content\/uploads\/2025\/02\/cascas-de-limao_1739914748665-1140x641.jpg 1140w, https:\/\/www.em.com.br\/emfoco\/wp-content\/uploads\/2025\/02\/cascas-de-limao_1739914748665.jpg 1280w\" sizes=\"auto, (max-width: 1024px) 100vw, 1024px\" \/><figcaption class=\"wp-element-caption\">Lim\u00e3o (Cr\u00e9ditos: depositphotos.com \/ Natalyka)<\/figcaption><\/figure><\/div>\n\n\n<h2 class=\"wp-block-heading\">Como as cascas de lim\u00e3o podem ser usadas para cuidados pessoais?<\/h2>\n\n\n\n<p>As cascas tamb\u00e9m podem ser incorporadas em rotinas de cuidados pessoais, oferecendo solu\u00e7\u00f5es naturais e eficazes. Aqui est\u00e3o algumas sugest\u00f5es:<\/p>\n\n\n\n<ul class=\"wp-block-list\">\n<li><strong>Esfoliante Natural:<\/strong>\u00a0Misture raspas de lim\u00e3o com a\u00e7\u00facar e \u00f3leo de coco para uma esfolia\u00e7\u00e3o refrescante.<\/li>\n\n\n\n<li><strong>Branqueador de Unhas:<\/strong>\u00a0Esfregue as unhas com cascas para remover manchas.<\/li>\n\n\n\n<li><strong>Repelente de Insetos:<\/strong>\u00a0O aroma do lim\u00e3o pode ajudar a afastar formigas e mosquitos.<\/li>\n<\/ul>\n\n\n\n<h2 class=\"wp-block-heading\">Explorando usos criativos e sustent\u00e1veis<\/h2>\n\n\n\n<p>Al\u00e9m dos usos j\u00e1 mencionados, as cascas de lim\u00e3o podem ser aproveitadas de maneiras criativas e sustent\u00e1veis, contribuindo para um estilo de vida mais consciente. Algumas ideias incluem:<\/p>\n\n\n\n<ul class=\"wp-block-list\">\n<li><strong>Aromatizador Natural para Roupas:<\/strong>\u00a0Seque as cascas e coloque-as em um saquinho de tecido no guarda-roupa.<\/li>\n\n\n\n<li><strong>Amaciante Natural:<\/strong>\u00a0Adicione cascas \u00e0 m\u00e1quina de lavar para um aroma fresco nas roupas.<\/li>\n\n\n\n<li><strong>Purificador de Ar para Carros:<\/strong>\u00a0Deixe cascas secas no carro para absorver odores indesejados.<\/li>\n\n\n\n<li><strong>Adubo Org\u00e2nico:<\/strong>\u00a0As cascas s\u00e3o ricas em nutrientes e podem ser compostadas em pequenas quantidades.<\/li>\n<\/ul>\n\n\n\n<p>As cascas, muitas vezes subestimadas, s\u00e3o um recurso valioso que pode ser integrado em diversas \u00e1reas do cotidiano. Ao reaproveit\u00e1-las, n\u00e3o s\u00f3 se reduz o desperd\u00edcio, mas tamb\u00e9m se promove um estilo de vida mais sustent\u00e1vel e econ\u00f4mico. Portanto, da pr\u00f3xima vez que utilizar um lim\u00e3o, lembre-se de que suas cascas t\u00eam muito a oferecer.<\/p>\n","protected":false},"excerpt":{"rendered":"<p>O lim\u00e3o \u00e9 amplamente reconhecido por seu sabor c\u00edtrico e refrescante, mas suas cascas frequentemente acabam no lixo, sem que seus potenciais sejam explorados. No entanto, essas cascas s\u00e3o ricas em compostos ben\u00e9ficos, como \u00f3leos essenciais e flavonoides, que podem ser aproveitados de diversas maneiras. Desde usos culin\u00e1rios at\u00e9 solu\u00e7\u00f5es de limpeza e cuidados pessoais, [&hellip;]<\/p>\n","protected":false},"author":10,"featured_media":20855,"comment_status":"open","ping_status":"open","sticky":false,"template":"","format":"standard","meta":{"jnews-multi-image_gallery":[],"jnews_single_post":{"format":"standard"},"jnews_primary_category":[],"jnews_social_meta":[],"jnews_override_counter":[],"footnotes":""},"categories":[1],"tags":[5243],"class_list":["post-20854","post","type-post","status-publish","format-standard","has-post-thumbnail","hentry","category-noticias","tag-cascas-de-limao"],"yoast_head":"<!-- This site is optimized with the Yoast SEO plugin v23.8 - https:\/\/yoast.com\/wordpress\/plugins\/seo\/ -->\n<title>Cascas de lim\u00e3o t\u00eam um benef\u00edcio incr\u00edvel e poucos aproveitam - Estado de Minas - Em foco<\/title>\n<meta name=\"description\" content=\"As cascas de lim\u00e3o escondem um segredo valioso! Descubra como us\u00e1-las para economizar, limpar sua casa e at\u00e9 melhorar sua sa\u00fade.\" \/>\n<meta name=\"robots\" content=\"index, follow, max-snippet:-1, max-image-preview:large, max-video-preview:-1\" \/>\n<link rel=\"canonical\" href=\"https:\/\/www.em.com.br\/emfoco\/2025\/02\/18\/cascas-de-limao-tem-um-beneficio-incrivel-e-poucos-aproveitam\/\" \/>\n<meta property=\"og:locale\" content=\"pt_BR\" \/>\n<meta property=\"og:type\" content=\"article\" \/>\n<meta property=\"og:title\" content=\"Cascas de lim\u00e3o t\u00eam um benef\u00edcio incr\u00edvel e poucos aproveitam - Estado de Minas - Em foco\" \/>\n<meta property=\"og:description\" content=\"As cascas de lim\u00e3o escondem um segredo valioso! Descubra como us\u00e1-las para economizar, limpar sua casa e at\u00e9 melhorar sua sa\u00fade.\" \/>\n<meta property=\"og:url\" content=\"https:\/\/www.em.com.br\/emfoco\/2025\/02\/18\/cascas-de-limao-tem-um-beneficio-incrivel-e-poucos-aproveitam\/\" \/>\n<meta property=\"og:site_name\" content=\"Estado de Minas - Em foco\" \/>\n<meta property=\"article:published_time\" content=\"2025-02-18T22:30:00+00:00\" \/>\n<meta property=\"article:modified_time\" content=\"2025-02-18T21:41:16+00:00\" \/>\n<meta property=\"og:image\" content=\"https:\/\/www.em.com.br\/emfoco\/wp-content\/uploads\/2025\/02\/cascas-de-limao_1739914560490.jpg\" \/>\n\t<meta property=\"og:image:width\" content=\"1280\" \/>\n\t<meta property=\"og:image:height\" content=\"720\" \/>\n\t<meta property=\"og:image:type\" content=\"image\/jpeg\" \/>\n<meta name=\"author\" content=\"Patryck Reinehr\" \/>\n<meta name=\"twitter:card\" content=\"summary_large_image\" \/>\n<meta name=\"twitter:label1\" content=\"Escrito por\" \/>\n\t<meta name=\"twitter:data1\" content=\"Patryck Reinehr\" \/>\n\t<meta name=\"twitter:label2\" content=\"Est. tempo de leitura\" \/>\n\t<meta name=\"twitter:data2\" content=\"4 minutos\" \/>\n<!-- \/ Yoast SEO plugin. -->","yoast_head_json":{"title":"Cascas de lim\u00e3o t\u00eam um benef\u00edcio incr\u00edvel e poucos aproveitam - Estado de Minas - Em foco","description":"As cascas de lim\u00e3o escondem um segredo valioso! Descubra como us\u00e1-las para economizar, limpar sua casa e at\u00e9 melhorar sua sa\u00fade.","robots":{"index":"index","follow":"follow","max-snippet":"max-snippet:-1","max-image-preview":"max-image-preview:large","max-video-preview":"max-video-preview:-1"},"canonical":"https:\/\/www.em.com.br\/emfoco\/2025\/02\/18\/cascas-de-limao-tem-um-beneficio-incrivel-e-poucos-aproveitam\/","og_locale":"pt_BR","og_type":"article","og_title":"Cascas de lim\u00e3o t\u00eam um benef\u00edcio incr\u00edvel e poucos aproveitam - Estado de Minas - Em foco","og_description":"As cascas de lim\u00e3o escondem um segredo valioso! Descubra como us\u00e1-las para economizar, limpar sua casa e at\u00e9 melhorar sua sa\u00fade.","og_url":"https:\/\/www.em.com.br\/emfoco\/2025\/02\/18\/cascas-de-limao-tem-um-beneficio-incrivel-e-poucos-aproveitam\/","og_site_name":"Estado de Minas - Em foco","article_published_time":"2025-02-18T22:30:00+00:00","article_modified_time":"2025-02-18T21:41:16+00:00","og_image":[{"width":1280,"height":720,"url":"https:\/\/www.em.com.br\/emfoco\/wp-content\/uploads\/2025\/02\/cascas-de-limao_1739914560490.jpg","type":"image\/jpeg"}],"author":"Patryck Reinehr","twitter_card":"summary_large_image","twitter_misc":{"Escrito por":"Patryck Reinehr","Est. tempo de leitura":"4 minutos"},"schema":{"@context":"https:\/\/schema.org","@graph":[{"@type":"WebPage","@id":"https:\/\/www.em.com.br\/emfoco\/2025\/02\/18\/cascas-de-limao-tem-um-beneficio-incrivel-e-poucos-aproveitam\/","url":"https:\/\/www.em.com.br\/emfoco\/2025\/02\/18\/cascas-de-limao-tem-um-beneficio-incrivel-e-poucos-aproveitam\/","name":"Cascas de lim\u00e3o t\u00eam um benef\u00edcio incr\u00edvel e poucos aproveitam - Estado de Minas - Em foco","isPartOf":{"@id":"https:\/\/www.em.com.br\/emfoco\/#website"},"primaryImageOfPage":{"@id":"https:\/\/www.em.com.br\/emfoco\/2025\/02\/18\/cascas-de-limao-tem-um-beneficio-incrivel-e-poucos-aproveitam\/#primaryimage"},"image":{"@id":"https:\/\/www.em.com.br\/emfoco\/2025\/02\/18\/cascas-de-limao-tem-um-beneficio-incrivel-e-poucos-aproveitam\/#primaryimage"},"thumbnailUrl":"https:\/\/www.em.com.br\/emfoco\/wp-content\/uploads\/2025\/02\/cascas-de-limao_1739914560490.jpg","datePublished":"2025-02-18T22:30:00+00:00","dateModified":"2025-02-18T21:41:16+00:00","author":{"@id":"https:\/\/www.em.com.br\/emfoco\/#\/schema\/person\/43407752bebcbbb4d0ec79deedc0d7ce"},"description":"As cascas de lim\u00e3o escondem um segredo valioso! Descubra como us\u00e1-las para economizar, limpar sua casa e at\u00e9 melhorar sua sa\u00fade.","breadcrumb":{"@id":"https:\/\/www.em.com.br\/emfoco\/2025\/02\/18\/cascas-de-limao-tem-um-beneficio-incrivel-e-poucos-aproveitam\/#breadcrumb"},"inLanguage":"pt-BR","potentialAction":[{"@type":"ReadAction","target":["https:\/\/www.em.com.br\/emfoco\/2025\/02\/18\/cascas-de-limao-tem-um-beneficio-incrivel-e-poucos-aproveitam\/"]}]},{"@type":"ImageObject","inLanguage":"pt-BR","@id":"https:\/\/www.em.com.br\/emfoco\/2025\/02\/18\/cascas-de-limao-tem-um-beneficio-incrivel-e-poucos-aproveitam\/#primaryimage","url":"https:\/\/www.em.com.br\/emfoco\/wp-content\/uploads\/2025\/02\/cascas-de-limao_1739914560490.jpg","contentUrl":"https:\/\/www.em.com.br\/emfoco\/wp-content\/uploads\/2025\/02\/cascas-de-limao_1739914560490.jpg","width":1280,"height":720,"caption":"Cascas de lim\u00e3o (Cr\u00e9ditos: depositphotos.com \/ morgenstjerne)"},{"@type":"BreadcrumbList","@id":"https:\/\/www.em.com.br\/emfoco\/2025\/02\/18\/cascas-de-limao-tem-um-beneficio-incrivel-e-poucos-aproveitam\/#breadcrumb","itemListElement":[{"@type":"ListItem","position":1,"name":"In\u00edcio","item":"https:\/\/www.em.com.br\/emfoco\/"},{"@type":"ListItem","position":2,"name":"Cascas de lim\u00e3o t\u00eam um benef\u00edcio incr\u00edvel e poucos aproveitam"}]},{"@type":"WebSite","@id":"https:\/\/www.em.com.br\/emfoco\/#website","url":"https:\/\/www.em.com.br\/emfoco\/","name":"Estado de Minas - Em foco","description":"Acompanhe as \u00faltimas not\u00edcias e fique bem informado sobre tudo o que acontece em Minas Gerais, Brasil e no mundo.","potentialAction":[{"@type":"SearchAction","target":{"@type":"EntryPoint","urlTemplate":"https:\/\/www.em.com.br\/emfoco\/?s={search_term_string}"},"query-input":{"@type":"PropertyValueSpecification","valueRequired":true,"valueName":"search_term_string"}}],"inLanguage":"pt-BR"},{"@type":"Person","@id":"https:\/\/www.em.com.br\/emfoco\/#\/schema\/person\/43407752bebcbbb4d0ec79deedc0d7ce","name":"Patryck Reinehr","image":{"@type":"ImageObject","inLanguage":"pt-BR","@id":"https:\/\/www.em.com.br\/emfoco\/#\/schema\/person\/image\/","url":"https:\/\/secure.gravatar.com\/avatar\/570c7fb2898c0e2df0823196891bea88?s=96&d=mm&r=g","contentUrl":"https:\/\/secure.gravatar.com\/avatar\/570c7fb2898c0e2df0823196891bea88?s=96&d=mm&r=g","caption":"Patryck Reinehr"},"url":"https:\/\/www.em.com.br\/emfoco\/author\/patryckmyth\/"}]}},"_links":{"self":[{"href":"https:\/\/www.em.com.br\/emfoco\/wp-json\/wp\/v2\/posts\/20854","targetHints":{"allow":["GET"]}}],"collection":[{"href":"https:\/\/www.em.com.br\/emfoco\/wp-json\/wp\/v2\/posts"}],"about":[{"href":"https:\/\/www.em.com.br\/emfoco\/wp-json\/wp\/v2\/types\/post"}],"author":[{"embeddable":true,"href":"https:\/\/www.em.com.br\/emfoco\/wp-json\/wp\/v2\/users\/10"}],"replies":[{"embeddable":true,"href":"https:\/\/www.em.com.br\/emfoco\/wp-json\/wp\/v2\/comments?post=20854"}],"version-history":[{"count":1,"href":"https:\/\/www.em.com.br\/emfoco\/wp-json\/wp\/v2\/posts\/20854\/revisions"}],"predecessor-version":[{"id":20857,"href":"https:\/\/www.em.com.br\/emfoco\/wp-json\/wp\/v2\/posts\/20854\/revisions\/20857"}],"wp:featuredmedia":[{"embeddable":true,"href":"https:\/\/www.em.com.br\/emfoco\/wp-json\/wp\/v2\/media\/20855"}],"wp:attachment":[{"href":"https:\/\/www.em.com.br\/emfoco\/wp-json\/wp\/v2\/media?parent=20854"}],"wp:term":[{"taxonomy":"category","embeddable":true,"href":"https:\/\/www.em.com.br\/emfoco\/wp-json\/wp\/v2\/categories?post=20854"},{"taxonomy":"post_tag","embeddable":true,"href":"https:\/\/www.em.com.br\/emfoco\/wp-json\/wp\/v2\/tags?post=20854"}],"curies":[{"name":"wp","href":"https:\/\/api.w.org\/{rel}","templated":true}]}}