{"id":20826,"date":"2025-02-28T06:40:00","date_gmt":"2025-02-28T09:40:00","guid":{"rendered":"https:\/\/www.em.com.br\/emfoco\/?p=20826"},"modified":"2025-03-01T14:37:14","modified_gmt":"2025-03-01T17:37:14","slug":"as-5-cidades-mais-limpas-do-brasil-prepare-se-para-se-surpreender","status":"publish","type":"post","link":"https:\/\/www.em.com.br\/emfoco\/2025\/02\/28\/as-5-cidades-mais-limpas-do-brasil-prepare-se-para-se-surpreender\/","title":{"rendered":"Conhe\u00e7a as 5 cidades mais limpas do Brasil e se surpreenda com a qualidade de vida!"},"content":{"rendered":"\n<p>A limpeza urbana \u00e9 um fator crucial para a qualidade de vida em qualquer cidade. A gest\u00e3o eficiente de res\u00edduos e a participa\u00e7\u00e3o ativa dos cidad\u00e3os s\u00e3o fundamentais para a conserva\u00e7\u00e3o dos espa\u00e7os p\u00fablicos. Recentemente, o <strong>\u00cdndice de Sustentabilidade da Limpeza Urbana (ISLU)<\/strong> destacou munic\u00edpios brasileiros que se sobressaem nesse aspecto.<\/p>\n\n\n\n<p>O ISLU \u00e9 uma ferramenta que mede a efici\u00eancia das cidades na administra\u00e7\u00e3o de res\u00edduos s\u00f3lidos urbanos. A pontua\u00e7\u00e3o varia de 0 a 1, e quanto mais pr\u00f3xima de 1, maior a efici\u00eancia na gest\u00e3o da limpeza. Este \u00edndice \u00e9 essencial para entender como as cidades est\u00e3o lidando com seus res\u00edduos e quais pr\u00e1ticas podem ser adotadas para melhorar a sustentabilidade urbana.<\/p>\n\n\n\n<h2 class=\"wp-block-heading\"><strong>O que \u00e9 o \u00cdndice de Sustentabilidade da Limpeza Urbana (ISLU)?<\/strong><\/h2>\n\n\n\n<p>O \u00cdndice de Sustentabilidade da Limpeza Urbana (ISLU) \u00e9 uma m\u00e9trica que avalia a efic\u00e1cia das cidades na gest\u00e3o de res\u00edduos s\u00f3lidos. Criado para promover a sustentabilidade, o ISLU incentiva pr\u00e1ticas que visam a melhoria cont\u00ednua da limpeza urbana. Cidades com pontua\u00e7\u00f5es mais altas demonstram um compromisso significativo com a gest\u00e3o ambiental e a qualidade de vida de seus habitantes.<\/p>\n\n\n\n<p>O ISLU n\u00e3o apenas classifica as cidades, mas tamb\u00e9m serve como um guia para pol\u00edticas p\u00fablicas, ajudando a identificar \u00e1reas que necessitam de melhorias e destacando exemplos de sucesso que podem ser replicados em outros locais.<\/p>\n\n\n\n<figure class=\"wp-block-image size-large\"><img loading=\"lazy\" decoding=\"async\" width=\"1024\" height=\"576\" src=\"https:\/\/www.em.com.br\/emfoco\/wp-content\/uploads\/2025\/02\/niteroi_1739557807375-1024x576.jpg\" alt=\"Cidade no Rio de Janeiro \u00e9 considerada um para\u00edso escondido\" class=\"wp-image-19831\" srcset=\"https:\/\/www.em.com.br\/emfoco\/wp-content\/uploads\/2025\/02\/niteroi_1739557807375-1024x576.jpg 1024w, https:\/\/www.em.com.br\/emfoco\/wp-content\/uploads\/2025\/02\/niteroi_1739557807375-300x169.jpg 300w, https:\/\/www.em.com.br\/emfoco\/wp-content\/uploads\/2025\/02\/niteroi_1739557807375-768x432.jpg 768w, https:\/\/www.em.com.br\/emfoco\/wp-content\/uploads\/2025\/02\/niteroi_1739557807375-750x422.jpg 750w, https:\/\/www.em.com.br\/emfoco\/wp-content\/uploads\/2025\/02\/niteroi_1739557807375-1140x641.jpg 1140w, https:\/\/www.em.com.br\/emfoco\/wp-content\/uploads\/2025\/02\/niteroi_1739557807375.jpg 1280w\" sizes=\"auto, (max-width: 1024px) 100vw, 1024px\" \/><figcaption class=\"wp-element-caption\">Niter\u00f3i, Rio de Janeiro &#8211; Cr\u00e9ditos: depositphotos.com \/ dabldy<\/figcaption><\/figure>\n\n\n\n<h2 class=\"wp-block-heading\"><strong>Quais cidades brasileiras se destacam em limpeza urbana?<\/strong><\/h2>\n\n\n\n<p>De acordo com o levantamento mais recente do ISLU 2024, as cidades com mais de 250 mil habitantes que se destacam por suas pr\u00e1ticas exemplares de limpeza urbana s\u00e3o:<\/p>\n\n\n\n<ul class=\"wp-block-list\">\n<li>Florian\u00f3polis (SC)<\/li>\n\n\n\n<li>S\u00e3o Jos\u00e9 (SC)<\/li>\n\n\n\n<li>Niter\u00f3i (RJ)<\/li>\n<\/ul>\n\n\n\n<p>Esses munic\u00edpios adotam pr\u00e1ticas avan\u00e7adas de gest\u00e3o de res\u00edduos, combinando pol\u00edticas p\u00fablicas eficazes com iniciativas comunit\u00e1rias que promovem a preserva\u00e7\u00e3o da limpeza urbana.<\/p>\n\n\n\n<h2 class=\"wp-block-heading\"><strong>Quais estrat\u00e9gias s\u00e3o usadas para manter a limpeza urbana?<\/strong><\/h2>\n\n\n\n<p>As cidades que lideram o ranking do ISLU investem em diversas estrat\u00e9gias para garantir um ambiente mais limpo e sustent\u00e1vel. Algumas das principais a\u00e7\u00f5es incluem:<\/p>\n\n\n\n<ul class=\"wp-block-list\">\n<li>Coleta seletiva estruturada \u2013 Implementa\u00e7\u00e3o de sistemas eficientes para separar res\u00edduos recicl\u00e1veis e org\u00e2nicos, facilitando a destina\u00e7\u00e3o correta.<\/li>\n\n\n\n<li>Educa\u00e7\u00e3o ambiental \u2013 Campanhas de conscientiza\u00e7\u00e3o que incentivam a popula\u00e7\u00e3o a adotar h\u00e1bitos respons\u00e1veis e sustent\u00e1veis.<\/li>\n\n\n\n<li>Infraestrutura adequada \u2013 Instala\u00e7\u00e3o de lixeiras e pontos de coleta seletiva em locais estrat\u00e9gicos, al\u00e9m de limpeza regular das vias p\u00fablicas.<\/li>\n<\/ul>\n\n\n\n<h2 class=\"wp-block-heading\"><strong>Qual \u00e9 o impacto das campanhas de conscientiza\u00e7\u00e3o na limpeza urbana?<\/strong><\/h2>\n\n\n\n<p>A colabora\u00e7\u00e3o da popula\u00e7\u00e3o \u00e9 essencial para manter as cidades limpas. Campanhas de conscientiza\u00e7\u00e3o t\u00eam um papel vital nesse processo, promovendo a educa\u00e7\u00e3o ambiental e incentivando pr\u00e1ticas sustent\u00e1veis. Algumas iniciativas de sucesso incluem:<\/p>\n\n\n\n<ul class=\"wp-block-list\">\n<li>Programas em escolas \u2013 Projetos que ensinam crian\u00e7as e adolescentes sobre reciclagem e sustentabilidade, formando cidad\u00e3os conscientes desde cedo.<\/li>\n\n\n\n<li>Divulga\u00e7\u00e3o em m\u00eddias digitais \u2013 Uso de redes sociais e campanhas publicit\u00e1rias para engajar os moradores e promover a participa\u00e7\u00e3o ativa.<\/li>\n\n\n\n<li>A\u00e7\u00f5es comunit\u00e1rias \u2013 Mutir\u00f5es de limpeza e incentivos \u00e0 participa\u00e7\u00e3o da popula\u00e7\u00e3o em atividades ambientais, fortalecendo o senso de comunidade e responsabilidade coletiva.<\/li>\n<\/ul>\n\n\n\n<p>Essas a\u00e7\u00f5es n\u00e3o apenas melhoram a limpeza urbana, mas tamb\u00e9m promovem uma cultura de sustentabilidade que beneficia toda a sociedade.<\/p>\n","protected":false},"excerpt":{"rendered":"<p>A limpeza urbana \u00e9 um fator crucial para a qualidade de vida em qualquer cidade. A gest\u00e3o eficiente de res\u00edduos e a participa\u00e7\u00e3o ativa dos cidad\u00e3os s\u00e3o fundamentais para a conserva\u00e7\u00e3o dos espa\u00e7os p\u00fablicos. Recentemente, o \u00cdndice de Sustentabilidade da Limpeza Urbana (ISLU) destacou munic\u00edpios brasileiros que se sobressaem nesse aspecto. O ISLU \u00e9 uma [&hellip;]<\/p>\n","protected":false},"author":5,"featured_media":19832,"comment_status":"open","ping_status":"open","sticky":false,"template":"","format":"standard","meta":{"jnews-multi-image_gallery":[],"jnews_single_post":{"format":"standard"},"jnews_primary_category":[],"jnews_social_meta":[],"jnews_override_counter":[],"footnotes":""},"categories":[26,1],"tags":[5234,5233,5235,325],"class_list":["post-20826","post","type-post","status-publish","format-standard","has-post-thumbnail","hentry","category-cidades","category-noticias","tag-islu","tag-limpeza-urbana","tag-residuos-solidos","tag-sustentabilidade"],"yoast_head":"<!-- This site is optimized with the Yoast SEO plugin v23.8 - https:\/\/yoast.com\/wordpress\/plugins\/seo\/ -->\n<title>Conhe\u00e7a as 5 cidades mais limpas do Brasil e se surpreenda com a qualidade de vida! - Estado de Minas - Em foco<\/title>\n<meta name=\"description\" content=\"Descubra como as campanhas de conscientiza\u00e7\u00e3o e boas pr\u00e1ticas de gest\u00e3o est\u00e3o ajudando as cidades brasileiras a melhorar a limpeza urbana.\" \/>\n<meta name=\"robots\" content=\"index, follow, max-snippet:-1, max-image-preview:large, max-video-preview:-1\" \/>\n<link rel=\"canonical\" href=\"https:\/\/www.em.com.br\/emfoco\/2025\/02\/28\/as-5-cidades-mais-limpas-do-brasil-prepare-se-para-se-surpreender\/\" \/>\n<meta property=\"og:locale\" content=\"pt_BR\" \/>\n<meta property=\"og:type\" content=\"article\" \/>\n<meta property=\"og:title\" content=\"Conhe\u00e7a as 5 cidades mais limpas do Brasil e se surpreenda com a qualidade de vida! - Estado de Minas - Em foco\" \/>\n<meta property=\"og:description\" content=\"Descubra como as campanhas de conscientiza\u00e7\u00e3o e boas pr\u00e1ticas de gest\u00e3o est\u00e3o ajudando as cidades brasileiras a melhorar a limpeza urbana.\" \/>\n<meta property=\"og:url\" content=\"https:\/\/www.em.com.br\/emfoco\/2025\/02\/28\/as-5-cidades-mais-limpas-do-brasil-prepare-se-para-se-surpreender\/\" \/>\n<meta property=\"og:site_name\" content=\"Estado de Minas - Em foco\" \/>\n<meta property=\"article:published_time\" content=\"2025-02-28T09:40:00+00:00\" \/>\n<meta property=\"article:modified_time\" content=\"2025-03-01T17:37:14+00:00\" \/>\n<meta property=\"og:image\" content=\"https:\/\/www.em.com.br\/emfoco\/wp-content\/uploads\/2025\/02\/niteroi_1739557868823.jpg\" \/>\n\t<meta property=\"og:image:width\" content=\"1280\" \/>\n\t<meta property=\"og:image:height\" content=\"720\" \/>\n\t<meta property=\"og:image:type\" content=\"image\/jpeg\" \/>\n<meta name=\"author\" content=\"N\u00fabia Rangel\" \/>\n<meta name=\"twitter:card\" content=\"summary_large_image\" \/>\n<meta name=\"twitter:label1\" content=\"Escrito por\" \/>\n\t<meta name=\"twitter:data1\" content=\"N\u00fabia Rangel\" \/>\n\t<meta name=\"twitter:label2\" content=\"Est. tempo de leitura\" \/>\n\t<meta name=\"twitter:data2\" content=\"4 minutos\" \/>\n<!-- \/ Yoast SEO plugin. -->","yoast_head_json":{"title":"Conhe\u00e7a as 5 cidades mais limpas do Brasil e se surpreenda com a qualidade de vida! - Estado de Minas - Em foco","description":"Descubra como as campanhas de conscientiza\u00e7\u00e3o e boas pr\u00e1ticas de gest\u00e3o est\u00e3o ajudando as cidades brasileiras a melhorar a limpeza urbana.","robots":{"index":"index","follow":"follow","max-snippet":"max-snippet:-1","max-image-preview":"max-image-preview:large","max-video-preview":"max-video-preview:-1"},"canonical":"https:\/\/www.em.com.br\/emfoco\/2025\/02\/28\/as-5-cidades-mais-limpas-do-brasil-prepare-se-para-se-surpreender\/","og_locale":"pt_BR","og_type":"article","og_title":"Conhe\u00e7a as 5 cidades mais limpas do Brasil e se surpreenda com a qualidade de vida! - Estado de Minas - Em foco","og_description":"Descubra como as campanhas de conscientiza\u00e7\u00e3o e boas pr\u00e1ticas de gest\u00e3o est\u00e3o ajudando as cidades brasileiras a melhorar a limpeza urbana.","og_url":"https:\/\/www.em.com.br\/emfoco\/2025\/02\/28\/as-5-cidades-mais-limpas-do-brasil-prepare-se-para-se-surpreender\/","og_site_name":"Estado de Minas - Em foco","article_published_time":"2025-02-28T09:40:00+00:00","article_modified_time":"2025-03-01T17:37:14+00:00","og_image":[{"width":1280,"height":720,"url":"https:\/\/www.em.com.br\/emfoco\/wp-content\/uploads\/2025\/02\/niteroi_1739557868823.jpg","type":"image\/jpeg"}],"author":"N\u00fabia Rangel","twitter_card":"summary_large_image","twitter_misc":{"Escrito por":"N\u00fabia Rangel","Est. tempo de leitura":"4 minutos"},"schema":{"@context":"https:\/\/schema.org","@graph":[{"@type":"WebPage","@id":"https:\/\/www.em.com.br\/emfoco\/2025\/02\/28\/as-5-cidades-mais-limpas-do-brasil-prepare-se-para-se-surpreender\/","url":"https:\/\/www.em.com.br\/emfoco\/2025\/02\/28\/as-5-cidades-mais-limpas-do-brasil-prepare-se-para-se-surpreender\/","name":"Conhe\u00e7a as 5 cidades mais limpas do Brasil e se surpreenda com a qualidade de vida! - Estado de Minas - Em foco","isPartOf":{"@id":"https:\/\/www.em.com.br\/emfoco\/#website"},"primaryImageOfPage":{"@id":"https:\/\/www.em.com.br\/emfoco\/2025\/02\/28\/as-5-cidades-mais-limpas-do-brasil-prepare-se-para-se-surpreender\/#primaryimage"},"image":{"@id":"https:\/\/www.em.com.br\/emfoco\/2025\/02\/28\/as-5-cidades-mais-limpas-do-brasil-prepare-se-para-se-surpreender\/#primaryimage"},"thumbnailUrl":"https:\/\/www.em.com.br\/emfoco\/wp-content\/uploads\/2025\/02\/niteroi_1739557868823.jpg","datePublished":"2025-02-28T09:40:00+00:00","dateModified":"2025-03-01T17:37:14+00:00","author":{"@id":"https:\/\/www.em.com.br\/emfoco\/#\/schema\/person\/524437ef54f8a5d32591b143307f2e20"},"description":"Descubra como as campanhas de conscientiza\u00e7\u00e3o e boas pr\u00e1ticas de gest\u00e3o est\u00e3o ajudando as cidades brasileiras a melhorar a limpeza urbana.","breadcrumb":{"@id":"https:\/\/www.em.com.br\/emfoco\/2025\/02\/28\/as-5-cidades-mais-limpas-do-brasil-prepare-se-para-se-surpreender\/#breadcrumb"},"inLanguage":"pt-BR","potentialAction":[{"@type":"ReadAction","target":["https:\/\/www.em.com.br\/emfoco\/2025\/02\/28\/as-5-cidades-mais-limpas-do-brasil-prepare-se-para-se-surpreender\/"]}]},{"@type":"ImageObject","inLanguage":"pt-BR","@id":"https:\/\/www.em.com.br\/emfoco\/2025\/02\/28\/as-5-cidades-mais-limpas-do-brasil-prepare-se-para-se-surpreender\/#primaryimage","url":"https:\/\/www.em.com.br\/emfoco\/wp-content\/uploads\/2025\/02\/niteroi_1739557868823.jpg","contentUrl":"https:\/\/www.em.com.br\/emfoco\/wp-content\/uploads\/2025\/02\/niteroi_1739557868823.jpg","width":1280,"height":720,"caption":"Niter\u00f3i, Rio de Janeiro - Cr\u00e9ditos: depositphotos.com \/ Ranimiro"},{"@type":"BreadcrumbList","@id":"https:\/\/www.em.com.br\/emfoco\/2025\/02\/28\/as-5-cidades-mais-limpas-do-brasil-prepare-se-para-se-surpreender\/#breadcrumb","itemListElement":[{"@type":"ListItem","position":1,"name":"In\u00edcio","item":"https:\/\/www.em.com.br\/emfoco\/"},{"@type":"ListItem","position":2,"name":"Conhe\u00e7a as 5 cidades mais limpas do Brasil e se surpreenda com a qualidade de vida!"}]},{"@type":"WebSite","@id":"https:\/\/www.em.com.br\/emfoco\/#website","url":"https:\/\/www.em.com.br\/emfoco\/","name":"Estado de Minas - Em foco","description":"Acompanhe as \u00faltimas not\u00edcias e fique bem informado sobre tudo o que acontece em Minas Gerais, Brasil e no mundo.","potentialAction":[{"@type":"SearchAction","target":{"@type":"EntryPoint","urlTemplate":"https:\/\/www.em.com.br\/emfoco\/?s={search_term_string}"},"query-input":{"@type":"PropertyValueSpecification","valueRequired":true,"valueName":"search_term_string"}}],"inLanguage":"pt-BR"},{"@type":"Person","@id":"https:\/\/www.em.com.br\/emfoco\/#\/schema\/person\/524437ef54f8a5d32591b143307f2e20","name":"N\u00fabia Rangel","image":{"@type":"ImageObject","inLanguage":"pt-BR","@id":"https:\/\/www.em.com.br\/emfoco\/#\/schema\/person\/image\/","url":"https:\/\/secure.gravatar.com\/avatar\/47cff2827a5ba23c37e8068c86817ea4?s=96&d=mm&r=g","contentUrl":"https:\/\/secure.gravatar.com\/avatar\/47cff2827a5ba23c37e8068c86817ea4?s=96&d=mm&r=g","caption":"N\u00fabia Rangel"},"sameAs":["https:\/\/www.em.com.br\/emfoco\/"],"url":"https:\/\/www.em.com.br\/emfoco\/author\/nubiamyth\/"}]}},"_links":{"self":[{"href":"https:\/\/www.em.com.br\/emfoco\/wp-json\/wp\/v2\/posts\/20826","targetHints":{"allow":["GET"]}}],"collection":[{"href":"https:\/\/www.em.com.br\/emfoco\/wp-json\/wp\/v2\/posts"}],"about":[{"href":"https:\/\/www.em.com.br\/emfoco\/wp-json\/wp\/v2\/types\/post"}],"author":[{"embeddable":true,"href":"https:\/\/www.em.com.br\/emfoco\/wp-json\/wp\/v2\/users\/5"}],"replies":[{"embeddable":true,"href":"https:\/\/www.em.com.br\/emfoco\/wp-json\/wp\/v2\/comments?post=20826"}],"version-history":[{"count":5,"href":"https:\/\/www.em.com.br\/emfoco\/wp-json\/wp\/v2\/posts\/20826\/revisions"}],"predecessor-version":[{"id":24310,"href":"https:\/\/www.em.com.br\/emfoco\/wp-json\/wp\/v2\/posts\/20826\/revisions\/24310"}],"wp:featuredmedia":[{"embeddable":true,"href":"https:\/\/www.em.com.br\/emfoco\/wp-json\/wp\/v2\/media\/19832"}],"wp:attachment":[{"href":"https:\/\/www.em.com.br\/emfoco\/wp-json\/wp\/v2\/media?parent=20826"}],"wp:term":[{"taxonomy":"category","embeddable":true,"href":"https:\/\/www.em.com.br\/emfoco\/wp-json\/wp\/v2\/categories?post=20826"},{"taxonomy":"post_tag","embeddable":true,"href":"https:\/\/www.em.com.br\/emfoco\/wp-json\/wp\/v2\/tags?post=20826"}],"curies":[{"name":"wp","href":"https:\/\/api.w.org\/{rel}","templated":true}]}}