{"id":20783,"date":"2025-02-19T20:20:29","date_gmt":"2025-02-19T23:20:29","guid":{"rendered":"https:\/\/www.em.com.br\/emfoco\/?p=20783"},"modified":"2025-02-18T14:40:57","modified_gmt":"2025-02-18T17:40:57","slug":"13o-do-inss-guia-completo-para-aposentados-e-pensionistas-em-2025","status":"publish","type":"post","link":"https:\/\/www.em.com.br\/emfoco\/2025\/02\/19\/13o-do-inss-guia-completo-para-aposentados-e-pensionistas-em-2025\/","title":{"rendered":"13\u00ba do INSS, Guia completo para aposentados e pensionistas em 2025!"},"content":{"rendered":"\n<p>O 13\u00ba sal\u00e1rio do <strong><a href=\"https:\/\/www.gov.br\/inss\/pt-br\" target=\"_blank\" rel=\"noreferrer noopener\">INSS <\/a><\/strong>\u00e9 um benef\u00edcio aguardado por muitos aposentados e pensionistas no <a href=\"https:\/\/www.em.com.br\/emfoco\/2025\/02\/18\/cidade-do-interior-do-rio-de-janeiro-e-considerada-uma-das-mais-seguras-do-brasil\/\" target=\"_blank\" rel=\"noreferrer noopener\">Brasil<\/a>. Embora ainda n\u00e3o haja uma data oficial para os pagamentos em 2025, h\u00e1 uma expectativa de que o governo mantenha a tradi\u00e7\u00e3o de adiantar os valores, como tem ocorrido desde 2020. Este adiantamento se tornou uma pr\u00e1tica comum, especialmente ap\u00f3s a pandemia de Covid-19, que levou a ajustes nos calend\u00e1rios de pagamento.<\/p>\n\n\n\n<p>O 13\u00ba sal\u00e1rio \u00e9 garantido por lei para aqueles que receberam benef\u00edcios previdenci\u00e1rios nos \u00faltimos 12 meses. Isso inclui aposentados, pensionistas e benefici\u00e1rios de aux\u00edlios tempor\u00e1rios. A legisla\u00e7\u00e3o permite que o pagamento seja feito em duas parcelas, mas a antecipa\u00e7\u00e3o tem sido uma pr\u00e1tica adotada nos \u00faltimos anos, proporcionando um al\u00edvio financeiro antecipado para muitos benefici\u00e1rios.<\/p>\n\n\n\n<h2 class=\"wp-block-heading\">Como funciona o pagamento do 13\u00ba sal\u00e1rio do INSS?<\/h2>\n\n\n\n<p>Por lei, o 13\u00ba sal\u00e1rio do INSS deve ser pago em duas parcelas. A primeira parcela precisa ser depositada at\u00e9 agosto, enquanto a segunda deve ser paga at\u00e9 novembro. No entanto, desde a pandemia, o governo tem antecipado esses pagamentos para o primeiro semestre do ano. Essa antecipa\u00e7\u00e3o tem sido bem recebida pelos benefici\u00e1rios, que podem contar com o dinheiro extra mais cedo.<\/p>\n\n\n\n<p>Para 2025, espera-se que o calend\u00e1rio siga o padr\u00e3o dos anos anteriores. Assim, a primeira parcela deve ser liberada em abril, enquanto a segunda parcela provavelmente ser\u00e1 paga em maio. Para aqueles que passaram a receber benef\u00edcios ap\u00f3s o pagamento do 13\u00ba, o dep\u00f3sito ocorre em novembro, em uma cota \u00fanica.<\/p>\n\n\n<div class=\"wp-block-image\">\n<figure class=\"aligncenter size-large\"><img loading=\"lazy\" decoding=\"async\" width=\"1024\" height=\"576\" src=\"https:\/\/www.em.com.br\/emfoco\/wp-content\/uploads\/2024\/12\/Bolsa-familia_1733103822172-1024x576.jpg\" alt=\"13\u00ba do INSS, Guia completo para aposentados e pensionistas em 2025!\" class=\"wp-image-2670\" srcset=\"https:\/\/www.em.com.br\/emfoco\/wp-content\/uploads\/2024\/12\/Bolsa-familia_1733103822172-1024x576.jpg 1024w, https:\/\/www.em.com.br\/emfoco\/wp-content\/uploads\/2024\/12\/Bolsa-familia_1733103822172-300x169.jpg 300w, https:\/\/www.em.com.br\/emfoco\/wp-content\/uploads\/2024\/12\/Bolsa-familia_1733103822172-768x432.jpg 768w, https:\/\/www.em.com.br\/emfoco\/wp-content\/uploads\/2024\/12\/Bolsa-familia_1733103822172-750x422.jpg 750w, https:\/\/www.em.com.br\/emfoco\/wp-content\/uploads\/2024\/12\/Bolsa-familia_1733103822172-1140x641.jpg 1140w, https:\/\/www.em.com.br\/emfoco\/wp-content\/uploads\/2024\/12\/Bolsa-familia_1733103822172.jpg 1280w\" sizes=\"auto, (max-width: 1024px) 100vw, 1024px\" \/><figcaption class=\"wp-element-caption\">dinheiro &#8211; Cr\u00e9ditos: depositphotos.com \/ joasouza<\/figcaption><\/figure><\/div>\n\n\n<h2 class=\"wp-block-heading\">Quais s\u00e3o as datas prov\u00e1veis para o pagamento em 2025?<\/h2>\n\n\n\n<p>Embora as datas exatas ainda n\u00e3o tenham sido confirmadas, \u00e9 poss\u00edvel prever o calend\u00e1rio com base nos anos anteriores. A seguir, uma previs\u00e3o das datas de pagamento para 2025:<\/p>\n\n\n\n<h2 class=\"wp-block-heading\">Calend\u00e1rio da 1\u00aa Parcela do 13\u00ba Sal\u00e1rio do INSS \u2013 Abril<\/h2>\n\n\n\n<ul class=\"wp-block-list\">\n<li><strong>Para quem ganha at\u00e9 1 sal\u00e1rio m\u00ednimo:<\/strong>\n<ul class=\"wp-block-list\">\n<li>N\u00famero final do benef\u00edcio 1: 24\/04<\/li>\n\n\n\n<li>N\u00famero final do benef\u00edcio 2: 25\/04<\/li>\n\n\n\n<li>N\u00famero final do benef\u00edcio 3: 28\/04<\/li>\n\n\n\n<li>N\u00famero final do benef\u00edcio 4: 29\/04<\/li>\n\n\n\n<li>N\u00famero final do benef\u00edcio 5: 30\/04<\/li>\n\n\n\n<li>N\u00famero final do benef\u00edcio 6: 02\/05<\/li>\n\n\n\n<li>N\u00famero final do benef\u00edcio 7: 05\/05<\/li>\n\n\n\n<li>N\u00famero final do benef\u00edcio 8: 06\/05<\/li>\n\n\n\n<li>N\u00famero final do benef\u00edcio 9: 07\/05<\/li>\n\n\n\n<li>N\u00famero final do benef\u00edcio 0: 08\/05<\/li>\n<\/ul>\n<\/li>\n\n\n\n<li><strong>Para quem ganha acima de 1 sal\u00e1rio m\u00ednimo:<\/strong>\n<ul class=\"wp-block-list\">\n<li>N\u00famero final do benef\u00edcio 1 e 6: 02\/05<\/li>\n\n\n\n<li>N\u00famero final do benef\u00edcio 2 e 7: 05\/05<\/li>\n\n\n\n<li>N\u00famero final do benef\u00edcio 3 e 8: 06\/05<\/li>\n\n\n\n<li>N\u00famero final do benef\u00edcio 4 e 9: 07\/05<\/li>\n\n\n\n<li>N\u00famero final do benef\u00edcio 5 e 0: 08\/05<\/li>\n<\/ul>\n<\/li>\n<\/ul>\n\n\n\n<h2 class=\"wp-block-heading\">Calend\u00e1rio da 2\u00aa Parcela do 13\u00ba Sal\u00e1rio \u2013 Maio<\/h2>\n\n\n\n<ul class=\"wp-block-list\">\n<li><strong>Para quem ganha at\u00e9 1 sal\u00e1rio m\u00ednimo:<\/strong>\n<ul class=\"wp-block-list\">\n<li>N\u00famero final do benef\u00edcio 1: 26\/05<\/li>\n\n\n\n<li>N\u00famero final do benef\u00edcio 2: 27\/05<\/li>\n\n\n\n<li>N\u00famero final do benef\u00edcio 3: 28\/05<\/li>\n\n\n\n<li>N\u00famero final do benef\u00edcio 4: 29\/05<\/li>\n\n\n\n<li>N\u00famero final do benef\u00edcio 5: 30\/05<\/li>\n\n\n\n<li>N\u00famero final do benef\u00edcio 6: 02\/06<\/li>\n\n\n\n<li>N\u00famero final do benef\u00edcio 7: 03\/06<\/li>\n\n\n\n<li>N\u00famero final do benef\u00edcio 8: 04\/06<\/li>\n\n\n\n<li>N\u00famero final do benef\u00edcio 9: 05\/06<\/li>\n\n\n\n<li>N\u00famero final do benef\u00edcio 0: 06\/06<\/li>\n<\/ul>\n<\/li>\n\n\n\n<li><strong>Para quem ganha acima de 1 sal\u00e1rio m\u00ednimo:<\/strong>\n<ul class=\"wp-block-list\">\n<li>N\u00famero final do benef\u00edcio 1 e 6: 02\/06<\/li>\n\n\n\n<li>N\u00famero final do benef\u00edcio 2 e 7: 03\/06<\/li>\n\n\n\n<li>N\u00famero final do benef\u00edcio 3 e 8: 04\/06<\/li>\n\n\n\n<li>N\u00famero final do benef\u00edcio 4 e 9: 05\/06<\/li>\n\n\n\n<li>N\u00famero final do benef\u00edcio 5 e 0: 06\/06<\/li>\n<\/ul>\n<\/li>\n<\/ul>\n\n\n\n<p>Com base nessas previs\u00f5es, os benefici\u00e1rios podem se planejar financeiramente para 2025. A antecipa\u00e7\u00e3o do 13\u00ba sal\u00e1rio do INSS continua a ser uma medida importante para muitos brasileiros, proporcionando um al\u00edvio financeiro em momentos cruciais do ano.<\/p>\n","protected":false},"excerpt":{"rendered":"<p>O 13\u00ba sal\u00e1rio do INSS \u00e9 um benef\u00edcio aguardado por muitos aposentados e pensionistas no Brasil. Embora ainda n\u00e3o haja uma data oficial para os pagamentos em 2025, h\u00e1 uma expectativa de que o governo mantenha a tradi\u00e7\u00e3o de adiantar os valores, como tem ocorrido desde 2020. Este adiantamento se tornou uma pr\u00e1tica comum, especialmente [&hellip;]<\/p>\n","protected":false},"author":7,"featured_media":4316,"comment_status":"open","ping_status":"open","sticky":false,"template":"","format":"standard","meta":{"jnews-multi-image_gallery":[],"jnews_single_post":{"format":"standard"},"jnews_primary_category":[],"jnews_social_meta":[],"jnews_override_counter":[],"footnotes":""},"categories":[28],"tags":[],"class_list":["post-20783","post","type-post","status-publish","format-standard","has-post-thumbnail","hentry","category-economia"],"yoast_head":"<!-- This site is optimized with the Yoast SEO plugin v23.8 - https:\/\/yoast.com\/wordpress\/plugins\/seo\/ -->\n<title>13\u00ba do INSS, Guia completo para aposentados e pensionistas em 2025! - Estado de Minas - Em foco<\/title>\n<meta name=\"description\" content=\"13\u00ba Sal\u00e1rio INSS 2025: Saiba tudo sobre o benef\u00edcio, datas de pagamento, valores e como se preparar para receber esse extra no seu or\u00e7amento.\" \/>\n<meta name=\"robots\" content=\"index, follow, max-snippet:-1, max-image-preview:large, max-video-preview:-1\" \/>\n<link rel=\"canonical\" href=\"https:\/\/www.em.com.br\/emfoco\/2025\/02\/19\/13o-do-inss-guia-completo-para-aposentados-e-pensionistas-em-2025\/\" \/>\n<meta property=\"og:locale\" content=\"pt_BR\" \/>\n<meta property=\"og:type\" content=\"article\" \/>\n<meta property=\"og:title\" content=\"13\u00ba do INSS, Guia completo para aposentados e pensionistas em 2025! - Estado de Minas - Em foco\" \/>\n<meta property=\"og:description\" content=\"13\u00ba Sal\u00e1rio INSS 2025: Saiba tudo sobre o benef\u00edcio, datas de pagamento, valores e como se preparar para receber esse extra no seu or\u00e7amento.\" \/>\n<meta property=\"og:url\" content=\"https:\/\/www.em.com.br\/emfoco\/2025\/02\/19\/13o-do-inss-guia-completo-para-aposentados-e-pensionistas-em-2025\/\" \/>\n<meta property=\"og:site_name\" content=\"Estado de Minas - Em foco\" \/>\n<meta property=\"article:published_time\" content=\"2025-02-19T23:20:29+00:00\" \/>\n<meta property=\"article:modified_time\" content=\"2025-02-18T17:40:57+00:00\" \/>\n<meta property=\"og:image\" content=\"https:\/\/www.em.com.br\/emfoco\/wp-content\/uploads\/2024\/12\/INSS_1733878558676.jpg\" \/>\n\t<meta property=\"og:image:width\" content=\"1280\" \/>\n\t<meta property=\"og:image:height\" content=\"720\" \/>\n\t<meta property=\"og:image:type\" content=\"image\/jpeg\" \/>\n<meta name=\"author\" content=\"Kelvin\" \/>\n<meta name=\"twitter:card\" content=\"summary_large_image\" \/>\n<meta name=\"twitter:label1\" content=\"Escrito por\" \/>\n\t<meta name=\"twitter:data1\" content=\"Kelvin\" \/>\n\t<meta name=\"twitter:label2\" content=\"Est. tempo de leitura\" \/>\n\t<meta name=\"twitter:data2\" content=\"4 minutos\" \/>\n<!-- \/ Yoast SEO plugin. -->","yoast_head_json":{"title":"13\u00ba do INSS, Guia completo para aposentados e pensionistas em 2025! - Estado de Minas - Em foco","description":"13\u00ba Sal\u00e1rio INSS 2025: Saiba tudo sobre o benef\u00edcio, datas de pagamento, valores e como se preparar para receber esse extra no seu or\u00e7amento.","robots":{"index":"index","follow":"follow","max-snippet":"max-snippet:-1","max-image-preview":"max-image-preview:large","max-video-preview":"max-video-preview:-1"},"canonical":"https:\/\/www.em.com.br\/emfoco\/2025\/02\/19\/13o-do-inss-guia-completo-para-aposentados-e-pensionistas-em-2025\/","og_locale":"pt_BR","og_type":"article","og_title":"13\u00ba do INSS, Guia completo para aposentados e pensionistas em 2025! - Estado de Minas - Em foco","og_description":"13\u00ba Sal\u00e1rio INSS 2025: Saiba tudo sobre o benef\u00edcio, datas de pagamento, valores e como se preparar para receber esse extra no seu or\u00e7amento.","og_url":"https:\/\/www.em.com.br\/emfoco\/2025\/02\/19\/13o-do-inss-guia-completo-para-aposentados-e-pensionistas-em-2025\/","og_site_name":"Estado de Minas - Em foco","article_published_time":"2025-02-19T23:20:29+00:00","article_modified_time":"2025-02-18T17:40:57+00:00","og_image":[{"width":1280,"height":720,"url":"https:\/\/www.em.com.br\/emfoco\/wp-content\/uploads\/2024\/12\/INSS_1733878558676.jpg","type":"image\/jpeg"}],"author":"Kelvin","twitter_card":"summary_large_image","twitter_misc":{"Escrito por":"Kelvin","Est. tempo de leitura":"4 minutos"},"schema":{"@context":"https:\/\/schema.org","@graph":[{"@type":"WebPage","@id":"https:\/\/www.em.com.br\/emfoco\/2025\/02\/19\/13o-do-inss-guia-completo-para-aposentados-e-pensionistas-em-2025\/","url":"https:\/\/www.em.com.br\/emfoco\/2025\/02\/19\/13o-do-inss-guia-completo-para-aposentados-e-pensionistas-em-2025\/","name":"13\u00ba do INSS, Guia completo para aposentados e pensionistas em 2025! - Estado de Minas - Em foco","isPartOf":{"@id":"https:\/\/www.em.com.br\/emfoco\/#website"},"primaryImageOfPage":{"@id":"https:\/\/www.em.com.br\/emfoco\/2025\/02\/19\/13o-do-inss-guia-completo-para-aposentados-e-pensionistas-em-2025\/#primaryimage"},"image":{"@id":"https:\/\/www.em.com.br\/emfoco\/2025\/02\/19\/13o-do-inss-guia-completo-para-aposentados-e-pensionistas-em-2025\/#primaryimage"},"thumbnailUrl":"https:\/\/www.em.com.br\/emfoco\/wp-content\/uploads\/2024\/12\/INSS_1733878558676.jpg","datePublished":"2025-02-19T23:20:29+00:00","dateModified":"2025-02-18T17:40:57+00:00","author":{"@id":"https:\/\/www.em.com.br\/emfoco\/#\/schema\/person\/fb0a7f48c6fbb94b83f413a80f61917d"},"description":"13\u00ba Sal\u00e1rio INSS 2025: Saiba tudo sobre o benef\u00edcio, datas de pagamento, valores e como se preparar para receber esse extra no seu or\u00e7amento.","breadcrumb":{"@id":"https:\/\/www.em.com.br\/emfoco\/2025\/02\/19\/13o-do-inss-guia-completo-para-aposentados-e-pensionistas-em-2025\/#breadcrumb"},"inLanguage":"pt-BR","potentialAction":[{"@type":"ReadAction","target":["https:\/\/www.em.com.br\/emfoco\/2025\/02\/19\/13o-do-inss-guia-completo-para-aposentados-e-pensionistas-em-2025\/"]}]},{"@type":"ImageObject","inLanguage":"pt-BR","@id":"https:\/\/www.em.com.br\/emfoco\/2025\/02\/19\/13o-do-inss-guia-completo-para-aposentados-e-pensionistas-em-2025\/#primaryimage","url":"https:\/\/www.em.com.br\/emfoco\/wp-content\/uploads\/2024\/12\/INSS_1733878558676.jpg","contentUrl":"https:\/\/www.em.com.br\/emfoco\/wp-content\/uploads\/2024\/12\/INSS_1733878558676.jpg","width":1280,"height":720,"caption":"MEU INSS- Cr\u00e9ditos: depositphotos.com \/ rafapress"},{"@type":"BreadcrumbList","@id":"https:\/\/www.em.com.br\/emfoco\/2025\/02\/19\/13o-do-inss-guia-completo-para-aposentados-e-pensionistas-em-2025\/#breadcrumb","itemListElement":[{"@type":"ListItem","position":1,"name":"In\u00edcio","item":"https:\/\/www.em.com.br\/emfoco\/"},{"@type":"ListItem","position":2,"name":"13\u00ba do INSS, Guia completo para aposentados e pensionistas em 2025!"}]},{"@type":"WebSite","@id":"https:\/\/www.em.com.br\/emfoco\/#website","url":"https:\/\/www.em.com.br\/emfoco\/","name":"Estado de Minas - Em foco","description":"Acompanhe as \u00faltimas not\u00edcias e fique bem informado sobre tudo o que acontece em Minas Gerais, Brasil e no mundo.","potentialAction":[{"@type":"SearchAction","target":{"@type":"EntryPoint","urlTemplate":"https:\/\/www.em.com.br\/emfoco\/?s={search_term_string}"},"query-input":{"@type":"PropertyValueSpecification","valueRequired":true,"valueName":"search_term_string"}}],"inLanguage":"pt-BR"},{"@type":"Person","@id":"https:\/\/www.em.com.br\/emfoco\/#\/schema\/person\/fb0a7f48c6fbb94b83f413a80f61917d","name":"Kelvin","image":{"@type":"ImageObject","inLanguage":"pt-BR","@id":"https:\/\/www.em.com.br\/emfoco\/#\/schema\/person\/image\/","url":"https:\/\/secure.gravatar.com\/avatar\/e74f84337e6bf6c4c5e88fbdffa05270?s=96&d=mm&r=g","contentUrl":"https:\/\/secure.gravatar.com\/avatar\/e74f84337e6bf6c4c5e88fbdffa05270?s=96&d=mm&r=g","caption":"Kelvin"},"sameAs":["https:\/\/www.em.com.br\/emfoco"],"url":"https:\/\/www.em.com.br\/emfoco\/author\/kelvinmyth\/"}]}},"_links":{"self":[{"href":"https:\/\/www.em.com.br\/emfoco\/wp-json\/wp\/v2\/posts\/20783","targetHints":{"allow":["GET"]}}],"collection":[{"href":"https:\/\/www.em.com.br\/emfoco\/wp-json\/wp\/v2\/posts"}],"about":[{"href":"https:\/\/www.em.com.br\/emfoco\/wp-json\/wp\/v2\/types\/post"}],"author":[{"embeddable":true,"href":"https:\/\/www.em.com.br\/emfoco\/wp-json\/wp\/v2\/users\/7"}],"replies":[{"embeddable":true,"href":"https:\/\/www.em.com.br\/emfoco\/wp-json\/wp\/v2\/comments?post=20783"}],"version-history":[{"count":2,"href":"https:\/\/www.em.com.br\/emfoco\/wp-json\/wp\/v2\/posts\/20783\/revisions"}],"predecessor-version":[{"id":20785,"href":"https:\/\/www.em.com.br\/emfoco\/wp-json\/wp\/v2\/posts\/20783\/revisions\/20785"}],"wp:featuredmedia":[{"embeddable":true,"href":"https:\/\/www.em.com.br\/emfoco\/wp-json\/wp\/v2\/media\/4316"}],"wp:attachment":[{"href":"https:\/\/www.em.com.br\/emfoco\/wp-json\/wp\/v2\/media?parent=20783"}],"wp:term":[{"taxonomy":"category","embeddable":true,"href":"https:\/\/www.em.com.br\/emfoco\/wp-json\/wp\/v2\/categories?post=20783"},{"taxonomy":"post_tag","embeddable":true,"href":"https:\/\/www.em.com.br\/emfoco\/wp-json\/wp\/v2\/tags?post=20783"}],"curies":[{"name":"wp","href":"https:\/\/api.w.org\/{rel}","templated":true}]}}