{"id":20748,"date":"2025-02-23T13:20:00","date_gmt":"2025-02-23T16:20:00","guid":{"rendered":"https:\/\/www.em.com.br\/emfoco\/?p=20748"},"modified":"2025-06-17T01:15:11","modified_gmt":"2025-06-17T04:15:11","slug":"fiat-doblo-esta-de-volta-veja-o-que-muda-na-nova-geracao","status":"publish","type":"post","link":"https:\/\/www.em.com.br\/emfoco\/2025\/02\/23\/fiat-doblo-esta-de-volta-veja-o-que-muda-na-nova-geracao\/","title":{"rendered":"Fiat Dobl\u00f2 el\u00e9trico com 492 km de autonomia chega ao Brasil em 2025"},"content":{"rendered":"\n<p>O <strong><a href=\"https:\/\/pt.wikipedia.org\/wiki\/Fiat_Dobl%C3%B2\" target=\"_blank\" rel=\"noreferrer noopener\">Fiat Dobl\u00f2<\/a><\/strong> prepara seu retorno ao <strong>Brasil<\/strong> em 2025 ap\u00f3s quatro anos de aus\u00eancia, mas encontra um cen\u00e1rio bem diferente do que deixou em 2021. O <strong><a href=\"https:\/\/www.em.com.br\/emfoco\/2025\/05\/16\/novo-audi-a6-e-tron-chega-ao-brasil-para-revolucionar-o-mercado-de-sedans-eletricos\/\" target=\"_blank\" rel=\"noreferrer noopener\">mercado <\/a><\/strong>de comerciais leves evoluiu consideravelmente, com novos concorrentes estabelecidos e consumidores mais exigentes. A decis\u00e3o da <strong>Stellantis<\/strong> de relan\u00e7ar o modelo junto com os &#8220;irm\u00e3os&#8221; <strong>Peugeot Partner<\/strong> e <strong>Citro\u00ebn Berlingo<\/strong> pode representar mais confus\u00e3o do que diversifica\u00e7\u00e3o no portf\u00f3lio.<\/p>\n\n\n\n<p>A promessa de vers\u00e3o el\u00e9trica <strong>e-Dobl\u00f2<\/strong> soa progressista, mas ignora limita\u00e7\u00f5es estruturais do mercado brasileiro. Empres\u00e1rios que formam o p\u00fablico-alvo desses ve\u00edculos priorizam custo operacional baixo e facilidade de manuten\u00e7\u00e3o. A eletrifica\u00e7\u00e3o pode ser vista como uma complica\u00e7\u00e3o desnecess\u00e1ria por profissionais que precisam de solu\u00e7\u00f5es simples e confi\u00e1veis.<\/p>\n\n\n\n<h2 class=\"wp-block-heading\"><strong>As especifica\u00e7\u00f5es el\u00e9tricas atendem necessidades reais dos usu\u00e1rios?<\/strong><\/h2>\n\n\n\n<p>O motor de 136 cavalos e a autonomia de 392 km parecem adequados no papel, mas levantam quest\u00f5es pr\u00e1ticas importantes. A recarga de 30 minutos em carregadores r\u00e1pidos exige infraestrutura ainda escassa no Brasil, especialmente nas rotas comerciais onde furg\u00f5es circulam. A capacidade de carga de 800 kg pode ser insuficiente para empresas habituadas a sobrecarregar ve\u00edculos.<\/p>\n\n\n\n<p>A acelera\u00e7\u00e3o de 0 a 100 km\/h em 11,2 segundos e a velocidade limitada a 130 km\/h mostram desempenho modesto que pode frustrar motoristas acostumados a furg\u00f5es a diesel. O padr\u00e3o europeu <strong>WLTP<\/strong> para autonomia costuma ser otimista demais para condi\u00e7\u00f5es brasileiras de tr\u00e2nsito e clima. Empres\u00e1rios podem hesitar em apostar em tecnologia n\u00e3o testada localmente.<\/p>\n\n\n\n<figure class=\"wp-block-image size-large\"><img loading=\"lazy\" decoding=\"async\" width=\"1024\" height=\"576\" src=\"https:\/\/www.em.com.br\/emfoco\/wp-content\/uploads\/2025\/02\/esse-1-72-1024x576.jpg\" alt=\"Fiat Dobl\u00f2 est\u00e1 de volta! Veja o que muda na nova gera\u00e7\u00e3o!\" class=\"wp-image-20755\" srcset=\"https:\/\/www.em.com.br\/emfoco\/wp-content\/uploads\/2025\/02\/esse-1-72-1024x576.jpg 1024w, https:\/\/www.em.com.br\/emfoco\/wp-content\/uploads\/2025\/02\/esse-1-72-300x169.jpg 300w, https:\/\/www.em.com.br\/emfoco\/wp-content\/uploads\/2025\/02\/esse-1-72-768x432.jpg 768w, https:\/\/www.em.com.br\/emfoco\/wp-content\/uploads\/2025\/02\/esse-1-72-750x422.jpg 750w, https:\/\/www.em.com.br\/emfoco\/wp-content\/uploads\/2025\/02\/esse-1-72-1140x641.jpg 1140w, https:\/\/www.em.com.br\/emfoco\/wp-content\/uploads\/2025\/02\/esse-1-72.jpg 1280w\" sizes=\"auto, (max-width: 1024px) 100vw, 1024px\" \/><figcaption class=\"wp-element-caption\">Fiat Dobl\u00f2 2025 &#8211; Cr\u00e9ditos: Divulga\u00e7\u00e3o\/Stellantis<\/figcaption><\/figure>\n\n\n\n<h2 class=\"wp-block-heading\"><strong>A chegada simult\u00e2nea de tr\u00eas modelos similares faz sentido comercial?<\/strong><\/h2>\n\n\n\n<p>A estrat\u00e9gia da <strong>Stellantis<\/strong> de lan\u00e7ar <strong>Dobl\u00f2<\/strong>, <strong>Partner<\/strong> e <strong>Berlingo<\/strong> simultaneamente pode canibalizat vendas entre as marcas do pr\u00f3prio grupo. Os tr\u00eas compartilham plataforma e diferem apenas em detalhes est\u00e9ticos, criando competi\u00e7\u00e3o interna desnecess\u00e1ria. Concession\u00e1rias podem lutar para explicar diferen\u00e7as que, na pr\u00e1tica, s\u00e3o m\u00ednimas.<\/p>\n\n\n\n<p>Essa abordagem contrasta com l\u00edderes do segmento que apostam em modelos \u00fanicos bem posicionados. A multiplica\u00e7\u00e3o de op\u00e7\u00f5es similares pode confundir consumidores empresariais que valorizam clareza na escolha. O mercado brasileiro de comerciais leves talvez n\u00e3o comporte tantas varia\u00e7\u00f5es de um mesmo produto b\u00e1sico.<\/p>\n\n\n\n<h2 class=\"wp-block-heading\"><strong>A produ\u00e7\u00e3o na Argentina oferece vantagens reais?<\/strong><\/h2>\n\n\n\n<p>A fabrica\u00e7\u00e3o em <strong>C\u00f3rdoba<\/strong> ou poss\u00edvel parceria no <strong>Uruguai<\/strong> traz benef\u00edcios fiscais do <strong>Mercosul<\/strong>, mas cria depend\u00eancias cambiais perigosas. Flutua\u00e7\u00f5es do peso argentino e do peso uruguaio podem tornar os pre\u00e7os vol\u00e1teis no Brasil. A importa\u00e7\u00e3o da Europa para vers\u00f5es el\u00e9tricas adiciona complexidade log\u00edstica que pode encarecer manuten\u00e7\u00e3o e pe\u00e7as.<\/p>\n\n\n\n<p>A <strong>Nordex<\/strong> no Uruguai produz em volumes limitados, levantando d\u00favidas sobre capacidade de atender demanda brasileira se os modelos forem bem-sucedidos. A dist\u00e2ncia das f\u00e1bricas sul-americanas pode complicar controle de qualidade e resposta r\u00e1pida a problemas de produ\u00e7\u00e3o.<\/p>\n\n\n\n<figure class=\"wp-block-image size-large\"><img loading=\"lazy\" decoding=\"async\" width=\"1024\" height=\"576\" src=\"https:\/\/www.em.com.br\/emfoco\/wp-content\/uploads\/2025\/02\/esse-2-18-1024x576.jpg\" alt=\"Fiat Dobl\u00f2 est\u00e1 de volta! Veja o que muda na nova gera\u00e7\u00e3o!\" class=\"wp-image-20754\" srcset=\"https:\/\/www.em.com.br\/emfoco\/wp-content\/uploads\/2025\/02\/esse-2-18-1024x576.jpg 1024w, https:\/\/www.em.com.br\/emfoco\/wp-content\/uploads\/2025\/02\/esse-2-18-300x169.jpg 300w, https:\/\/www.em.com.br\/emfoco\/wp-content\/uploads\/2025\/02\/esse-2-18-768x432.jpg 768w, https:\/\/www.em.com.br\/emfoco\/wp-content\/uploads\/2025\/02\/esse-2-18-750x422.jpg 750w, https:\/\/www.em.com.br\/emfoco\/wp-content\/uploads\/2025\/02\/esse-2-18-1140x641.jpg 1140w, https:\/\/www.em.com.br\/emfoco\/wp-content\/uploads\/2025\/02\/esse-2-18.jpg 1280w\" sizes=\"auto, (max-width: 1024px) 100vw, 1024px\" \/><figcaption class=\"wp-element-caption\">Fiat Dobl\u00f2 2025 &#8211; Cr\u00e9ditos: Divulga\u00e7\u00e3o\/Stellantis<\/figcaption><\/figure>\n\n\n\n<h2 class=\"wp-block-heading\"><strong>O timing do retorno \u00e9 adequado ao mercado atual?<\/strong><\/h2>\n\n\n\n<p>O hiato de quatro anos deixou espa\u00e7o para concorrentes se estabelecerem solidamente. Marcas como <strong>Renault<\/strong> com o <strong>Kangoo<\/strong> e <strong>Volkswagen<\/strong> com <strong>Delivery<\/strong> conquistaram clientes que podem n\u00e3o ver motivos para trocar. A <strong>Fiat<\/strong> precisar\u00e1 reconquistar confian\u00e7a perdida durante a aus\u00eancia, especialmente entre frotistas que valorizam continuidade.<\/p>\n\n\n\n<p>O segundo semestre de 2025 coincide com per\u00edodo de incerteza econ\u00f4mica que tradicionalmente afeta compras empresariais. Pequenos empres\u00e1rios podem adiar investimentos em ve\u00edculos novos, preferindo manter frotas existentes por mais tempo. O momento pode n\u00e3o favorecer lan\u00e7amentos de produtos inovadores.<\/p>\n\n\n\n<h2 class=\"wp-block-heading\"><strong>A eletrifica\u00e7\u00e3o \u00e9 prioridade real para o segmento comercial?<\/strong><\/h2>\n\n\n\n<p>Empres\u00e1rios brasileiros que operam comerciais leves raramente colocam sustentabilidade acima de economia operacional. A vers\u00e3o el\u00e9trica pode ser vista como experimento caro em mercado que valoriza diesel pela efici\u00eancia e durabilidade. A infraestrutura de recarga comercial ainda \u00e9 inadequada para opera\u00e7\u00f5es que exigem uso intensivo.<\/p>\n\n\n\n<p>O <strong>e-Dobl\u00f2<\/strong> pode funcionar melhor como demonstra\u00e7\u00e3o tecnol\u00f3gica da <strong>Stellantis<\/strong> do que como produto comercialmente vi\u00e1vel. Vers\u00f5es a combust\u00e3o provavelmente dominar\u00e3o vendas, questionando o investimento em desenvolvimento el\u00e9trico. A estrat\u00e9gia pode estar antecipando demanda que ainda n\u00e3o existe no mercado brasileiro de comerciais.<\/p>\n","protected":false},"excerpt":{"rendered":"<p>O Fiat Dobl\u00f2 prepara seu retorno ao Brasil em 2025 ap\u00f3s quatro anos de aus\u00eancia, mas encontra um cen\u00e1rio bem diferente do que deixou em 2021. O mercado de comerciais leves evoluiu consideravelmente, com novos concorrentes estabelecidos e consumidores mais exigentes. A decis\u00e3o da Stellantis de relan\u00e7ar o modelo junto com os &#8220;irm\u00e3os&#8221; Peugeot Partner [&hellip;]<\/p>\n","protected":false},"author":5,"featured_media":20756,"comment_status":"open","ping_status":"open","sticky":false,"template":"","format":"standard","meta":{"jnews-multi-image_gallery":[],"jnews_single_post":{"format":"standard"},"jnews_primary_category":[],"jnews_social_meta":[],"jnews_override_counter":[],"footnotes":""},"categories":[27,1],"tags":[5217,5216,1564],"class_list":["post-20748","post","type-post","status-publish","format-standard","has-post-thumbnail","hentry","category-carros","category-noticias","tag-carros-utilitarios","tag-doblo","tag-fiat"],"yoast_head":"<!-- This site is optimized with the Yoast SEO plugin v23.8 - https:\/\/yoast.com\/wordpress\/plugins\/seo\/ -->\n<title>Fiat Dobl\u00f2 el\u00e9trico com 492 km de autonomia chega ao Brasil em 2025 - Estado de Minas - Em foco<\/title>\n<meta name=\"description\" content=\"Ap\u00f3s anos fora do mercado, o Fiat Dobl\u00f2 retorna com tecnologia moderna, nova plataforma e vers\u00e3o el\u00e9trica. Saiba mais!\" \/>\n<meta name=\"robots\" content=\"index, follow, max-snippet:-1, max-image-preview:large, max-video-preview:-1\" \/>\n<link rel=\"canonical\" href=\"https:\/\/www.em.com.br\/emfoco\/2025\/02\/23\/fiat-doblo-esta-de-volta-veja-o-que-muda-na-nova-geracao\/\" \/>\n<meta property=\"og:locale\" content=\"pt_BR\" \/>\n<meta property=\"og:type\" content=\"article\" \/>\n<meta property=\"og:title\" content=\"Fiat Dobl\u00f2 el\u00e9trico com 492 km de autonomia chega ao Brasil em 2025 - Estado de Minas - Em foco\" \/>\n<meta property=\"og:description\" content=\"Ap\u00f3s anos fora do mercado, o Fiat Dobl\u00f2 retorna com tecnologia moderna, nova plataforma e vers\u00e3o el\u00e9trica. Saiba mais!\" \/>\n<meta property=\"og:url\" content=\"https:\/\/www.em.com.br\/emfoco\/2025\/02\/23\/fiat-doblo-esta-de-volta-veja-o-que-muda-na-nova-geracao\/\" \/>\n<meta property=\"og:site_name\" content=\"Estado de Minas - Em foco\" \/>\n<meta property=\"article:published_time\" content=\"2025-02-23T16:20:00+00:00\" \/>\n<meta property=\"article:modified_time\" content=\"2025-06-17T04:15:11+00:00\" \/>\n<meta property=\"og:image\" content=\"https:\/\/www.em.com.br\/emfoco\/wp-content\/uploads\/2025\/02\/esse-108.jpg\" \/>\n\t<meta property=\"og:image:width\" content=\"1280\" \/>\n\t<meta property=\"og:image:height\" content=\"720\" \/>\n\t<meta property=\"og:image:type\" content=\"image\/jpeg\" \/>\n<meta name=\"author\" content=\"N\u00fabia Rangel\" \/>\n<meta name=\"twitter:card\" content=\"summary_large_image\" \/>\n<meta name=\"twitter:label1\" content=\"Escrito por\" \/>\n\t<meta name=\"twitter:data1\" content=\"N\u00fabia Rangel\" \/>\n\t<meta name=\"twitter:label2\" content=\"Est. tempo de leitura\" \/>\n\t<meta name=\"twitter:data2\" content=\"5 minutos\" \/>\n<!-- \/ Yoast SEO plugin. -->","yoast_head_json":{"title":"Fiat Dobl\u00f2 el\u00e9trico com 492 km de autonomia chega ao Brasil em 2025 - Estado de Minas - Em foco","description":"Ap\u00f3s anos fora do mercado, o Fiat Dobl\u00f2 retorna com tecnologia moderna, nova plataforma e vers\u00e3o el\u00e9trica. Saiba mais!","robots":{"index":"index","follow":"follow","max-snippet":"max-snippet:-1","max-image-preview":"max-image-preview:large","max-video-preview":"max-video-preview:-1"},"canonical":"https:\/\/www.em.com.br\/emfoco\/2025\/02\/23\/fiat-doblo-esta-de-volta-veja-o-que-muda-na-nova-geracao\/","og_locale":"pt_BR","og_type":"article","og_title":"Fiat Dobl\u00f2 el\u00e9trico com 492 km de autonomia chega ao Brasil em 2025 - Estado de Minas - Em foco","og_description":"Ap\u00f3s anos fora do mercado, o Fiat Dobl\u00f2 retorna com tecnologia moderna, nova plataforma e vers\u00e3o el\u00e9trica. Saiba mais!","og_url":"https:\/\/www.em.com.br\/emfoco\/2025\/02\/23\/fiat-doblo-esta-de-volta-veja-o-que-muda-na-nova-geracao\/","og_site_name":"Estado de Minas - Em foco","article_published_time":"2025-02-23T16:20:00+00:00","article_modified_time":"2025-06-17T04:15:11+00:00","og_image":[{"width":1280,"height":720,"url":"https:\/\/www.em.com.br\/emfoco\/wp-content\/uploads\/2025\/02\/esse-108.jpg","type":"image\/jpeg"}],"author":"N\u00fabia Rangel","twitter_card":"summary_large_image","twitter_misc":{"Escrito por":"N\u00fabia Rangel","Est. tempo de leitura":"5 minutos"},"schema":{"@context":"https:\/\/schema.org","@graph":[{"@type":"WebPage","@id":"https:\/\/www.em.com.br\/emfoco\/2025\/02\/23\/fiat-doblo-esta-de-volta-veja-o-que-muda-na-nova-geracao\/","url":"https:\/\/www.em.com.br\/emfoco\/2025\/02\/23\/fiat-doblo-esta-de-volta-veja-o-que-muda-na-nova-geracao\/","name":"Fiat Dobl\u00f2 el\u00e9trico com 492 km de autonomia chega ao Brasil em 2025 - Estado de Minas - Em foco","isPartOf":{"@id":"https:\/\/www.em.com.br\/emfoco\/#website"},"primaryImageOfPage":{"@id":"https:\/\/www.em.com.br\/emfoco\/2025\/02\/23\/fiat-doblo-esta-de-volta-veja-o-que-muda-na-nova-geracao\/#primaryimage"},"image":{"@id":"https:\/\/www.em.com.br\/emfoco\/2025\/02\/23\/fiat-doblo-esta-de-volta-veja-o-que-muda-na-nova-geracao\/#primaryimage"},"thumbnailUrl":"https:\/\/www.em.com.br\/emfoco\/wp-content\/uploads\/2025\/02\/esse-108.jpg","datePublished":"2025-02-23T16:20:00+00:00","dateModified":"2025-06-17T04:15:11+00:00","author":{"@id":"https:\/\/www.em.com.br\/emfoco\/#\/schema\/person\/524437ef54f8a5d32591b143307f2e20"},"description":"Ap\u00f3s anos fora do mercado, o Fiat Dobl\u00f2 retorna com tecnologia moderna, nova plataforma e vers\u00e3o el\u00e9trica. Saiba mais!","breadcrumb":{"@id":"https:\/\/www.em.com.br\/emfoco\/2025\/02\/23\/fiat-doblo-esta-de-volta-veja-o-que-muda-na-nova-geracao\/#breadcrumb"},"inLanguage":"pt-BR","potentialAction":[{"@type":"ReadAction","target":["https:\/\/www.em.com.br\/emfoco\/2025\/02\/23\/fiat-doblo-esta-de-volta-veja-o-que-muda-na-nova-geracao\/"]}]},{"@type":"ImageObject","inLanguage":"pt-BR","@id":"https:\/\/www.em.com.br\/emfoco\/2025\/02\/23\/fiat-doblo-esta-de-volta-veja-o-que-muda-na-nova-geracao\/#primaryimage","url":"https:\/\/www.em.com.br\/emfoco\/wp-content\/uploads\/2025\/02\/esse-108.jpg","contentUrl":"https:\/\/www.em.com.br\/emfoco\/wp-content\/uploads\/2025\/02\/esse-108.jpg","width":1280,"height":720,"caption":"Fiat Dobl\u00f2 2025 - Cr\u00e9ditos: Divulga\u00e7\u00e3o\/Stellantis"},{"@type":"BreadcrumbList","@id":"https:\/\/www.em.com.br\/emfoco\/2025\/02\/23\/fiat-doblo-esta-de-volta-veja-o-que-muda-na-nova-geracao\/#breadcrumb","itemListElement":[{"@type":"ListItem","position":1,"name":"In\u00edcio","item":"https:\/\/www.em.com.br\/emfoco\/"},{"@type":"ListItem","position":2,"name":"Fiat Dobl\u00f2 el\u00e9trico com 492 km de autonomia chega ao Brasil em 2025"}]},{"@type":"WebSite","@id":"https:\/\/www.em.com.br\/emfoco\/#website","url":"https:\/\/www.em.com.br\/emfoco\/","name":"Estado de Minas - Em foco","description":"Acompanhe as \u00faltimas not\u00edcias e fique bem informado sobre tudo o que acontece em Minas Gerais, Brasil e no mundo.","potentialAction":[{"@type":"SearchAction","target":{"@type":"EntryPoint","urlTemplate":"https:\/\/www.em.com.br\/emfoco\/?s={search_term_string}"},"query-input":{"@type":"PropertyValueSpecification","valueRequired":true,"valueName":"search_term_string"}}],"inLanguage":"pt-BR"},{"@type":"Person","@id":"https:\/\/www.em.com.br\/emfoco\/#\/schema\/person\/524437ef54f8a5d32591b143307f2e20","name":"N\u00fabia Rangel","image":{"@type":"ImageObject","inLanguage":"pt-BR","@id":"https:\/\/www.em.com.br\/emfoco\/#\/schema\/person\/image\/","url":"https:\/\/secure.gravatar.com\/avatar\/47cff2827a5ba23c37e8068c86817ea4?s=96&d=mm&r=g","contentUrl":"https:\/\/secure.gravatar.com\/avatar\/47cff2827a5ba23c37e8068c86817ea4?s=96&d=mm&r=g","caption":"N\u00fabia Rangel"},"sameAs":["https:\/\/www.em.com.br\/emfoco\/"],"url":"https:\/\/www.em.com.br\/emfoco\/author\/nubiamyth\/"}]}},"_links":{"self":[{"href":"https:\/\/www.em.com.br\/emfoco\/wp-json\/wp\/v2\/posts\/20748","targetHints":{"allow":["GET"]}}],"collection":[{"href":"https:\/\/www.em.com.br\/emfoco\/wp-json\/wp\/v2\/posts"}],"about":[{"href":"https:\/\/www.em.com.br\/emfoco\/wp-json\/wp\/v2\/types\/post"}],"author":[{"embeddable":true,"href":"https:\/\/www.em.com.br\/emfoco\/wp-json\/wp\/v2\/users\/5"}],"replies":[{"embeddable":true,"href":"https:\/\/www.em.com.br\/emfoco\/wp-json\/wp\/v2\/comments?post=20748"}],"version-history":[{"count":7,"href":"https:\/\/www.em.com.br\/emfoco\/wp-json\/wp\/v2\/posts\/20748\/revisions"}],"predecessor-version":[{"id":61953,"href":"https:\/\/www.em.com.br\/emfoco\/wp-json\/wp\/v2\/posts\/20748\/revisions\/61953"}],"wp:featuredmedia":[{"embeddable":true,"href":"https:\/\/www.em.com.br\/emfoco\/wp-json\/wp\/v2\/media\/20756"}],"wp:attachment":[{"href":"https:\/\/www.em.com.br\/emfoco\/wp-json\/wp\/v2\/media?parent=20748"}],"wp:term":[{"taxonomy":"category","embeddable":true,"href":"https:\/\/www.em.com.br\/emfoco\/wp-json\/wp\/v2\/categories?post=20748"},{"taxonomy":"post_tag","embeddable":true,"href":"https:\/\/www.em.com.br\/emfoco\/wp-json\/wp\/v2\/tags?post=20748"}],"curies":[{"name":"wp","href":"https:\/\/api.w.org\/{rel}","templated":true}]}}