{"id":20730,"date":"2025-02-19T17:00:46","date_gmt":"2025-02-19T20:00:46","guid":{"rendered":"https:\/\/www.em.com.br\/emfoco\/?p=20730"},"modified":"2025-02-18T16:18:16","modified_gmt":"2025-02-18T19:18:16","slug":"bpc-conheca-os-criterios-para-receber-o-beneficio-e-saia-da-duvida","status":"publish","type":"post","link":"https:\/\/www.em.com.br\/emfoco\/2025\/02\/19\/bpc-conheca-os-criterios-para-receber-o-beneficio-e-saia-da-duvida\/","title":{"rendered":"BPC, conhe\u00e7a os crit\u00e9rios para receber o benef\u00edcio e saia da d\u00favida"},"content":{"rendered":"\n<p>O <strong>Benef\u00edcio de Presta\u00e7\u00e3o Continuada (<a href=\"https:\/\/www.gov.br\/mds\/pt-br\/acoes-e-programas\/suas\/beneficios-assistenciais\/beneficio-assistencial-ao-idoso-e-a-pessoa-com-deficiencia-bpc\" target=\"_blank\" rel=\"noreferrer noopener\">BPC<\/a>)<\/strong> \u00e9 um aux\u00edlio financeiro oferecido pelo governo brasileiro a idosos com mais de 65 anos e pessoas com defici\u00eancia que comprovem baixa renda. Este benef\u00edcio, regulamentado pela <strong>Lei Org\u00e2nica da Assist\u00eancia Social (<a href=\"https:\/\/www.em.com.br\/emfoco\/2025\/02\/05\/quer-entender-o-novo-bpc-loas-clique-aqui\/\" target=\"_blank\" rel=\"noreferrer noopener\">LOAS<\/a>)<\/strong>, visa garantir um m\u00ednimo de dignidade a cidad\u00e3os que se encontram em situa\u00e7\u00e3o de vulnerabilidade econ\u00f4mica. O valor do BPC \u00e9 equivalente a um sal\u00e1rio m\u00ednimo mensal, e para ter direito a ele, \u00e9 necess\u00e1rio atender a crit\u00e9rios espec\u00edficos de renda e composi\u00e7\u00e3o familiar.<\/p>\n\n\n\n<h2 class=\"wp-block-heading\">Como \u00e9 calculada a renda familiar para o BPC?<\/h2>\n\n\n\n<p>O c\u00e1lculo da renda familiar para o BPC \u00e9 um dos aspectos mais importantes para a concess\u00e3o do benef\u00edcio. Para se qualificar, a renda mensal per capita da fam\u00edlia deve ser igual ou inferior a um quarto do sal\u00e1rio m\u00ednimo. Em 2025, isso corresponde a R$ 379,50 por pessoa. A renda familiar \u00e9 calculada somando-se os rendimentos de todos os membros que vivem na mesma resid\u00eancia que o benefici\u00e1rio, incluindo c\u00f4njuges, pais, madrastas ou padrastos, irm\u00e3os solteiros, filhos e enteados solteiros, bem como crian\u00e7as ou adolescentes sob a guarda do benefici\u00e1rio.<\/p>\n\n\n\n<h2 class=\"wp-block-heading\">Quais s\u00e3o as regras para a concess\u00e3o do BPC?<\/h2>\n\n\n\n<p>Al\u00e9m do crit\u00e9rio de renda, o BPC possui outras regras que devem ser seguidas para a concess\u00e3o do benef\u00edcio. Primeiramente, o candidato deve estar inscrito no Cadastro \u00danico para Programas Sociais do Governo Federal (<strong>Cad\u00danico<\/strong>). A inscri\u00e7\u00e3o deve ser atualizada a cada 24 meses, e o benefici\u00e1rio deve passar por uma coleta biom\u00e9trica obrigat\u00f3ria. Para pessoas com defici\u00eancia, \u00e9 necess\u00e1rio passar por uma avalia\u00e7\u00e3o m\u00e9dica realizada pelo Instituto Nacional do Seguro Social (INSS), que determinar\u00e1 a elegibilidade com base na condi\u00e7\u00e3o de sa\u00fade do solicitante.<\/p>\n\n\n<div class=\"wp-block-image\">\n<figure class=\"aligncenter size-large\"><img loading=\"lazy\" decoding=\"async\" width=\"1024\" height=\"576\" src=\"https:\/\/www.em.com.br\/emfoco\/wp-content\/uploads\/2024\/12\/Idosos_1734194756779-1024x576.jpg\" alt=\"BPC, conhe\u00e7a os crit\u00e9rios para receber o benef\u00edcio e saia da d\u00favida\" class=\"wp-image-5003\" srcset=\"https:\/\/www.em.com.br\/emfoco\/wp-content\/uploads\/2024\/12\/Idosos_1734194756779-1024x576.jpg 1024w, https:\/\/www.em.com.br\/emfoco\/wp-content\/uploads\/2024\/12\/Idosos_1734194756779-300x169.jpg 300w, https:\/\/www.em.com.br\/emfoco\/wp-content\/uploads\/2024\/12\/Idosos_1734194756779-768x432.jpg 768w, https:\/\/www.em.com.br\/emfoco\/wp-content\/uploads\/2024\/12\/Idosos_1734194756779-750x422.jpg 750w, https:\/\/www.em.com.br\/emfoco\/wp-content\/uploads\/2024\/12\/Idosos_1734194756779-1140x641.jpg 1140w, https:\/\/www.em.com.br\/emfoco\/wp-content\/uploads\/2024\/12\/Idosos_1734194756779.jpg 1280w\" sizes=\"auto, (max-width: 1024px) 100vw, 1024px\" \/><figcaption class=\"wp-element-caption\">Aponsetado &#8211; Cr\u00e9ditos: depositphotos.com \/ AndrewLozovyi<\/figcaption><\/figure><\/div>\n\n\n<h2 class=\"wp-block-heading\">Quem pode ser inclu\u00eddo no c\u00e1lculo da renda familiar?<\/h2>\n\n\n\n<p>O c\u00e1lculo da renda familiar considera apenas os rendimentos das pessoas que residem na mesma casa que o benefici\u00e1rio. Isso inclui:<\/p>\n\n\n\n<ul class=\"wp-block-list\">\n<li><strong>C\u00f4njuge ou companheiro:<\/strong> Pessoas casadas ou em uni\u00e3o est\u00e1vel com o benefici\u00e1rio.<\/li>\n\n\n\n<li><strong>Pais do benefici\u00e1rio:<\/strong> Inclui madrasta ou padrasto, na aus\u00eancia dos pais biol\u00f3gicos.<\/li>\n\n\n\n<li><strong>Irm\u00e3os solteiros:<\/strong> Irm\u00e3os que n\u00e3o s\u00e3o casados e vivem na mesma resid\u00eancia.<\/li>\n\n\n\n<li><strong>Filhos e enteados solteiros:<\/strong> Filhos biol\u00f3gicos ou enteados que n\u00e3o s\u00e3o casados.<\/li>\n\n\n\n<li><strong>Crian\u00e7as ou adolescentes:<\/strong> Menores de idade sob a guarda do benefici\u00e1rio.<\/li>\n<\/ul>\n\n\n\n<h2 class=\"wp-block-heading\">Quais s\u00e3o as obriga\u00e7\u00f5es do benefici\u00e1rio do BPC?<\/h2>\n\n\n\n<p>Os benefici\u00e1rios do BPC t\u00eam algumas obriga\u00e7\u00f5es para manter o benef\u00edcio ativo. Al\u00e9m de atualizar o Cad\u00danico a cada dois anos, \u00e9 necess\u00e1rio realizar a coleta biom\u00e9trica obrigat\u00f3ria. Pessoas com defici\u00eancia devem se submeter a avalia\u00e7\u00f5es m\u00e9dicas peri\u00f3dicas para comprovar a continuidade da condi\u00e7\u00e3o que justifica o recebimento do benef\u00edcio. O n\u00e3o cumprimento dessas obriga\u00e7\u00f5es pode resultar na suspens\u00e3o do pagamento.<\/p>\n\n\n\n<p>O BPC \u00e9 uma importante ferramenta de assist\u00eancia social no Brasil, proporcionando suporte financeiro a pessoas que enfrentam dificuldades econ\u00f4micas significativas. Compreender as regras e requisitos do benef\u00edcio \u00e9 essencial para garantir que aqueles que realmente necessitam possam ter acesso a esse direito.<\/p>\n","protected":false},"excerpt":{"rendered":"<p>O Benef\u00edcio de Presta\u00e7\u00e3o Continuada (BPC) \u00e9 um aux\u00edlio financeiro oferecido pelo governo brasileiro a idosos com mais de 65 anos e pessoas com defici\u00eancia que comprovem baixa renda. Este benef\u00edcio, regulamentado pela Lei Org\u00e2nica da Assist\u00eancia Social (LOAS), visa garantir um m\u00ednimo de dignidade a cidad\u00e3os que se encontram em situa\u00e7\u00e3o de vulnerabilidade econ\u00f4mica. [&hellip;]<\/p>\n","protected":false},"author":7,"featured_media":2606,"comment_status":"open","ping_status":"open","sticky":false,"template":"","format":"standard","meta":{"jnews-multi-image_gallery":[],"jnews_single_post":{"format":"standard"},"jnews_primary_category":[],"jnews_social_meta":[],"jnews_override_counter":[],"footnotes":""},"categories":[28],"tags":[498,489,260,1516],"class_list":["post-20730","post","type-post","status-publish","format-standard","has-post-thumbnail","hentry","category-economia","tag-assistencia-social","tag-beneficio-social","tag-idosos","tag-pessoas-com-deficiencia"],"yoast_head":"<!-- This site is optimized with the Yoast SEO plugin v23.8 - https:\/\/yoast.com\/wordpress\/plugins\/seo\/ -->\n<title>BPC, conhe\u00e7a os crit\u00e9rios para receber o benef\u00edcio e saia da d\u00favida - Estado de Minas - Em foco<\/title>\n<meta name=\"description\" content=\"Descubra o que \u00e9 o BPC, quem tem direito e como solicitar. Guia completo com informa\u00e7\u00f5es e passo a passo detalhado.\" \/>\n<meta name=\"robots\" content=\"index, follow, max-snippet:-1, max-image-preview:large, max-video-preview:-1\" \/>\n<link rel=\"canonical\" href=\"https:\/\/www.em.com.br\/emfoco\/2025\/02\/19\/bpc-conheca-os-criterios-para-receber-o-beneficio-e-saia-da-duvida\/\" \/>\n<meta property=\"og:locale\" content=\"pt_BR\" \/>\n<meta property=\"og:type\" content=\"article\" \/>\n<meta property=\"og:title\" content=\"BPC, conhe\u00e7a os crit\u00e9rios para receber o benef\u00edcio e saia da d\u00favida - Estado de Minas - Em foco\" \/>\n<meta property=\"og:description\" content=\"Descubra o que \u00e9 o BPC, quem tem direito e como solicitar. Guia completo com informa\u00e7\u00f5es e passo a passo detalhado.\" \/>\n<meta property=\"og:url\" content=\"https:\/\/www.em.com.br\/emfoco\/2025\/02\/19\/bpc-conheca-os-criterios-para-receber-o-beneficio-e-saia-da-duvida\/\" \/>\n<meta property=\"og:site_name\" content=\"Estado de Minas - Em foco\" \/>\n<meta property=\"article:published_time\" content=\"2025-02-19T20:00:46+00:00\" \/>\n<meta property=\"article:modified_time\" content=\"2025-02-18T19:18:16+00:00\" \/>\n<meta property=\"og:image\" content=\"https:\/\/www.em.com.br\/emfoco\/wp-content\/uploads\/2024\/12\/Idosos-familia_1733068883769.jpg\" \/>\n\t<meta property=\"og:image:width\" content=\"1280\" \/>\n\t<meta property=\"og:image:height\" content=\"720\" \/>\n\t<meta property=\"og:image:type\" content=\"image\/jpeg\" \/>\n<meta name=\"author\" content=\"Kelvin\" \/>\n<meta name=\"twitter:card\" content=\"summary_large_image\" \/>\n<meta name=\"twitter:label1\" content=\"Escrito por\" \/>\n\t<meta name=\"twitter:data1\" content=\"Kelvin\" \/>\n\t<meta name=\"twitter:label2\" content=\"Est. tempo de leitura\" \/>\n\t<meta name=\"twitter:data2\" content=\"4 minutos\" \/>\n<!-- \/ Yoast SEO plugin. -->","yoast_head_json":{"title":"BPC, conhe\u00e7a os crit\u00e9rios para receber o benef\u00edcio e saia da d\u00favida - Estado de Minas - Em foco","description":"Descubra o que \u00e9 o BPC, quem tem direito e como solicitar. Guia completo com informa\u00e7\u00f5es e passo a passo detalhado.","robots":{"index":"index","follow":"follow","max-snippet":"max-snippet:-1","max-image-preview":"max-image-preview:large","max-video-preview":"max-video-preview:-1"},"canonical":"https:\/\/www.em.com.br\/emfoco\/2025\/02\/19\/bpc-conheca-os-criterios-para-receber-o-beneficio-e-saia-da-duvida\/","og_locale":"pt_BR","og_type":"article","og_title":"BPC, conhe\u00e7a os crit\u00e9rios para receber o benef\u00edcio e saia da d\u00favida - Estado de Minas - Em foco","og_description":"Descubra o que \u00e9 o BPC, quem tem direito e como solicitar. Guia completo com informa\u00e7\u00f5es e passo a passo detalhado.","og_url":"https:\/\/www.em.com.br\/emfoco\/2025\/02\/19\/bpc-conheca-os-criterios-para-receber-o-beneficio-e-saia-da-duvida\/","og_site_name":"Estado de Minas - Em foco","article_published_time":"2025-02-19T20:00:46+00:00","article_modified_time":"2025-02-18T19:18:16+00:00","og_image":[{"width":1280,"height":720,"url":"https:\/\/www.em.com.br\/emfoco\/wp-content\/uploads\/2024\/12\/Idosos-familia_1733068883769.jpg","type":"image\/jpeg"}],"author":"Kelvin","twitter_card":"summary_large_image","twitter_misc":{"Escrito por":"Kelvin","Est. tempo de leitura":"4 minutos"},"schema":{"@context":"https:\/\/schema.org","@graph":[{"@type":"WebPage","@id":"https:\/\/www.em.com.br\/emfoco\/2025\/02\/19\/bpc-conheca-os-criterios-para-receber-o-beneficio-e-saia-da-duvida\/","url":"https:\/\/www.em.com.br\/emfoco\/2025\/02\/19\/bpc-conheca-os-criterios-para-receber-o-beneficio-e-saia-da-duvida\/","name":"BPC, conhe\u00e7a os crit\u00e9rios para receber o benef\u00edcio e saia da d\u00favida - Estado de Minas - Em foco","isPartOf":{"@id":"https:\/\/www.em.com.br\/emfoco\/#website"},"primaryImageOfPage":{"@id":"https:\/\/www.em.com.br\/emfoco\/2025\/02\/19\/bpc-conheca-os-criterios-para-receber-o-beneficio-e-saia-da-duvida\/#primaryimage"},"image":{"@id":"https:\/\/www.em.com.br\/emfoco\/2025\/02\/19\/bpc-conheca-os-criterios-para-receber-o-beneficio-e-saia-da-duvida\/#primaryimage"},"thumbnailUrl":"https:\/\/www.em.com.br\/emfoco\/wp-content\/uploads\/2024\/12\/Idosos-familia_1733068883769.jpg","datePublished":"2025-02-19T20:00:46+00:00","dateModified":"2025-02-18T19:18:16+00:00","author":{"@id":"https:\/\/www.em.com.br\/emfoco\/#\/schema\/person\/fb0a7f48c6fbb94b83f413a80f61917d"},"description":"Descubra o que \u00e9 o BPC, quem tem direito e como solicitar. Guia completo com informa\u00e7\u00f5es e passo a passo detalhado.","breadcrumb":{"@id":"https:\/\/www.em.com.br\/emfoco\/2025\/02\/19\/bpc-conheca-os-criterios-para-receber-o-beneficio-e-saia-da-duvida\/#breadcrumb"},"inLanguage":"pt-BR","potentialAction":[{"@type":"ReadAction","target":["https:\/\/www.em.com.br\/emfoco\/2025\/02\/19\/bpc-conheca-os-criterios-para-receber-o-beneficio-e-saia-da-duvida\/"]}]},{"@type":"ImageObject","inLanguage":"pt-BR","@id":"https:\/\/www.em.com.br\/emfoco\/2025\/02\/19\/bpc-conheca-os-criterios-para-receber-o-beneficio-e-saia-da-duvida\/#primaryimage","url":"https:\/\/www.em.com.br\/emfoco\/wp-content\/uploads\/2024\/12\/Idosos-familia_1733068883769.jpg","contentUrl":"https:\/\/www.em.com.br\/emfoco\/wp-content\/uploads\/2024\/12\/Idosos-familia_1733068883769.jpg","width":1280,"height":720,"caption":"Casal de Idosos - Cr\u00e9ditos: depositphotos.com \/ simonapilolla"},{"@type":"BreadcrumbList","@id":"https:\/\/www.em.com.br\/emfoco\/2025\/02\/19\/bpc-conheca-os-criterios-para-receber-o-beneficio-e-saia-da-duvida\/#breadcrumb","itemListElement":[{"@type":"ListItem","position":1,"name":"In\u00edcio","item":"https:\/\/www.em.com.br\/emfoco\/"},{"@type":"ListItem","position":2,"name":"BPC, conhe\u00e7a os crit\u00e9rios para receber o benef\u00edcio e saia da d\u00favida"}]},{"@type":"WebSite","@id":"https:\/\/www.em.com.br\/emfoco\/#website","url":"https:\/\/www.em.com.br\/emfoco\/","name":"Estado de Minas - Em foco","description":"Acompanhe as \u00faltimas not\u00edcias e fique bem informado sobre tudo o que acontece em Minas Gerais, Brasil e no mundo.","potentialAction":[{"@type":"SearchAction","target":{"@type":"EntryPoint","urlTemplate":"https:\/\/www.em.com.br\/emfoco\/?s={search_term_string}"},"query-input":{"@type":"PropertyValueSpecification","valueRequired":true,"valueName":"search_term_string"}}],"inLanguage":"pt-BR"},{"@type":"Person","@id":"https:\/\/www.em.com.br\/emfoco\/#\/schema\/person\/fb0a7f48c6fbb94b83f413a80f61917d","name":"Kelvin","image":{"@type":"ImageObject","inLanguage":"pt-BR","@id":"https:\/\/www.em.com.br\/emfoco\/#\/schema\/person\/image\/","url":"https:\/\/secure.gravatar.com\/avatar\/e74f84337e6bf6c4c5e88fbdffa05270?s=96&d=mm&r=g","contentUrl":"https:\/\/secure.gravatar.com\/avatar\/e74f84337e6bf6c4c5e88fbdffa05270?s=96&d=mm&r=g","caption":"Kelvin"},"sameAs":["https:\/\/www.em.com.br\/emfoco"],"url":"https:\/\/www.em.com.br\/emfoco\/author\/kelvinmyth\/"}]}},"_links":{"self":[{"href":"https:\/\/www.em.com.br\/emfoco\/wp-json\/wp\/v2\/posts\/20730","targetHints":{"allow":["GET"]}}],"collection":[{"href":"https:\/\/www.em.com.br\/emfoco\/wp-json\/wp\/v2\/posts"}],"about":[{"href":"https:\/\/www.em.com.br\/emfoco\/wp-json\/wp\/v2\/types\/post"}],"author":[{"embeddable":true,"href":"https:\/\/www.em.com.br\/emfoco\/wp-json\/wp\/v2\/users\/7"}],"replies":[{"embeddable":true,"href":"https:\/\/www.em.com.br\/emfoco\/wp-json\/wp\/v2\/comments?post=20730"}],"version-history":[{"count":2,"href":"https:\/\/www.em.com.br\/emfoco\/wp-json\/wp\/v2\/posts\/20730\/revisions"}],"predecessor-version":[{"id":20735,"href":"https:\/\/www.em.com.br\/emfoco\/wp-json\/wp\/v2\/posts\/20730\/revisions\/20735"}],"wp:featuredmedia":[{"embeddable":true,"href":"https:\/\/www.em.com.br\/emfoco\/wp-json\/wp\/v2\/media\/2606"}],"wp:attachment":[{"href":"https:\/\/www.em.com.br\/emfoco\/wp-json\/wp\/v2\/media?parent=20730"}],"wp:term":[{"taxonomy":"category","embeddable":true,"href":"https:\/\/www.em.com.br\/emfoco\/wp-json\/wp\/v2\/categories?post=20730"},{"taxonomy":"post_tag","embeddable":true,"href":"https:\/\/www.em.com.br\/emfoco\/wp-json\/wp\/v2\/tags?post=20730"}],"curies":[{"name":"wp","href":"https:\/\/api.w.org\/{rel}","templated":true}]}}