{"id":20628,"date":"2025-02-19T16:00:52","date_gmt":"2025-02-19T19:00:52","guid":{"rendered":"https:\/\/www.em.com.br\/emfoco\/?p=20628"},"modified":"2025-02-18T12:11:27","modified_gmt":"2025-02-18T15:11:27","slug":"pane-no-sistema-falhas-na-ia-podem-adiar-novamente-o-lancamento-da-nova-alexa","status":"publish","type":"post","link":"https:\/\/www.em.com.br\/emfoco\/2025\/02\/19\/pane-no-sistema-falhas-na-ia-podem-adiar-novamente-o-lancamento-da-nova-alexa\/","title":{"rendered":"Pane no sistema! Falhas na IA podem adiar novamente o lan\u00e7amento da nova Alexa"},"content":{"rendered":"\n<p>A <strong>Amazon<\/strong> est\u00e1 se preparando para lan\u00e7ar uma nova vers\u00e3o de sua assistente virtual, a <a href=\"https:\/\/www.em.com.br\/emfoco\/?s=alexa\" target=\"_blank\" rel=\"noopener\">Alexa<\/a>, que agora contar\u00e1 com intelig\u00eancia artificial (IA) aprimorada. A expectativa \u00e9 que a assistente ofere\u00e7a uma experi\u00eancia mais avan\u00e7ada e personalizada aos usu\u00e1rios. No entanto, o lan\u00e7amento, inicialmente previsto para fevereiro de 2025, pode enfrentar atrasos devido a desafios t\u00e9cnicos que a empresa ainda est\u00e1 superando.<\/p>\n\n\n\n<p><a href=\"https:\/\/www.washingtonpost.com\/technology\/2025\/02\/14\/amazon-ai-alexa-delayed\/\" target=\"_blank\" rel=\"noopener\">Informa\u00e7\u00f5es<\/a> sugerem que a nova Alexa ser\u00e1 anunciada no final de fevereiro, mas sua disponibilidade para o p\u00fablico pode ocorrer<strong> apenas no final de mar\u00e7o<\/strong>. Os atrasos s\u00e3o atribu\u00eddos a problemas de desempenho, com a assistente ainda <strong>apresentando respostas imprecisas em alguns testes<\/strong>.<\/p>\n\n\n\n<h2 class=\"wp-block-heading\">Quais inova\u00e7\u00f5es a nova Alexa trar\u00e1?<\/h2>\n\n\n\n<p>Desde 2023, especula\u00e7\u00f5es sobre uma vers\u00e3o mais robusta da <strong>Alexa<\/strong> circulam no mercado. A nova vers\u00e3o promete introduzir funcionalidades inovadoras, como a capacidade de adotar diferentes personalidades e lembrar intera\u00e7\u00f5es passadas para melhorar a qualidade das respostas. Al\u00e9m disso, a assistente poder\u00e1 realizar tarefas mais complexas, como fazer pedidos de comida ou chamar servi\u00e7os de transporte, com maior efici\u00eancia.<\/p>\n\n\n\n<p>H\u00e1 tamb\u00e9m rumores de que a nova Alexa <strong>poder\u00e1 ser oferecida em um modelo de assinatura paga<\/strong>, enquanto a vers\u00e3o atual permanecer\u00e1 gratuita. No entanto, a Amazon <strong>ainda n\u00e3o confirmou detalhes<\/strong> sobre pre\u00e7os ou dispositivos compat\u00edveis.<\/p>\n\n\n<div class=\"wp-block-image\">\n<figure class=\"aligncenter size-large\"><img loading=\"lazy\" decoding=\"async\" width=\"1024\" height=\"576\" src=\"https:\/\/www.em.com.br\/emfoco\/wp-content\/uploads\/2025\/02\/alexa-casa_1739891350861-1024x576.jpg\" alt=\"Pane no sistema! Falhas na IA podem adiar novamente o lan\u00e7amento da nova Alexa\" class=\"wp-image-20654\" srcset=\"https:\/\/www.em.com.br\/emfoco\/wp-content\/uploads\/2025\/02\/alexa-casa_1739891350861-1024x576.jpg 1024w, https:\/\/www.em.com.br\/emfoco\/wp-content\/uploads\/2025\/02\/alexa-casa_1739891350861-300x169.jpg 300w, https:\/\/www.em.com.br\/emfoco\/wp-content\/uploads\/2025\/02\/alexa-casa_1739891350861-768x432.jpg 768w, https:\/\/www.em.com.br\/emfoco\/wp-content\/uploads\/2025\/02\/alexa-casa_1739891350861-750x422.jpg 750w, https:\/\/www.em.com.br\/emfoco\/wp-content\/uploads\/2025\/02\/alexa-casa_1739891350861-1140x641.jpg 1140w, https:\/\/www.em.com.br\/emfoco\/wp-content\/uploads\/2025\/02\/alexa-casa_1739891350861.jpg 1280w\" sizes=\"auto, (max-width: 1024px) 100vw, 1024px\" \/><figcaption class=\"wp-element-caption\">Alexa &#8211; Cr\u00e9ditos: depositphotos.com \/ Jshanebutt<\/figcaption><\/figure><\/div>\n\n\n<h2 class=\"wp-block-heading\">Desafios e expectativas para a nova Alexa<\/h2>\n\n\n\n<p>O desenvolvimento da nova Alexa enfrenta desafios t\u00e9cnicos significativos, que t\u00eam atrasado seu lan\u00e7amento. A Amazon est\u00e1 empenhada em garantir que a assistente ofere\u00e7a respostas precisas e confi\u00e1veis antes de disponibiliz\u00e1-la ao p\u00fablico. A empresa busca implementar novos modelos de linguagem que permitir\u00e3o \u00e0 Alexa operar com maior autonomia e efic\u00e1cia.<\/p>\n\n\n\n<p>Apesar dos desafios, a expectativa \u00e9 que a nova Alexa redefina o padr\u00e3o de assistentes virtuais, oferecendo uma experi\u00eancia mais interativa e proativa. A comunidade tecnol\u00f3gica aguarda ansiosamente por mais informa\u00e7\u00f5es sobre as funcionalidades e o impacto que a nova vers\u00e3o trar\u00e1 para o mercado.<\/p>\n\n\n\n<h2 class=\"wp-block-heading\">O futuro da Alexa no cotidiano dos usu\u00e1rios<\/h2>\n\n\n\n<p>Com a introdu\u00e7\u00e3o de intelig\u00eancia artificial avan\u00e7ada, a Amazon visa transformar a Alexa em <strong>uma assistente ainda mais integrada ao dia a dia dos usu\u00e1rios<\/strong>. A capacidade de realizar tarefas complexas e personalizar intera\u00e7\u00f5es pode tornar a Alexa uma ferramenta indispens\u00e1vel em resid\u00eancias e escrit\u00f3rios. A evolu\u00e7\u00e3o da assistente representa um passo significativo na integra\u00e7\u00e3o da IA em atividades cotidianas, prometendo facilitar e enriquecer a vida dos usu\u00e1rios.<\/p>\n\n\n\n<p>Enquanto a Amazon trabalha para superar os desafios t\u00e9cnicos, a expectativa \u00e9 que a nova Alexa ofere\u00e7a uma experi\u00eancia mais rica e personalizada, marcando uma nova era para assistentes virtuais.<\/p>\n","protected":false},"excerpt":{"rendered":"<p>A Amazon est\u00e1 se preparando para lan\u00e7ar uma nova vers\u00e3o de sua assistente virtual, a Alexa, que agora contar\u00e1 com intelig\u00eancia artificial (IA) aprimorada. A expectativa \u00e9 que a assistente ofere\u00e7a uma experi\u00eancia mais avan\u00e7ada e personalizada aos usu\u00e1rios. No entanto, o lan\u00e7amento, inicialmente previsto para fevereiro de 2025, pode enfrentar atrasos devido a desafios [&hellip;]<\/p>\n","protected":false},"author":9,"featured_media":15711,"comment_status":"open","ping_status":"open","sticky":false,"template":"","format":"standard","meta":{"jnews-multi-image_gallery":[],"jnews_single_post":{"format":"standard"},"jnews_primary_category":[],"jnews_social_meta":[],"jnews_override_counter":[],"footnotes":""},"categories":[138,1,4204],"tags":[1855,5189,4143,1249],"class_list":["post-20628","post","type-post","status-publish","format-standard","has-post-thumbnail","hentry","category-mundo","category-noticias","category-tecnologia","tag-amazon","tag-assistente-virtual","tag-chatgpt","tag-inteligencia-artificial"],"yoast_head":"<!-- This site is optimized with the Yoast SEO plugin v23.8 - https:\/\/yoast.com\/wordpress\/plugins\/seo\/ -->\n<title>Pane no sistema! Falhas na IA podem adiar novamente o lan\u00e7amento da nova Alexa<\/title>\n<meta name=\"description\" content=\"A Amazon prepara uma vers\u00e3o avan\u00e7ada da Alexa com intelig\u00eancia artificial aprimorada, mas desafios t\u00e9cnicos podem adiar o lan\u00e7amento.\" \/>\n<meta name=\"robots\" content=\"index, follow, max-snippet:-1, max-image-preview:large, max-video-preview:-1\" \/>\n<link rel=\"canonical\" href=\"https:\/\/www.em.com.br\/emfoco\/2025\/02\/19\/pane-no-sistema-falhas-na-ia-podem-adiar-novamente-o-lancamento-da-nova-alexa\/\" \/>\n<meta property=\"og:locale\" content=\"pt_BR\" \/>\n<meta property=\"og:type\" content=\"article\" \/>\n<meta property=\"og:title\" content=\"Pane no sistema! Falhas na IA podem adiar novamente o lan\u00e7amento da nova Alexa\" \/>\n<meta property=\"og:description\" content=\"A Amazon prepara uma vers\u00e3o avan\u00e7ada da Alexa com intelig\u00eancia artificial aprimorada, mas desafios t\u00e9cnicos podem adiar o lan\u00e7amento.\" \/>\n<meta property=\"og:url\" content=\"https:\/\/www.em.com.br\/emfoco\/2025\/02\/19\/pane-no-sistema-falhas-na-ia-podem-adiar-novamente-o-lancamento-da-nova-alexa\/\" \/>\n<meta property=\"og:site_name\" content=\"Estado de Minas - Em foco\" \/>\n<meta property=\"article:published_time\" content=\"2025-02-19T19:00:52+00:00\" \/>\n<meta property=\"article:modified_time\" content=\"2025-02-18T15:11:27+00:00\" \/>\n<meta property=\"og:image\" content=\"https:\/\/www.em.com.br\/emfoco\/wp-content\/uploads\/2025\/02\/casa-alexa_1738392288735.jpg\" \/>\n\t<meta property=\"og:image:width\" content=\"1280\" \/>\n\t<meta property=\"og:image:height\" content=\"720\" \/>\n\t<meta property=\"og:image:type\" content=\"image\/jpeg\" \/>\n<meta name=\"author\" content=\"Daniely Cardoso\" \/>\n<meta name=\"twitter:card\" content=\"summary_large_image\" \/>\n<meta name=\"twitter:label1\" content=\"Escrito por\" \/>\n\t<meta name=\"twitter:data1\" content=\"Daniely Cardoso\" \/>\n\t<meta name=\"twitter:label2\" content=\"Est. tempo de leitura\" \/>\n\t<meta name=\"twitter:data2\" content=\"3 minutos\" \/>\n<!-- \/ Yoast SEO plugin. -->","yoast_head_json":{"title":"Pane no sistema! Falhas na IA podem adiar novamente o lan\u00e7amento da nova Alexa","description":"A Amazon prepara uma vers\u00e3o avan\u00e7ada da Alexa com intelig\u00eancia artificial aprimorada, mas desafios t\u00e9cnicos podem adiar o lan\u00e7amento.","robots":{"index":"index","follow":"follow","max-snippet":"max-snippet:-1","max-image-preview":"max-image-preview:large","max-video-preview":"max-video-preview:-1"},"canonical":"https:\/\/www.em.com.br\/emfoco\/2025\/02\/19\/pane-no-sistema-falhas-na-ia-podem-adiar-novamente-o-lancamento-da-nova-alexa\/","og_locale":"pt_BR","og_type":"article","og_title":"Pane no sistema! Falhas na IA podem adiar novamente o lan\u00e7amento da nova Alexa","og_description":"A Amazon prepara uma vers\u00e3o avan\u00e7ada da Alexa com intelig\u00eancia artificial aprimorada, mas desafios t\u00e9cnicos podem adiar o lan\u00e7amento.","og_url":"https:\/\/www.em.com.br\/emfoco\/2025\/02\/19\/pane-no-sistema-falhas-na-ia-podem-adiar-novamente-o-lancamento-da-nova-alexa\/","og_site_name":"Estado de Minas - Em foco","article_published_time":"2025-02-19T19:00:52+00:00","article_modified_time":"2025-02-18T15:11:27+00:00","og_image":[{"width":1280,"height":720,"url":"https:\/\/www.em.com.br\/emfoco\/wp-content\/uploads\/2025\/02\/casa-alexa_1738392288735.jpg","type":"image\/jpeg"}],"author":"Daniely Cardoso","twitter_card":"summary_large_image","twitter_misc":{"Escrito por":"Daniely Cardoso","Est. tempo de leitura":"3 minutos"},"schema":{"@context":"https:\/\/schema.org","@graph":[{"@type":"WebPage","@id":"https:\/\/www.em.com.br\/emfoco\/2025\/02\/19\/pane-no-sistema-falhas-na-ia-podem-adiar-novamente-o-lancamento-da-nova-alexa\/","url":"https:\/\/www.em.com.br\/emfoco\/2025\/02\/19\/pane-no-sistema-falhas-na-ia-podem-adiar-novamente-o-lancamento-da-nova-alexa\/","name":"Pane no sistema! Falhas na IA podem adiar novamente o lan\u00e7amento da nova Alexa","isPartOf":{"@id":"https:\/\/www.em.com.br\/emfoco\/#website"},"primaryImageOfPage":{"@id":"https:\/\/www.em.com.br\/emfoco\/2025\/02\/19\/pane-no-sistema-falhas-na-ia-podem-adiar-novamente-o-lancamento-da-nova-alexa\/#primaryimage"},"image":{"@id":"https:\/\/www.em.com.br\/emfoco\/2025\/02\/19\/pane-no-sistema-falhas-na-ia-podem-adiar-novamente-o-lancamento-da-nova-alexa\/#primaryimage"},"thumbnailUrl":"https:\/\/www.em.com.br\/emfoco\/wp-content\/uploads\/2025\/02\/casa-alexa_1738392288735.jpg","datePublished":"2025-02-19T19:00:52+00:00","dateModified":"2025-02-18T15:11:27+00:00","author":{"@id":"https:\/\/www.em.com.br\/emfoco\/#\/schema\/person\/0a8186d72f2c3a5c6276d90b41f271a0"},"description":"A Amazon prepara uma vers\u00e3o avan\u00e7ada da Alexa com intelig\u00eancia artificial aprimorada, mas desafios t\u00e9cnicos podem adiar o lan\u00e7amento.","breadcrumb":{"@id":"https:\/\/www.em.com.br\/emfoco\/2025\/02\/19\/pane-no-sistema-falhas-na-ia-podem-adiar-novamente-o-lancamento-da-nova-alexa\/#breadcrumb"},"inLanguage":"pt-BR","potentialAction":[{"@type":"ReadAction","target":["https:\/\/www.em.com.br\/emfoco\/2025\/02\/19\/pane-no-sistema-falhas-na-ia-podem-adiar-novamente-o-lancamento-da-nova-alexa\/"]}]},{"@type":"ImageObject","inLanguage":"pt-BR","@id":"https:\/\/www.em.com.br\/emfoco\/2025\/02\/19\/pane-no-sistema-falhas-na-ia-podem-adiar-novamente-o-lancamento-da-nova-alexa\/#primaryimage","url":"https:\/\/www.em.com.br\/emfoco\/wp-content\/uploads\/2025\/02\/casa-alexa_1738392288735.jpg","contentUrl":"https:\/\/www.em.com.br\/emfoco\/wp-content\/uploads\/2025\/02\/casa-alexa_1738392288735.jpg","width":1280,"height":720,"caption":"Alexa - Cr\u00e9ditos: depositphotos.com \/ ifeelstock"},{"@type":"BreadcrumbList","@id":"https:\/\/www.em.com.br\/emfoco\/2025\/02\/19\/pane-no-sistema-falhas-na-ia-podem-adiar-novamente-o-lancamento-da-nova-alexa\/#breadcrumb","itemListElement":[{"@type":"ListItem","position":1,"name":"In\u00edcio","item":"https:\/\/www.em.com.br\/emfoco\/"},{"@type":"ListItem","position":2,"name":"Pane no sistema! Falhas na IA podem adiar novamente o lan\u00e7amento da nova Alexa"}]},{"@type":"WebSite","@id":"https:\/\/www.em.com.br\/emfoco\/#website","url":"https:\/\/www.em.com.br\/emfoco\/","name":"Estado de Minas - Em foco","description":"Acompanhe as \u00faltimas not\u00edcias e fique bem informado sobre tudo o que acontece em Minas Gerais, Brasil e no mundo.","potentialAction":[{"@type":"SearchAction","target":{"@type":"EntryPoint","urlTemplate":"https:\/\/www.em.com.br\/emfoco\/?s={search_term_string}"},"query-input":{"@type":"PropertyValueSpecification","valueRequired":true,"valueName":"search_term_string"}}],"inLanguage":"pt-BR"},{"@type":"Person","@id":"https:\/\/www.em.com.br\/emfoco\/#\/schema\/person\/0a8186d72f2c3a5c6276d90b41f271a0","name":"Daniely Cardoso","image":{"@type":"ImageObject","inLanguage":"pt-BR","@id":"https:\/\/www.em.com.br\/emfoco\/#\/schema\/person\/image\/","url":"https:\/\/secure.gravatar.com\/avatar\/4b80ddbd124d1f071b626d52d62e5dff?s=96&d=mm&r=g","contentUrl":"https:\/\/secure.gravatar.com\/avatar\/4b80ddbd124d1f071b626d52d62e5dff?s=96&d=mm&r=g","caption":"Daniely Cardoso"},"url":"https:\/\/www.em.com.br\/emfoco\/author\/danielymyth\/"}]}},"_links":{"self":[{"href":"https:\/\/www.em.com.br\/emfoco\/wp-json\/wp\/v2\/posts\/20628","targetHints":{"allow":["GET"]}}],"collection":[{"href":"https:\/\/www.em.com.br\/emfoco\/wp-json\/wp\/v2\/posts"}],"about":[{"href":"https:\/\/www.em.com.br\/emfoco\/wp-json\/wp\/v2\/types\/post"}],"author":[{"embeddable":true,"href":"https:\/\/www.em.com.br\/emfoco\/wp-json\/wp\/v2\/users\/9"}],"replies":[{"embeddable":true,"href":"https:\/\/www.em.com.br\/emfoco\/wp-json\/wp\/v2\/comments?post=20628"}],"version-history":[{"count":2,"href":"https:\/\/www.em.com.br\/emfoco\/wp-json\/wp\/v2\/posts\/20628\/revisions"}],"predecessor-version":[{"id":20655,"href":"https:\/\/www.em.com.br\/emfoco\/wp-json\/wp\/v2\/posts\/20628\/revisions\/20655"}],"wp:featuredmedia":[{"embeddable":true,"href":"https:\/\/www.em.com.br\/emfoco\/wp-json\/wp\/v2\/media\/15711"}],"wp:attachment":[{"href":"https:\/\/www.em.com.br\/emfoco\/wp-json\/wp\/v2\/media?parent=20628"}],"wp:term":[{"taxonomy":"category","embeddable":true,"href":"https:\/\/www.em.com.br\/emfoco\/wp-json\/wp\/v2\/categories?post=20628"},{"taxonomy":"post_tag","embeddable":true,"href":"https:\/\/www.em.com.br\/emfoco\/wp-json\/wp\/v2\/tags?post=20628"}],"curies":[{"name":"wp","href":"https:\/\/api.w.org\/{rel}","templated":true}]}}