{"id":20584,"date":"2025-02-27T11:40:00","date_gmt":"2025-02-27T14:40:00","guid":{"rendered":"https:\/\/www.em.com.br\/emfoco\/?p=20584"},"modified":"2025-02-26T17:44:28","modified_gmt":"2025-02-26T20:44:28","slug":"os-incriveis-beneficios-da-banana-que-voce-precisa-conhecer","status":"publish","type":"post","link":"https:\/\/www.em.com.br\/emfoco\/2025\/02\/27\/os-incriveis-beneficios-da-banana-que-voce-precisa-conhecer\/","title":{"rendered":"Os incr\u00edveis benef\u00edcios da banana que voc\u00ea precisa conhecer"},"content":{"rendered":"\n<p>A<a href=\"https:\/\/www.em.com.br\/emfoco\/2025\/02\/18\/aprenda-a-fazer-bolo-de-banana-com-aveia-uma-opcao-saudavel-e-saborosa\/\" target=\"_blank\" rel=\"noreferrer noopener\"> <strong>banana<\/strong><\/a> \u00e9 uma das frutas mais consumidas no mundo, conhecida por sua praticidade e sabor adocicado. Rica em nutrientes essenciais, ela desempenha um papel importante na dieta de muitas pessoas. A fruta \u00e9 uma excelente fonte de energia, gra\u00e7as ao seu alto teor de carboidratos, e \u00e9 frequentemente consumida por atletas e pessoas que buscam uma alimenta\u00e7\u00e3o saud\u00e1vel.<\/p>\n\n\n\n<p>Al\u00e9m de ser uma fonte r\u00e1pida de energia, a banana \u00e9 rica em vitaminas e minerais, como a <strong><a href=\"https:\/\/www.msdmanuals.com\/pt\/casa\/dist%C3%BArbios-nutricionais\/vitaminas\/excesso-de-vitamina-c#:~:text=A%20vitamina%20C%20(%C3%A1cido%20asc%C3%B3rbico,funcionamento%20normal%20dos%20vasos%20sangu%C3%ADneos.\" target=\"_blank\" rel=\"noreferrer noopener\">vitamina C<\/a>, vitamina B6, pot\u00e1ssio e magn\u00e9sio<\/strong>. Esses nutrientes s\u00e3o fundamentais para o bom funcionamento do organismo, contribuindo para a sa\u00fade do cora\u00e7\u00e3o, sistema nervoso e muscular.<\/p>\n\n\n\n<h2 class=\"wp-block-heading\">Por que a banana \u00e9 considerada um superalimento?<\/h2>\n\n\n\n<p>A banana \u00e9 frequentemente chamada de superalimento devido \u00e0 sua densidade nutricional e aos in\u00fameros benef\u00edcios que oferece \u00e0 sa\u00fade. Um dos principais componentes da banana \u00e9 o pot\u00e1ssio, um mineral essencial que ajuda a regular a press\u00e3o arterial e a manter a sa\u00fade cardiovascular. O consumo regular de bananas pode ajudar a reduzir o risco de doen\u00e7as card\u00edacas e derrames.<\/p>\n\n\n\n<p>Al\u00e9m disso, a banana cont\u00e9m fibras diet\u00e9ticas que promovem a sa\u00fade digestiva. As fibras ajudam a regular o tr\u00e2nsito intestinal, prevenindo a constipa\u00e7\u00e3o e promovendo uma digest\u00e3o saud\u00e1vel. A presen\u00e7a de antioxidantes na banana tamb\u00e9m contribui para a prote\u00e7\u00e3o das c\u00e9lulas contra danos oxidativos, retardando o envelhecimento celular.<\/p>\n\n\n\n<figure class=\"wp-block-image size-large\"><img loading=\"lazy\" decoding=\"async\" width=\"1024\" height=\"576\" src=\"https:\/\/www.em.com.br\/emfoco\/wp-content\/uploads\/2025\/02\/banana_1738844986112-1024x576.jpg\" alt=\"Emagrecer com sabor? Inclua essa fruta cheia de nutrientes na sua dieta!\" class=\"wp-image-17194\" srcset=\"https:\/\/www.em.com.br\/emfoco\/wp-content\/uploads\/2025\/02\/banana_1738844986112-1024x576.jpg 1024w, https:\/\/www.em.com.br\/emfoco\/wp-content\/uploads\/2025\/02\/banana_1738844986112-300x169.jpg 300w, https:\/\/www.em.com.br\/emfoco\/wp-content\/uploads\/2025\/02\/banana_1738844986112-768x432.jpg 768w, https:\/\/www.em.com.br\/emfoco\/wp-content\/uploads\/2025\/02\/banana_1738844986112-750x422.jpg 750w, https:\/\/www.em.com.br\/emfoco\/wp-content\/uploads\/2025\/02\/banana_1738844986112-1140x641.jpg 1140w, https:\/\/www.em.com.br\/emfoco\/wp-content\/uploads\/2025\/02\/banana_1738844986112.jpg 1280w\" sizes=\"auto, (max-width: 1024px) 100vw, 1024px\" \/><figcaption class=\"wp-element-caption\">Imagem ilustrativa de banana &#8211; Cr\u00e9ditos: depositphotos.com \/ AntonMatyukha<\/figcaption><\/figure>\n\n\n\n<h2 class=\"wp-block-heading\">Como a banana pode melhorar o humor e a sa\u00fade mental?<\/h2>\n\n\n\n<p>A banana \u00e9 rica em <strong>triptofano<\/strong>, um amino\u00e1cido que o corpo converte em serotonina, um neurotransmissor conhecido por melhorar o humor e promover a sensa\u00e7\u00e3o de bem-estar. Consumir bananas regularmente pode ajudar a combater sintomas de depress\u00e3o e ansiedade, promovendo uma sensa\u00e7\u00e3o geral de felicidade e relaxamento.<\/p>\n\n\n\n<p>Al\u00e9m disso, a vitamina B6 presente na banana desempenha um papel crucial na produ\u00e7\u00e3o de neurotransmissores que regulam o humor. Essa vitamina ajuda a melhorar a fun\u00e7\u00e3o cerebral e pode reduzir o risco de doen\u00e7as neurodegenerativas, como o Alzheimer.<\/p>\n\n\n\n<h2 class=\"wp-block-heading\">Receita Saud\u00e1vel: Smoothie de Banana e Aveia<\/h2>\n\n\n\n<p>Uma maneira deliciosa e saud\u00e1vel de incorporar bananas em sua dieta \u00e9 atrav\u00e9s de um smoothie de banana e aveia. Esta receita \u00e9 f\u00e1cil de preparar e oferece uma combina\u00e7\u00e3o perfeita de nutrientes para come\u00e7ar o dia com energia.<\/p>\n\n\n\n<ol class=\"wp-block-list\">\n<li><strong>Ingredientes:<\/strong>\n<ul class=\"wp-block-list\">\n<li>1 banana madura<\/li>\n\n\n\n<li>1\/2 x\u00edcara de aveia em flocos<\/li>\n\n\n\n<li>1 x\u00edcara de leite de am\u00eandoas (ou outro leite de sua prefer\u00eancia)<\/li>\n\n\n\n<li>1 colher de sopa de mel ou xarope de agave<\/li>\n\n\n\n<li>1\/2 colher de ch\u00e1 de canela em p\u00f3<\/li>\n\n\n\n<li>Gelo a gosto<\/li>\n<\/ul>\n<\/li>\n\n\n\n<li><strong>Modo de Preparo:<\/strong>\n<ul class=\"wp-block-list\">\n<li>No liquidificador, adicione a banana, aveia, leite de am\u00eandoas, mel e canela.<\/li>\n\n\n\n<li>Bata at\u00e9 obter uma mistura homog\u00eanea.<\/li>\n\n\n\n<li>Adicione gelo e bata novamente at\u00e9 atingir a consist\u00eancia desejada.<\/li>\n\n\n\n<li>Sirva imediatamente e aproveite este smoothie nutritivo.<\/li>\n<\/ul>\n<\/li>\n<\/ol>\n\n\n\n<p>Este smoothie \u00e9 uma excelente op\u00e7\u00e3o para o caf\u00e9 da manh\u00e3 ou lanche da tarde, proporcionando energia e nutrientes essenciais para o dia a dia. A combina\u00e7\u00e3o de banana e aveia oferece fibras, vitaminas e minerais que ajudam a manter o corpo saud\u00e1vel e em equil\u00edbrio.<\/p>\n","protected":false},"excerpt":{"rendered":"<p>A banana \u00e9 uma das frutas mais consumidas no mundo, conhecida por sua praticidade e sabor adocicado. Rica em nutrientes essenciais, ela desempenha um papel importante na dieta de muitas pessoas. A fruta \u00e9 uma excelente fonte de energia, gra\u00e7as ao seu alto teor de carboidratos, e \u00e9 frequentemente consumida por atletas e pessoas que [&hellip;]<\/p>\n","protected":false},"author":5,"featured_media":12729,"comment_status":"open","ping_status":"open","sticky":false,"template":"","format":"standard","meta":{"jnews-multi-image_gallery":[],"jnews_single_post":{"format":"standard"},"jnews_primary_category":[],"jnews_social_meta":[],"jnews_override_counter":[],"footnotes":""},"categories":[29,1],"tags":[5178,5177,5179],"class_list":["post-20584","post","type-post","status-publish","format-standard","has-post-thumbnail","hentry","category-entretenimento","category-noticias","tag-banana-beneficios","tag-banana-saude","tag-nutrientes-banana"],"yoast_head":"<!-- This site is optimized with the Yoast SEO plugin v23.8 - https:\/\/yoast.com\/wordpress\/plugins\/seo\/ -->\n<title>Os incr\u00edveis benef\u00edcios da banana que voc\u00ea precisa conhecer - Estado de Minas - Em foco<\/title>\n<meta name=\"description\" content=\"Rica em pot\u00e1ssio, fibras e vitaminas, a banana \u00e9 uma aliada da sa\u00fade digestiva, do cora\u00e7\u00e3o e do c\u00e9rebro. Saiba mais!\" \/>\n<meta name=\"robots\" content=\"index, follow, max-snippet:-1, max-image-preview:large, max-video-preview:-1\" \/>\n<link rel=\"canonical\" href=\"https:\/\/www.em.com.br\/emfoco\/2025\/02\/27\/os-incriveis-beneficios-da-banana-que-voce-precisa-conhecer\/\" \/>\n<meta property=\"og:locale\" content=\"pt_BR\" \/>\n<meta property=\"og:type\" content=\"article\" \/>\n<meta property=\"og:title\" content=\"Os incr\u00edveis benef\u00edcios da banana que voc\u00ea precisa conhecer - Estado de Minas - Em foco\" \/>\n<meta property=\"og:description\" content=\"Rica em pot\u00e1ssio, fibras e vitaminas, a banana \u00e9 uma aliada da sa\u00fade digestiva, do cora\u00e7\u00e3o e do c\u00e9rebro. Saiba mais!\" \/>\n<meta property=\"og:url\" content=\"https:\/\/www.em.com.br\/emfoco\/2025\/02\/27\/os-incriveis-beneficios-da-banana-que-voce-precisa-conhecer\/\" \/>\n<meta property=\"og:site_name\" content=\"Estado de Minas - Em foco\" \/>\n<meta property=\"article:published_time\" content=\"2025-02-27T14:40:00+00:00\" \/>\n<meta property=\"article:modified_time\" content=\"2025-02-26T20:44:28+00:00\" \/>\n<meta property=\"og:image\" content=\"https:\/\/www.em.com.br\/emfoco\/wp-content\/uploads\/2025\/01\/banana_1737555859556.jpg\" \/>\n\t<meta property=\"og:image:width\" content=\"1280\" \/>\n\t<meta property=\"og:image:height\" content=\"720\" \/>\n\t<meta property=\"og:image:type\" content=\"image\/jpeg\" \/>\n<meta name=\"author\" content=\"N\u00fabia Rangel\" \/>\n<meta name=\"twitter:card\" content=\"summary_large_image\" \/>\n<meta name=\"twitter:label1\" content=\"Escrito por\" \/>\n\t<meta name=\"twitter:data1\" content=\"N\u00fabia Rangel\" \/>\n\t<meta name=\"twitter:label2\" content=\"Est. tempo de leitura\" \/>\n\t<meta name=\"twitter:data2\" content=\"4 minutos\" \/>\n<!-- \/ Yoast SEO plugin. -->","yoast_head_json":{"title":"Os incr\u00edveis benef\u00edcios da banana que voc\u00ea precisa conhecer - Estado de Minas - Em foco","description":"Rica em pot\u00e1ssio, fibras e vitaminas, a banana \u00e9 uma aliada da sa\u00fade digestiva, do cora\u00e7\u00e3o e do c\u00e9rebro. Saiba mais!","robots":{"index":"index","follow":"follow","max-snippet":"max-snippet:-1","max-image-preview":"max-image-preview:large","max-video-preview":"max-video-preview:-1"},"canonical":"https:\/\/www.em.com.br\/emfoco\/2025\/02\/27\/os-incriveis-beneficios-da-banana-que-voce-precisa-conhecer\/","og_locale":"pt_BR","og_type":"article","og_title":"Os incr\u00edveis benef\u00edcios da banana que voc\u00ea precisa conhecer - Estado de Minas - Em foco","og_description":"Rica em pot\u00e1ssio, fibras e vitaminas, a banana \u00e9 uma aliada da sa\u00fade digestiva, do cora\u00e7\u00e3o e do c\u00e9rebro. Saiba mais!","og_url":"https:\/\/www.em.com.br\/emfoco\/2025\/02\/27\/os-incriveis-beneficios-da-banana-que-voce-precisa-conhecer\/","og_site_name":"Estado de Minas - Em foco","article_published_time":"2025-02-27T14:40:00+00:00","article_modified_time":"2025-02-26T20:44:28+00:00","og_image":[{"width":1280,"height":720,"url":"https:\/\/www.em.com.br\/emfoco\/wp-content\/uploads\/2025\/01\/banana_1737555859556.jpg","type":"image\/jpeg"}],"author":"N\u00fabia Rangel","twitter_card":"summary_large_image","twitter_misc":{"Escrito por":"N\u00fabia Rangel","Est. tempo de leitura":"4 minutos"},"schema":{"@context":"https:\/\/schema.org","@graph":[{"@type":"WebPage","@id":"https:\/\/www.em.com.br\/emfoco\/2025\/02\/27\/os-incriveis-beneficios-da-banana-que-voce-precisa-conhecer\/","url":"https:\/\/www.em.com.br\/emfoco\/2025\/02\/27\/os-incriveis-beneficios-da-banana-que-voce-precisa-conhecer\/","name":"Os incr\u00edveis benef\u00edcios da banana que voc\u00ea precisa conhecer - Estado de Minas - Em foco","isPartOf":{"@id":"https:\/\/www.em.com.br\/emfoco\/#website"},"primaryImageOfPage":{"@id":"https:\/\/www.em.com.br\/emfoco\/2025\/02\/27\/os-incriveis-beneficios-da-banana-que-voce-precisa-conhecer\/#primaryimage"},"image":{"@id":"https:\/\/www.em.com.br\/emfoco\/2025\/02\/27\/os-incriveis-beneficios-da-banana-que-voce-precisa-conhecer\/#primaryimage"},"thumbnailUrl":"https:\/\/www.em.com.br\/emfoco\/wp-content\/uploads\/2025\/01\/banana_1737555859556.jpg","datePublished":"2025-02-27T14:40:00+00:00","dateModified":"2025-02-26T20:44:28+00:00","author":{"@id":"https:\/\/www.em.com.br\/emfoco\/#\/schema\/person\/524437ef54f8a5d32591b143307f2e20"},"description":"Rica em pot\u00e1ssio, fibras e vitaminas, a banana \u00e9 uma aliada da sa\u00fade digestiva, do cora\u00e7\u00e3o e do c\u00e9rebro. Saiba mais!","breadcrumb":{"@id":"https:\/\/www.em.com.br\/emfoco\/2025\/02\/27\/os-incriveis-beneficios-da-banana-que-voce-precisa-conhecer\/#breadcrumb"},"inLanguage":"pt-BR","potentialAction":[{"@type":"ReadAction","target":["https:\/\/www.em.com.br\/emfoco\/2025\/02\/27\/os-incriveis-beneficios-da-banana-que-voce-precisa-conhecer\/"]}]},{"@type":"ImageObject","inLanguage":"pt-BR","@id":"https:\/\/www.em.com.br\/emfoco\/2025\/02\/27\/os-incriveis-beneficios-da-banana-que-voce-precisa-conhecer\/#primaryimage","url":"https:\/\/www.em.com.br\/emfoco\/wp-content\/uploads\/2025\/01\/banana_1737555859556.jpg","contentUrl":"https:\/\/www.em.com.br\/emfoco\/wp-content\/uploads\/2025\/01\/banana_1737555859556.jpg","width":1280,"height":720,"caption":"Banana - Cr\u00e9ditos: depositphotos.com \/ photomaru"},{"@type":"BreadcrumbList","@id":"https:\/\/www.em.com.br\/emfoco\/2025\/02\/27\/os-incriveis-beneficios-da-banana-que-voce-precisa-conhecer\/#breadcrumb","itemListElement":[{"@type":"ListItem","position":1,"name":"In\u00edcio","item":"https:\/\/www.em.com.br\/emfoco\/"},{"@type":"ListItem","position":2,"name":"Os incr\u00edveis benef\u00edcios da banana que voc\u00ea precisa conhecer"}]},{"@type":"WebSite","@id":"https:\/\/www.em.com.br\/emfoco\/#website","url":"https:\/\/www.em.com.br\/emfoco\/","name":"Estado de Minas - Em foco","description":"Acompanhe as \u00faltimas not\u00edcias e fique bem informado sobre tudo o que acontece em Minas Gerais, Brasil e no mundo.","potentialAction":[{"@type":"SearchAction","target":{"@type":"EntryPoint","urlTemplate":"https:\/\/www.em.com.br\/emfoco\/?s={search_term_string}"},"query-input":{"@type":"PropertyValueSpecification","valueRequired":true,"valueName":"search_term_string"}}],"inLanguage":"pt-BR"},{"@type":"Person","@id":"https:\/\/www.em.com.br\/emfoco\/#\/schema\/person\/524437ef54f8a5d32591b143307f2e20","name":"N\u00fabia Rangel","image":{"@type":"ImageObject","inLanguage":"pt-BR","@id":"https:\/\/www.em.com.br\/emfoco\/#\/schema\/person\/image\/","url":"https:\/\/secure.gravatar.com\/avatar\/47cff2827a5ba23c37e8068c86817ea4?s=96&d=mm&r=g","contentUrl":"https:\/\/secure.gravatar.com\/avatar\/47cff2827a5ba23c37e8068c86817ea4?s=96&d=mm&r=g","caption":"N\u00fabia Rangel"},"sameAs":["https:\/\/www.em.com.br\/emfoco\/"],"url":"https:\/\/www.em.com.br\/emfoco\/author\/nubiamyth\/"}]}},"_links":{"self":[{"href":"https:\/\/www.em.com.br\/emfoco\/wp-json\/wp\/v2\/posts\/20584","targetHints":{"allow":["GET"]}}],"collection":[{"href":"https:\/\/www.em.com.br\/emfoco\/wp-json\/wp\/v2\/posts"}],"about":[{"href":"https:\/\/www.em.com.br\/emfoco\/wp-json\/wp\/v2\/types\/post"}],"author":[{"embeddable":true,"href":"https:\/\/www.em.com.br\/emfoco\/wp-json\/wp\/v2\/users\/5"}],"replies":[{"embeddable":true,"href":"https:\/\/www.em.com.br\/emfoco\/wp-json\/wp\/v2\/comments?post=20584"}],"version-history":[{"count":2,"href":"https:\/\/www.em.com.br\/emfoco\/wp-json\/wp\/v2\/posts\/20584\/revisions"}],"predecessor-version":[{"id":20586,"href":"https:\/\/www.em.com.br\/emfoco\/wp-json\/wp\/v2\/posts\/20584\/revisions\/20586"}],"wp:featuredmedia":[{"embeddable":true,"href":"https:\/\/www.em.com.br\/emfoco\/wp-json\/wp\/v2\/media\/12729"}],"wp:attachment":[{"href":"https:\/\/www.em.com.br\/emfoco\/wp-json\/wp\/v2\/media?parent=20584"}],"wp:term":[{"taxonomy":"category","embeddable":true,"href":"https:\/\/www.em.com.br\/emfoco\/wp-json\/wp\/v2\/categories?post=20584"},{"taxonomy":"post_tag","embeddable":true,"href":"https:\/\/www.em.com.br\/emfoco\/wp-json\/wp\/v2\/tags?post=20584"}],"curies":[{"name":"wp","href":"https:\/\/api.w.org\/{rel}","templated":true}]}}