{"id":2057,"date":"2024-11-30T18:20:00","date_gmt":"2024-11-30T21:20:00","guid":{"rendered":"https:\/\/www.em.com.br\/emfoco\/?p=2057"},"modified":"2024-11-29T17:17:07","modified_gmt":"2024-11-29T20:17:07","slug":"timothee-chalamet-ascensao-trabalho-e-fortuna-de-um-icone-da-nova-geracao","status":"publish","type":"post","link":"https:\/\/www.em.com.br\/emfoco\/2024\/11\/30\/timothee-chalamet-ascensao-trabalho-e-fortuna-de-um-icone-da-nova-geracao\/","title":{"rendered":"Timoth\u00e9e Chalamet: Ascens\u00e3o, Trabalho e Fortuna de um \u00cdcone da Nova Gera\u00e7\u00e3o"},"content":{"rendered":"\n<p>Timoth\u00e9e Chalamet, nascido em 27 de dezembro de 1995, \u00e9 um dos <a href=\"https:\/\/www.em.com.br\/emfoco\/categoria\/entretenimento\/\" target=\"_blank\" rel=\"noreferrer noopener\"><strong>atores <\/strong><\/a>mais not\u00e1veis da sua gera\u00e7\u00e3o. Com um <a href=\"https:\/\/www.em.com.br\/emfoco\/2024\/11\/27\/colman-domingo-marvel-e-fortuna-conheca-a-trajetoria-brilhante-do-ator\/\" target=\"_blank\" rel=\"noreferrer noopener\"><strong>talento <\/strong><\/a>incompar\u00e1vel e uma presen\u00e7a magn\u00e9tica nas telonas, ele conquistou uma base de f\u00e3s global e se estabeleceu como um dos atores mais promissores de Hollywood. Aos 28 anos, Timoth\u00e9e j\u00e1 acumulou uma carreira impressionante, <a href=\"https:\/\/pt.wikipedia.org\/wiki\/Timoth%C3%A9e_Chalamet\" target=\"_blank\" rel=\"noreferrer noopener\"><strong>protagonizando<\/strong><\/a> filmes aclamados pela cr\u00edtica e conquistando uma fortuna consider\u00e1vel.<\/p>\n\n\n\n<h2 class=\"wp-block-heading\">In\u00edcio da Carreira<\/h2>\n\n\n\n<p>Timoth\u00e9e nasceu em Nova York, filho de uma m\u00e3e ex-artista e um pai corretor de im\u00f3veis. Desde cedo, ele mostrou um interesse profundo por atua\u00e7\u00e3o, sendo um aluno aplicado na Escola de Artes da Universidade de Nova York (NYU). Seu primeiro papel significativo veio em 2008, quando participou de uma s\u00e9rie de produ\u00e7\u00f5es de TV e curta-metragens. Por\u00e9m, foi em 2014 que ele ganhou seu primeiro grande papel no cinema, no drama <em>Interstellar<\/em>, dirigido por Christopher Nolan. Embora seu papel fosse pequeno, isso marcou o in\u00edcio de sua jornada em Hollywood.<\/p>\n\n\n\n<p>A grande virada na carreira de Timoth\u00e9e ocorreu em 2017, com o lan\u00e7amento de <em>Me Chame Pelo Seu Nome<\/em> (<em>Call Me by Your Name<\/em>). Seu papel como Elio Perlman, um jovem que vive um romance de ver\u00e3o com um homem mais velho, n\u00e3o s\u00f3 impressionou a cr\u00edtica como tamb\u00e9m rendeu a Timoth\u00e9e sua primeira indica\u00e7\u00e3o ao Oscar de Melhor Ator, tornando-o um dos atores mais jovens a ser indicado para essa categoria. O sucesso do filme fez com que ele fosse comparado a gigantes do cinema, colocando-o definitivamente no mapa de Hollywood.<\/p>\n\n\n\n<h2 class=\"wp-block-heading\">A Explos\u00e3o no Cinema<\/h2>\n\n\n\n<p>Ap\u00f3s o sucesso de <em>Me Chame Pelo Seu Nome<\/em>, a carreira de Timoth\u00e9e disparou. Ele se tornou uma figura central em Hollywood e foi escalado para pap\u00e9is em diversos filmes de grande or\u00e7amento e produ\u00e7\u00f5es independentes. Em 2018, ele estrelou <em>Lady Bird<\/em>, que tamb\u00e9m foi aclamado pela cr\u00edtica, e no ano seguinte, trabalhou em <em>Opera\u00e7\u00e3o Finale<\/em> e <em>Duna<\/em> (<em>Dune<\/em>), uma adapta\u00e7\u00e3o do cl\u00e1ssico de fic\u00e7\u00e3o cient\u00edfica de Frank Herbert. Em <em>Duna<\/em>, dirigido por Denis Villeneuve, Timoth\u00e9e interpreta Paul Atreides, um jovem herdeiro que \u00e9 parte central na luta pelo poder no deserto de Arrakis, um dos planetas mais cobi\u00e7ados do universo.<\/p>\n\n\n\n<p>O sucesso de <em>Duna<\/em> em 2021 solidificou ainda mais o status de Timoth\u00e9e como uma estrela internacional, com o filme sendo uma das maiores bilheteiras daquele ano. O sucesso n\u00e3o se limitou \u00e0s bilheteiras, mas tamb\u00e9m \u00e0 cr\u00edtica, garantindo-lhe uma s\u00e9rie de pr\u00eamios e indica\u00e7\u00f5es em v\u00e1rios festivais de cinema.<\/p>\n\n\n\n<p>Al\u00e9m disso, Timoth\u00e9e continuou a diversificar seus pap\u00e9is, desde dramas intensos como <em>The King<\/em> (2019), at\u00e9 com\u00e9dias rom\u00e2nticas como <em>Menina M\u00e1<\/em> (<em>Little Women<\/em>), onde interpretou o rom\u00e2ntico Laurie, ao lado de Emma Watson e Saoirse Ronan. Sua versatilidade o posiciona como um dos atores mais procurados de sua gera\u00e7\u00e3o.<\/p>\n\n\n\n<h2 class=\"wp-block-heading\">Fortuna e Estilo de Vida<\/h2>\n\n\n\n<figure class=\"wp-block-gallery has-nested-images columns-default is-cropped wp-block-gallery-1 is-layout-flex wp-block-gallery-is-layout-flex\">\n<figure class=\"wp-block-image size-large\"><img loading=\"lazy\" decoding=\"async\" width=\"1024\" height=\"682\" data-id=\"2084\" src=\"https:\/\/www.em.com.br\/emfoco\/wp-content\/uploads\/2024\/11\/Timothee-Chalamet-Wikimedia-Commons-1024x682.png\" alt=\"Timoth\u00e9e Chalamet - Wikimedia Commons\" class=\"wp-image-2084\" srcset=\"https:\/\/www.em.com.br\/emfoco\/wp-content\/uploads\/2024\/11\/Timothee-Chalamet-Wikimedia-Commons-1024x682.png 1024w, https:\/\/www.em.com.br\/emfoco\/wp-content\/uploads\/2024\/11\/Timothee-Chalamet-Wikimedia-Commons-300x200.png 300w, https:\/\/www.em.com.br\/emfoco\/wp-content\/uploads\/2024\/11\/Timothee-Chalamet-Wikimedia-Commons-768x512.png 768w, https:\/\/www.em.com.br\/emfoco\/wp-content\/uploads\/2024\/11\/Timothee-Chalamet-Wikimedia-Commons-750x500.png 750w, https:\/\/www.em.com.br\/emfoco\/wp-content\/uploads\/2024\/11\/Timothee-Chalamet-Wikimedia-Commons-1140x760.png 1140w, https:\/\/www.em.com.br\/emfoco\/wp-content\/uploads\/2024\/11\/Timothee-Chalamet-Wikimedia-Commons.png 1280w\" sizes=\"auto, (max-width: 1024px) 100vw, 1024px\" \/><figcaption class=\"wp-element-caption\">Timoth\u00e9e Chalamet &#8211; Wikimedia Commons<\/figcaption><\/figure>\n<\/figure>\n\n\n\n<p>Com uma carreira em ascens\u00e3o, Timoth\u00e9e acumulou uma fortuna impressionante. Embora n\u00fameros exatos sobre sua fortuna pessoal variem, estima-se que ele tenha um patrim\u00f4nio l\u00edquido superior a US$ 25 milh\u00f5es at\u00e9 2023. Seu sucesso em filmes de grande or\u00e7amento, como <em>Duna<\/em> e <em>Rei<\/em>, bem como seus contratos com marcas de luxo, como Chanel, contribuem para essa impressionante soma.<\/p>\n\n\n\n<p>Timoth\u00e9e \u00e9 conhecido por ser muito seletivo em rela\u00e7\u00e3o aos pap\u00e9is que escolhe, preferindo atuar em filmes que desafiem sua habilidade como ator e que ofere\u00e7am pap\u00e9is profundos e interessantes. Essa escolha cuidadosa n\u00e3o s\u00f3 reflete seu compromisso com a arte, mas tamb\u00e9m o ajudou a manter uma carreira duradoura e sem esc\u00e2ndalos.<\/p>\n\n\n\n<p>Al\u00e9m de sua carreira no cinema, Timoth\u00e9e se tornou um \u00edcone de moda, sendo frequentemente visto nas capas de revistas e participando de grandes eventos de moda, como o Met Gala. Seu estilo distinto e elegante, muitas vezes misturando o cl\u00e1ssico e o moderno, lhe rendeu a reputa\u00e7\u00e3o de um dos jovens mais bem vestidos de Hollywood.<\/p>\n\n\n\n<h2 class=\"wp-block-heading\">Vida Pessoal e Futuro<\/h2>\n\n\n\n<p>Timoth\u00e9e Chalamet \u00e9 conhecido por ser reservado sobre sua vida pessoal, preferindo manter sua privacidade. No entanto, ele nunca escondeu sua paix\u00e3o pela atua\u00e7\u00e3o e pelo trabalho criativo. Em v\u00e1rias entrevistas, ele expressou seu amor pelo processo de atuar e sua admira\u00e7\u00e3o por cineastas como Woody Allen e Luca Guadagnino.<\/p>\n\n\n\n<p>Em rela\u00e7\u00e3o ao futuro, os f\u00e3s de Timoth\u00e9e est\u00e3o ansiosos para v\u00ea-lo em novos projetos. Em 2024, ele ser\u00e1 protagonista no aguardado filme <em>Wonka<\/em>, onde interpretar\u00e1 uma vers\u00e3o jovem do ic\u00f4nico personagem Willy Wonka, antes de ele se tornar o famoso fabricante de chocolates. Este papel \u00e9 mais uma oportunidade para Timoth\u00e9e mostrar sua habilidade em filmes de grande porte e sua capacidade de interpretar personagens carism\u00e1ticos.<\/p>\n\n\n\n<p>Com sua carreira ainda em ascens\u00e3o, Timoth\u00e9e Chalamet promete continuar a conquistar o mundo do cinema, com pap\u00e9is que desafiem sua habilidade como ator e o coloquem como um dos grandes nomes de Hollywood nas pr\u00f3ximas d\u00e9cadas. Sua fortuna e sucesso s\u00e3o apenas o come\u00e7o de uma jornada promissora e emocionante.<\/p>\n","protected":false},"excerpt":{"rendered":"<p>Timoth\u00e9e Chalamet, ator jovem e vers\u00e1til, tornou-se destaque em Hollywood por pap\u00e9is marcantes em Me Chame Pelo Seu Nome e Duna, consolidando talento e fortuna no cinema global.<\/p>\n","protected":false},"author":3,"featured_media":2085,"comment_status":"open","ping_status":"open","sticky":false,"template":"","format":"standard","meta":{"jnews-multi-image_gallery":[],"jnews_single_post":{"format":"standard"},"jnews_primary_category":[],"jnews_social_meta":[],"jnews_override_counter":[],"footnotes":""},"categories":[29,1],"tags":[637,1242,188,1132],"class_list":["post-2057","post","type-post","status-publish","format-standard","has-post-thumbnail","hentry","category-entretenimento","category-noticias","tag-cinema","tag-fama","tag-fortuna","tag-timothee-chalamet"],"yoast_head":"<!-- This site is optimized with the Yoast SEO plugin v23.8 - https:\/\/yoast.com\/wordpress\/plugins\/seo\/ -->\n<title>Timoth\u00e9e Chalamet: Ascens\u00e3o, Trabalho e Fortuna de um \u00cdcone da Nova Gera\u00e7\u00e3o - Estado de Minas - Em foco<\/title>\n<meta name=\"description\" content=\"Timoth\u00e9e Chalamet, ator jovem e vers\u00e1til, tornou-se destaque em Hollywood por pap\u00e9is marcantes em Me Chame Pelo Seu Nome e Duna\" \/>\n<meta name=\"robots\" content=\"index, follow, max-snippet:-1, max-image-preview:large, max-video-preview:-1\" \/>\n<link rel=\"canonical\" href=\"https:\/\/www.em.com.br\/emfoco\/2024\/11\/30\/timothee-chalamet-ascensao-trabalho-e-fortuna-de-um-icone-da-nova-geracao\/\" \/>\n<meta property=\"og:locale\" content=\"pt_BR\" \/>\n<meta property=\"og:type\" content=\"article\" \/>\n<meta property=\"og:title\" content=\"Timoth\u00e9e Chalamet: Ascens\u00e3o, Trabalho e Fortuna de um \u00cdcone da Nova Gera\u00e7\u00e3o - Estado de Minas - Em foco\" \/>\n<meta property=\"og:description\" content=\"Timoth\u00e9e Chalamet, ator jovem e vers\u00e1til, tornou-se destaque em Hollywood por pap\u00e9is marcantes em Me Chame Pelo Seu Nome e Duna\" \/>\n<meta property=\"og:url\" content=\"https:\/\/www.em.com.br\/emfoco\/2024\/11\/30\/timothee-chalamet-ascensao-trabalho-e-fortuna-de-um-icone-da-nova-geracao\/\" \/>\n<meta property=\"og:site_name\" content=\"Estado de Minas - Em foco\" \/>\n<meta property=\"article:published_time\" content=\"2024-11-30T21:20:00+00:00\" \/>\n<meta property=\"article:modified_time\" content=\"2024-11-29T20:17:07+00:00\" \/>\n<meta property=\"og:image\" content=\"https:\/\/www.em.com.br\/emfoco\/wp-content\/uploads\/2024\/11\/Timothee-Chalamet-Wikimedia-Commons.jpg\" \/>\n\t<meta property=\"og:image:width\" content=\"1024\" \/>\n\t<meta property=\"og:image:height\" content=\"1024\" \/>\n\t<meta property=\"og:image:type\" content=\"image\/jpeg\" \/>\n<meta name=\"author\" content=\"Helen Palma\" \/>\n<meta name=\"twitter:card\" content=\"summary_large_image\" \/>\n<meta name=\"twitter:label1\" content=\"Escrito por\" \/>\n\t<meta name=\"twitter:data1\" content=\"Helen Palma\" \/>\n\t<meta name=\"twitter:label2\" content=\"Est. tempo de leitura\" \/>\n\t<meta name=\"twitter:data2\" content=\"5 minutos\" \/>\n<!-- \/ Yoast SEO plugin. -->","yoast_head_json":{"title":"Timoth\u00e9e Chalamet: Ascens\u00e3o, Trabalho e Fortuna de um \u00cdcone da Nova Gera\u00e7\u00e3o - Estado de Minas - Em foco","description":"Timoth\u00e9e Chalamet, ator jovem e vers\u00e1til, tornou-se destaque em Hollywood por pap\u00e9is marcantes em Me Chame Pelo Seu Nome e Duna","robots":{"index":"index","follow":"follow","max-snippet":"max-snippet:-1","max-image-preview":"max-image-preview:large","max-video-preview":"max-video-preview:-1"},"canonical":"https:\/\/www.em.com.br\/emfoco\/2024\/11\/30\/timothee-chalamet-ascensao-trabalho-e-fortuna-de-um-icone-da-nova-geracao\/","og_locale":"pt_BR","og_type":"article","og_title":"Timoth\u00e9e Chalamet: Ascens\u00e3o, Trabalho e Fortuna de um \u00cdcone da Nova Gera\u00e7\u00e3o - Estado de Minas - Em foco","og_description":"Timoth\u00e9e Chalamet, ator jovem e vers\u00e1til, tornou-se destaque em Hollywood por pap\u00e9is marcantes em Me Chame Pelo Seu Nome e Duna","og_url":"https:\/\/www.em.com.br\/emfoco\/2024\/11\/30\/timothee-chalamet-ascensao-trabalho-e-fortuna-de-um-icone-da-nova-geracao\/","og_site_name":"Estado de Minas - Em foco","article_published_time":"2024-11-30T21:20:00+00:00","article_modified_time":"2024-11-29T20:17:07+00:00","og_image":[{"width":1024,"height":1024,"url":"https:\/\/www.em.com.br\/emfoco\/wp-content\/uploads\/2024\/11\/Timothee-Chalamet-Wikimedia-Commons.jpg","type":"image\/jpeg"}],"author":"Helen Palma","twitter_card":"summary_large_image","twitter_misc":{"Escrito por":"Helen Palma","Est. tempo de leitura":"5 minutos"},"schema":{"@context":"https:\/\/schema.org","@graph":[{"@type":"WebPage","@id":"https:\/\/www.em.com.br\/emfoco\/2024\/11\/30\/timothee-chalamet-ascensao-trabalho-e-fortuna-de-um-icone-da-nova-geracao\/","url":"https:\/\/www.em.com.br\/emfoco\/2024\/11\/30\/timothee-chalamet-ascensao-trabalho-e-fortuna-de-um-icone-da-nova-geracao\/","name":"Timoth\u00e9e Chalamet: Ascens\u00e3o, Trabalho e Fortuna de um \u00cdcone da Nova Gera\u00e7\u00e3o - Estado de Minas - Em foco","isPartOf":{"@id":"https:\/\/www.em.com.br\/emfoco\/#website"},"primaryImageOfPage":{"@id":"https:\/\/www.em.com.br\/emfoco\/2024\/11\/30\/timothee-chalamet-ascensao-trabalho-e-fortuna-de-um-icone-da-nova-geracao\/#primaryimage"},"image":{"@id":"https:\/\/www.em.com.br\/emfoco\/2024\/11\/30\/timothee-chalamet-ascensao-trabalho-e-fortuna-de-um-icone-da-nova-geracao\/#primaryimage"},"thumbnailUrl":"https:\/\/www.em.com.br\/emfoco\/wp-content\/uploads\/2024\/11\/Timothee-Chalamet-Wikimedia-Commons.jpg","datePublished":"2024-11-30T21:20:00+00:00","dateModified":"2024-11-29T20:17:07+00:00","author":{"@id":"https:\/\/www.em.com.br\/emfoco\/#\/schema\/person\/d79d5c83ee37ab7ca6781d92bd406eac"},"description":"Timoth\u00e9e Chalamet, ator jovem e vers\u00e1til, tornou-se destaque em Hollywood por pap\u00e9is marcantes em Me Chame Pelo Seu Nome e Duna","breadcrumb":{"@id":"https:\/\/www.em.com.br\/emfoco\/2024\/11\/30\/timothee-chalamet-ascensao-trabalho-e-fortuna-de-um-icone-da-nova-geracao\/#breadcrumb"},"inLanguage":"pt-BR","potentialAction":[{"@type":"ReadAction","target":["https:\/\/www.em.com.br\/emfoco\/2024\/11\/30\/timothee-chalamet-ascensao-trabalho-e-fortuna-de-um-icone-da-nova-geracao\/"]}]},{"@type":"ImageObject","inLanguage":"pt-BR","@id":"https:\/\/www.em.com.br\/emfoco\/2024\/11\/30\/timothee-chalamet-ascensao-trabalho-e-fortuna-de-um-icone-da-nova-geracao\/#primaryimage","url":"https:\/\/www.em.com.br\/emfoco\/wp-content\/uploads\/2024\/11\/Timothee-Chalamet-Wikimedia-Commons.jpg","contentUrl":"https:\/\/www.em.com.br\/emfoco\/wp-content\/uploads\/2024\/11\/Timothee-Chalamet-Wikimedia-Commons.jpg","width":1024,"height":1024,"caption":"Timoth\u00e9e Chalamet - Wikimedia Commons"},{"@type":"BreadcrumbList","@id":"https:\/\/www.em.com.br\/emfoco\/2024\/11\/30\/timothee-chalamet-ascensao-trabalho-e-fortuna-de-um-icone-da-nova-geracao\/#breadcrumb","itemListElement":[{"@type":"ListItem","position":1,"name":"In\u00edcio","item":"https:\/\/www.em.com.br\/emfoco\/"},{"@type":"ListItem","position":2,"name":"Timoth\u00e9e Chalamet: Ascens\u00e3o, Trabalho e Fortuna de um \u00cdcone da Nova Gera\u00e7\u00e3o"}]},{"@type":"WebSite","@id":"https:\/\/www.em.com.br\/emfoco\/#website","url":"https:\/\/www.em.com.br\/emfoco\/","name":"Estado de Minas - Em foco","description":"Acompanhe as \u00faltimas not\u00edcias e fique bem informado sobre tudo o que acontece em Minas Gerais, Brasil e no mundo.","potentialAction":[{"@type":"SearchAction","target":{"@type":"EntryPoint","urlTemplate":"https:\/\/www.em.com.br\/emfoco\/?s={search_term_string}"},"query-input":{"@type":"PropertyValueSpecification","valueRequired":true,"valueName":"search_term_string"}}],"inLanguage":"pt-BR"},{"@type":"Person","@id":"https:\/\/www.em.com.br\/emfoco\/#\/schema\/person\/d79d5c83ee37ab7ca6781d92bd406eac","name":"Helen Palma","image":{"@type":"ImageObject","inLanguage":"pt-BR","@id":"https:\/\/www.em.com.br\/emfoco\/#\/schema\/person\/image\/","url":"https:\/\/secure.gravatar.com\/avatar\/c657d9266c25fd5b35a8a6274fb730cd?s=96&d=mm&r=g","contentUrl":"https:\/\/secure.gravatar.com\/avatar\/c657d9266c25fd5b35a8a6274fb730cd?s=96&d=mm&r=g","caption":"Helen Palma"},"url":"https:\/\/www.em.com.br\/emfoco\/author\/helenmyth\/"}]}},"_links":{"self":[{"href":"https:\/\/www.em.com.br\/emfoco\/wp-json\/wp\/v2\/posts\/2057","targetHints":{"allow":["GET"]}}],"collection":[{"href":"https:\/\/www.em.com.br\/emfoco\/wp-json\/wp\/v2\/posts"}],"about":[{"href":"https:\/\/www.em.com.br\/emfoco\/wp-json\/wp\/v2\/types\/post"}],"author":[{"embeddable":true,"href":"https:\/\/www.em.com.br\/emfoco\/wp-json\/wp\/v2\/users\/3"}],"replies":[{"embeddable":true,"href":"https:\/\/www.em.com.br\/emfoco\/wp-json\/wp\/v2\/comments?post=2057"}],"version-history":[{"count":2,"href":"https:\/\/www.em.com.br\/emfoco\/wp-json\/wp\/v2\/posts\/2057\/revisions"}],"predecessor-version":[{"id":2086,"href":"https:\/\/www.em.com.br\/emfoco\/wp-json\/wp\/v2\/posts\/2057\/revisions\/2086"}],"wp:featuredmedia":[{"embeddable":true,"href":"https:\/\/www.em.com.br\/emfoco\/wp-json\/wp\/v2\/media\/2085"}],"wp:attachment":[{"href":"https:\/\/www.em.com.br\/emfoco\/wp-json\/wp\/v2\/media?parent=2057"}],"wp:term":[{"taxonomy":"category","embeddable":true,"href":"https:\/\/www.em.com.br\/emfoco\/wp-json\/wp\/v2\/categories?post=2057"},{"taxonomy":"post_tag","embeddable":true,"href":"https:\/\/www.em.com.br\/emfoco\/wp-json\/wp\/v2\/tags?post=2057"}],"curies":[{"name":"wp","href":"https:\/\/api.w.org\/{rel}","templated":true}]}}