{"id":20551,"date":"2025-02-19T12:00:12","date_gmt":"2025-02-19T15:00:12","guid":{"rendered":"https:\/\/www.em.com.br\/emfoco\/?p=20551"},"modified":"2025-02-18T16:02:55","modified_gmt":"2025-02-18T19:02:55","slug":"meta-planeja-robos-humanoides-para-auxiliar-nas-tarefas-domesticas","status":"publish","type":"post","link":"https:\/\/www.em.com.br\/emfoco\/2025\/02\/19\/meta-planeja-robos-humanoides-para-auxiliar-nas-tarefas-domesticas\/","title":{"rendered":"Meta planeja rob\u00f4s humanoides para auxiliar nas tarefas dom\u00e9sticas"},"content":{"rendered":"\n<p>A <strong>Meta<\/strong>, conhecida por suas inova\u00e7\u00f5es em realidade virtual e aumentada, est\u00e1 expandindo suas ambi\u00e7\u00f5es para o campo da rob\u00f3tica. A empresa planeja <strong>lan\u00e7ar rob\u00f4s humanoides<\/strong> equipados com intelig\u00eancia artificial, destinados a auxiliar em <strong>tarefas dom\u00e9sticas<\/strong>. A previs\u00e3o \u00e9 que esses <a href=\"https:\/\/www.em.com.br\/emfoco\/?s=rob%C3%B4\" target=\"_blank\" rel=\"noreferrer noopener\">rob\u00f4s <\/a>cheguem ao mercado em <strong>aproximadamente dois anos<\/strong>, marcando um novo cap\u00edtulo na integra\u00e7\u00e3o de tecnologia avan\u00e7ada em atividades cotidianas.<\/p>\n\n\n\n<p>Para alcan\u00e7ar esse objetivo, a <a href=\"https:\/\/www.em.com.br\/emfoco\/2025\/02\/09\/meta-enfrenta-acusacoes-graves-por-baixar-livros-ilegalmente-para-treinar-ia\/\" target=\"_blank\" rel=\"noreferrer noopener\">Meta <\/a>criou uma nova divis\u00e3o dentro do <strong>Reality Labs<\/strong>, seu bra\u00e7o de pesquisa e desenvolvimento. Esta divis\u00e3o ser\u00e1 liderada por<strong> Marc Whitten, ex-CEO da empresa de t\u00e1xis aut\u00f4nomos Cruise<\/strong>, e contar\u00e1 com uma equipe de cerca de<strong> 100 engenheiros<\/strong>. O foco ser\u00e1 no desenvolvimento de hardware e software que possam ser utilizados tanto em produtos pr\u00f3prios quanto em parcerias com outras fabricantes.<\/p>\n\n\n\n<h2 class=\"wp-block-heading\">Quais s\u00e3o os planos da Meta para a rob\u00f3tica?<\/h2>\n\n\n\n<p>Os planos da Meta para a <a href=\"https:\/\/www.reuters.com\/technology\/artificial-intelligence\/meta-plans-investments-into-ai-driven-humanoid-robots-memo-shows-2025-02-14\/\" target=\"_blank\" rel=\"noreferrer noopener\">rob\u00f3tica <\/a>envolvem n\u00e3o apenas a cria\u00e7\u00e3o de seus pr\u00f3prios rob\u00f4s, mas tamb\u00e9m o fornecimento de tecnologia para outras empresas. A Meta est\u00e1 em negocia\u00e7\u00f5es com empresas como a <strong>Unitree <\/strong>e a <strong>Figure AI<\/strong> para explorar colabora\u00e7\u00f5es potenciais. Embora os primeiros rob\u00f4s n\u00e3o levem a marca da Meta, h\u00e1 a possibilidade de que isso mude no futuro.<\/p>\n\n\n\n<p>O desenvolvimento dos rob\u00f4s ser\u00e1 potencializado pela plataforma <strong>Llama<\/strong>, que utiliza modelos avan\u00e7ados de intelig\u00eancia artificial. A Meta pretende maximizar os recursos dessa plataforma para criar rob\u00f4s que sejam eficientes e capazes de executar uma variedade de tarefas. Al\u00e9m disso, tecnologias desenvolvidas para a linha Quest, como rastreamento de m\u00e3os e sensores sempre ativos, poder\u00e3o ser reaproveitadas nos rob\u00f4s.<\/p>\n\n\n<div class=\"wp-block-image\">\n<figure class=\"aligncenter size-large\"><img loading=\"lazy\" decoding=\"async\" width=\"1024\" height=\"576\" src=\"https:\/\/www.em.com.br\/emfoco\/wp-content\/uploads\/2025\/01\/meta_1737404774534-1024x576.jpg\" alt=\"\" class=\"wp-image-12034\" srcset=\"https:\/\/www.em.com.br\/emfoco\/wp-content\/uploads\/2025\/01\/meta_1737404774534-1024x576.jpg 1024w, https:\/\/www.em.com.br\/emfoco\/wp-content\/uploads\/2025\/01\/meta_1737404774534-300x169.jpg 300w, https:\/\/www.em.com.br\/emfoco\/wp-content\/uploads\/2025\/01\/meta_1737404774534-768x432.jpg 768w, https:\/\/www.em.com.br\/emfoco\/wp-content\/uploads\/2025\/01\/meta_1737404774534-750x422.jpg 750w, https:\/\/www.em.com.br\/emfoco\/wp-content\/uploads\/2025\/01\/meta_1737404774534-1140x642.jpg 1140w, https:\/\/www.em.com.br\/emfoco\/wp-content\/uploads\/2025\/01\/meta_1737404774534.jpg 1279w\" sizes=\"auto, (max-width: 1024px) 100vw, 1024px\" \/><figcaption class=\"wp-element-caption\">Imagem ilustrativa da empresa META &#8211; Cr\u00e9ditos: depositphotos.com \/ askarimullin<\/figcaption><\/figure><\/div>\n\n\n<h2 class=\"wp-block-heading\">Como a Meta planeja integrar suas tecnologias em rob\u00f4s de terceiros?<\/h2>\n\n\n\n<p>A Meta n\u00e3o est\u00e1 apenas focada em seus pr\u00f3prios produtos, mas tamb\u00e9m busca se tornar uma fornecedora chave de tecnologia para o mercado de rob\u00f3tica. A empresa pretende desenvolver intelig\u00eancia artificial, sensores e software que possam ser utilizados por rob\u00f4s fabricados por outras empresas. Essa estrat\u00e9gia \u00e9 semelhante \u00e0 abordagem do <strong>Google <\/strong>e da <strong>Qualcomm <\/strong>no mercado de smartphones, com o <strong>Android <\/strong>e os chips, respectivamente.<\/p>\n\n\n\n<p>Ao compartilhar suas inova\u00e7\u00f5es com outras fabricantes, a Meta espera acelerar o desenvolvimento de rob\u00f4s humanoides no mercado. Isso pode levar a uma maior ado\u00e7\u00e3o de rob\u00f4s em ambientes dom\u00e9sticos, onde eles poder\u00e3o desempenhar fun\u00e7\u00f5es que v\u00e3o desde a <strong>limpeza at\u00e9 o aux\u00edlio em cuidados pessoais<\/strong>.<\/p>\n\n\n\n<h2 class=\"wp-block-heading\">Quais s\u00e3o os desafios e oportunidades no desenvolvimento de rob\u00f4s humanoides?<\/h2>\n\n\n\n<p>O desenvolvimento de rob\u00f4s humanoides <strong>apresenta tanto desafios quanto oportunidades<\/strong>. Entre os desafios est\u00e3o a cria\u00e7\u00e3o de sistemas de intelig\u00eancia artificial que possam lidar com a complexidade das tarefas dom\u00e9sticas e a integra\u00e7\u00e3o de sensores que permitam uma intera\u00e7\u00e3o segura e eficiente com humanos. Al\u00e9m disso, <strong>a aceita\u00e7\u00e3o do p\u00fablico e a regulamenta\u00e7\u00e3o<\/strong> s\u00e3o fatores que podem influenciar o sucesso desses rob\u00f4s no mercado.<\/p>\n\n\n\n<p>No entanto, as oportunidades s\u00e3o vastas. Rob\u00f4s humanoides podem transformar a maneira como as tarefas dom\u00e9sticas s\u00e3o realizadas, proporcionando mais tempo livre para as pessoas. Al\u00e9m disso, eles podem oferecer assist\u00eancia a idosos e pessoas com mobilidade reduzida, melhorando a qualidade de vida desses indiv\u00edduos. A Meta, com sua expertise em tecnologia avan\u00e7ada, est\u00e1 bem posicionada para liderar essa transforma\u00e7\u00e3o.<\/p>\n","protected":false},"excerpt":{"rendered":"<p>A Meta, conhecida por suas inova\u00e7\u00f5es em realidade virtual e aumentada, est\u00e1 expandindo suas ambi\u00e7\u00f5es para o campo da rob\u00f3tica. A empresa planeja lan\u00e7ar rob\u00f4s humanoides equipados com intelig\u00eancia artificial, destinados a auxiliar em tarefas dom\u00e9sticas. A previs\u00e3o \u00e9 que esses rob\u00f4s cheguem ao mercado em aproximadamente dois anos, marcando um novo cap\u00edtulo na integra\u00e7\u00e3o [&hellip;]<\/p>\n","protected":false},"author":9,"featured_media":16582,"comment_status":"open","ping_status":"open","sticky":false,"template":"","format":"standard","meta":{"jnews-multi-image_gallery":[],"jnews_single_post":{"format":"standard"},"jnews_primary_category":[],"jnews_social_meta":[],"jnews_override_counter":[],"footnotes":""},"categories":[1,4204],"tags":[1249,1711,4489,3855],"class_list":["post-20551","post","type-post","status-publish","format-standard","has-post-thumbnail","hentry","category-noticias","category-tecnologia","tag-inteligencia-artificial","tag-meta","tag-realidade-virtual","tag-robotica"],"yoast_head":"<!-- This site is optimized with the Yoast SEO plugin v23.8 - https:\/\/yoast.com\/wordpress\/plugins\/seo\/ -->\n<title>Meta planeja rob\u00f4s humanoides para auxiliar nas tarefas dom\u00e9sticas<\/title>\n<meta name=\"description\" content=\"A Meta est\u00e1 desenvolvendo rob\u00f4s humanoides com IA para uso dom\u00e9stico e comercial. Entenda o impacto dessa inova\u00e7\u00e3o no mercado.\" \/>\n<meta name=\"robots\" content=\"index, follow, max-snippet:-1, max-image-preview:large, max-video-preview:-1\" \/>\n<link rel=\"canonical\" href=\"https:\/\/www.em.com.br\/emfoco\/2025\/02\/19\/meta-planeja-robos-humanoides-para-auxiliar-nas-tarefas-domesticas\/\" \/>\n<meta property=\"og:locale\" content=\"pt_BR\" \/>\n<meta property=\"og:type\" content=\"article\" \/>\n<meta property=\"og:title\" content=\"Meta planeja rob\u00f4s humanoides para auxiliar nas tarefas dom\u00e9sticas\" \/>\n<meta property=\"og:description\" content=\"A Meta est\u00e1 desenvolvendo rob\u00f4s humanoides com IA para uso dom\u00e9stico e comercial. Entenda o impacto dessa inova\u00e7\u00e3o no mercado.\" \/>\n<meta property=\"og:url\" content=\"https:\/\/www.em.com.br\/emfoco\/2025\/02\/19\/meta-planeja-robos-humanoides-para-auxiliar-nas-tarefas-domesticas\/\" \/>\n<meta property=\"og:site_name\" content=\"Estado de Minas - Em foco\" \/>\n<meta property=\"article:published_time\" content=\"2025-02-19T15:00:12+00:00\" \/>\n<meta property=\"article:modified_time\" content=\"2025-02-18T19:02:55+00:00\" \/>\n<meta property=\"og:image\" content=\"https:\/\/www.em.com.br\/emfoco\/wp-content\/uploads\/2025\/02\/robos_1738685563906.jpg\" \/>\n\t<meta property=\"og:image:width\" content=\"1280\" \/>\n\t<meta property=\"og:image:height\" content=\"720\" \/>\n\t<meta property=\"og:image:type\" content=\"image\/jpeg\" \/>\n<meta name=\"author\" content=\"Daniely Cardoso\" \/>\n<meta name=\"twitter:card\" content=\"summary_large_image\" \/>\n<meta name=\"twitter:label1\" content=\"Escrito por\" \/>\n\t<meta name=\"twitter:data1\" content=\"Daniely Cardoso\" \/>\n\t<meta name=\"twitter:label2\" content=\"Est. tempo de leitura\" \/>\n\t<meta name=\"twitter:data2\" content=\"4 minutos\" \/>\n<!-- \/ Yoast SEO plugin. -->","yoast_head_json":{"title":"Meta planeja rob\u00f4s humanoides para auxiliar nas tarefas dom\u00e9sticas","description":"A Meta est\u00e1 desenvolvendo rob\u00f4s humanoides com IA para uso dom\u00e9stico e comercial. Entenda o impacto dessa inova\u00e7\u00e3o no mercado.","robots":{"index":"index","follow":"follow","max-snippet":"max-snippet:-1","max-image-preview":"max-image-preview:large","max-video-preview":"max-video-preview:-1"},"canonical":"https:\/\/www.em.com.br\/emfoco\/2025\/02\/19\/meta-planeja-robos-humanoides-para-auxiliar-nas-tarefas-domesticas\/","og_locale":"pt_BR","og_type":"article","og_title":"Meta planeja rob\u00f4s humanoides para auxiliar nas tarefas dom\u00e9sticas","og_description":"A Meta est\u00e1 desenvolvendo rob\u00f4s humanoides com IA para uso dom\u00e9stico e comercial. Entenda o impacto dessa inova\u00e7\u00e3o no mercado.","og_url":"https:\/\/www.em.com.br\/emfoco\/2025\/02\/19\/meta-planeja-robos-humanoides-para-auxiliar-nas-tarefas-domesticas\/","og_site_name":"Estado de Minas - Em foco","article_published_time":"2025-02-19T15:00:12+00:00","article_modified_time":"2025-02-18T19:02:55+00:00","og_image":[{"width":1280,"height":720,"url":"https:\/\/www.em.com.br\/emfoco\/wp-content\/uploads\/2025\/02\/robos_1738685563906.jpg","type":"image\/jpeg"}],"author":"Daniely Cardoso","twitter_card":"summary_large_image","twitter_misc":{"Escrito por":"Daniely Cardoso","Est. tempo de leitura":"4 minutos"},"schema":{"@context":"https:\/\/schema.org","@graph":[{"@type":"WebPage","@id":"https:\/\/www.em.com.br\/emfoco\/2025\/02\/19\/meta-planeja-robos-humanoides-para-auxiliar-nas-tarefas-domesticas\/","url":"https:\/\/www.em.com.br\/emfoco\/2025\/02\/19\/meta-planeja-robos-humanoides-para-auxiliar-nas-tarefas-domesticas\/","name":"Meta planeja rob\u00f4s humanoides para auxiliar nas tarefas dom\u00e9sticas","isPartOf":{"@id":"https:\/\/www.em.com.br\/emfoco\/#website"},"primaryImageOfPage":{"@id":"https:\/\/www.em.com.br\/emfoco\/2025\/02\/19\/meta-planeja-robos-humanoides-para-auxiliar-nas-tarefas-domesticas\/#primaryimage"},"image":{"@id":"https:\/\/www.em.com.br\/emfoco\/2025\/02\/19\/meta-planeja-robos-humanoides-para-auxiliar-nas-tarefas-domesticas\/#primaryimage"},"thumbnailUrl":"https:\/\/www.em.com.br\/emfoco\/wp-content\/uploads\/2025\/02\/robos_1738685563906.jpg","datePublished":"2025-02-19T15:00:12+00:00","dateModified":"2025-02-18T19:02:55+00:00","author":{"@id":"https:\/\/www.em.com.br\/emfoco\/#\/schema\/person\/0a8186d72f2c3a5c6276d90b41f271a0"},"description":"A Meta est\u00e1 desenvolvendo rob\u00f4s humanoides com IA para uso dom\u00e9stico e comercial. Entenda o impacto dessa inova\u00e7\u00e3o no mercado.","breadcrumb":{"@id":"https:\/\/www.em.com.br\/emfoco\/2025\/02\/19\/meta-planeja-robos-humanoides-para-auxiliar-nas-tarefas-domesticas\/#breadcrumb"},"inLanguage":"pt-BR","potentialAction":[{"@type":"ReadAction","target":["https:\/\/www.em.com.br\/emfoco\/2025\/02\/19\/meta-planeja-robos-humanoides-para-auxiliar-nas-tarefas-domesticas\/"]}]},{"@type":"ImageObject","inLanguage":"pt-BR","@id":"https:\/\/www.em.com.br\/emfoco\/2025\/02\/19\/meta-planeja-robos-humanoides-para-auxiliar-nas-tarefas-domesticas\/#primaryimage","url":"https:\/\/www.em.com.br\/emfoco\/wp-content\/uploads\/2025\/02\/robos_1738685563906.jpg","contentUrl":"https:\/\/www.em.com.br\/emfoco\/wp-content\/uploads\/2025\/02\/robos_1738685563906.jpg","width":1280,"height":720,"caption":"Imagem ilustrativa de rob\u00f4s - Cr\u00e9ditos: depositphotos.com \/ iLexx"},{"@type":"BreadcrumbList","@id":"https:\/\/www.em.com.br\/emfoco\/2025\/02\/19\/meta-planeja-robos-humanoides-para-auxiliar-nas-tarefas-domesticas\/#breadcrumb","itemListElement":[{"@type":"ListItem","position":1,"name":"In\u00edcio","item":"https:\/\/www.em.com.br\/emfoco\/"},{"@type":"ListItem","position":2,"name":"Meta planeja rob\u00f4s humanoides para auxiliar nas tarefas dom\u00e9sticas"}]},{"@type":"WebSite","@id":"https:\/\/www.em.com.br\/emfoco\/#website","url":"https:\/\/www.em.com.br\/emfoco\/","name":"Estado de Minas - Em foco","description":"Acompanhe as \u00faltimas not\u00edcias e fique bem informado sobre tudo o que acontece em Minas Gerais, Brasil e no mundo.","potentialAction":[{"@type":"SearchAction","target":{"@type":"EntryPoint","urlTemplate":"https:\/\/www.em.com.br\/emfoco\/?s={search_term_string}"},"query-input":{"@type":"PropertyValueSpecification","valueRequired":true,"valueName":"search_term_string"}}],"inLanguage":"pt-BR"},{"@type":"Person","@id":"https:\/\/www.em.com.br\/emfoco\/#\/schema\/person\/0a8186d72f2c3a5c6276d90b41f271a0","name":"Daniely Cardoso","image":{"@type":"ImageObject","inLanguage":"pt-BR","@id":"https:\/\/www.em.com.br\/emfoco\/#\/schema\/person\/image\/","url":"https:\/\/secure.gravatar.com\/avatar\/4b80ddbd124d1f071b626d52d62e5dff?s=96&d=mm&r=g","contentUrl":"https:\/\/secure.gravatar.com\/avatar\/4b80ddbd124d1f071b626d52d62e5dff?s=96&d=mm&r=g","caption":"Daniely Cardoso"},"url":"https:\/\/www.em.com.br\/emfoco\/author\/danielymyth\/"}]}},"_links":{"self":[{"href":"https:\/\/www.em.com.br\/emfoco\/wp-json\/wp\/v2\/posts\/20551","targetHints":{"allow":["GET"]}}],"collection":[{"href":"https:\/\/www.em.com.br\/emfoco\/wp-json\/wp\/v2\/posts"}],"about":[{"href":"https:\/\/www.em.com.br\/emfoco\/wp-json\/wp\/v2\/types\/post"}],"author":[{"embeddable":true,"href":"https:\/\/www.em.com.br\/emfoco\/wp-json\/wp\/v2\/users\/9"}],"replies":[{"embeddable":true,"href":"https:\/\/www.em.com.br\/emfoco\/wp-json\/wp\/v2\/comments?post=20551"}],"version-history":[{"count":3,"href":"https:\/\/www.em.com.br\/emfoco\/wp-json\/wp\/v2\/posts\/20551\/revisions"}],"predecessor-version":[{"id":20556,"href":"https:\/\/www.em.com.br\/emfoco\/wp-json\/wp\/v2\/posts\/20551\/revisions\/20556"}],"wp:featuredmedia":[{"embeddable":true,"href":"https:\/\/www.em.com.br\/emfoco\/wp-json\/wp\/v2\/media\/16582"}],"wp:attachment":[{"href":"https:\/\/www.em.com.br\/emfoco\/wp-json\/wp\/v2\/media?parent=20551"}],"wp:term":[{"taxonomy":"category","embeddable":true,"href":"https:\/\/www.em.com.br\/emfoco\/wp-json\/wp\/v2\/categories?post=20551"},{"taxonomy":"post_tag","embeddable":true,"href":"https:\/\/www.em.com.br\/emfoco\/wp-json\/wp\/v2\/tags?post=20551"}],"curies":[{"name":"wp","href":"https:\/\/api.w.org\/{rel}","templated":true}]}}