{"id":20542,"date":"2025-02-17T21:30:00","date_gmt":"2025-02-18T00:30:00","guid":{"rendered":"https:\/\/www.em.com.br\/emfoco\/?p=20542"},"modified":"2025-02-17T19:04:44","modified_gmt":"2025-02-17T22:04:44","slug":"a-verdade-oculta-por-tras-do-nome-ana-voce-nunca-imaginou-esse-significado","status":"publish","type":"post","link":"https:\/\/www.em.com.br\/emfoco\/2025\/02\/17\/a-verdade-oculta-por-tras-do-nome-ana-voce-nunca-imaginou-esse-significado\/","title":{"rendered":"A verdade oculta por tr\u00e1s do nome Ana \u2013 voc\u00ea nunca imaginou esse significado!"},"content":{"rendered":"\n<p>A origem do nome Ana \u00e9 antiga e remonta ao hebraico, onde &#8220;Hannah&#8221; significa &#8220;gra\u00e7a&#8221; ou &#8220;favor&#8221;. Este nome atravessou s\u00e9culos e culturas, mantendo sua popularidade e charme. Sua simplicidade e sonoridade suave contribu\u00edram para que ele se tornasse uma escolha frequente em diversas partes do mundo.<\/p>\n\n\n\n<p>O nome\u00e9 frequentemente associado a qualidades positivas e virtudes, o que o torna uma escolha popular entre os pais, segundo dados do site <a href=\"https:\/\/paisefilhos.com.br\/bebes\/a-versatilidade-e-historia-forte-do-nome-ana\/\" target=\"_blank\" rel=\"noreferrer noopener\">Pais&amp;Filhos<\/a>. Sua capacidade de se adaptar a diferentes idiomas e culturas sem perder a ess\u00eancia \u00e9 uma das raz\u00f5es de sua longevidade e apelo universal.<\/p>\n\n\n\n<h2 class=\"wp-block-heading\">Por que Ana continua a ser um nome popular?<\/h2>\n\n\n\n<p>A popularidade do nome Ana pode ser explicada por sua simplicidade e versatilidade. \u00c9 um nome curto, f\u00e1cil de pronunciar e lembrar, o que o torna acess\u00edvel em v\u00e1rias l\u00ednguas. Al\u00e9m disso, o fato de ser um pal\u00edndromo adiciona um elemento de curiosidade e charme.<\/p>\n\n\n\n<p>Apelidos como Aninha e Anita s\u00e3o comuns e adicionam um toque de carinho e proximidade. Essa<a href=\"https:\/\/www.em.com.br\/emfoco\/2025\/02\/16\/o-segredo-para-uma-pele-perfeita-que-dermatologistas-nao-contam\/\" target=\"_blank\" rel=\"noreferrer noopener\"> adaptabilidade<\/a> e a possibilidade de criar varia\u00e7\u00f5es afetuosas contribuem para que o nome Ana continue a ser uma escolha popular entre diferentes gera\u00e7\u00f5es.<\/p>\n\n\n\n<h2 class=\"wp-block-heading\">O impacto cultural do nome Ana<\/h2>\n\n\n\n<p>Ana tem uma presen\u00e7a significativa em v\u00e1rias culturas e tradi\u00e7\u00f5es religiosas. Na B\u00edblia, Ana \u00e9 uma figura respeitada, conhecida por sua devo\u00e7\u00e3o e f\u00e9. Ela \u00e9 mencionada como a m\u00e3e de Samuel, um dos profetas mais importantes do Antigo Testamento.<\/p>\n\n\n\n<p>Al\u00e9m do contexto religioso, o nome Ana tamb\u00e9m aparece em mitologias e hist\u00f3rias de diferentes culturas, refor\u00e7ando sua relev\u00e2ncia e significado ao longo do tempo. Essa presen\u00e7a multifacetada destaca a universalidade e a riqueza cultural associada ao nome.<\/p>\n\n\n\n<h2 class=\"wp-block-heading\">Pessoas famosas e personagens fict\u00edcios com o nome Ana<\/h2>\n\n\n\n<p>O nome Ana \u00e9 compartilhado por muitas figuras not\u00e1veis, tanto na vida real quanto na fic\u00e7\u00e3o. No Brasil, Ana Maria Braga \u00e9 uma apresentadora de televis\u00e3o amplamente conhecida. Ana Paula Ar\u00f3sio \u00e9 uma atriz renomada, enquanto Ana Carolina \u00e9 uma cantora e compositora de destaque.<\/p>\n\n\n\n<ul class=\"wp-block-list\">\n<li><strong>Ana de Armas:<\/strong>\u00a0Atriz cubana que ganhou reconhecimento internacional.<\/li>\n\n\n\n<li><strong>Ana Hickmann:<\/strong>\u00a0Modelo e apresentadora de sucesso no Brasil.<\/li>\n<\/ul>\n\n\n\n<p>Na literatura e no cinema, personagens como Anna Karenina, do romance de Liev Tolst\u00f3i, e Ana Lucia Cortez, da s\u00e9rie Lost, ilustram como o nome Ana \u00e9 usado para criar personagens complexos e memor\u00e1veis.<\/p>\n\n\n<div class=\"wp-block-image\">\n<figure class=\"aligncenter size-large\"><img loading=\"lazy\" decoding=\"async\" width=\"1024\" height=\"576\" src=\"https:\/\/www.em.com.br\/emfoco\/wp-content\/uploads\/2025\/02\/Ana_1739829081592-1024x576.jpg\" alt=\"A verdade oculta por tr\u00e1s do nome Ana \u2013 voc\u00ea nunca imaginou esse significado!\" class=\"wp-image-20544\" srcset=\"https:\/\/www.em.com.br\/emfoco\/wp-content\/uploads\/2025\/02\/Ana_1739829081592-1024x576.jpg 1024w, https:\/\/www.em.com.br\/emfoco\/wp-content\/uploads\/2025\/02\/Ana_1739829081592-300x169.jpg 300w, https:\/\/www.em.com.br\/emfoco\/wp-content\/uploads\/2025\/02\/Ana_1739829081592-768x432.jpg 768w, https:\/\/www.em.com.br\/emfoco\/wp-content\/uploads\/2025\/02\/Ana_1739829081592-750x422.jpg 750w, https:\/\/www.em.com.br\/emfoco\/wp-content\/uploads\/2025\/02\/Ana_1739829081592-1140x641.jpg 1140w, https:\/\/www.em.com.br\/emfoco\/wp-content\/uploads\/2025\/02\/Ana_1739829081592.jpg 1280w\" sizes=\"auto, (max-width: 1024px) 100vw, 1024px\" \/><figcaption class=\"wp-element-caption\">M\u00e3e e beb\u00ea (Cr\u00e9ditos: depositphotos.com \/ idal)<\/figcaption><\/figure><\/div>\n\n\n<h2 class=\"wp-block-heading\">Influ\u00eancia do nome Ana na m\u00fasica e literatura<\/h2>\n\n\n\n<p>O nometem uma presen\u00e7a marcante na m\u00fasica e na literatura. A can\u00e7\u00e3o &#8220;Ana Julia&#8221; da banda Los Hermanos \u00e9 um exemplo de como o nome \u00e9 celebrado na m\u00fasica popular. Na literatura, &#8220;Anna Karenina&#8221; de Tolst\u00f3i \u00e9 uma obra cl\u00e1ssica que explora temas profundos e universais.<\/p>\n\n\n\n<p>Essas refer\u00eancias culturais mostram comoAna continua a inspirar artistas e escritores, mantendo sua relev\u00e2ncia e conex\u00e3o emocional com o p\u00fablico ao longo do tempo.<\/p>\n\n\n\n<h2 class=\"wp-block-heading\">Combina\u00e7\u00f5es de nomes com Ana<\/h2>\n\n\n\n<p>Para aqueles que buscam combina\u00e7\u00f5es \u00fanicas e significativas com o nome, aqui est\u00e3o algumas sugest\u00f5es de nomes compostos:<\/p>\n\n\n\n<ol class=\"wp-block-list\">\n<li>Ana Clara<\/li>\n\n\n\n<li>Ana Luiza<\/li>\n\n\n\n<li>Ana Beatriz<\/li>\n\n\n\n<li>Ana Sofia<\/li>\n\n\n\n<li>Ana Paula<\/li>\n\n\n\n<li>Ana J\u00falia<\/li>\n\n\n\n<li>Ana Vit\u00f3ria<\/li>\n\n\n\n<li>Ana Gabriela<\/li>\n\n\n\n<li>Ana Teresa<\/li>\n\n\n\n<li>Ana Carolina<\/li>\n<\/ol>\n","protected":false},"excerpt":{"rendered":"<p>A origem do nome Ana \u00e9 antiga e remonta ao hebraico, onde &#8220;Hannah&#8221; significa &#8220;gra\u00e7a&#8221; ou &#8220;favor&#8221;. Este nome atravessou s\u00e9culos e culturas, mantendo sua popularidade e charme. Sua simplicidade e sonoridade suave contribu\u00edram para que ele se tornasse uma escolha frequente em diversas partes do mundo. O nome\u00e9 frequentemente associado a qualidades positivas e [&hellip;]<\/p>\n","protected":false},"author":10,"featured_media":20543,"comment_status":"open","ping_status":"open","sticky":false,"template":"","format":"standard","meta":{"jnews-multi-image_gallery":[],"jnews_single_post":{"format":"standard"},"jnews_primary_category":[],"jnews_social_meta":[],"jnews_override_counter":[],"footnotes":""},"categories":[29],"tags":[5165,2134,5162],"class_list":["post-20542","post","type-post","status-publish","format-standard","has-post-thumbnail","hentry","category-entretenimento","tag-ana","tag-nome","tag-significado"],"yoast_head":"<!-- This site is optimized with the Yoast SEO plugin v23.8 - https:\/\/yoast.com\/wordpress\/plugins\/seo\/ -->\n<title>A verdade oculta por tr\u00e1s do nome Ana \u2013 voc\u00ea nunca imaginou esse significado! - Estado de Minas - Em foco<\/title>\n<meta name=\"description\" content=\"O nome Ana pode parecer simples, mas sua origem esconde um significado surpreendente! Descubra o que ele realmente representa!\" \/>\n<meta name=\"robots\" content=\"index, follow, max-snippet:-1, max-image-preview:large, max-video-preview:-1\" \/>\n<link rel=\"canonical\" href=\"https:\/\/www.em.com.br\/emfoco\/2025\/02\/17\/a-verdade-oculta-por-tras-do-nome-ana-voce-nunca-imaginou-esse-significado\/\" \/>\n<meta property=\"og:locale\" content=\"pt_BR\" \/>\n<meta property=\"og:type\" content=\"article\" \/>\n<meta property=\"og:title\" content=\"A verdade oculta por tr\u00e1s do nome Ana \u2013 voc\u00ea nunca imaginou esse significado! - Estado de Minas - Em foco\" \/>\n<meta property=\"og:description\" content=\"O nome Ana pode parecer simples, mas sua origem esconde um significado surpreendente! Descubra o que ele realmente representa!\" \/>\n<meta property=\"og:url\" content=\"https:\/\/www.em.com.br\/emfoco\/2025\/02\/17\/a-verdade-oculta-por-tras-do-nome-ana-voce-nunca-imaginou-esse-significado\/\" \/>\n<meta property=\"og:site_name\" content=\"Estado de Minas - Em foco\" \/>\n<meta property=\"article:published_time\" content=\"2025-02-18T00:30:00+00:00\" \/>\n<meta property=\"article:modified_time\" content=\"2025-02-17T22:04:44+00:00\" \/>\n<meta property=\"og:image\" content=\"https:\/\/www.em.com.br\/emfoco\/wp-content\/uploads\/2025\/02\/bebe-menina_1739828878173.jpg\" \/>\n\t<meta property=\"og:image:width\" content=\"1280\" \/>\n\t<meta property=\"og:image:height\" content=\"720\" \/>\n\t<meta property=\"og:image:type\" content=\"image\/jpeg\" \/>\n<meta name=\"author\" content=\"Patryck Reinehr\" \/>\n<meta name=\"twitter:card\" content=\"summary_large_image\" \/>\n<meta name=\"twitter:label1\" content=\"Escrito por\" \/>\n\t<meta name=\"twitter:data1\" content=\"Patryck Reinehr\" \/>\n\t<meta name=\"twitter:label2\" content=\"Est. tempo de leitura\" \/>\n\t<meta name=\"twitter:data2\" content=\"4 minutos\" \/>\n<!-- \/ Yoast SEO plugin. -->","yoast_head_json":{"title":"A verdade oculta por tr\u00e1s do nome Ana \u2013 voc\u00ea nunca imaginou esse significado! - Estado de Minas - Em foco","description":"O nome Ana pode parecer simples, mas sua origem esconde um significado surpreendente! Descubra o que ele realmente representa!","robots":{"index":"index","follow":"follow","max-snippet":"max-snippet:-1","max-image-preview":"max-image-preview:large","max-video-preview":"max-video-preview:-1"},"canonical":"https:\/\/www.em.com.br\/emfoco\/2025\/02\/17\/a-verdade-oculta-por-tras-do-nome-ana-voce-nunca-imaginou-esse-significado\/","og_locale":"pt_BR","og_type":"article","og_title":"A verdade oculta por tr\u00e1s do nome Ana \u2013 voc\u00ea nunca imaginou esse significado! - Estado de Minas - Em foco","og_description":"O nome Ana pode parecer simples, mas sua origem esconde um significado surpreendente! Descubra o que ele realmente representa!","og_url":"https:\/\/www.em.com.br\/emfoco\/2025\/02\/17\/a-verdade-oculta-por-tras-do-nome-ana-voce-nunca-imaginou-esse-significado\/","og_site_name":"Estado de Minas - Em foco","article_published_time":"2025-02-18T00:30:00+00:00","article_modified_time":"2025-02-17T22:04:44+00:00","og_image":[{"width":1280,"height":720,"url":"https:\/\/www.em.com.br\/emfoco\/wp-content\/uploads\/2025\/02\/bebe-menina_1739828878173.jpg","type":"image\/jpeg"}],"author":"Patryck Reinehr","twitter_card":"summary_large_image","twitter_misc":{"Escrito por":"Patryck Reinehr","Est. tempo de leitura":"4 minutos"},"schema":{"@context":"https:\/\/schema.org","@graph":[{"@type":"WebPage","@id":"https:\/\/www.em.com.br\/emfoco\/2025\/02\/17\/a-verdade-oculta-por-tras-do-nome-ana-voce-nunca-imaginou-esse-significado\/","url":"https:\/\/www.em.com.br\/emfoco\/2025\/02\/17\/a-verdade-oculta-por-tras-do-nome-ana-voce-nunca-imaginou-esse-significado\/","name":"A verdade oculta por tr\u00e1s do nome Ana \u2013 voc\u00ea nunca imaginou esse significado! - Estado de Minas - Em foco","isPartOf":{"@id":"https:\/\/www.em.com.br\/emfoco\/#website"},"primaryImageOfPage":{"@id":"https:\/\/www.em.com.br\/emfoco\/2025\/02\/17\/a-verdade-oculta-por-tras-do-nome-ana-voce-nunca-imaginou-esse-significado\/#primaryimage"},"image":{"@id":"https:\/\/www.em.com.br\/emfoco\/2025\/02\/17\/a-verdade-oculta-por-tras-do-nome-ana-voce-nunca-imaginou-esse-significado\/#primaryimage"},"thumbnailUrl":"https:\/\/www.em.com.br\/emfoco\/wp-content\/uploads\/2025\/02\/bebe-menina_1739828878173.jpg","datePublished":"2025-02-18T00:30:00+00:00","dateModified":"2025-02-17T22:04:44+00:00","author":{"@id":"https:\/\/www.em.com.br\/emfoco\/#\/schema\/person\/43407752bebcbbb4d0ec79deedc0d7ce"},"description":"O nome Ana pode parecer simples, mas sua origem esconde um significado surpreendente! Descubra o que ele realmente representa!","breadcrumb":{"@id":"https:\/\/www.em.com.br\/emfoco\/2025\/02\/17\/a-verdade-oculta-por-tras-do-nome-ana-voce-nunca-imaginou-esse-significado\/#breadcrumb"},"inLanguage":"pt-BR","potentialAction":[{"@type":"ReadAction","target":["https:\/\/www.em.com.br\/emfoco\/2025\/02\/17\/a-verdade-oculta-por-tras-do-nome-ana-voce-nunca-imaginou-esse-significado\/"]}]},{"@type":"ImageObject","inLanguage":"pt-BR","@id":"https:\/\/www.em.com.br\/emfoco\/2025\/02\/17\/a-verdade-oculta-por-tras-do-nome-ana-voce-nunca-imaginou-esse-significado\/#primaryimage","url":"https:\/\/www.em.com.br\/emfoco\/wp-content\/uploads\/2025\/02\/bebe-menina_1739828878173.jpg","contentUrl":"https:\/\/www.em.com.br\/emfoco\/wp-content\/uploads\/2025\/02\/bebe-menina_1739828878173.jpg","width":1280,"height":720,"caption":"Beb\u00ea (Cr\u00e9ditos: depositphotos.com \/ zdenkam)"},{"@type":"BreadcrumbList","@id":"https:\/\/www.em.com.br\/emfoco\/2025\/02\/17\/a-verdade-oculta-por-tras-do-nome-ana-voce-nunca-imaginou-esse-significado\/#breadcrumb","itemListElement":[{"@type":"ListItem","position":1,"name":"In\u00edcio","item":"https:\/\/www.em.com.br\/emfoco\/"},{"@type":"ListItem","position":2,"name":"A verdade oculta por tr\u00e1s do nome Ana \u2013 voc\u00ea nunca imaginou esse significado!"}]},{"@type":"WebSite","@id":"https:\/\/www.em.com.br\/emfoco\/#website","url":"https:\/\/www.em.com.br\/emfoco\/","name":"Estado de Minas - Em foco","description":"Acompanhe as \u00faltimas not\u00edcias e fique bem informado sobre tudo o que acontece em Minas Gerais, Brasil e no mundo.","potentialAction":[{"@type":"SearchAction","target":{"@type":"EntryPoint","urlTemplate":"https:\/\/www.em.com.br\/emfoco\/?s={search_term_string}"},"query-input":{"@type":"PropertyValueSpecification","valueRequired":true,"valueName":"search_term_string"}}],"inLanguage":"pt-BR"},{"@type":"Person","@id":"https:\/\/www.em.com.br\/emfoco\/#\/schema\/person\/43407752bebcbbb4d0ec79deedc0d7ce","name":"Patryck Reinehr","image":{"@type":"ImageObject","inLanguage":"pt-BR","@id":"https:\/\/www.em.com.br\/emfoco\/#\/schema\/person\/image\/","url":"https:\/\/secure.gravatar.com\/avatar\/570c7fb2898c0e2df0823196891bea88?s=96&d=mm&r=g","contentUrl":"https:\/\/secure.gravatar.com\/avatar\/570c7fb2898c0e2df0823196891bea88?s=96&d=mm&r=g","caption":"Patryck Reinehr"},"url":"https:\/\/www.em.com.br\/emfoco\/author\/patryckmyth\/"}]}},"_links":{"self":[{"href":"https:\/\/www.em.com.br\/emfoco\/wp-json\/wp\/v2\/posts\/20542","targetHints":{"allow":["GET"]}}],"collection":[{"href":"https:\/\/www.em.com.br\/emfoco\/wp-json\/wp\/v2\/posts"}],"about":[{"href":"https:\/\/www.em.com.br\/emfoco\/wp-json\/wp\/v2\/types\/post"}],"author":[{"embeddable":true,"href":"https:\/\/www.em.com.br\/emfoco\/wp-json\/wp\/v2\/users\/10"}],"replies":[{"embeddable":true,"href":"https:\/\/www.em.com.br\/emfoco\/wp-json\/wp\/v2\/comments?post=20542"}],"version-history":[{"count":1,"href":"https:\/\/www.em.com.br\/emfoco\/wp-json\/wp\/v2\/posts\/20542\/revisions"}],"predecessor-version":[{"id":20545,"href":"https:\/\/www.em.com.br\/emfoco\/wp-json\/wp\/v2\/posts\/20542\/revisions\/20545"}],"wp:featuredmedia":[{"embeddable":true,"href":"https:\/\/www.em.com.br\/emfoco\/wp-json\/wp\/v2\/media\/20543"}],"wp:attachment":[{"href":"https:\/\/www.em.com.br\/emfoco\/wp-json\/wp\/v2\/media?parent=20542"}],"wp:term":[{"taxonomy":"category","embeddable":true,"href":"https:\/\/www.em.com.br\/emfoco\/wp-json\/wp\/v2\/categories?post=20542"},{"taxonomy":"post_tag","embeddable":true,"href":"https:\/\/www.em.com.br\/emfoco\/wp-json\/wp\/v2\/tags?post=20542"}],"curies":[{"name":"wp","href":"https:\/\/api.w.org\/{rel}","templated":true}]}}