{"id":20538,"date":"2025-02-17T19:30:00","date_gmt":"2025-02-17T22:30:00","guid":{"rendered":"https:\/\/www.em.com.br\/emfoco\/?p=20538"},"modified":"2025-02-17T19:04:37","modified_gmt":"2025-02-17T22:04:37","slug":"orquideas-sem-flor-veja-a-solucao-inesperada-que-esta-surpreendendo-jardineiros","status":"publish","type":"post","link":"https:\/\/www.em.com.br\/emfoco\/2025\/02\/17\/orquideas-sem-flor-veja-a-solucao-inesperada-que-esta-surpreendendo-jardineiros\/","title":{"rendered":"Orqu\u00eddeas sem flor? Veja a solu\u00e7\u00e3o inesperada que est\u00e1 surpreendendo jardineiros"},"content":{"rendered":"\n<p>As orqu\u00eddeas s\u00e3o plantas elegantes e ex\u00f3ticas que embelezam qualquer ambiente com suas flores exuberantes. Segundo o site <a href=\"https:\/\/receitasdepesos.com.br\/o-segredo-para-orquideas-sempre-floridas-descubra-agora.html\/\" target=\"_blank\" rel=\"noreferrer noopener\">Receitas de Peso<\/a>, para que elas flores\u00e7am abundantemente, \u00e9 necess\u00e1rio oferecer os cuidados corretos. Este artigo apresenta dicas valiosas para garantir que suas orqu\u00eddeas estejam sempre floridas.<\/p>\n\n\n\n<p>Compreender as necessidades espec\u00edficas das orqu\u00eddeas \u00e9 essencial para promover uma flora\u00e7\u00e3o saud\u00e1vel. Desde a escolha do local adequado at\u00e9 a aduba\u00e7\u00e3o correta, cada detalhe pode influenciar o ciclo de flora\u00e7\u00e3o dessas <a href=\"https:\/\/www.em.com.br\/emfoco\/2025\/02\/15\/voce-conhece-a-amora-miura-o-segredo-natural-que-esta-revolucionando-a-saude\/\" target=\"_blank\" rel=\"noreferrer noopener\">plantas<\/a> fascinantes.<\/p>\n\n\n\n<h2 class=\"wp-block-heading\">Qual \u00e9 o local ideal para cultivar orqu\u00eddeas?<\/h2>\n\n\n\n<p>A ilumina\u00e7\u00e3o \u00e9 um fator crucial para o crescimento saud\u00e1vel das orqu\u00eddeas. Elas precisam de luz indireta intensa, o que significa que devem ser posicionadas pr\u00f3ximas a janelas bem iluminadas, mas protegidas do sol direto. A exposi\u00e7\u00e3o direta ao sol pode queimar as folhas, prejudicando a planta.<\/p>\n\n\n\n<p>Al\u00e9m disso, \u00e9 importante garantir que o ambiente tenha uma boa circula\u00e7\u00e3o de ar. Isso ajuda a prevenir o desenvolvimento de fungos e outras doen\u00e7as que podem afetar a sa\u00fade das orqu\u00eddeas.<\/p>\n\n\n\n<h2 class=\"wp-block-heading\">Como realizar a rega adequada das orqu\u00eddeas?<\/h2>\n\n\n\n<p>A rega \u00e9 um dos aspectos mais cr\u00edticos no cuidado das orqu\u00eddeas. \u00c9 essencial evitar tanto o excesso quanto a falta de \u00e1gua. Recomenda-se regar uma a duas vezes por semana, dependendo do clima e da esp\u00e9cie. Antes de regar novamente, verifique se o substrato est\u00e1 seco.<\/p>\n\n\n\n<p>Umidade excessiva pode levar ao apodrecimento das ra\u00edzes, enquanto a falta de \u00e1gua pode causar desidrata\u00e7\u00e3o. Manter um equil\u00edbrio \u00e9 fundamental para a sa\u00fade e flora\u00e7\u00e3o das orqu\u00eddeas.<\/p>\n\n\n<div class=\"wp-block-image\">\n<figure class=\"aligncenter size-large\"><img loading=\"lazy\" decoding=\"async\" width=\"1024\" height=\"576\" src=\"https:\/\/www.em.com.br\/emfoco\/wp-content\/uploads\/2025\/02\/orchid_1739828695052-1024x576.jpg\" alt=\"Orqu\u00eddeas sem flor? Veja a solu\u00e7\u00e3o inesperada que est\u00e1 surpreendendo jardineiros\" class=\"wp-image-20540\" srcset=\"https:\/\/www.em.com.br\/emfoco\/wp-content\/uploads\/2025\/02\/orchid_1739828695052-1024x576.jpg 1024w, https:\/\/www.em.com.br\/emfoco\/wp-content\/uploads\/2025\/02\/orchid_1739828695052-300x169.jpg 300w, https:\/\/www.em.com.br\/emfoco\/wp-content\/uploads\/2025\/02\/orchid_1739828695052-768x432.jpg 768w, https:\/\/www.em.com.br\/emfoco\/wp-content\/uploads\/2025\/02\/orchid_1739828695052-750x422.jpg 750w, https:\/\/www.em.com.br\/emfoco\/wp-content\/uploads\/2025\/02\/orchid_1739828695052-1140x641.jpg 1140w, https:\/\/www.em.com.br\/emfoco\/wp-content\/uploads\/2025\/02\/orchid_1739828695052.jpg 1280w\" sizes=\"auto, (max-width: 1024px) 100vw, 1024px\" \/><figcaption class=\"wp-element-caption\">Orqu\u00eddeas (Cr\u00e9ditos: depositphotos.com \/ phatthanit)<\/figcaption><\/figure><\/div>\n\n\n<h2 class=\"wp-block-heading\">Qual adubo \u00e9 mais eficiente para orqu\u00eddeas?<\/h2>\n\n\n\n<p>Para estimular a flora\u00e7\u00e3o, as orqu\u00eddeas precisam de nutrientes adequados. Um adubo rico em f\u00f3sforo, como o NPK 10-30-20, \u00e9 ideal para promover o crescimento de bot\u00f5es florais. A aduba\u00e7\u00e3o deve ser feita a cada 15 dias para garantir que a planta receba os nutrientes necess\u00e1rios.<\/p>\n\n\n\n<p>Al\u00e9m do f\u00f3sforo, \u00e9 importante que o adubo contenha outros nutrientes essenciais, como nitrog\u00eanio e pot\u00e1ssio, que tamb\u00e9m contribuem para o desenvolvimento saud\u00e1vel das orqu\u00eddeas.<\/p>\n\n\n\n<h2 class=\"wp-block-heading\">Como a Umidade e a Ventila\u00e7\u00e3o Afetam as Orqu\u00eddeas?<\/h2>\n\n\n\n<p>Orqu\u00eddeas prosperam em ambientes com umidade entre 50% e 70%. Se o ambiente for muito seco, \u00e9 recomend\u00e1vel borrifar \u00e1gua nas folhas e ao redor da planta, mas sem encharcar. A ventila\u00e7\u00e3o adequada tamb\u00e9m \u00e9 crucial para evitar problemas com fungos.<\/p>\n\n\n\n<p>Manter o equil\u00edbrio entre umidade e ventila\u00e7\u00e3o ajuda a criar um ambiente prop\u00edcio para o crescimento e flora\u00e7\u00e3o das orqu\u00eddeas, garantindo plantas mais saud\u00e1veis e resistentes.<\/p>\n\n\n\n<h2 class=\"wp-block-heading\">Como realizar a poda corretamente?<\/h2>\n\n\n\n<p>Ap\u00f3s a flora\u00e7\u00e3o, \u00e9 importante podar as hastes secas para que a planta possa direcionar energia para novas flores. Se a haste ainda estiver verde, corte apenas acima do terceiro n\u00f3, pois isso pode estimular uma nova flora\u00e7\u00e3o.<\/p>\n\n\n\n<p>A poda correta n\u00e3o s\u00f3 ajuda a manter a planta saud\u00e1vel, mas tamb\u00e9m incentiva a produ\u00e7\u00e3o de novas flores, garantindo que as orqu\u00eddeas continuem a florescer ao longo do ano.<\/p>\n\n\n\n<h2 class=\"wp-block-heading\">Como a \u00e1gua de arroz pode beneficiar as orqu\u00eddeas?<\/h2>\n\n\n\n<p>A \u00e1gua de arroz \u00e9 um excelente estimulante natural para orqu\u00eddeas. Rica em amido, vitaminas do complexo B e minerais, ela fortalece a planta e estimula o crescimento das ra\u00edzes. Al\u00e9m disso, melhora a absor\u00e7\u00e3o de nutrientes do substrato.<\/p>\n\n\n\n<p>Para usar a \u00e1gua de arroz, coe a \u00e1gua ap\u00f3s lavar o arroz e deixe descansar por algumas horas. Misture com \u00e1gua filtrada na propor\u00e7\u00e3o 1:2 e aplique no substrato a cada 15 dias. Evite o excesso para n\u00e3o causar prolifera\u00e7\u00e3o de fungos.<\/p>\n","protected":false},"excerpt":{"rendered":"<p>As orqu\u00eddeas s\u00e3o plantas elegantes e ex\u00f3ticas que embelezam qualquer ambiente com suas flores exuberantes. Segundo o site Receitas de Peso, para que elas flores\u00e7am abundantemente, \u00e9 necess\u00e1rio oferecer os cuidados corretos. Este artigo apresenta dicas valiosas para garantir que suas orqu\u00eddeas estejam sempre floridas. Compreender as necessidades espec\u00edficas das orqu\u00eddeas \u00e9 essencial para promover [&hellip;]<\/p>\n","protected":false},"author":10,"featured_media":20539,"comment_status":"open","ping_status":"open","sticky":false,"template":"","format":"standard","meta":{"jnews-multi-image_gallery":[],"jnews_single_post":{"format":"standard"},"jnews_primary_category":[],"jnews_social_meta":[],"jnews_override_counter":[],"footnotes":""},"categories":[29],"tags":[3139,3357,3137],"class_list":["post-20538","post","type-post","status-publish","format-standard","has-post-thumbnail","hentry","category-entretenimento","tag-cultivo","tag-flores","tag-orquideas"],"yoast_head":"<!-- This site is optimized with the Yoast SEO plugin v23.8 - https:\/\/yoast.com\/wordpress\/plugins\/seo\/ -->\n<title>Orqu\u00eddeas sem flor? Veja a solu\u00e7\u00e3o inesperada que est\u00e1 surpreendendo jardineiros - Estado de Minas - Em foco<\/title>\n<meta name=\"description\" content=\"Se suas orqu\u00eddeas n\u00e3o est\u00e3o florescendo, pode ser culpa de um pequeno detalhe. Descubra agora o segredo para uma flora\u00e7\u00e3o exuberante!\" \/>\n<meta name=\"robots\" content=\"index, follow, max-snippet:-1, max-image-preview:large, max-video-preview:-1\" \/>\n<link rel=\"canonical\" href=\"https:\/\/www.em.com.br\/emfoco\/2025\/02\/17\/orquideas-sem-flor-veja-a-solucao-inesperada-que-esta-surpreendendo-jardineiros\/\" \/>\n<meta property=\"og:locale\" content=\"pt_BR\" \/>\n<meta property=\"og:type\" content=\"article\" \/>\n<meta property=\"og:title\" content=\"Orqu\u00eddeas sem flor? Veja a solu\u00e7\u00e3o inesperada que est\u00e1 surpreendendo jardineiros - Estado de Minas - Em foco\" \/>\n<meta property=\"og:description\" content=\"Se suas orqu\u00eddeas n\u00e3o est\u00e3o florescendo, pode ser culpa de um pequeno detalhe. Descubra agora o segredo para uma flora\u00e7\u00e3o exuberante!\" \/>\n<meta property=\"og:url\" content=\"https:\/\/www.em.com.br\/emfoco\/2025\/02\/17\/orquideas-sem-flor-veja-a-solucao-inesperada-que-esta-surpreendendo-jardineiros\/\" \/>\n<meta property=\"og:site_name\" content=\"Estado de Minas - Em foco\" \/>\n<meta property=\"article:published_time\" content=\"2025-02-17T22:30:00+00:00\" \/>\n<meta property=\"article:modified_time\" content=\"2025-02-17T22:04:37+00:00\" \/>\n<meta property=\"og:image\" content=\"https:\/\/www.em.com.br\/emfoco\/wp-content\/uploads\/2025\/02\/orchid_1739828618932.jpg\" \/>\n\t<meta property=\"og:image:width\" content=\"1280\" \/>\n\t<meta property=\"og:image:height\" content=\"720\" \/>\n\t<meta property=\"og:image:type\" content=\"image\/jpeg\" \/>\n<meta name=\"author\" content=\"Patryck Reinehr\" \/>\n<meta name=\"twitter:card\" content=\"summary_large_image\" \/>\n<meta name=\"twitter:label1\" content=\"Escrito por\" \/>\n\t<meta name=\"twitter:data1\" content=\"Patryck Reinehr\" \/>\n\t<meta name=\"twitter:label2\" content=\"Est. tempo de leitura\" \/>\n\t<meta name=\"twitter:data2\" content=\"4 minutos\" \/>\n<!-- \/ Yoast SEO plugin. -->","yoast_head_json":{"title":"Orqu\u00eddeas sem flor? Veja a solu\u00e7\u00e3o inesperada que est\u00e1 surpreendendo jardineiros - Estado de Minas - Em foco","description":"Se suas orqu\u00eddeas n\u00e3o est\u00e3o florescendo, pode ser culpa de um pequeno detalhe. Descubra agora o segredo para uma flora\u00e7\u00e3o exuberante!","robots":{"index":"index","follow":"follow","max-snippet":"max-snippet:-1","max-image-preview":"max-image-preview:large","max-video-preview":"max-video-preview:-1"},"canonical":"https:\/\/www.em.com.br\/emfoco\/2025\/02\/17\/orquideas-sem-flor-veja-a-solucao-inesperada-que-esta-surpreendendo-jardineiros\/","og_locale":"pt_BR","og_type":"article","og_title":"Orqu\u00eddeas sem flor? Veja a solu\u00e7\u00e3o inesperada que est\u00e1 surpreendendo jardineiros - Estado de Minas - Em foco","og_description":"Se suas orqu\u00eddeas n\u00e3o est\u00e3o florescendo, pode ser culpa de um pequeno detalhe. Descubra agora o segredo para uma flora\u00e7\u00e3o exuberante!","og_url":"https:\/\/www.em.com.br\/emfoco\/2025\/02\/17\/orquideas-sem-flor-veja-a-solucao-inesperada-que-esta-surpreendendo-jardineiros\/","og_site_name":"Estado de Minas - Em foco","article_published_time":"2025-02-17T22:30:00+00:00","article_modified_time":"2025-02-17T22:04:37+00:00","og_image":[{"width":1280,"height":720,"url":"https:\/\/www.em.com.br\/emfoco\/wp-content\/uploads\/2025\/02\/orchid_1739828618932.jpg","type":"image\/jpeg"}],"author":"Patryck Reinehr","twitter_card":"summary_large_image","twitter_misc":{"Escrito por":"Patryck Reinehr","Est. tempo de leitura":"4 minutos"},"schema":{"@context":"https:\/\/schema.org","@graph":[{"@type":"WebPage","@id":"https:\/\/www.em.com.br\/emfoco\/2025\/02\/17\/orquideas-sem-flor-veja-a-solucao-inesperada-que-esta-surpreendendo-jardineiros\/","url":"https:\/\/www.em.com.br\/emfoco\/2025\/02\/17\/orquideas-sem-flor-veja-a-solucao-inesperada-que-esta-surpreendendo-jardineiros\/","name":"Orqu\u00eddeas sem flor? Veja a solu\u00e7\u00e3o inesperada que est\u00e1 surpreendendo jardineiros - Estado de Minas - Em foco","isPartOf":{"@id":"https:\/\/www.em.com.br\/emfoco\/#website"},"primaryImageOfPage":{"@id":"https:\/\/www.em.com.br\/emfoco\/2025\/02\/17\/orquideas-sem-flor-veja-a-solucao-inesperada-que-esta-surpreendendo-jardineiros\/#primaryimage"},"image":{"@id":"https:\/\/www.em.com.br\/emfoco\/2025\/02\/17\/orquideas-sem-flor-veja-a-solucao-inesperada-que-esta-surpreendendo-jardineiros\/#primaryimage"},"thumbnailUrl":"https:\/\/www.em.com.br\/emfoco\/wp-content\/uploads\/2025\/02\/orchid_1739828618932.jpg","datePublished":"2025-02-17T22:30:00+00:00","dateModified":"2025-02-17T22:04:37+00:00","author":{"@id":"https:\/\/www.em.com.br\/emfoco\/#\/schema\/person\/43407752bebcbbb4d0ec79deedc0d7ce"},"description":"Se suas orqu\u00eddeas n\u00e3o est\u00e3o florescendo, pode ser culpa de um pequeno detalhe. Descubra agora o segredo para uma flora\u00e7\u00e3o exuberante!","breadcrumb":{"@id":"https:\/\/www.em.com.br\/emfoco\/2025\/02\/17\/orquideas-sem-flor-veja-a-solucao-inesperada-que-esta-surpreendendo-jardineiros\/#breadcrumb"},"inLanguage":"pt-BR","potentialAction":[{"@type":"ReadAction","target":["https:\/\/www.em.com.br\/emfoco\/2025\/02\/17\/orquideas-sem-flor-veja-a-solucao-inesperada-que-esta-surpreendendo-jardineiros\/"]}]},{"@type":"ImageObject","inLanguage":"pt-BR","@id":"https:\/\/www.em.com.br\/emfoco\/2025\/02\/17\/orquideas-sem-flor-veja-a-solucao-inesperada-que-esta-surpreendendo-jardineiros\/#primaryimage","url":"https:\/\/www.em.com.br\/emfoco\/wp-content\/uploads\/2025\/02\/orchid_1739828618932.jpg","contentUrl":"https:\/\/www.em.com.br\/emfoco\/wp-content\/uploads\/2025\/02\/orchid_1739828618932.jpg","width":1280,"height":720,"caption":"Orqu\u00eddea (Cr\u00e9ditos: depositphotos.com \/ jslsvega)"},{"@type":"BreadcrumbList","@id":"https:\/\/www.em.com.br\/emfoco\/2025\/02\/17\/orquideas-sem-flor-veja-a-solucao-inesperada-que-esta-surpreendendo-jardineiros\/#breadcrumb","itemListElement":[{"@type":"ListItem","position":1,"name":"In\u00edcio","item":"https:\/\/www.em.com.br\/emfoco\/"},{"@type":"ListItem","position":2,"name":"Orqu\u00eddeas sem flor? Veja a solu\u00e7\u00e3o inesperada que est\u00e1 surpreendendo jardineiros"}]},{"@type":"WebSite","@id":"https:\/\/www.em.com.br\/emfoco\/#website","url":"https:\/\/www.em.com.br\/emfoco\/","name":"Estado de Minas - Em foco","description":"Acompanhe as \u00faltimas not\u00edcias e fique bem informado sobre tudo o que acontece em Minas Gerais, Brasil e no mundo.","potentialAction":[{"@type":"SearchAction","target":{"@type":"EntryPoint","urlTemplate":"https:\/\/www.em.com.br\/emfoco\/?s={search_term_string}"},"query-input":{"@type":"PropertyValueSpecification","valueRequired":true,"valueName":"search_term_string"}}],"inLanguage":"pt-BR"},{"@type":"Person","@id":"https:\/\/www.em.com.br\/emfoco\/#\/schema\/person\/43407752bebcbbb4d0ec79deedc0d7ce","name":"Patryck Reinehr","image":{"@type":"ImageObject","inLanguage":"pt-BR","@id":"https:\/\/www.em.com.br\/emfoco\/#\/schema\/person\/image\/","url":"https:\/\/secure.gravatar.com\/avatar\/570c7fb2898c0e2df0823196891bea88?s=96&d=mm&r=g","contentUrl":"https:\/\/secure.gravatar.com\/avatar\/570c7fb2898c0e2df0823196891bea88?s=96&d=mm&r=g","caption":"Patryck Reinehr"},"url":"https:\/\/www.em.com.br\/emfoco\/author\/patryckmyth\/"}]}},"_links":{"self":[{"href":"https:\/\/www.em.com.br\/emfoco\/wp-json\/wp\/v2\/posts\/20538","targetHints":{"allow":["GET"]}}],"collection":[{"href":"https:\/\/www.em.com.br\/emfoco\/wp-json\/wp\/v2\/posts"}],"about":[{"href":"https:\/\/www.em.com.br\/emfoco\/wp-json\/wp\/v2\/types\/post"}],"author":[{"embeddable":true,"href":"https:\/\/www.em.com.br\/emfoco\/wp-json\/wp\/v2\/users\/10"}],"replies":[{"embeddable":true,"href":"https:\/\/www.em.com.br\/emfoco\/wp-json\/wp\/v2\/comments?post=20538"}],"version-history":[{"count":1,"href":"https:\/\/www.em.com.br\/emfoco\/wp-json\/wp\/v2\/posts\/20538\/revisions"}],"predecessor-version":[{"id":20541,"href":"https:\/\/www.em.com.br\/emfoco\/wp-json\/wp\/v2\/posts\/20538\/revisions\/20541"}],"wp:featuredmedia":[{"embeddable":true,"href":"https:\/\/www.em.com.br\/emfoco\/wp-json\/wp\/v2\/media\/20539"}],"wp:attachment":[{"href":"https:\/\/www.em.com.br\/emfoco\/wp-json\/wp\/v2\/media?parent=20538"}],"wp:term":[{"taxonomy":"category","embeddable":true,"href":"https:\/\/www.em.com.br\/emfoco\/wp-json\/wp\/v2\/categories?post=20538"},{"taxonomy":"post_tag","embeddable":true,"href":"https:\/\/www.em.com.br\/emfoco\/wp-json\/wp\/v2\/tags?post=20538"}],"curies":[{"name":"wp","href":"https:\/\/api.w.org\/{rel}","templated":true}]}}