{"id":204040,"date":"2026-05-03T07:28:00","date_gmt":"2026-05-03T10:28:00","guid":{"rendered":"https:\/\/www.em.com.br\/emfoco\/?p=204040"},"modified":"2026-05-03T05:59:56","modified_gmt":"2026-05-03T08:59:56","slug":"quem-completa-60-anos-em-2026-pode-acessar-beneficios-garantidos-por-lei","status":"publish","type":"post","link":"https:\/\/www.em.com.br\/emfoco\/2026\/05\/03\/quem-completa-60-anos-em-2026-pode-acessar-beneficios-garantidos-por-lei\/","title":{"rendered":"Quem completa 60 anos em 2026 pode acessar benef\u00edcios garantidos por lei"},"content":{"rendered":"\n<div style=\"font-family: 'Inter', sans-serif; background: #ffffff; border-radius: 12px; box-shadow: 0 4px 14px rgba(0, 102, 204, 0.15); padding: 24px; margin: 24px auto; max-width: 600px; text-align: center;\">\r\n  <h3 style=\"color: #000000; font-size: 18px; font-weight: 700; margin: 0 0 16px 0;\">Destaques<\/h3>\r\n  <div style=\"background: #f5f7fa; border-radius: 8px; padding: 12px; margin-bottom: 10px; color: #000000; font-size: 15px;\">Aos 60 anos, a pessoa j\u00e1 entra no grupo protegido pelo <strong>Estatuto da Pessoa Idosa<\/strong>.<\/div>\r\n  <div style=\"background: #f5f7fa; border-radius: 8px; padding: 12px; margin-bottom: 10px; color: #000000; font-size: 15px;\">Nem todo benef\u00edcio come\u00e7a aos 60: <strong>BPC e gratuidade no transporte<\/strong> s\u00f3 valem aos 65.<\/div>\r\n  <div style=\"background: #f5f7fa; border-radius: 8px; padding: 12px; color: #000000; font-size: 15px;\">Programas como <strong>Farm\u00e1cia Popular<\/strong> oferecem fraldas geri\u00e1tricas com subs\u00eddio de at\u00e9 90%.<\/div>\r\n<\/div>\n\n\n\n<p>Quem completa 60 anos em 2026 entra oficialmente no grupo protegido pelo <strong>Estatuto da Pessoa Idosa<\/strong>, e isso muda bastante coisa no dia a dia. O detalhe que confunde muita gente \u00e9 simples, alguns benef\u00edcios come\u00e7am aos 60, mas outros s\u00f3 valem a partir dos 65 anos, e h\u00e1 ainda regras espec\u00edficas da aposentadoria, com idades m\u00ednimas pr\u00f3prias.<\/p>\n\n\n\n<h2 class=\"wp-block-heading\">A nova porta que se abre ao soprar as 60 velinhas<\/h2>\n\n\n\n<p>Aos 60 anos, a pessoa idosa j\u00e1 tem direito a prioridade em atendimentos, desconto de 50% em atividades culturais e de lazer e acesso a benef\u00edcios espec\u00edficos da <a href=\"https:\/\/www.gov.br\/saude\/pt-br\/composicao\/sectics\/farmacia-popular\" target=\"_blank\" rel=\"noreferrer noopener\">Farm\u00e1cia Popular<\/a>, como as fraldas geri\u00e1tricas. Em muitos casos, basta apresentar um documento oficial com foto.<\/p>\n\n\n\n<p>Mas \u00e9 importante separar bem as faixas et\u00e1rias. O BPC para idosos s\u00f3 come\u00e7a aos 65 anos, e a <a href=\"https:\/\/www.planalto.gov.br\/ccivil_03\/constituicao\/constituicao.htm\" target=\"_blank\" rel=\"noopener\">Constitui\u00e7\u00e3o Federal<\/a> garante a gratuidade obrigat\u00f3ria no transporte coletivo urbano aos maiores de 65 anos, embora alguns munic\u00edpios antecipem esse acesso.<\/p>\n\n\n\n<figure class=\"wp-block-image size-large\"><img loading=\"lazy\" decoding=\"async\" width=\"1024\" height=\"576\" src=\"https:\/\/www.em.com.br\/emfoco\/wp-content\/uploads\/2026\/05\/Quem-completa-60-anos-em-2026-pode-acessar-beneficios-garantidos-por-lei-1024x576.jpg\" alt=\"Quem completa 60 anos em 2026 pode acessar benef\u00edcios garantidos por lei\" class=\"wp-image-204053\" srcset=\"https:\/\/www.em.com.br\/emfoco\/wp-content\/uploads\/2026\/05\/Quem-completa-60-anos-em-2026-pode-acessar-beneficios-garantidos-por-lei-1024x576.jpg 1024w, https:\/\/www.em.com.br\/emfoco\/wp-content\/uploads\/2026\/05\/Quem-completa-60-anos-em-2026-pode-acessar-beneficios-garantidos-por-lei-300x169.jpg 300w, https:\/\/www.em.com.br\/emfoco\/wp-content\/uploads\/2026\/05\/Quem-completa-60-anos-em-2026-pode-acessar-beneficios-garantidos-por-lei-768x432.jpg 768w, https:\/\/www.em.com.br\/emfoco\/wp-content\/uploads\/2026\/05\/Quem-completa-60-anos-em-2026-pode-acessar-beneficios-garantidos-por-lei-750x422.jpg 750w, https:\/\/www.em.com.br\/emfoco\/wp-content\/uploads\/2026\/05\/Quem-completa-60-anos-em-2026-pode-acessar-beneficios-garantidos-por-lei-1140x641.jpg 1140w, https:\/\/www.em.com.br\/emfoco\/wp-content\/uploads\/2026\/05\/Quem-completa-60-anos-em-2026-pode-acessar-beneficios-garantidos-por-lei.jpg 1280w\" sizes=\"auto, (max-width: 1024px) 100vw, 1024px\" \/><figcaption class=\"wp-element-caption\">Fazer 60 anos muda direitos no dia a dia.<\/figcaption><\/figure>\n\n\n\n<h2 class=\"wp-block-heading\">O detalhe que muita gente deixa passar batido<\/h2>\n\n\n\n<p>Na rotina, \u00e9 comum ver gente deixando dinheiro e facilidade na mesa por n\u00e3o saber o que j\u00e1 pode pedir. A <strong>Carteira da Pessoa Idosa<\/strong>, por exemplo, comprova renda para viagens interestaduais com duas vagas gratuitas por ve\u00edculo ou desconto m\u00ednimo de 50% nas demais passagens, desde que o idoso tenha renda de at\u00e9 dois sal\u00e1rios m\u00ednimos e inscri\u00e7\u00e3o ativa no Cad\u00danico.<\/p>\n\n\n\n<p>A sa\u00fade tamb\u00e9m merece aten\u00e7\u00e3o redobrada. A Farm\u00e1cia Popular oferece medicamentos gratuitos para qualquer cidad\u00e3o com receita, sem exig\u00eancia de idade m\u00ednima. J\u00e1 as fraldas geri\u00e1tricas t\u00eam subs\u00eddio de at\u00e9 90% sobre o valor de refer\u00eancia tabelado pelo Minist\u00e9rio da Sa\u00fade a partir dos 60 anos, e s\u00e3o 100% gratuitas para quem recebe o <strong>Bolsa Fam\u00edlia<\/strong>. O desconto final pode variar conforme o pre\u00e7o praticado em cada farm\u00e1cia.<\/p>\n\n\n\n<h2 class=\"wp-block-heading\">Idades diferentes, benef\u00edcios diferentes<\/h2>\n\n\n\n<p>O ponto que mais confunde \u00e9 que cada direito tem sua pr\u00f3pria r\u00e9gua de idade. Para n\u00e3o se perder nas regras do Estatuto da Pessoa Idosa, vale conhecer os benef\u00edcios que costumam passar despercebidos no radar de quem se aproxima dos 60.<\/p>\n\n\n\n<ul class=\"wp-block-list\">\n<li><strong>Meia-entrada cultural<\/strong>, garantida em atividades culturais e de lazer.<\/li>\n\n\n\n<li><strong>Restitui\u00e7\u00e3o priorit\u00e1ria do IR<\/strong>, com idosos a partir de 60 anos entre os grupos priorit\u00e1rios, e superprioridade para quem tem 80 anos ou mais.<\/li>\n\n\n\n<li><strong>Tramita\u00e7\u00e3o judicial priorit\u00e1ria<\/strong>, v\u00e1lida em processos em que a pessoa idosa seja parte, tamb\u00e9m com superprioridade aos 80 anos.<\/li>\n\n\n\n<li><strong>Isen\u00e7\u00e3o de IPTU<\/strong>, poss\u00edvel em v\u00e1rios munic\u00edpios, mas que normalmente exige pedido formal e regras locais.<\/li>\n\n\n\n<li><strong>Aposentadoria e BPC<\/strong>, que n\u00e3o come\u00e7am aos 60 para todos e exigem aten\u00e7\u00e3o \u00e0 idade correta.<\/li>\n<\/ul>\n\n\n\n<div style=\"font-family: 'Inter', sans-serif; background: #ffffff; border-radius: 12px; box-shadow: 0 4px 14px rgba(0, 102, 204, 0.15); padding: 24px; margin: 28px auto; max-width: 640px; text-align: center;\">\r\n  <h3 style=\"color: #000000; font-size: 18px; font-weight: 700; margin: 0 0 16px 0;\">Pontos-chave<\/h3>\r\n  <div style=\"display: flex; flex-direction: column; gap: 12px;\">\r\n    <div style=\"background: #f5f7fa; border-radius: 8px; padding: 14px; color: #000000;\">\r\n      <strong style=\"display: block; margin-bottom: 6px;\">Documenta\u00e7\u00e3o em dia<\/strong>\r\n      <span style=\"font-size: 14px;\">RG, CPF e comprovantes atualizados garantem o acesso r\u00e1pido aos direitos.<\/span>\r\n    <\/div>\r\n    <div style=\"background: #f5f7fa; border-radius: 8px; padding: 14px; color: #000000;\">\r\n      <strong style=\"display: block; margin-bottom: 6px;\">CRAS e Gov.br<\/strong>\r\n      <span style=\"font-size: 14px;\">S\u00e3o os principais canais para emitir a Carteira da Pessoa Idosa e atualizar o Cad\u00danico.<\/span>\r\n    <\/div>\r\n    <div style=\"background: #f5f7fa; border-radius: 8px; padding: 14px; color: #000000;\">\r\n      <strong style=\"display: block; margin-bottom: 6px;\">Regras locais<\/strong>\r\n      <span style=\"font-size: 14px;\">Isen\u00e7\u00f5es de IPTU e gratuidade no transporte podem variar de cidade para cidade.<\/span>\r\n    <\/div>\r\n  <\/div>\r\n<\/div>\n\n\n\n<h2 class=\"wp-block-heading\">Por que cada idade certa pesa no seu bolso<\/h2>\n\n\n\n<p>Saber a idade exata de cada benef\u00edcio previsto no Estatuto da Pessoa Idosa evita frustra\u00e7\u00e3o e dor de cabe\u00e7a. Quem domina as regras consegue reduzir gastos, organizar documentos e aproveitar direitos que costumam ficar esquecidos por pura desinforma\u00e7\u00e3o.<\/p>\n\n\n\n<p>Outro ponto importante \u00e9 que muitos pedidos dependem de iniciativa pessoal. Atualizar o Cad\u00danico, procurar o CRAS, acompanhar as regras da prefeitura e manter os documentos em ordem costuma fazer toda a diferen\u00e7a para n\u00e3o perder prazo ou benef\u00edcio.<\/p>\n\n\n\n<figure class=\"wp-block-image size-large\"><img loading=\"lazy\" decoding=\"async\" width=\"1024\" height=\"576\" src=\"https:\/\/www.em.com.br\/emfoco\/wp-content\/uploads\/2026\/05\/Quem-completa-60-anos-em-2026-pode-acessar-beneficios-garantidos-por-lei-2-1024x576.jpg\" alt=\"Quem completa 60 anos em 2026 pode acessar benef\u00edcios garantidos por lei\" class=\"wp-image-204051\" srcset=\"https:\/\/www.em.com.br\/emfoco\/wp-content\/uploads\/2026\/05\/Quem-completa-60-anos-em-2026-pode-acessar-beneficios-garantidos-por-lei-2-1024x576.jpg 1024w, https:\/\/www.em.com.br\/emfoco\/wp-content\/uploads\/2026\/05\/Quem-completa-60-anos-em-2026-pode-acessar-beneficios-garantidos-por-lei-2-300x169.jpg 300w, https:\/\/www.em.com.br\/emfoco\/wp-content\/uploads\/2026\/05\/Quem-completa-60-anos-em-2026-pode-acessar-beneficios-garantidos-por-lei-2-768x432.jpg 768w, https:\/\/www.em.com.br\/emfoco\/wp-content\/uploads\/2026\/05\/Quem-completa-60-anos-em-2026-pode-acessar-beneficios-garantidos-por-lei-2-750x422.jpg 750w, https:\/\/www.em.com.br\/emfoco\/wp-content\/uploads\/2026\/05\/Quem-completa-60-anos-em-2026-pode-acessar-beneficios-garantidos-por-lei-2-1140x641.jpg 1140w, https:\/\/www.em.com.br\/emfoco\/wp-content\/uploads\/2026\/05\/Quem-completa-60-anos-em-2026-pode-acessar-beneficios-garantidos-por-lei-2.jpg 1280w\" sizes=\"auto, (max-width: 1024px) 100vw, 1024px\" \/><figcaption class=\"wp-element-caption\">Algumas vantagens exigem aten\u00e7\u00e3o \u00e0s regras.<\/figcaption><\/figure>\n\n\n\n<h2 class=\"wp-block-heading\">Caminhos oficiais para n\u00e3o cair em pegadinha<\/h2>\n\n\n\n<p>Aos 60 anos, o direito existe em v\u00e1rias frentes, mas o caminho at\u00e9 ele muda conforme o servi\u00e7o. O ideal \u00e9 sempre conferir os canais oficiais do munic\u00edpio, da <a href=\"https:\/\/www.gov.br\/receitafederal\/pt-br\" target=\"_blank\" rel=\"noopener\">Receita Federal<\/a>, do Gov.br e da assist\u00eancia social antes de contar com qualquer benef\u00edcio como autom\u00e1tico.<\/p>\n\n\n\n<p>No fim das contas, completar 60 anos em 2026 n\u00e3o \u00e9 s\u00f3 entrar em uma nova faixa et\u00e1ria. \u00c9 tamb\u00e9m passar a ter acesso a uma rede de prote\u00e7\u00e3o legal capaz de aliviar o bolso, facilitar a rotina e garantir mais prioridade no dia a dia.<\/p>\n\n\n\n<p><strong>Gostou de entender esses direitos? Compartilhe este texto com quem est\u00e1 perto dos 60 anos ou pode se beneficiar dessas informa\u00e7\u00f5es.<\/strong><\/p>\n","protected":false},"excerpt":{"rendered":"<p>Destaques Aos 60 anos, a pessoa j\u00e1 entra no grupo protegido pelo Estatuto da Pessoa Idosa. Nem todo benef\u00edcio come\u00e7a aos 60: BPC e gratuidade no transporte s\u00f3 valem aos 65. Programas como Farm\u00e1cia Popular oferecem fraldas geri\u00e1tricas com subs\u00eddio de at\u00e9 90%. Quem completa 60 anos em 2026 entra oficialmente no grupo protegido pelo [&hellip;]<\/p>\n","protected":false},"author":5,"featured_media":204052,"comment_status":"open","ping_status":"open","sticky":false,"template":"","format":"standard","meta":{"jnews-multi-image_gallery":[],"jnews_single_post":{"format":"standard"},"jnews_primary_category":[],"jnews_social_meta":[],"jnews_override_counter":[],"footnotes":""},"categories":[1],"tags":[256,260],"class_list":["post-204040","post","type-post","status-publish","format-standard","has-post-thumbnail","hentry","category-noticias","tag-beneficios","tag-idosos"],"yoast_head":"<!-- This site is optimized with the Yoast SEO plugin v23.8 - https:\/\/yoast.com\/wordpress\/plugins\/seo\/ -->\n<title>Quem completa 60 anos em 2026 pode acessar benef\u00edcios garantidos por lei - Estado de Minas - Em foco<\/title>\n<meta name=\"description\" content=\"Aos 60 anos j\u00e1 existem vantagens em sa\u00fade, transporte e lazer, mas nem todos os benef\u00edcios come\u00e7am nessa idade\" \/>\n<meta name=\"robots\" content=\"index, follow, max-snippet:-1, max-image-preview:large, max-video-preview:-1\" \/>\n<link rel=\"canonical\" href=\"https:\/\/www.em.com.br\/emfoco\/2026\/05\/03\/quem-completa-60-anos-em-2026-pode-acessar-beneficios-garantidos-por-lei\/\" \/>\n<meta property=\"og:locale\" content=\"pt_BR\" \/>\n<meta property=\"og:type\" content=\"article\" \/>\n<meta property=\"og:title\" content=\"Quem completa 60 anos em 2026 pode acessar benef\u00edcios garantidos por lei - Estado de Minas - Em foco\" \/>\n<meta property=\"og:description\" content=\"Aos 60 anos j\u00e1 existem vantagens em sa\u00fade, transporte e lazer, mas nem todos os benef\u00edcios come\u00e7am nessa idade\" \/>\n<meta property=\"og:url\" content=\"https:\/\/www.em.com.br\/emfoco\/2026\/05\/03\/quem-completa-60-anos-em-2026-pode-acessar-beneficios-garantidos-por-lei\/\" \/>\n<meta property=\"og:site_name\" content=\"Estado de Minas - Em foco\" \/>\n<meta property=\"article:published_time\" content=\"2026-05-03T10:28:00+00:00\" \/>\n<meta property=\"article:modified_time\" content=\"2026-05-03T08:59:56+00:00\" \/>\n<meta property=\"og:image\" content=\"https:\/\/www.em.com.br\/emfoco\/wp-content\/uploads\/2026\/05\/Quem-completa-60-anos-em-2026-pode-acessar-beneficios-garantidos-por-lei-1.jpg\" \/>\n\t<meta property=\"og:image:width\" content=\"1280\" \/>\n\t<meta property=\"og:image:height\" content=\"720\" \/>\n\t<meta property=\"og:image:type\" content=\"image\/jpeg\" \/>\n<meta name=\"author\" content=\"N\u00fabia Rangel\" \/>\n<meta name=\"twitter:card\" content=\"summary_large_image\" \/>\n<meta name=\"twitter:label1\" content=\"Escrito por\" \/>\n\t<meta name=\"twitter:data1\" content=\"N\u00fabia Rangel\" \/>\n\t<meta name=\"twitter:label2\" content=\"Est. tempo de leitura\" \/>\n\t<meta name=\"twitter:data2\" content=\"5 minutos\" \/>\n<!-- \/ Yoast SEO plugin. -->","yoast_head_json":{"title":"Quem completa 60 anos em 2026 pode acessar benef\u00edcios garantidos por lei - Estado de Minas - Em foco","description":"Aos 60 anos j\u00e1 existem vantagens em sa\u00fade, transporte e lazer, mas nem todos os benef\u00edcios come\u00e7am nessa idade","robots":{"index":"index","follow":"follow","max-snippet":"max-snippet:-1","max-image-preview":"max-image-preview:large","max-video-preview":"max-video-preview:-1"},"canonical":"https:\/\/www.em.com.br\/emfoco\/2026\/05\/03\/quem-completa-60-anos-em-2026-pode-acessar-beneficios-garantidos-por-lei\/","og_locale":"pt_BR","og_type":"article","og_title":"Quem completa 60 anos em 2026 pode acessar benef\u00edcios garantidos por lei - Estado de Minas - Em foco","og_description":"Aos 60 anos j\u00e1 existem vantagens em sa\u00fade, transporte e lazer, mas nem todos os benef\u00edcios come\u00e7am nessa idade","og_url":"https:\/\/www.em.com.br\/emfoco\/2026\/05\/03\/quem-completa-60-anos-em-2026-pode-acessar-beneficios-garantidos-por-lei\/","og_site_name":"Estado de Minas - Em foco","article_published_time":"2026-05-03T10:28:00+00:00","article_modified_time":"2026-05-03T08:59:56+00:00","og_image":[{"width":1280,"height":720,"url":"https:\/\/www.em.com.br\/emfoco\/wp-content\/uploads\/2026\/05\/Quem-completa-60-anos-em-2026-pode-acessar-beneficios-garantidos-por-lei-1.jpg","type":"image\/jpeg"}],"author":"N\u00fabia Rangel","twitter_card":"summary_large_image","twitter_misc":{"Escrito por":"N\u00fabia Rangel","Est. tempo de leitura":"5 minutos"},"schema":{"@context":"https:\/\/schema.org","@graph":[{"@type":"WebPage","@id":"https:\/\/www.em.com.br\/emfoco\/2026\/05\/03\/quem-completa-60-anos-em-2026-pode-acessar-beneficios-garantidos-por-lei\/","url":"https:\/\/www.em.com.br\/emfoco\/2026\/05\/03\/quem-completa-60-anos-em-2026-pode-acessar-beneficios-garantidos-por-lei\/","name":"Quem completa 60 anos em 2026 pode acessar benef\u00edcios garantidos por lei - Estado de Minas - Em foco","isPartOf":{"@id":"https:\/\/www.em.com.br\/emfoco\/#website"},"primaryImageOfPage":{"@id":"https:\/\/www.em.com.br\/emfoco\/2026\/05\/03\/quem-completa-60-anos-em-2026-pode-acessar-beneficios-garantidos-por-lei\/#primaryimage"},"image":{"@id":"https:\/\/www.em.com.br\/emfoco\/2026\/05\/03\/quem-completa-60-anos-em-2026-pode-acessar-beneficios-garantidos-por-lei\/#primaryimage"},"thumbnailUrl":"https:\/\/www.em.com.br\/emfoco\/wp-content\/uploads\/2026\/05\/Quem-completa-60-anos-em-2026-pode-acessar-beneficios-garantidos-por-lei-1.jpg","datePublished":"2026-05-03T10:28:00+00:00","dateModified":"2026-05-03T08:59:56+00:00","author":{"@id":"https:\/\/www.em.com.br\/emfoco\/#\/schema\/person\/524437ef54f8a5d32591b143307f2e20"},"description":"Aos 60 anos j\u00e1 existem vantagens em sa\u00fade, transporte e lazer, mas nem todos os benef\u00edcios come\u00e7am nessa idade","breadcrumb":{"@id":"https:\/\/www.em.com.br\/emfoco\/2026\/05\/03\/quem-completa-60-anos-em-2026-pode-acessar-beneficios-garantidos-por-lei\/#breadcrumb"},"inLanguage":"pt-BR","potentialAction":[{"@type":"ReadAction","target":["https:\/\/www.em.com.br\/emfoco\/2026\/05\/03\/quem-completa-60-anos-em-2026-pode-acessar-beneficios-garantidos-por-lei\/"]}]},{"@type":"ImageObject","inLanguage":"pt-BR","@id":"https:\/\/www.em.com.br\/emfoco\/2026\/05\/03\/quem-completa-60-anos-em-2026-pode-acessar-beneficios-garantidos-por-lei\/#primaryimage","url":"https:\/\/www.em.com.br\/emfoco\/wp-content\/uploads\/2026\/05\/Quem-completa-60-anos-em-2026-pode-acessar-beneficios-garantidos-por-lei-1.jpg","contentUrl":"https:\/\/www.em.com.br\/emfoco\/wp-content\/uploads\/2026\/05\/Quem-completa-60-anos-em-2026-pode-acessar-beneficios-garantidos-por-lei-1.jpg","width":1280,"height":720,"caption":"Nem todo benef\u00edcio come\u00e7a na mesma idade."},{"@type":"BreadcrumbList","@id":"https:\/\/www.em.com.br\/emfoco\/2026\/05\/03\/quem-completa-60-anos-em-2026-pode-acessar-beneficios-garantidos-por-lei\/#breadcrumb","itemListElement":[{"@type":"ListItem","position":1,"name":"In\u00edcio","item":"https:\/\/www.em.com.br\/emfoco\/"},{"@type":"ListItem","position":2,"name":"Quem completa 60 anos em 2026 pode acessar benef\u00edcios garantidos por lei"}]},{"@type":"WebSite","@id":"https:\/\/www.em.com.br\/emfoco\/#website","url":"https:\/\/www.em.com.br\/emfoco\/","name":"Estado de Minas - Em foco","description":"Acompanhe as \u00faltimas not\u00edcias e fique bem informado sobre tudo o que acontece em Minas Gerais, Brasil e no mundo.","potentialAction":[{"@type":"SearchAction","target":{"@type":"EntryPoint","urlTemplate":"https:\/\/www.em.com.br\/emfoco\/?s={search_term_string}"},"query-input":{"@type":"PropertyValueSpecification","valueRequired":true,"valueName":"search_term_string"}}],"inLanguage":"pt-BR"},{"@type":"Person","@id":"https:\/\/www.em.com.br\/emfoco\/#\/schema\/person\/524437ef54f8a5d32591b143307f2e20","name":"N\u00fabia Rangel","image":{"@type":"ImageObject","inLanguage":"pt-BR","@id":"https:\/\/www.em.com.br\/emfoco\/#\/schema\/person\/image\/","url":"https:\/\/secure.gravatar.com\/avatar\/47cff2827a5ba23c37e8068c86817ea4?s=96&d=mm&r=g","contentUrl":"https:\/\/secure.gravatar.com\/avatar\/47cff2827a5ba23c37e8068c86817ea4?s=96&d=mm&r=g","caption":"N\u00fabia Rangel"},"sameAs":["https:\/\/www.em.com.br\/emfoco\/"],"url":"https:\/\/www.em.com.br\/emfoco\/author\/nubiamyth\/"}]}},"_links":{"self":[{"href":"https:\/\/www.em.com.br\/emfoco\/wp-json\/wp\/v2\/posts\/204040","targetHints":{"allow":["GET"]}}],"collection":[{"href":"https:\/\/www.em.com.br\/emfoco\/wp-json\/wp\/v2\/posts"}],"about":[{"href":"https:\/\/www.em.com.br\/emfoco\/wp-json\/wp\/v2\/types\/post"}],"author":[{"embeddable":true,"href":"https:\/\/www.em.com.br\/emfoco\/wp-json\/wp\/v2\/users\/5"}],"replies":[{"embeddable":true,"href":"https:\/\/www.em.com.br\/emfoco\/wp-json\/wp\/v2\/comments?post=204040"}],"version-history":[{"count":2,"href":"https:\/\/www.em.com.br\/emfoco\/wp-json\/wp\/v2\/posts\/204040\/revisions"}],"predecessor-version":[{"id":204057,"href":"https:\/\/www.em.com.br\/emfoco\/wp-json\/wp\/v2\/posts\/204040\/revisions\/204057"}],"wp:featuredmedia":[{"embeddable":true,"href":"https:\/\/www.em.com.br\/emfoco\/wp-json\/wp\/v2\/media\/204052"}],"wp:attachment":[{"href":"https:\/\/www.em.com.br\/emfoco\/wp-json\/wp\/v2\/media?parent=204040"}],"wp:term":[{"taxonomy":"category","embeddable":true,"href":"https:\/\/www.em.com.br\/emfoco\/wp-json\/wp\/v2\/categories?post=204040"},{"taxonomy":"post_tag","embeddable":true,"href":"https:\/\/www.em.com.br\/emfoco\/wp-json\/wp\/v2\/tags?post=204040"}],"curies":[{"name":"wp","href":"https:\/\/api.w.org\/{rel}","templated":true}]}}