{"id":204014,"date":"2026-05-03T06:38:00","date_gmt":"2026-05-03T09:38:00","guid":{"rendered":"https:\/\/www.em.com.br\/emfoco\/?p=204014"},"modified":"2026-05-03T05:17:38","modified_gmt":"2026-05-03T08:17:38","slug":"receita-federal-emite-alerta-para-quem-faz-transferencias-via-pix-em-2026","status":"publish","type":"post","link":"https:\/\/www.em.com.br\/emfoco\/2026\/05\/03\/receita-federal-emite-alerta-para-quem-faz-transferencias-via-pix-em-2026\/","title":{"rendered":"Receita Federal emite alerta para quem faz transfer\u00eancias via PIX em 2026"},"content":{"rendered":"\n<style>\r\n@import url('https:\/\/fonts.googleapis.com\/css2?family=Inter:wght@400;500;600;700;800&display=swap');\r\n.destaques-box{font-family:'Inter',sans-serif;background:#ffffff;max-width:680px;margin:24px auto;padding:28px 24px;border-radius:14px;box-shadow:0 4px 18px rgba(30,64,175,0.18);text-align:center;border:1px solid #f1f5f9;}\r\n.destaques-box h3{font-size:18px;font-weight:700;color:#000000;margin:0 0 18px 0;letter-spacing:0.5px;text-transform:uppercase;}\r\n.destaques-box ul{list-style:none;padding:0;margin:0;}\r\n.destaques-box li{font-size:15px;color:#000000;line-height:1.6;margin-bottom:12px;padding:10px 14px;background:#f8fafc;border-radius:8px;}\r\n.destaques-box li strong{color:#000000;font-weight:700;}\r\n.destaques-box li:last-child{margin-bottom:0;}\r\n<\/style>\r\n<div class=\"destaques-box\">\r\n<h3>Destaques<\/h3>\r\n<ul>\r\n<li><strong>PIX continua sem taxa:<\/strong> a Receita Federal confirmou que n\u00e3o existe legisla\u00e7\u00e3o que permita tributar transfer\u00eancias instant\u00e2neas no Brasil.<\/li>\r\n<li><strong>O que importa \u00e9 a origem do dinheiro:<\/strong> rendimentos tribut\u00e1veis precisam ser declarados, independentemente do meio de pagamento utilizado.<\/li>\r\n<li><strong>Cruzamento de dados est\u00e1 mais rigoroso:<\/strong> bancos, fintechs e casas de apostas informam movimenta\u00e7\u00f5es ao Fisco, e qualquer diverg\u00eancia pode levar \u00e0 malha fina.<\/li>\r\n<\/ul>\r\n<\/div>\n\n\n\n<p>Se voc\u00ea respirou aliviado ao saber que o PIX continua de gra\u00e7a, vale prestar aten\u00e7\u00e3o no que vem agora. A confus\u00e3o sobre uma suposta cobran\u00e7a em transfer\u00eancias bagun\u00e7ou a cabe\u00e7a de muita gente, mas o ponto de virada est\u00e1 mesmo na declara\u00e7\u00e3o do <strong>Imposto de Renda 2026<\/strong>, j\u00e1 aberta e com prazo at\u00e9 29 de maio.<\/p>\n\n\n\n<h2 class=\"wp-block-heading\">A confus\u00e3o sobre a &#8220;taxa do PIX&#8221; precisa acabar de uma vez<\/h2>\n\n\n\n<p>A <a href=\"https:\/\/www.gov.br\/receitafederal\/pt-br\/assuntos\/noticias\/2026\/janeiro\/receita-federal-orienta-a-populacao-sobre-fake-news-envolvendo-pix-e-tributacao\" target=\"_blank\" rel=\"noreferrer noopener\">Receita Federal<\/a> precisou desmentir mais de uma vez os boatos sobre uma cobran\u00e7a em cima das transfer\u00eancias instant\u00e2neas. N\u00e3o existe lei em vigor que tribute movimenta\u00e7\u00f5es financeiras, e a regra vale para PIX, TED, DOC ou qualquer outro caminho que o seu dinheiro percorra.<\/p>\n\n\n\n<p>O detalhe que muita gente esquece \u00e9 simples: o PIX \u00e9 apenas uma <strong>ferramenta de pagamento<\/strong>, como o cart\u00e3o de d\u00e9bito ou o dinheiro em esp\u00e9cie. O que entra no radar do Fisco n\u00e3o \u00e9 o meio, \u00e9 a renda. A origem do valor que cai na sua conta \u00e9 o que pode, ou n\u00e3o, gerar imposto.<\/p>\n\n\n\n<figure class=\"wp-block-image size-large\"><img loading=\"lazy\" decoding=\"async\" width=\"1024\" height=\"576\" src=\"https:\/\/www.em.com.br\/emfoco\/wp-content\/uploads\/2026\/05\/Nelson-Mandela-lider-historico-e-Premio-Nobel-da-Paz-afirmou-A-educacao-e-a-arma-mais-poderosa-que-voce-pode-usar-para-mudar-o-mundo-3-1024x576.jpg\" alt=\"Receita Federal emite alerta para quem faz transfer\u00eancias via PIX em 2026\" class=\"wp-image-204020\" srcset=\"https:\/\/www.em.com.br\/emfoco\/wp-content\/uploads\/2026\/05\/Nelson-Mandela-lider-historico-e-Premio-Nobel-da-Paz-afirmou-A-educacao-e-a-arma-mais-poderosa-que-voce-pode-usar-para-mudar-o-mundo-3-1024x576.jpg 1024w, https:\/\/www.em.com.br\/emfoco\/wp-content\/uploads\/2026\/05\/Nelson-Mandela-lider-historico-e-Premio-Nobel-da-Paz-afirmou-A-educacao-e-a-arma-mais-poderosa-que-voce-pode-usar-para-mudar-o-mundo-3-300x169.jpg 300w, https:\/\/www.em.com.br\/emfoco\/wp-content\/uploads\/2026\/05\/Nelson-Mandela-lider-historico-e-Premio-Nobel-da-Paz-afirmou-A-educacao-e-a-arma-mais-poderosa-que-voce-pode-usar-para-mudar-o-mundo-3-768x432.jpg 768w, https:\/\/www.em.com.br\/emfoco\/wp-content\/uploads\/2026\/05\/Nelson-Mandela-lider-historico-e-Premio-Nobel-da-Paz-afirmou-A-educacao-e-a-arma-mais-poderosa-que-voce-pode-usar-para-mudar-o-mundo-3-750x422.jpg 750w, https:\/\/www.em.com.br\/emfoco\/wp-content\/uploads\/2026\/05\/Nelson-Mandela-lider-historico-e-Premio-Nobel-da-Paz-afirmou-A-educacao-e-a-arma-mais-poderosa-que-voce-pode-usar-para-mudar-o-mundo-3-1140x641.jpg 1140w, https:\/\/www.em.com.br\/emfoco\/wp-content\/uploads\/2026\/05\/Nelson-Mandela-lider-historico-e-Premio-Nobel-da-Paz-afirmou-A-educacao-e-a-arma-mais-poderosa-que-voce-pode-usar-para-mudar-o-mundo-3.jpg 1280w\" sizes=\"auto, (max-width: 1024px) 100vw, 1024px\" \/><figcaption class=\"wp-element-caption\">O que importa \u00e9 a origem do dinheiro recebido.<\/figcaption><\/figure>\n\n\n\n<h2 class=\"wp-block-heading\">Quando aquele PIX vira renda tribut\u00e1vel no IRPF 2026<\/h2>\n\n\n\n<p>Imagine que voc\u00ea \u00e9 prestador de servi\u00e7os aut\u00f4nomo e recebe tudo via transfer\u00eancia instant\u00e2nea. Cada valor que cai na sua conta por um trabalho realizado \u00e9 <strong>rendimento tribut\u00e1vel<\/strong>, e precisa entrar na declara\u00e7\u00e3o do IRPF 2026, referente ao ano-base 2025. N\u00e3o muda nada se chegou por PIX, TED ou dep\u00f3sito.<\/p>\n\n\n\n<p>Por outro lado, se voc\u00ea s\u00f3 transfere dinheiro entre as suas pr\u00f3prias contas ou divide o jantar com os amigos, pode ficar tranquilo. Esse fluxo de dia a dia n\u00e3o precisa aparecer na declara\u00e7\u00e3o. O segredo \u00e9 separar o que \u00e9 renda do que \u00e9 s\u00f3 circula\u00e7\u00e3o de dinheiro.<\/p>\n\n\n\n<h2 class=\"wp-block-heading\">Os erros mais comuns que abrem as portas da malha fina<\/h2>\n\n\n\n<p>O Fisco n\u00e3o fica olhando cada PIX individualmente. O que existe \u00e9 um cruzamento de dados feito pela e-Financeira, em que bancos e fintechs informam o total movimentado por cada CPF. Quando o que entrou na conta destoa muito do que foi declarado, a malha fina aparece.<\/p>\n\n\n\n<p>Algumas situa\u00e7\u00f5es s\u00e3o cl\u00e1ssicas e respondem pela maioria das pend\u00eancias entre quem usa PIX com frequ\u00eancia. Vale conferir se alguma delas se encaixa na sua rotina financeira:<\/p>\n\n\n\n<ul class=\"wp-block-list\">\n<li>Receber por servi\u00e7os prestados como pessoa f\u00edsica e n\u00e3o lan\u00e7ar esses valores como rendimentos tribut\u00e1veis na ficha correta da declara\u00e7\u00e3o.<\/li>\n\n\n\n<li>Receber alugu\u00e9is pelo PIX e esquecer de informar, mesmo sabendo que o Fisco cruza dados com imobili\u00e1rias e inquilinos.<\/li>\n\n\n\n<li>Vender carro, moto ou im\u00f3vel recebendo o pagamento de forma instant\u00e2nea, sem registrar o ganho de capital correspondente.<\/li>\n\n\n\n<li>Movimentar volumes altos sem lastro, ou seja, ter entrada de dinheiro incompat\u00edvel com a renda informada.<\/li>\n\n\n\n<li>Receber pr\u00eamios de apostas esportivas via PIX, que neste ano passaram a ter regras pr\u00f3prias de declara\u00e7\u00e3o obrigat\u00f3ria.<\/li>\n\n\n\n<li>Omitir valores recebidos por dependentes, como filhos que prestam servi\u00e7os freelancer e movimentam suas pr\u00f3prias contas.<\/li>\n<\/ul>\n\n\n\n<style>\r\n.pontos-chave-box{font-family:'Inter',sans-serif;max-width:780px;margin:32px auto;padding:0;}\r\n.pontos-chave-box h3{font-size:20px;font-weight:800;color:#000000;text-align:center;margin:0 0 22px 0;letter-spacing:0.3px;}\r\n.pontos-chave-grid{display:grid;grid-template-columns:repeat(auto-fit,minmax(220px,1fr));gap:18px;}\r\n.ponto-card{background:#ffffff;border-radius:12px;padding:22px 18px;text-align:center;box-shadow:0 4px 18px rgba(30,64,175,0.18);border:1px solid #f1f5f9;}\r\n.ponto-card .icon{font-size:32px;margin-bottom:10px;display:block;}\r\n.ponto-card h4{font-size:16px;font-weight:700;color:#000000;margin:0 0 10px 0;}\r\n.ponto-card p{font-size:14px;color:#000000;line-height:1.55;margin:0;}\r\n<\/style>\r\n<div class=\"pontos-chave-box\">\r\n<h3>Pontos-chave<\/h3>\r\n<div class=\"pontos-chave-grid\">\r\n<div class=\"ponto-card\"><span class=\"icon\">\ud83d\udcb8<\/span><h4>PIX n\u00e3o \u00e9 tributo<\/h4><p>N\u00e3o existe legisla\u00e7\u00e3o no Brasil que autorize cobrar imposto sobre transfer\u00eancias instant\u00e2neas, em nenhuma situa\u00e7\u00e3o.<\/p><\/div>\r\n<div class=\"ponto-card\"><span class=\"icon\">\ud83d\udd0d<\/span><h4>Fisco cruza dados<\/h4><p>Bancos, fintechs e casas de apostas informam o volume por CPF, e a Receita compara com a renda declarada.<\/p><\/div>\r\n<div class=\"ponto-card\"><span class=\"icon\">\ud83d\udccb<\/span><h4>Declare a origem<\/h4><p>Trabalho, aluguel, venda de bens ou pr\u00eamios de bets recebidos via PIX precisam aparecer no IRPF 2026.<\/p><\/div>\r\n<\/div>\r\n<\/div>\n\n\n\n<h2 class=\"wp-block-heading\">Apostas esportivas entram de vez no radar da Receita<\/h2>\n\n\n\n<p>Uma das grandes novidades do IRPF 2026 mira diretamente quem joga em sites de apostas, as famosas <strong>bets<\/strong>. Os pr\u00eamios l\u00edquidos acima de R$ 28.467,20 no ano de 2025 entram como rendimentos tribut\u00e1veis e precisam ser informados na declara\u00e7\u00e3o, na ficha espec\u00edfica para esse tipo de ganho.<\/p>\n\n\n\n<p>Tem outro detalhe que pegou muita gente de surpresa: <strong>saldos em conta de apostas a partir de R$ 5<\/strong> tamb\u00e9m precisam ser declarados na ficha de bens e direitos. Como esses pr\u00eamios geralmente caem via PIX, qualquer diverg\u00eancia entre o que a casa de apostas informou e o que voc\u00ea lan\u00e7ou pode acender o alerta no cruzamento de dados.<\/p>\n\n\n\n<h2 class=\"wp-block-heading\">Pr\u00e9-preenchida agora avisa o erro antes do envio<\/h2>\n\n\n\n<p>O prazo para enviar a declara\u00e7\u00e3o do IRPF 2026 termina em <strong>29 de maio<\/strong>, e neste ano os sistemas ficaram ainda mais afinados. A pr\u00e9-preenchida ganhou alertas em tempo real, apontando inconsist\u00eancias antes do envio do formul\u00e1rio. Se algum dado destoa do que o Fisco j\u00e1 tem, o aviso aparece na tela.<\/p>\n\n\n\n<p>Quem optar por receber a restitui\u00e7\u00e3o pela chave PIX do CPF entra na fila priorit\u00e1ria. O recado \u00e9 claro: se houver erro ou omiss\u00e3o mesmo ap\u00f3s os alertas, o contribuinte perde a vez e pode cair na malha fina. Revisar tudo antes do envio deixou de ser exagero e virou rotina inteligente.<\/p>\n\n\n\n<h2 class=\"wp-block-heading\">Nova tabela do IR j\u00e1 est\u00e1 valendo, mas s\u00f3 aparece no ajuste de 2027<\/h2>\n\n\n\n<p>Aqui mora uma confus\u00e3o comum. A nova tabela, com <strong>isen\u00e7\u00e3o total para quem ganha at\u00e9 R$ 5 mil por m\u00eas<\/strong> e <strong>desconto parcial para rendas de at\u00e9 R$ 7.350<\/strong>, j\u00e1 est\u00e1 em vigor desde janeiro de 2026 na reten\u00e7\u00e3o mensal do sal\u00e1rio. O efeito no bolso aparece todo m\u00eas, mas o ajuste anual desse benef\u00edcio ser\u00e1 refletido s\u00f3 na declara\u00e7\u00e3o de 2027. No IRPF 2026, vale a regra antiga, e quem teve rendimentos tribut\u00e1veis acima de R$ 35.584 em 2025 segue obrigado a declarar.<\/p>\n\n\n\n<p>No fim das contas, o PIX continua r\u00e1pido, gratuito e seguro. O cuidado de verdade n\u00e3o \u00e9 com o meio de pagamento, \u00e9 com a transpar\u00eancia da sua vida financeira diante do Fisco. Manter comprovantes organizados e declarar tudo o que representa renda, inclusive pr\u00eamios de apostas, \u00e9 o caminho mais curto para passar longe da malha fina.<\/p>\n\n\n\n<p><strong>Achou esse conte\u00fado \u00fatil? Compartilhe com amigos e familiares pelo WhatsApp ou nas redes sociais, porque na \u00e9poca do Imposto de Renda, informa\u00e7\u00e3o correta vale ouro.<\/strong><\/p>\n","protected":false},"excerpt":{"rendered":"<p>Destaques PIX continua sem taxa: a Receita Federal confirmou que n\u00e3o existe legisla\u00e7\u00e3o que permita tributar transfer\u00eancias instant\u00e2neas no Brasil. O que importa \u00e9 a origem do dinheiro: rendimentos tribut\u00e1veis precisam ser declarados, independentemente do meio de pagamento utilizado. Cruzamento de dados est\u00e1 mais rigoroso: bancos, fintechs e casas de apostas informam movimenta\u00e7\u00f5es ao Fisco, [&hellip;]<\/p>\n","protected":false},"author":5,"featured_media":204021,"comment_status":"open","ping_status":"open","sticky":false,"template":"","format":"standard","meta":{"jnews-multi-image_gallery":[],"jnews_single_post":{"format":"standard"},"jnews_primary_category":[],"jnews_social_meta":[],"jnews_override_counter":[],"footnotes":""},"categories":[1],"tags":[27912,1514,2208],"class_list":["post-204014","post","type-post","status-publish","format-standard","has-post-thumbnail","hentry","category-noticias","tag-noticia","tag-pix","tag-receita-federal"],"yoast_head":"<!-- This site is optimized with the Yoast SEO plugin v23.8 - https:\/\/yoast.com\/wordpress\/plugins\/seo\/ -->\n<title>Receita Federal emite alerta para quem faz transfer\u00eancias via PIX em 2026 - Estado de Minas - Em foco<\/title>\n<meta name=\"description\" content=\"PIX segue sem taxa, mas a Receita Federal exige aten\u00e7\u00e3o na declara\u00e7\u00e3o do Imposto de Renda 2026 para evitar erros e cair na malha fina.\" \/>\n<meta name=\"robots\" content=\"index, follow, max-snippet:-1, max-image-preview:large, max-video-preview:-1\" \/>\n<link rel=\"canonical\" href=\"https:\/\/www.em.com.br\/emfoco\/2026\/05\/03\/receita-federal-emite-alerta-para-quem-faz-transferencias-via-pix-em-2026\/\" \/>\n<meta property=\"og:locale\" content=\"pt_BR\" \/>\n<meta property=\"og:type\" content=\"article\" \/>\n<meta property=\"og:title\" content=\"Receita Federal emite alerta para quem faz transfer\u00eancias via PIX em 2026 - Estado de Minas - Em foco\" \/>\n<meta property=\"og:description\" content=\"PIX segue sem taxa, mas a Receita Federal exige aten\u00e7\u00e3o na declara\u00e7\u00e3o do Imposto de Renda 2026 para evitar erros e cair na malha fina.\" \/>\n<meta property=\"og:url\" content=\"https:\/\/www.em.com.br\/emfoco\/2026\/05\/03\/receita-federal-emite-alerta-para-quem-faz-transferencias-via-pix-em-2026\/\" \/>\n<meta property=\"og:site_name\" content=\"Estado de Minas - Em foco\" \/>\n<meta property=\"article:published_time\" content=\"2026-05-03T09:38:00+00:00\" \/>\n<meta property=\"article:modified_time\" content=\"2026-05-03T08:17:38+00:00\" \/>\n<meta property=\"og:image\" content=\"https:\/\/www.em.com.br\/emfoco\/wp-content\/uploads\/2026\/05\/Nelson-Mandela-lider-historico-e-Premio-Nobel-da-Paz-afirmou-A-educacao-e-a-arma-mais-poderosa-que-voce-pode-usar-para-mudar-o-mundo-2.jpg\" \/>\n\t<meta property=\"og:image:width\" content=\"1280\" \/>\n\t<meta property=\"og:image:height\" content=\"720\" \/>\n\t<meta property=\"og:image:type\" content=\"image\/jpeg\" \/>\n<meta name=\"author\" content=\"N\u00fabia Rangel\" \/>\n<meta name=\"twitter:card\" content=\"summary_large_image\" \/>\n<meta name=\"twitter:label1\" content=\"Escrito por\" \/>\n\t<meta name=\"twitter:data1\" content=\"N\u00fabia Rangel\" \/>\n\t<meta name=\"twitter:label2\" content=\"Est. tempo de leitura\" \/>\n\t<meta name=\"twitter:data2\" content=\"7 minutos\" \/>\n<!-- \/ Yoast SEO plugin. -->","yoast_head_json":{"title":"Receita Federal emite alerta para quem faz transfer\u00eancias via PIX em 2026 - Estado de Minas - Em foco","description":"PIX segue sem taxa, mas a Receita Federal exige aten\u00e7\u00e3o na declara\u00e7\u00e3o do Imposto de Renda 2026 para evitar erros e cair na malha fina.","robots":{"index":"index","follow":"follow","max-snippet":"max-snippet:-1","max-image-preview":"max-image-preview:large","max-video-preview":"max-video-preview:-1"},"canonical":"https:\/\/www.em.com.br\/emfoco\/2026\/05\/03\/receita-federal-emite-alerta-para-quem-faz-transferencias-via-pix-em-2026\/","og_locale":"pt_BR","og_type":"article","og_title":"Receita Federal emite alerta para quem faz transfer\u00eancias via PIX em 2026 - Estado de Minas - Em foco","og_description":"PIX segue sem taxa, mas a Receita Federal exige aten\u00e7\u00e3o na declara\u00e7\u00e3o do Imposto de Renda 2026 para evitar erros e cair na malha fina.","og_url":"https:\/\/www.em.com.br\/emfoco\/2026\/05\/03\/receita-federal-emite-alerta-para-quem-faz-transferencias-via-pix-em-2026\/","og_site_name":"Estado de Minas - Em foco","article_published_time":"2026-05-03T09:38:00+00:00","article_modified_time":"2026-05-03T08:17:38+00:00","og_image":[{"width":1280,"height":720,"url":"https:\/\/www.em.com.br\/emfoco\/wp-content\/uploads\/2026\/05\/Nelson-Mandela-lider-historico-e-Premio-Nobel-da-Paz-afirmou-A-educacao-e-a-arma-mais-poderosa-que-voce-pode-usar-para-mudar-o-mundo-2.jpg","type":"image\/jpeg"}],"author":"N\u00fabia Rangel","twitter_card":"summary_large_image","twitter_misc":{"Escrito por":"N\u00fabia Rangel","Est. tempo de leitura":"7 minutos"},"schema":{"@context":"https:\/\/schema.org","@graph":[{"@type":"WebPage","@id":"https:\/\/www.em.com.br\/emfoco\/2026\/05\/03\/receita-federal-emite-alerta-para-quem-faz-transferencias-via-pix-em-2026\/","url":"https:\/\/www.em.com.br\/emfoco\/2026\/05\/03\/receita-federal-emite-alerta-para-quem-faz-transferencias-via-pix-em-2026\/","name":"Receita Federal emite alerta para quem faz transfer\u00eancias via PIX em 2026 - Estado de Minas - Em foco","isPartOf":{"@id":"https:\/\/www.em.com.br\/emfoco\/#website"},"primaryImageOfPage":{"@id":"https:\/\/www.em.com.br\/emfoco\/2026\/05\/03\/receita-federal-emite-alerta-para-quem-faz-transferencias-via-pix-em-2026\/#primaryimage"},"image":{"@id":"https:\/\/www.em.com.br\/emfoco\/2026\/05\/03\/receita-federal-emite-alerta-para-quem-faz-transferencias-via-pix-em-2026\/#primaryimage"},"thumbnailUrl":"https:\/\/www.em.com.br\/emfoco\/wp-content\/uploads\/2026\/05\/Nelson-Mandela-lider-historico-e-Premio-Nobel-da-Paz-afirmou-A-educacao-e-a-arma-mais-poderosa-que-voce-pode-usar-para-mudar-o-mundo-2.jpg","datePublished":"2026-05-03T09:38:00+00:00","dateModified":"2026-05-03T08:17:38+00:00","author":{"@id":"https:\/\/www.em.com.br\/emfoco\/#\/schema\/person\/524437ef54f8a5d32591b143307f2e20"},"description":"PIX segue sem taxa, mas a Receita Federal exige aten\u00e7\u00e3o na declara\u00e7\u00e3o do Imposto de Renda 2026 para evitar erros e cair na malha fina.","breadcrumb":{"@id":"https:\/\/www.em.com.br\/emfoco\/2026\/05\/03\/receita-federal-emite-alerta-para-quem-faz-transferencias-via-pix-em-2026\/#breadcrumb"},"inLanguage":"pt-BR","potentialAction":[{"@type":"ReadAction","target":["https:\/\/www.em.com.br\/emfoco\/2026\/05\/03\/receita-federal-emite-alerta-para-quem-faz-transferencias-via-pix-em-2026\/"]}]},{"@type":"ImageObject","inLanguage":"pt-BR","@id":"https:\/\/www.em.com.br\/emfoco\/2026\/05\/03\/receita-federal-emite-alerta-para-quem-faz-transferencias-via-pix-em-2026\/#primaryimage","url":"https:\/\/www.em.com.br\/emfoco\/wp-content\/uploads\/2026\/05\/Nelson-Mandela-lider-historico-e-Premio-Nobel-da-Paz-afirmou-A-educacao-e-a-arma-mais-poderosa-que-voce-pode-usar-para-mudar-o-mundo-2.jpg","contentUrl":"https:\/\/www.em.com.br\/emfoco\/wp-content\/uploads\/2026\/05\/Nelson-Mandela-lider-historico-e-Premio-Nobel-da-Paz-afirmou-A-educacao-e-a-arma-mais-poderosa-que-voce-pode-usar-para-mudar-o-mundo-2.jpg","width":1280,"height":720,"caption":"PIX continua gratuito e sem cobran\u00e7a no Brasil."},{"@type":"BreadcrumbList","@id":"https:\/\/www.em.com.br\/emfoco\/2026\/05\/03\/receita-federal-emite-alerta-para-quem-faz-transferencias-via-pix-em-2026\/#breadcrumb","itemListElement":[{"@type":"ListItem","position":1,"name":"In\u00edcio","item":"https:\/\/www.em.com.br\/emfoco\/"},{"@type":"ListItem","position":2,"name":"Receita Federal emite alerta para quem faz transfer\u00eancias via PIX em 2026"}]},{"@type":"WebSite","@id":"https:\/\/www.em.com.br\/emfoco\/#website","url":"https:\/\/www.em.com.br\/emfoco\/","name":"Estado de Minas - Em foco","description":"Acompanhe as \u00faltimas not\u00edcias e fique bem informado sobre tudo o que acontece em Minas Gerais, Brasil e no mundo.","potentialAction":[{"@type":"SearchAction","target":{"@type":"EntryPoint","urlTemplate":"https:\/\/www.em.com.br\/emfoco\/?s={search_term_string}"},"query-input":{"@type":"PropertyValueSpecification","valueRequired":true,"valueName":"search_term_string"}}],"inLanguage":"pt-BR"},{"@type":"Person","@id":"https:\/\/www.em.com.br\/emfoco\/#\/schema\/person\/524437ef54f8a5d32591b143307f2e20","name":"N\u00fabia Rangel","image":{"@type":"ImageObject","inLanguage":"pt-BR","@id":"https:\/\/www.em.com.br\/emfoco\/#\/schema\/person\/image\/","url":"https:\/\/secure.gravatar.com\/avatar\/47cff2827a5ba23c37e8068c86817ea4?s=96&d=mm&r=g","contentUrl":"https:\/\/secure.gravatar.com\/avatar\/47cff2827a5ba23c37e8068c86817ea4?s=96&d=mm&r=g","caption":"N\u00fabia Rangel"},"sameAs":["https:\/\/www.em.com.br\/emfoco\/"],"url":"https:\/\/www.em.com.br\/emfoco\/author\/nubiamyth\/"}]}},"_links":{"self":[{"href":"https:\/\/www.em.com.br\/emfoco\/wp-json\/wp\/v2\/posts\/204014","targetHints":{"allow":["GET"]}}],"collection":[{"href":"https:\/\/www.em.com.br\/emfoco\/wp-json\/wp\/v2\/posts"}],"about":[{"href":"https:\/\/www.em.com.br\/emfoco\/wp-json\/wp\/v2\/types\/post"}],"author":[{"embeddable":true,"href":"https:\/\/www.em.com.br\/emfoco\/wp-json\/wp\/v2\/users\/5"}],"replies":[{"embeddable":true,"href":"https:\/\/www.em.com.br\/emfoco\/wp-json\/wp\/v2\/comments?post=204014"}],"version-history":[{"count":1,"href":"https:\/\/www.em.com.br\/emfoco\/wp-json\/wp\/v2\/posts\/204014\/revisions"}],"predecessor-version":[{"id":204023,"href":"https:\/\/www.em.com.br\/emfoco\/wp-json\/wp\/v2\/posts\/204014\/revisions\/204023"}],"wp:featuredmedia":[{"embeddable":true,"href":"https:\/\/www.em.com.br\/emfoco\/wp-json\/wp\/v2\/media\/204021"}],"wp:attachment":[{"href":"https:\/\/www.em.com.br\/emfoco\/wp-json\/wp\/v2\/media?parent=204014"}],"wp:term":[{"taxonomy":"category","embeddable":true,"href":"https:\/\/www.em.com.br\/emfoco\/wp-json\/wp\/v2\/categories?post=204014"},{"taxonomy":"post_tag","embeddable":true,"href":"https:\/\/www.em.com.br\/emfoco\/wp-json\/wp\/v2\/tags?post=204014"}],"curies":[{"name":"wp","href":"https:\/\/api.w.org\/{rel}","templated":true}]}}