{"id":204,"date":"2024-11-09T20:20:00","date_gmt":"2024-11-09T23:20:00","guid":{"rendered":"https:\/\/www.em.com.br\/emfoco\/?p=204"},"modified":"2024-11-08T18:11:58","modified_gmt":"2024-11-08T21:11:58","slug":"saiba-quais-sao-as-10-cidades-mais-violentas-do-brasil","status":"publish","type":"post","link":"https:\/\/www.em.com.br\/emfoco\/2024\/11\/09\/saiba-quais-sao-as-10-cidades-mais-violentas-do-brasil\/","title":{"rendered":"Saiba quais s\u00e3o as 10 Cidades Mais Violentas do Brasil"},"content":{"rendered":"<p>Recentemente, o <a href=\"https:\/\/www.em.com.br\/emfoco\/?s=cidades\" target=\"_blank\" rel=\"noopener\"><strong>Brasil<\/strong> <\/a>presenciou uma reconfigura\u00e7\u00e3o no ranking das cidades mais violentas. O munic\u00edpio de <strong><a href=\"https:\/\/www.portal.ap.gov.br\/conheca\/santana\" target=\"_blank\" rel=\"noopener\">Santana, no Amap\u00e1<\/a><\/strong>, saltou para a lideran\u00e7a, registrando um preocupante \u00edndice de 92,9 mortes violentas por 100 mil habitantes. Este dado foi divulgado no 18\u00ba Anu\u00e1rio Brasileiro de Seguran\u00e7a P\u00fablica pelo F\u00f3rum Brasileiro de Seguran\u00e7a P\u00fablica.<\/p>\n<p>A din\u00e2mica de viol\u00eancia em Santana se agravou rapidamente, dado o seu hist\u00f3rico de 49,4 mortes por 100 mil habitantes em 2022, o que a colocava na 31\u00aa posi\u00e7\u00e3o. Essa escalada de 88,2% tem sido atribu\u00edda a fatores como disputas territoriais pelo controle do porto local e um aumento nas mortes decorrentes de interven\u00e7\u00f5es policiais.<\/p>\n<h2>Quais s\u00e3o as 10 cidades mais violentas do Brasil?<\/h2>\n<p>O relat\u00f3rio de 2023 destacou uma lista alarmante das dez cidades mais violentas do pa\u00eds. Ap\u00f3s Santana, aparecem Cama\u00e7ari, na Bahia, e Jequi\u00e9, tamb\u00e9m na Bahia, completando os tr\u00eas primeiros lugares. Estas cidades registraram, respectivamente, 90,6 e 84,4 mortes violentas por 100 mil habitantes. A lista inclui ainda munic\u00edpios como Sorriso (MT), Sim\u00f5es Filho (BA) e Maranguape (CE). A presen\u00e7a de diversas cidades baianas evidencia um cen\u00e1rio cr\u00edtico de viol\u00eancia na regi\u00e3o.<\/p>\n<ol>\n<li>Santana (AP): 92,9<\/li>\n<li>Cama\u00e7ari (BA): 90,6<\/li>\n<li>Jequi\u00e9 (BA): 84,4<\/li>\n<li>Sorriso (MT): 77,7<\/li>\n<li>Sim\u00f5es Filho (BA): 75,9<\/li>\n<li>Feira de Santana (BA): 74,5<\/li>\n<li>Juazeiro (BA): 74,4<\/li>\n<li>Maranguape (CE): 74,2<\/li>\n<li>Macap\u00e1 (AP): 71,3<\/li>\n<li>Eun\u00e1polis (BA): 70,4<\/li>\n<\/ol>\n<h2>An\u00e1lise Regional da Viol\u00eancia no Brasil<\/h2>\n<p><\/p>\n<figure class=\"wp-block-image size-large\"><img loading=\"lazy\" decoding=\"async\" width=\"1024\" height=\"576\" class=\"wp-image-213\" src=\"https:\/\/www.em.com.br\/emfoco\/wp-content\/uploads\/2024\/11\/cidades-mais-violentas-do-Brasil-Creditos-depositphotos.com-Eduardo1304-1024x576.jpg\" alt=\"cidades-mais-violentas-do-Brasil-Creditos-depositphotos.com-Eduardo1304\" srcset=\"https:\/\/www.em.com.br\/emfoco\/wp-content\/uploads\/2024\/11\/cidades-mais-violentas-do-Brasil-Creditos-depositphotos.com-Eduardo1304-1024x576.jpg 1024w, https:\/\/www.em.com.br\/emfoco\/wp-content\/uploads\/2024\/11\/cidades-mais-violentas-do-Brasil-Creditos-depositphotos.com-Eduardo1304-300x169.jpg 300w, https:\/\/www.em.com.br\/emfoco\/wp-content\/uploads\/2024\/11\/cidades-mais-violentas-do-Brasil-Creditos-depositphotos.com-Eduardo1304-768x432.jpg 768w, https:\/\/www.em.com.br\/emfoco\/wp-content\/uploads\/2024\/11\/cidades-mais-violentas-do-Brasil-Creditos-depositphotos.com-Eduardo1304-750x422.jpg 750w, https:\/\/www.em.com.br\/emfoco\/wp-content\/uploads\/2024\/11\/cidades-mais-violentas-do-Brasil-Creditos-depositphotos.com-Eduardo1304-1140x641.jpg 1140w, https:\/\/www.em.com.br\/emfoco\/wp-content\/uploads\/2024\/11\/cidades-mais-violentas-do-Brasil-Creditos-depositphotos.com-Eduardo1304.jpg 1280w\" sizes=\"auto, (max-width: 1024px) 100vw, 1024px\" \/>\n<figcaption class=\"wp-element-caption\">cidades-mais-violentas-do-Brasil-Creditos-depositphotos.com-Eduardo1304<\/figcaption>\n<\/figure>\n<p><\/p>\n<p><\/p>\n<figure class=\"wp-block-gallery has-nested-images columns-default is-cropped wp-block-gallery-1 is-layout-flex wp-block-gallery-is-layout-flex\"><\/figure>\n<p><\/p>\n<p>O Norte e o Nordeste do Brasil continuam a liderar como as regi\u00f5es mais violentas do pa\u00eds. No Nordeste, a taxa de Mortes Violentas Intencionais (MVI) \u00e9 60% superior \u00e0 m\u00e9dia nacional. J\u00e1 o Norte apresenta uma taxa 48,8% acima da m\u00e9dia. Essa situa\u00e7\u00e3o tem sido exacerbada por disputas entre fac\u00e7\u00f5es criminosas por rotas e territ\u00f3rios, bem como uma elevada letalidade policial.<\/p>\n<p>Neste contexto, os estados com as taxas mais preocupantes de MVI em 2023 foram Amap\u00e1, com 69,9 mortes por 100 mil habitantes, Bahia com 46,5 e Pernambuco com 40,2. Em contraste, regi\u00f5es como S\u00e3o Paulo, Santa Catarina e o Distrito Federal exibiram taxas significativamente menores, destacando um cen\u00e1rio contrastante de seguran\u00e7a p\u00fablica no pa\u00eds.<\/p>\n<h2>Como a Viol\u00eancia Impacta o Brasil como um Todo?<\/h2>\n<p>Apesar da queda de 3,4% nas mortes violentas registradas no Brasil em 2023 em compara\u00e7\u00e3o com 2022, o pa\u00eds ainda enfrenta s\u00e9rios desafios na \u00e1rea de seguran\u00e7a p\u00fablica. Foram 46.328 homic\u00eddios cometidos ao longo do ano, resultando em uma taxa de 22,8 mortes violentas por 100 mil habitantes.<\/p>\n<p>David Marques, coordenador do F\u00f3rum Brasileiro de Seguran\u00e7a P\u00fablica, pontua que, ainda que a redu\u00e7\u00e3o seja um evento positivo, o Brasil continua a ser considerado um pa\u00eds de alta viol\u00eancia. Com pouco mais de 3% da popula\u00e7\u00e3o mundial, o pa\u00eds concentra 10% dos homic\u00eddios globais, refletindo n\u00fameros alarmantes quando se trata de crimes violentos.<\/p>\n<h2>A Viol\u00eancia nas Cidades e o Caminho para a Redu\u00e7\u00e3o dos \u00cdndices<\/h2>\n<p>A redu\u00e7\u00e3o das taxas de viol\u00eancia em certas localidades, como Jequi\u00e9, que diminuiu suas mortes em 5%, sugere que estrat\u00e9gias direcionadas podem gerar resultados positivos. A melhoria na seguran\u00e7a urbana depende de m\u00faltiplos fatores, incluindo a implementa\u00e7\u00e3o de pol\u00edticas p\u00fablicas mais eficazes e o controle das disputas territoriais entre fac\u00e7\u00f5es.<\/p>\n<p>O desafio continua sendo grande, mas esfor\u00e7os para a estabilidade e a paz social s\u00e3o cruciais para transformar o panorama atual da viol\u00eancia nas cidades brasileiras. Iniciativas comunit\u00e1rias, investimento em educa\u00e7\u00e3o e pol\u00edticas de seguran\u00e7a p\u00fablica mais inclusivas s\u00e3o fundamentais no combate a este grave problema.<\/p>\n\n\n<p><\/p>\n","protected":false},"excerpt":{"rendered":"<p>Saiba mais sobre a viol\u00eancia nas cidades brasileiras e os desafios para reduzi-las<\/p>\n","protected":false},"author":3,"featured_media":212,"comment_status":"open","ping_status":"open","sticky":false,"template":"","format":"standard","meta":{"jnews-multi-image_gallery":[],"jnews_single_post":{"format":"standard"},"jnews_primary_category":[],"jnews_social_meta":[],"jnews_override_counter":[],"footnotes":""},"categories":[26],"tags":[192,191,195,194,193],"class_list":["post-204","post","type-post","status-publish","format-standard","has-post-thumbnail","hentry","category-cidades","tag-amapa","tag-crimes-violentos","tag-json-ld","tag-santana","tag-seguranca-publica"],"yoast_head":"<!-- This site is optimized with the Yoast SEO plugin v23.8 - https:\/\/yoast.com\/wordpress\/plugins\/seo\/ -->\n<title>Saiba quais s\u00e3o as 10 Cidades Mais Violentas do Brasil - Estado de Minas - Em foco<\/title>\n<meta name=\"description\" content=\"Saiba mais sobre o ranking das cidades mais violentas do Brasil e os desafios para reduzi-la segundo an\u00e1lise regional\" \/>\n<meta name=\"robots\" content=\"index, follow, max-snippet:-1, max-image-preview:large, max-video-preview:-1\" \/>\n<link rel=\"canonical\" href=\"https:\/\/www.em.com.br\/emfoco\/2024\/11\/09\/saiba-quais-sao-as-10-cidades-mais-violentas-do-brasil\/\" \/>\n<meta property=\"og:locale\" content=\"pt_BR\" \/>\n<meta property=\"og:type\" content=\"article\" \/>\n<meta property=\"og:title\" content=\"Saiba quais s\u00e3o as 10 Cidades Mais Violentas do Brasil - Estado de Minas - Em foco\" \/>\n<meta property=\"og:description\" content=\"Saiba mais sobre o ranking das cidades mais violentas do Brasil e os desafios para reduzi-la segundo an\u00e1lise regional\" \/>\n<meta property=\"og:url\" content=\"https:\/\/www.em.com.br\/emfoco\/2024\/11\/09\/saiba-quais-sao-as-10-cidades-mais-violentas-do-brasil\/\" \/>\n<meta property=\"og:site_name\" content=\"Estado de Minas - Em foco\" \/>\n<meta property=\"article:published_time\" content=\"2024-11-09T23:20:00+00:00\" \/>\n<meta property=\"article:modified_time\" content=\"2024-11-08T21:11:58+00:00\" \/>\n<meta property=\"og:image\" content=\"https:\/\/www.em.com.br\/emfoco\/wp-content\/uploads\/2024\/11\/cidades-mais-violentas-do-Brasil-Creditos-depositphotos.com-dabldy.jpg\" \/>\n\t<meta property=\"og:image:width\" content=\"1280\" \/>\n\t<meta property=\"og:image:height\" content=\"720\" \/>\n\t<meta property=\"og:image:type\" content=\"image\/jpeg\" \/>\n<meta name=\"author\" content=\"Helen Palma\" \/>\n<meta name=\"twitter:card\" content=\"summary_large_image\" \/>\n<meta name=\"twitter:label1\" content=\"Escrito por\" \/>\n\t<meta name=\"twitter:data1\" content=\"Helen Palma\" \/>\n\t<meta name=\"twitter:label2\" content=\"Est. tempo de leitura\" \/>\n\t<meta name=\"twitter:data2\" content=\"4 minutos\" \/>\n<!-- \/ Yoast SEO plugin. -->","yoast_head_json":{"title":"Saiba quais s\u00e3o as 10 Cidades Mais Violentas do Brasil - Estado de Minas - Em foco","description":"Saiba mais sobre o ranking das cidades mais violentas do Brasil e os desafios para reduzi-la segundo an\u00e1lise regional","robots":{"index":"index","follow":"follow","max-snippet":"max-snippet:-1","max-image-preview":"max-image-preview:large","max-video-preview":"max-video-preview:-1"},"canonical":"https:\/\/www.em.com.br\/emfoco\/2024\/11\/09\/saiba-quais-sao-as-10-cidades-mais-violentas-do-brasil\/","og_locale":"pt_BR","og_type":"article","og_title":"Saiba quais s\u00e3o as 10 Cidades Mais Violentas do Brasil - Estado de Minas - Em foco","og_description":"Saiba mais sobre o ranking das cidades mais violentas do Brasil e os desafios para reduzi-la segundo an\u00e1lise regional","og_url":"https:\/\/www.em.com.br\/emfoco\/2024\/11\/09\/saiba-quais-sao-as-10-cidades-mais-violentas-do-brasil\/","og_site_name":"Estado de Minas - Em foco","article_published_time":"2024-11-09T23:20:00+00:00","article_modified_time":"2024-11-08T21:11:58+00:00","og_image":[{"width":1280,"height":720,"url":"https:\/\/www.em.com.br\/emfoco\/wp-content\/uploads\/2024\/11\/cidades-mais-violentas-do-Brasil-Creditos-depositphotos.com-dabldy.jpg","type":"image\/jpeg"}],"author":"Helen Palma","twitter_card":"summary_large_image","twitter_misc":{"Escrito por":"Helen Palma","Est. tempo de leitura":"4 minutos"},"schema":{"@context":"https:\/\/schema.org","@graph":[{"@type":"WebPage","@id":"https:\/\/www.em.com.br\/emfoco\/2024\/11\/09\/saiba-quais-sao-as-10-cidades-mais-violentas-do-brasil\/","url":"https:\/\/www.em.com.br\/emfoco\/2024\/11\/09\/saiba-quais-sao-as-10-cidades-mais-violentas-do-brasil\/","name":"Saiba quais s\u00e3o as 10 Cidades Mais Violentas do Brasil - Estado de Minas - Em foco","isPartOf":{"@id":"https:\/\/www.em.com.br\/emfoco\/#website"},"primaryImageOfPage":{"@id":"https:\/\/www.em.com.br\/emfoco\/2024\/11\/09\/saiba-quais-sao-as-10-cidades-mais-violentas-do-brasil\/#primaryimage"},"image":{"@id":"https:\/\/www.em.com.br\/emfoco\/2024\/11\/09\/saiba-quais-sao-as-10-cidades-mais-violentas-do-brasil\/#primaryimage"},"thumbnailUrl":"https:\/\/www.em.com.br\/emfoco\/wp-content\/uploads\/2024\/11\/cidades-mais-violentas-do-Brasil-Creditos-depositphotos.com-dabldy.jpg","datePublished":"2024-11-09T23:20:00+00:00","dateModified":"2024-11-08T21:11:58+00:00","author":{"@id":"https:\/\/www.em.com.br\/emfoco\/#\/schema\/person\/d79d5c83ee37ab7ca6781d92bd406eac"},"description":"Saiba mais sobre o ranking das cidades mais violentas do Brasil e os desafios para reduzi-la segundo an\u00e1lise regional","breadcrumb":{"@id":"https:\/\/www.em.com.br\/emfoco\/2024\/11\/09\/saiba-quais-sao-as-10-cidades-mais-violentas-do-brasil\/#breadcrumb"},"inLanguage":"pt-BR","potentialAction":[{"@type":"ReadAction","target":["https:\/\/www.em.com.br\/emfoco\/2024\/11\/09\/saiba-quais-sao-as-10-cidades-mais-violentas-do-brasil\/"]}]},{"@type":"ImageObject","inLanguage":"pt-BR","@id":"https:\/\/www.em.com.br\/emfoco\/2024\/11\/09\/saiba-quais-sao-as-10-cidades-mais-violentas-do-brasil\/#primaryimage","url":"https:\/\/www.em.com.br\/emfoco\/wp-content\/uploads\/2024\/11\/cidades-mais-violentas-do-Brasil-Creditos-depositphotos.com-dabldy.jpg","contentUrl":"https:\/\/www.em.com.br\/emfoco\/wp-content\/uploads\/2024\/11\/cidades-mais-violentas-do-Brasil-Creditos-depositphotos.com-dabldy.jpg","width":1280,"height":720,"caption":"cidades-mais-violentas-do-Brasil-Creditos-depositphotos.com-dabldy"},{"@type":"BreadcrumbList","@id":"https:\/\/www.em.com.br\/emfoco\/2024\/11\/09\/saiba-quais-sao-as-10-cidades-mais-violentas-do-brasil\/#breadcrumb","itemListElement":[{"@type":"ListItem","position":1,"name":"In\u00edcio","item":"https:\/\/www.em.com.br\/emfoco\/"},{"@type":"ListItem","position":2,"name":"Saiba quais s\u00e3o as 10 Cidades Mais Violentas do Brasil"}]},{"@type":"WebSite","@id":"https:\/\/www.em.com.br\/emfoco\/#website","url":"https:\/\/www.em.com.br\/emfoco\/","name":"Estado de Minas - Em foco","description":"Acompanhe as \u00faltimas not\u00edcias e fique bem informado sobre tudo o que acontece em Minas Gerais, Brasil e no mundo.","potentialAction":[{"@type":"SearchAction","target":{"@type":"EntryPoint","urlTemplate":"https:\/\/www.em.com.br\/emfoco\/?s={search_term_string}"},"query-input":{"@type":"PropertyValueSpecification","valueRequired":true,"valueName":"search_term_string"}}],"inLanguage":"pt-BR"},{"@type":"Person","@id":"https:\/\/www.em.com.br\/emfoco\/#\/schema\/person\/d79d5c83ee37ab7ca6781d92bd406eac","name":"Helen Palma","image":{"@type":"ImageObject","inLanguage":"pt-BR","@id":"https:\/\/www.em.com.br\/emfoco\/#\/schema\/person\/image\/","url":"https:\/\/secure.gravatar.com\/avatar\/c657d9266c25fd5b35a8a6274fb730cd?s=96&d=mm&r=g","contentUrl":"https:\/\/secure.gravatar.com\/avatar\/c657d9266c25fd5b35a8a6274fb730cd?s=96&d=mm&r=g","caption":"Helen Palma"},"url":"https:\/\/www.em.com.br\/emfoco\/author\/helenmyth\/"}]}},"_links":{"self":[{"href":"https:\/\/www.em.com.br\/emfoco\/wp-json\/wp\/v2\/posts\/204","targetHints":{"allow":["GET"]}}],"collection":[{"href":"https:\/\/www.em.com.br\/emfoco\/wp-json\/wp\/v2\/posts"}],"about":[{"href":"https:\/\/www.em.com.br\/emfoco\/wp-json\/wp\/v2\/types\/post"}],"author":[{"embeddable":true,"href":"https:\/\/www.em.com.br\/emfoco\/wp-json\/wp\/v2\/users\/3"}],"replies":[{"embeddable":true,"href":"https:\/\/www.em.com.br\/emfoco\/wp-json\/wp\/v2\/comments?post=204"}],"version-history":[{"count":2,"href":"https:\/\/www.em.com.br\/emfoco\/wp-json\/wp\/v2\/posts\/204\/revisions"}],"predecessor-version":[{"id":215,"href":"https:\/\/www.em.com.br\/emfoco\/wp-json\/wp\/v2\/posts\/204\/revisions\/215"}],"wp:featuredmedia":[{"embeddable":true,"href":"https:\/\/www.em.com.br\/emfoco\/wp-json\/wp\/v2\/media\/212"}],"wp:attachment":[{"href":"https:\/\/www.em.com.br\/emfoco\/wp-json\/wp\/v2\/media?parent=204"}],"wp:term":[{"taxonomy":"category","embeddable":true,"href":"https:\/\/www.em.com.br\/emfoco\/wp-json\/wp\/v2\/categories?post=204"},{"taxonomy":"post_tag","embeddable":true,"href":"https:\/\/www.em.com.br\/emfoco\/wp-json\/wp\/v2\/tags?post=204"}],"curies":[{"name":"wp","href":"https:\/\/api.w.org\/{rel}","templated":true}]}}