{"id":203981,"date":"2026-05-03T06:08:00","date_gmt":"2026-05-03T09:08:00","guid":{"rendered":"https:\/\/www.em.com.br\/emfoco\/?p=203981"},"modified":"2026-05-03T04:52:10","modified_gmt":"2026-05-03T07:52:10","slug":"essas-pessoas-precisam-atualizar-a-identidade-para-o-novo-formato-veja-como-fazer-passo-a-passo","status":"publish","type":"post","link":"https:\/\/www.em.com.br\/emfoco\/2026\/05\/03\/essas-pessoas-precisam-atualizar-a-identidade-para-o-novo-formato-veja-como-fazer-passo-a-passo\/","title":{"rendered":"Essas pessoas precisam atualizar a identidade para o novo formato: veja como fazer passo a passo"},"content":{"rendered":"\n<p>A forma como o brasileiro se identifica no dia a dia est\u00e1 mudando, e a nova <strong>Carteira de Identidade Nacional<\/strong> chega para simplificar a vida de quem cansou de carregar documentos repetidos. Com o CPF como n\u00famero \u00fanico, ela vai aposentar de vez aquele RG antigo guardado na carteira.<\/p>\n\n\n\n<h2 class=\"wp-block-heading\">A virada que coloca o CPF no centro de tudo<\/h2>\n\n\n\n<p>A <strong>Carteira de Identidade Nacional<\/strong>, conhecida como CIN, foi criada para unificar o registro civil em todo o territ\u00f3rio nacional. Antes, cada estado emitia um RG com numera\u00e7\u00e3o pr\u00f3pria, o que abria espa\u00e7o para fraudes e duplicidades em cadastros p\u00fablicos e privados.<\/p>\n\n\n\n<p>Agora, o CPF assume o papel de identificador oficial, v\u00e1lido em bancos, hospitais, concursos e viagens. Quem ainda tem o RG antigo precisa fazer a troca pela CIN at\u00e9 <strong>28 de fevereiro de 2032<\/strong>, prazo definido pelo governo federal para a transi\u00e7\u00e3o completa.<\/p>\n\n\n\n<figure class=\"wp-block-image size-large\"><img loading=\"lazy\" decoding=\"async\" width=\"1024\" height=\"576\" src=\"https:\/\/www.em.com.br\/emfoco\/wp-content\/uploads\/2026\/05\/Essas-pessoas-precisam-atualizar-a-identidade-para-o-novo-formato-veja-como-fazer-passo-a-passo-1024x576.jpg\" alt=\"Essas pessoas precisam atualizar a identidade para o novo formato: veja como fazer passo a passo\" class=\"wp-image-203997\" srcset=\"https:\/\/www.em.com.br\/emfoco\/wp-content\/uploads\/2026\/05\/Essas-pessoas-precisam-atualizar-a-identidade-para-o-novo-formato-veja-como-fazer-passo-a-passo-1024x576.jpg 1024w, https:\/\/www.em.com.br\/emfoco\/wp-content\/uploads\/2026\/05\/Essas-pessoas-precisam-atualizar-a-identidade-para-o-novo-formato-veja-como-fazer-passo-a-passo-300x169.jpg 300w, https:\/\/www.em.com.br\/emfoco\/wp-content\/uploads\/2026\/05\/Essas-pessoas-precisam-atualizar-a-identidade-para-o-novo-formato-veja-como-fazer-passo-a-passo-768x432.jpg 768w, https:\/\/www.em.com.br\/emfoco\/wp-content\/uploads\/2026\/05\/Essas-pessoas-precisam-atualizar-a-identidade-para-o-novo-formato-veja-como-fazer-passo-a-passo-750x422.jpg 750w, https:\/\/www.em.com.br\/emfoco\/wp-content\/uploads\/2026\/05\/Essas-pessoas-precisam-atualizar-a-identidade-para-o-novo-formato-veja-como-fazer-passo-a-passo-1140x641.jpg 1140w, https:\/\/www.em.com.br\/emfoco\/wp-content\/uploads\/2026\/05\/Essas-pessoas-precisam-atualizar-a-identidade-para-o-novo-formato-veja-como-fazer-passo-a-passo.jpg 1280w\" sizes=\"auto, (max-width: 1024px) 100vw, 1024px\" \/><figcaption class=\"wp-element-caption\">O RG antigo ser\u00e1 substitu\u00eddo at\u00e9 2032.<\/figcaption><\/figure>\n\n\n\n<h2 class=\"wp-block-heading\">Validade muda conforme a idade do cidad\u00e3o<\/h2>\n\n\n\n<p>Diferente do RG antigo, a nova Carteira de Identidade Nacional tem prazos de validade diferentes para cada faixa et\u00e1ria. A ideia \u00e9 equilibrar seguran\u00e7a na identifica\u00e7\u00e3o e praticidade, j\u00e1 que dados como apar\u00eancia e biometria mudam ao longo da vida.<\/p>\n\n\n\n<p>Para crian\u00e7as de 0 a 12 anos, o documento vale por 5 anos. Entre 12 e 60 anos, a validade \u00e9 de 10 anos. Acima dos 60, o documento tem validade indeterminada, mas a recomenda\u00e7\u00e3o \u00e9 manter o cadastro civil sempre atualizado junto \u00e0 <a href=\"https:\/\/www.gov.br\/receitafederal\/pt-br\" target=\"_blank\" rel=\"noreferrer noopener\">Receita Federal<\/a> e demais \u00f3rg\u00e3os competentes.<\/p>\n\n\n\n<h2 class=\"wp-block-heading\">Passo a passo para emitir a sua CIN sem dor de cabe\u00e7a<\/h2>\n\n\n\n<p>O processo \u00e9 parecido em todos os estados, embora os canais de agendamento variem. A boa not\u00edcia \u00e9 que a primeira via costuma ser gratuita, o que estimula a migra\u00e7\u00e3o gradual. Veja as etapas principais:<\/p>\n\n\n\n<ul class=\"wp-block-list\">\n<li><strong>Regularize o CPF:<\/strong> verifique se h\u00e1 pend\u00eancias junto \u00e0 Receita Federal e resolva online antes de tudo.<\/li>\n\n\n\n<li><strong>Crie ou atualize sua conta Gov.br:<\/strong> os n\u00edveis Prata ou Ouro facilitam o agendamento e o acesso \u00e0 vers\u00e3o digital.<\/li>\n\n\n\n<li><strong>Fa\u00e7a o agendamento:<\/strong> acesse o portal do instituto de identifica\u00e7\u00e3o do seu estado, geralmente pelo Gov.br\/Identidade.<\/li>\n\n\n\n<li><strong>Compare\u00e7a ao posto:<\/strong> leve os documentos exigidos. A foto, assinatura e biometria s\u00e3o coletadas na hora.<\/li>\n\n\n\n<li><strong>Ative a CIN digital:<\/strong> ap\u00f3s receber o documento f\u00edsico, baixe a vers\u00e3o eletr\u00f4nica no aplicativo Gov.br.<\/li>\n<\/ul>\n\n\n\n<figure class=\"wp-block-image size-large\"><img loading=\"lazy\" decoding=\"async\" width=\"1024\" height=\"576\" src=\"https:\/\/www.em.com.br\/emfoco\/wp-content\/uploads\/2026\/05\/Essas-pessoas-precisam-atualizar-a-identidade-para-o-novo-formato-veja-como-fazer-passo-a-passo-1-1024x576.jpg\" alt=\"Essas pessoas precisam atualizar a identidade para o novo formato: veja como fazer passo a passo\" class=\"wp-image-203996\" srcset=\"https:\/\/www.em.com.br\/emfoco\/wp-content\/uploads\/2026\/05\/Essas-pessoas-precisam-atualizar-a-identidade-para-o-novo-formato-veja-como-fazer-passo-a-passo-1-1024x576.jpg 1024w, https:\/\/www.em.com.br\/emfoco\/wp-content\/uploads\/2026\/05\/Essas-pessoas-precisam-atualizar-a-identidade-para-o-novo-formato-veja-como-fazer-passo-a-passo-1-300x169.jpg 300w, https:\/\/www.em.com.br\/emfoco\/wp-content\/uploads\/2026\/05\/Essas-pessoas-precisam-atualizar-a-identidade-para-o-novo-formato-veja-como-fazer-passo-a-passo-1-768x432.jpg 768w, https:\/\/www.em.com.br\/emfoco\/wp-content\/uploads\/2026\/05\/Essas-pessoas-precisam-atualizar-a-identidade-para-o-novo-formato-veja-como-fazer-passo-a-passo-1-750x422.jpg 750w, https:\/\/www.em.com.br\/emfoco\/wp-content\/uploads\/2026\/05\/Essas-pessoas-precisam-atualizar-a-identidade-para-o-novo-formato-veja-como-fazer-passo-a-passo-1-1140x641.jpg 1140w, https:\/\/www.em.com.br\/emfoco\/wp-content\/uploads\/2026\/05\/Essas-pessoas-precisam-atualizar-a-identidade-para-o-novo-formato-veja-como-fazer-passo-a-passo-1.jpg 1280w\" sizes=\"auto, (max-width: 1024px) 100vw, 1024px\" \/><figcaption class=\"wp-element-caption\">A validade muda conforme a idade.<\/figcaption><\/figure>\n\n\n\n<h2 class=\"wp-block-heading\">Documentos obrigat\u00f3rios e extras que cabem na nova carteira<\/h2>\n\n\n\n<p>Para tirar a Carteira de Identidade Nacional, \u00e9 preciso apresentar <strong>CPF regularizado<\/strong>, certid\u00e3o de nascimento (solteiros) ou casamento (casados, divorciados ou vi\u00favos) e um comprovante de resid\u00eancia recente. Esses s\u00e3o os b\u00e1sicos que ningu\u00e9m escapa.<\/p>\n\n\n\n<p>Mas a CIN permite incluir informa\u00e7\u00f5es extras que facilitam a vida. Voc\u00ea pode adicionar a CNH, o t\u00edtulo de eleitor, cart\u00e3o do SUS, PIS\/PASEP, certificado de reservista e at\u00e9 laudos m\u00e9dicos com tipo sangu\u00edneo ou condi\u00e7\u00f5es espec\u00edficas, deixando o documento mais completo.<\/p>\n\n\n\n<h2 class=\"wp-block-heading\">Antecipar a troca evita filas e dor de cabe\u00e7a l\u00e1 na frente<\/h2>\n\n\n\n<p>Esperar 2032 chegar pode parecer tentador, mas a fila tende a explodir conforme a data se aproxima. Quem regulariza o CPF, ajusta a conta Gov.br e agenda agora aproveita postos mais tranquilos, atendimentos r\u00e1pidos e ainda come\u00e7a a usar a vers\u00e3o digital sem correria.<\/p>\n\n\n\n<p>A nova Carteira de Identidade Nacional \u00e9 mais do que um documento renovado, \u00e9 o passaporte para uma forma mais simples e segura de o brasileiro se identificar no mundo cada vez mais digital. Cuidar disso com calma, hoje, \u00e9 se poupar de imprevistos amanh\u00e3.<\/p>\n\n\n\n<p>\ud83d\udcf2 <strong>Gostou das informa\u00e7\u00f5es?<\/strong> Compartilhe este artigo com familiares e amigos que ainda n\u00e3o atualizaram o RG e ajude mais gente a se preparar para essa mudan\u00e7a importante!<\/p>\n","protected":false},"excerpt":{"rendered":"<p>A forma como o brasileiro se identifica no dia a dia est\u00e1 mudando, e a nova Carteira de Identidade Nacional chega para simplificar a vida de quem cansou de carregar documentos repetidos. Com o CPF como n\u00famero \u00fanico, ela vai aposentar de vez aquele RG antigo guardado na carteira. A virada que coloca o CPF [&hellip;]<\/p>\n","protected":false},"author":5,"featured_media":203998,"comment_status":"open","ping_status":"open","sticky":false,"template":"","format":"standard","meta":{"jnews-multi-image_gallery":[],"jnews_single_post":{"format":"standard"},"jnews_primary_category":[],"jnews_social_meta":[],"jnews_override_counter":[],"footnotes":""},"categories":[1],"tags":[848,27447,491,27448,631,22908,12930],"class_list":["post-203981","post","type-post","status-publish","format-standard","has-post-thumbnail","hentry","category-noticias","tag-cpf","tag-cpf-unico","tag-documento","tag-emitir-a-carteira-de-identidade-nacional","tag-identidade","tag-nova-identidade","tag-rg"],"yoast_head":"<!-- This site is optimized with the Yoast SEO plugin v23.8 - https:\/\/yoast.com\/wordpress\/plugins\/seo\/ -->\n<title>Essas pessoas precisam atualizar a identidade para o novo formato: veja como fazer passo a passo - Estado de Minas - Em foco<\/title>\n<meta name=\"description\" content=\"Nova identidade com CPF \u00fanico j\u00e1 est\u00e1 em vigor. Veja quem precisa trocar o RG e como emitir a Carteira de Identidade Nacional.\" \/>\n<meta name=\"robots\" content=\"index, follow, max-snippet:-1, max-image-preview:large, max-video-preview:-1\" \/>\n<link rel=\"canonical\" href=\"https:\/\/www.em.com.br\/emfoco\/2026\/05\/03\/essas-pessoas-precisam-atualizar-a-identidade-para-o-novo-formato-veja-como-fazer-passo-a-passo\/\" \/>\n<meta property=\"og:locale\" content=\"pt_BR\" \/>\n<meta property=\"og:type\" content=\"article\" \/>\n<meta property=\"og:title\" content=\"Essas pessoas precisam atualizar a identidade para o novo formato: veja como fazer passo a passo - Estado de Minas - Em foco\" \/>\n<meta property=\"og:description\" content=\"Nova identidade com CPF \u00fanico j\u00e1 est\u00e1 em vigor. Veja quem precisa trocar o RG e como emitir a Carteira de Identidade Nacional.\" \/>\n<meta property=\"og:url\" content=\"https:\/\/www.em.com.br\/emfoco\/2026\/05\/03\/essas-pessoas-precisam-atualizar-a-identidade-para-o-novo-formato-veja-como-fazer-passo-a-passo\/\" \/>\n<meta property=\"og:site_name\" content=\"Estado de Minas - Em foco\" \/>\n<meta property=\"article:published_time\" content=\"2026-05-03T09:08:00+00:00\" \/>\n<meta property=\"article:modified_time\" content=\"2026-05-03T07:52:10+00:00\" \/>\n<meta property=\"og:image\" content=\"https:\/\/www.em.com.br\/emfoco\/wp-content\/uploads\/2026\/05\/Colocar-arroz-cru-na-terra-ao-redor-do-limoeiro-quais-os-beneficios-e-para-que-serve-3.jpg\" \/>\n\t<meta property=\"og:image:width\" content=\"1280\" \/>\n\t<meta property=\"og:image:height\" content=\"720\" \/>\n\t<meta property=\"og:image:type\" content=\"image\/jpeg\" \/>\n<meta name=\"author\" content=\"N\u00fabia Rangel\" \/>\n<meta name=\"twitter:card\" content=\"summary_large_image\" \/>\n<meta name=\"twitter:label1\" content=\"Escrito por\" \/>\n\t<meta name=\"twitter:data1\" content=\"N\u00fabia Rangel\" \/>\n\t<meta name=\"twitter:label2\" content=\"Est. tempo de leitura\" \/>\n\t<meta name=\"twitter:data2\" content=\"4 minutos\" \/>\n<!-- \/ Yoast SEO plugin. -->","yoast_head_json":{"title":"Essas pessoas precisam atualizar a identidade para o novo formato: veja como fazer passo a passo - Estado de Minas - Em foco","description":"Nova identidade com CPF \u00fanico j\u00e1 est\u00e1 em vigor. Veja quem precisa trocar o RG e como emitir a Carteira de Identidade Nacional.","robots":{"index":"index","follow":"follow","max-snippet":"max-snippet:-1","max-image-preview":"max-image-preview:large","max-video-preview":"max-video-preview:-1"},"canonical":"https:\/\/www.em.com.br\/emfoco\/2026\/05\/03\/essas-pessoas-precisam-atualizar-a-identidade-para-o-novo-formato-veja-como-fazer-passo-a-passo\/","og_locale":"pt_BR","og_type":"article","og_title":"Essas pessoas precisam atualizar a identidade para o novo formato: veja como fazer passo a passo - Estado de Minas - Em foco","og_description":"Nova identidade com CPF \u00fanico j\u00e1 est\u00e1 em vigor. Veja quem precisa trocar o RG e como emitir a Carteira de Identidade Nacional.","og_url":"https:\/\/www.em.com.br\/emfoco\/2026\/05\/03\/essas-pessoas-precisam-atualizar-a-identidade-para-o-novo-formato-veja-como-fazer-passo-a-passo\/","og_site_name":"Estado de Minas - Em foco","article_published_time":"2026-05-03T09:08:00+00:00","article_modified_time":"2026-05-03T07:52:10+00:00","og_image":[{"width":1280,"height":720,"url":"https:\/\/www.em.com.br\/emfoco\/wp-content\/uploads\/2026\/05\/Colocar-arroz-cru-na-terra-ao-redor-do-limoeiro-quais-os-beneficios-e-para-que-serve-3.jpg","type":"image\/jpeg"}],"author":"N\u00fabia Rangel","twitter_card":"summary_large_image","twitter_misc":{"Escrito por":"N\u00fabia Rangel","Est. tempo de leitura":"4 minutos"},"schema":{"@context":"https:\/\/schema.org","@graph":[{"@type":"WebPage","@id":"https:\/\/www.em.com.br\/emfoco\/2026\/05\/03\/essas-pessoas-precisam-atualizar-a-identidade-para-o-novo-formato-veja-como-fazer-passo-a-passo\/","url":"https:\/\/www.em.com.br\/emfoco\/2026\/05\/03\/essas-pessoas-precisam-atualizar-a-identidade-para-o-novo-formato-veja-como-fazer-passo-a-passo\/","name":"Essas pessoas precisam atualizar a identidade para o novo formato: veja como fazer passo a passo - Estado de Minas - Em foco","isPartOf":{"@id":"https:\/\/www.em.com.br\/emfoco\/#website"},"primaryImageOfPage":{"@id":"https:\/\/www.em.com.br\/emfoco\/2026\/05\/03\/essas-pessoas-precisam-atualizar-a-identidade-para-o-novo-formato-veja-como-fazer-passo-a-passo\/#primaryimage"},"image":{"@id":"https:\/\/www.em.com.br\/emfoco\/2026\/05\/03\/essas-pessoas-precisam-atualizar-a-identidade-para-o-novo-formato-veja-como-fazer-passo-a-passo\/#primaryimage"},"thumbnailUrl":"https:\/\/www.em.com.br\/emfoco\/wp-content\/uploads\/2026\/05\/Colocar-arroz-cru-na-terra-ao-redor-do-limoeiro-quais-os-beneficios-e-para-que-serve-3.jpg","datePublished":"2026-05-03T09:08:00+00:00","dateModified":"2026-05-03T07:52:10+00:00","author":{"@id":"https:\/\/www.em.com.br\/emfoco\/#\/schema\/person\/524437ef54f8a5d32591b143307f2e20"},"description":"Nova identidade com CPF \u00fanico j\u00e1 est\u00e1 em vigor. Veja quem precisa trocar o RG e como emitir a Carteira de Identidade Nacional.","breadcrumb":{"@id":"https:\/\/www.em.com.br\/emfoco\/2026\/05\/03\/essas-pessoas-precisam-atualizar-a-identidade-para-o-novo-formato-veja-como-fazer-passo-a-passo\/#breadcrumb"},"inLanguage":"pt-BR","potentialAction":[{"@type":"ReadAction","target":["https:\/\/www.em.com.br\/emfoco\/2026\/05\/03\/essas-pessoas-precisam-atualizar-a-identidade-para-o-novo-formato-veja-como-fazer-passo-a-passo\/"]}]},{"@type":"ImageObject","inLanguage":"pt-BR","@id":"https:\/\/www.em.com.br\/emfoco\/2026\/05\/03\/essas-pessoas-precisam-atualizar-a-identidade-para-o-novo-formato-veja-como-fazer-passo-a-passo\/#primaryimage","url":"https:\/\/www.em.com.br\/emfoco\/wp-content\/uploads\/2026\/05\/Colocar-arroz-cru-na-terra-ao-redor-do-limoeiro-quais-os-beneficios-e-para-que-serve-3.jpg","contentUrl":"https:\/\/www.em.com.br\/emfoco\/wp-content\/uploads\/2026\/05\/Colocar-arroz-cru-na-terra-ao-redor-do-limoeiro-quais-os-beneficios-e-para-que-serve-3.jpg","width":1280,"height":720,"caption":"A CIN usa o CPF como n\u00famero \u00fanico."},{"@type":"BreadcrumbList","@id":"https:\/\/www.em.com.br\/emfoco\/2026\/05\/03\/essas-pessoas-precisam-atualizar-a-identidade-para-o-novo-formato-veja-como-fazer-passo-a-passo\/#breadcrumb","itemListElement":[{"@type":"ListItem","position":1,"name":"In\u00edcio","item":"https:\/\/www.em.com.br\/emfoco\/"},{"@type":"ListItem","position":2,"name":"Essas pessoas precisam atualizar a identidade para o novo formato: veja como fazer passo a passo"}]},{"@type":"WebSite","@id":"https:\/\/www.em.com.br\/emfoco\/#website","url":"https:\/\/www.em.com.br\/emfoco\/","name":"Estado de Minas - Em foco","description":"Acompanhe as \u00faltimas not\u00edcias e fique bem informado sobre tudo o que acontece em Minas Gerais, Brasil e no mundo.","potentialAction":[{"@type":"SearchAction","target":{"@type":"EntryPoint","urlTemplate":"https:\/\/www.em.com.br\/emfoco\/?s={search_term_string}"},"query-input":{"@type":"PropertyValueSpecification","valueRequired":true,"valueName":"search_term_string"}}],"inLanguage":"pt-BR"},{"@type":"Person","@id":"https:\/\/www.em.com.br\/emfoco\/#\/schema\/person\/524437ef54f8a5d32591b143307f2e20","name":"N\u00fabia Rangel","image":{"@type":"ImageObject","inLanguage":"pt-BR","@id":"https:\/\/www.em.com.br\/emfoco\/#\/schema\/person\/image\/","url":"https:\/\/secure.gravatar.com\/avatar\/47cff2827a5ba23c37e8068c86817ea4?s=96&d=mm&r=g","contentUrl":"https:\/\/secure.gravatar.com\/avatar\/47cff2827a5ba23c37e8068c86817ea4?s=96&d=mm&r=g","caption":"N\u00fabia Rangel"},"sameAs":["https:\/\/www.em.com.br\/emfoco\/"],"url":"https:\/\/www.em.com.br\/emfoco\/author\/nubiamyth\/"}]}},"_links":{"self":[{"href":"https:\/\/www.em.com.br\/emfoco\/wp-json\/wp\/v2\/posts\/203981","targetHints":{"allow":["GET"]}}],"collection":[{"href":"https:\/\/www.em.com.br\/emfoco\/wp-json\/wp\/v2\/posts"}],"about":[{"href":"https:\/\/www.em.com.br\/emfoco\/wp-json\/wp\/v2\/types\/post"}],"author":[{"embeddable":true,"href":"https:\/\/www.em.com.br\/emfoco\/wp-json\/wp\/v2\/users\/5"}],"replies":[{"embeddable":true,"href":"https:\/\/www.em.com.br\/emfoco\/wp-json\/wp\/v2\/comments?post=203981"}],"version-history":[{"count":1,"href":"https:\/\/www.em.com.br\/emfoco\/wp-json\/wp\/v2\/posts\/203981\/revisions"}],"predecessor-version":[{"id":204005,"href":"https:\/\/www.em.com.br\/emfoco\/wp-json\/wp\/v2\/posts\/203981\/revisions\/204005"}],"wp:featuredmedia":[{"embeddable":true,"href":"https:\/\/www.em.com.br\/emfoco\/wp-json\/wp\/v2\/media\/203998"}],"wp:attachment":[{"href":"https:\/\/www.em.com.br\/emfoco\/wp-json\/wp\/v2\/media?parent=203981"}],"wp:term":[{"taxonomy":"category","embeddable":true,"href":"https:\/\/www.em.com.br\/emfoco\/wp-json\/wp\/v2\/categories?post=203981"},{"taxonomy":"post_tag","embeddable":true,"href":"https:\/\/www.em.com.br\/emfoco\/wp-json\/wp\/v2\/tags?post=203981"}],"curies":[{"name":"wp","href":"https:\/\/api.w.org\/{rel}","templated":true}]}}