{"id":20398,"date":"2025-02-18T11:00:28","date_gmt":"2025-02-18T14:00:28","guid":{"rendered":"https:\/\/www.em.com.br\/emfoco\/?p=20398"},"modified":"2025-02-17T15:05:57","modified_gmt":"2025-02-17T18:05:57","slug":"amazon-impoe-mudancas-no-kindle-para-proteger-direitos-autorais","status":"publish","type":"post","link":"https:\/\/www.em.com.br\/emfoco\/2025\/02\/18\/amazon-impoe-mudancas-no-kindle-para-proteger-direitos-autorais\/","title":{"rendered":"Amazon anuncia mudan\u00e7as no Kindle para fortalecer prote\u00e7\u00e3o aos direitos autorais."},"content":{"rendered":"\n<p>A <strong>Amazon <\/strong>anunciou uma mudan\u00e7a significativa na forma como os usu\u00e1rios do <a href=\"https:\/\/www.em.com.br\/emfoco\/?s=kindle\" target=\"_blank\" rel=\"noreferrer noopener\">Kindle <\/a>poder\u00e3o gerenciar seus arquivos digitais. A partir de agora, <strong>n\u00e3o ser\u00e1 mais poss\u00edvel realizar o download e transfer\u00eancia de arquivos no formato AZW3<\/strong>, utilizado para livros digitais comprados na loja da empresa, <strong>via USB<\/strong>. Essa <a href=\"https:\/\/www.theverge.com\/news\/612898\/amazon-removing-kindle-book-download-transfer-usb\" target=\"_blank\" rel=\"noreferrer noopener\">decis\u00e3o <\/a>visa combater a pirataria e o compartilhamento indevido de arquivos adquiridos na plataforma.<\/p>\n\n\n\n<p>Essa nova pol\u00edtica j\u00e1 havia sido implementada na<strong> 12\u00aa gera\u00e7\u00e3o do Kindle<\/strong>, lan\u00e7ada em outubro do ano passado, e agora ser\u00e1 estendida para modelos mais antigos <strong>a partir de 26 de fevereiro<\/strong>. Com essa mudan\u00e7a, a Amazon busca refor\u00e7ar a seguran\u00e7a e o controle sobre os conte\u00fados digitais distribu\u00eddos por meio de sua plataforma.<\/p>\n\n\n\n<h2 class=\"wp-block-heading\">Por que a Amazon est\u00e1 mudando o m\u00e9todo de transfer\u00eancia?<\/h2>\n\n\n\n<p>A principal raz\u00e3o para essa altera\u00e7\u00e3o \u00e9 a prote\u00e7\u00e3o dos direitos autorais. Antes da mudan\u00e7a, os <strong>arquivos AZW3 transferidos via USB<\/strong> estavam suscet\u00edveis a modifica\u00e7\u00f5es atrav\u00e9s de aplicativos que removiam o DRM, um conjunto de protocolos que assegura os direitos de uso dos livros. Isso permitia que os arquivos fossem copiados e transferidos para outros dispositivos sem o devido pagamento aos autores.<\/p>\n\n\n\n<p>Com a nova pol\u00edtica, as transfer\u00eancias de arquivos ser\u00e3o realizadas exclusivamente por meio de dados sem fio, o que permite um controle mais rigoroso por parte da Amazon. Esse m\u00e9todo possibilita a vincula\u00e7\u00e3o direta entre os arquivos e o modelo espec\u00edfico do Kindle que os recebe, dificultando o compartilhamento n\u00e3o autorizado.<\/p>\n\n\n<div class=\"wp-block-image\">\n<figure class=\"aligncenter size-large\"><img loading=\"lazy\" decoding=\"async\" width=\"1024\" height=\"576\" src=\"https:\/\/www.em.com.br\/emfoco\/wp-content\/uploads\/2025\/02\/kindle_1738561113135-1024x576.jpg\" alt=\"Kindle Scribe recebe atualiza\u00e7\u00e3o com IA para aprimorar caligrafia\" class=\"wp-image-16237\" srcset=\"https:\/\/www.em.com.br\/emfoco\/wp-content\/uploads\/2025\/02\/kindle_1738561113135-1024x576.jpg 1024w, https:\/\/www.em.com.br\/emfoco\/wp-content\/uploads\/2025\/02\/kindle_1738561113135-300x169.jpg 300w, https:\/\/www.em.com.br\/emfoco\/wp-content\/uploads\/2025\/02\/kindle_1738561113135-768x432.jpg 768w, https:\/\/www.em.com.br\/emfoco\/wp-content\/uploads\/2025\/02\/kindle_1738561113135-750x422.jpg 750w, https:\/\/www.em.com.br\/emfoco\/wp-content\/uploads\/2025\/02\/kindle_1738561113135-1140x641.jpg 1140w, https:\/\/www.em.com.br\/emfoco\/wp-content\/uploads\/2025\/02\/kindle_1738561113135.jpg 1280w\" sizes=\"auto, (max-width: 1024px) 100vw, 1024px\" \/><figcaption class=\"wp-element-caption\">Imagem ilustrativa de um Kindle &#8211; Cr\u00e9ditos: depositphotos.com \/ lucianmilasan<\/figcaption><\/figure><\/div>\n\n\n<h2 class=\"wp-block-heading\">Como funciona o novo protocolo de transfer\u00eancia?<\/h2>\n\n\n\n<p>O lan\u00e7amento do<strong> Kindle 12 marcou a transi\u00e7\u00e3o do USB Mass Storage<\/strong> para o protocolo MTP (Media Transfer Protocol). Diferente do m\u00e9todo anterior, o MTP mant\u00e9m o gerenciamento de arquivos atrav\u00e9s do sistema do leitor digital, em vez de ocorrer diretamente pelo computador. Isso significa que a Amazon pode monitorar e controlar melhor o fluxo de dados entre o dispositivo e a loja, garantindo que os arquivos permane\u00e7am protegidos.<\/p>\n\n\n\n<p>Essa mudan\u00e7a n\u00e3o impede completamente o uso do USB para transfer\u00eancias, j\u00e1 que outros formatos, como PDFs, ainda podem ser enviados e recebidos dessa forma. No entanto, a restri\u00e7\u00e3o ao formato AZW3 refor\u00e7a a prote\u00e7\u00e3o dos conte\u00fados comprados na Amazon.<\/p>\n\n\n\n<h2 class=\"wp-block-heading\">Quais s\u00e3o as implica\u00e7\u00f5es para os usu\u00e1rios do Kindle?<\/h2>\n\n\n\n<p>Para os usu\u00e1rios do Kindle, essa mudan\u00e7a significa que ser\u00e1 necess\u00e1rio adaptar-se ao novo m\u00e9todo de transfer\u00eancia de arquivos. Embora a conex\u00e3o USB ainda esteja dispon\u00edvel para outros tipos de arquivos, aqueles que adquirirem livros digitais na Amazon precisar\u00e3o utilizar a conex\u00e3o sem fio para transferi-los para seus dispositivos.<\/p>\n\n\n\n<p>Essa medida pode trazer algumas dificuldades para usu\u00e1rios que preferem o m\u00e9todo tradicional de transfer\u00eancia via USB, mas \u00e9 um passo importante para garantir a prote\u00e7\u00e3o dos direitos autorais e a integridade dos conte\u00fados digitais. A Amazon continua comprometida em oferecer uma experi\u00eancia de leitura segura e confi\u00e1vel para seus clientes, enquanto protege os interesses dos autores e editores.<\/p>\n","protected":false},"excerpt":{"rendered":"<p>A Amazon anunciou uma mudan\u00e7a significativa na forma como os usu\u00e1rios do Kindle poder\u00e3o gerenciar seus arquivos digitais. A partir de agora, n\u00e3o ser\u00e1 mais poss\u00edvel realizar o download e transfer\u00eancia de arquivos no formato AZW3, utilizado para livros digitais comprados na loja da empresa, via USB. Essa decis\u00e3o visa combater a pirataria e o [&hellip;]<\/p>\n","protected":false},"author":9,"featured_media":20414,"comment_status":"open","ping_status":"open","sticky":false,"template":"","format":"standard","meta":{"jnews-multi-image_gallery":[],"jnews_single_post":{"format":"standard"},"jnews_primary_category":[],"jnews_social_meta":[],"jnews_override_counter":[],"footnotes":""},"categories":[1,4204],"tags":[1855,5139,4519,5140],"class_list":["post-20398","post","type-post","status-publish","format-standard","has-post-thumbnail","hentry","category-noticias","category-tecnologia","tag-amazon","tag-azw3","tag-kindle","tag-transferencia-de-arquivo"],"yoast_head":"<!-- This site is optimized with the Yoast SEO plugin v23.8 - https:\/\/yoast.com\/wordpress\/plugins\/seo\/ -->\n<title>Amazon anuncia mudan\u00e7as no Kindle para fortalecer prote\u00e7\u00e3o aos direitos autorais. - Estado de Minas - Em foco<\/title>\n<meta name=\"description\" content=\"Kindle agora restringe o download de arquivos AZW3 via USB, refor\u00e7ando a prote\u00e7\u00e3o dos direitos autorais e combatendo a pirataria.\" \/>\n<meta name=\"robots\" content=\"index, follow, max-snippet:-1, max-image-preview:large, max-video-preview:-1\" \/>\n<link rel=\"canonical\" href=\"https:\/\/www.em.com.br\/emfoco\/2025\/02\/18\/amazon-impoe-mudancas-no-kindle-para-proteger-direitos-autorais\/\" \/>\n<meta property=\"og:locale\" content=\"pt_BR\" \/>\n<meta property=\"og:type\" content=\"article\" \/>\n<meta property=\"og:title\" content=\"Amazon anuncia mudan\u00e7as no Kindle para fortalecer prote\u00e7\u00e3o aos direitos autorais. - Estado de Minas - Em foco\" \/>\n<meta property=\"og:description\" content=\"Kindle agora restringe o download de arquivos AZW3 via USB, refor\u00e7ando a prote\u00e7\u00e3o dos direitos autorais e combatendo a pirataria.\" \/>\n<meta property=\"og:url\" content=\"https:\/\/www.em.com.br\/emfoco\/2025\/02\/18\/amazon-impoe-mudancas-no-kindle-para-proteger-direitos-autorais\/\" \/>\n<meta property=\"og:site_name\" content=\"Estado de Minas - Em foco\" \/>\n<meta property=\"article:published_time\" content=\"2025-02-18T14:00:28+00:00\" \/>\n<meta property=\"article:modified_time\" content=\"2025-02-17T18:05:57+00:00\" \/>\n<meta property=\"og:image\" content=\"https:\/\/www.em.com.br\/emfoco\/wp-content\/uploads\/2025\/02\/kindle_1739803721192.jpg\" \/>\n\t<meta property=\"og:image:width\" content=\"1279\" \/>\n\t<meta property=\"og:image:height\" content=\"720\" \/>\n\t<meta property=\"og:image:type\" content=\"image\/jpeg\" \/>\n<meta name=\"author\" content=\"Daniely Cardoso\" \/>\n<meta name=\"twitter:card\" content=\"summary_large_image\" \/>\n<meta name=\"twitter:label1\" content=\"Escrito por\" \/>\n\t<meta name=\"twitter:data1\" content=\"Daniely Cardoso\" \/>\n\t<meta name=\"twitter:label2\" content=\"Est. tempo de leitura\" \/>\n\t<meta name=\"twitter:data2\" content=\"4 minutos\" \/>\n<!-- \/ Yoast SEO plugin. -->","yoast_head_json":{"title":"Amazon anuncia mudan\u00e7as no Kindle para fortalecer prote\u00e7\u00e3o aos direitos autorais. - Estado de Minas - Em foco","description":"Kindle agora restringe o download de arquivos AZW3 via USB, refor\u00e7ando a prote\u00e7\u00e3o dos direitos autorais e combatendo a pirataria.","robots":{"index":"index","follow":"follow","max-snippet":"max-snippet:-1","max-image-preview":"max-image-preview:large","max-video-preview":"max-video-preview:-1"},"canonical":"https:\/\/www.em.com.br\/emfoco\/2025\/02\/18\/amazon-impoe-mudancas-no-kindle-para-proteger-direitos-autorais\/","og_locale":"pt_BR","og_type":"article","og_title":"Amazon anuncia mudan\u00e7as no Kindle para fortalecer prote\u00e7\u00e3o aos direitos autorais. - Estado de Minas - Em foco","og_description":"Kindle agora restringe o download de arquivos AZW3 via USB, refor\u00e7ando a prote\u00e7\u00e3o dos direitos autorais e combatendo a pirataria.","og_url":"https:\/\/www.em.com.br\/emfoco\/2025\/02\/18\/amazon-impoe-mudancas-no-kindle-para-proteger-direitos-autorais\/","og_site_name":"Estado de Minas - Em foco","article_published_time":"2025-02-18T14:00:28+00:00","article_modified_time":"2025-02-17T18:05:57+00:00","og_image":[{"width":1279,"height":720,"url":"https:\/\/www.em.com.br\/emfoco\/wp-content\/uploads\/2025\/02\/kindle_1739803721192.jpg","type":"image\/jpeg"}],"author":"Daniely Cardoso","twitter_card":"summary_large_image","twitter_misc":{"Escrito por":"Daniely Cardoso","Est. tempo de leitura":"4 minutos"},"schema":{"@context":"https:\/\/schema.org","@graph":[{"@type":"WebPage","@id":"https:\/\/www.em.com.br\/emfoco\/2025\/02\/18\/amazon-impoe-mudancas-no-kindle-para-proteger-direitos-autorais\/","url":"https:\/\/www.em.com.br\/emfoco\/2025\/02\/18\/amazon-impoe-mudancas-no-kindle-para-proteger-direitos-autorais\/","name":"Amazon anuncia mudan\u00e7as no Kindle para fortalecer prote\u00e7\u00e3o aos direitos autorais. - Estado de Minas - Em foco","isPartOf":{"@id":"https:\/\/www.em.com.br\/emfoco\/#website"},"primaryImageOfPage":{"@id":"https:\/\/www.em.com.br\/emfoco\/2025\/02\/18\/amazon-impoe-mudancas-no-kindle-para-proteger-direitos-autorais\/#primaryimage"},"image":{"@id":"https:\/\/www.em.com.br\/emfoco\/2025\/02\/18\/amazon-impoe-mudancas-no-kindle-para-proteger-direitos-autorais\/#primaryimage"},"thumbnailUrl":"https:\/\/www.em.com.br\/emfoco\/wp-content\/uploads\/2025\/02\/kindle_1739803721192.jpg","datePublished":"2025-02-18T14:00:28+00:00","dateModified":"2025-02-17T18:05:57+00:00","author":{"@id":"https:\/\/www.em.com.br\/emfoco\/#\/schema\/person\/0a8186d72f2c3a5c6276d90b41f271a0"},"description":"Kindle agora restringe o download de arquivos AZW3 via USB, refor\u00e7ando a prote\u00e7\u00e3o dos direitos autorais e combatendo a pirataria.","breadcrumb":{"@id":"https:\/\/www.em.com.br\/emfoco\/2025\/02\/18\/amazon-impoe-mudancas-no-kindle-para-proteger-direitos-autorais\/#breadcrumb"},"inLanguage":"pt-BR","potentialAction":[{"@type":"ReadAction","target":["https:\/\/www.em.com.br\/emfoco\/2025\/02\/18\/amazon-impoe-mudancas-no-kindle-para-proteger-direitos-autorais\/"]}]},{"@type":"ImageObject","inLanguage":"pt-BR","@id":"https:\/\/www.em.com.br\/emfoco\/2025\/02\/18\/amazon-impoe-mudancas-no-kindle-para-proteger-direitos-autorais\/#primaryimage","url":"https:\/\/www.em.com.br\/emfoco\/wp-content\/uploads\/2025\/02\/kindle_1739803721192.jpg","contentUrl":"https:\/\/www.em.com.br\/emfoco\/wp-content\/uploads\/2025\/02\/kindle_1739803721192.jpg","width":1279,"height":720,"caption":"Kindle - Cr\u00e9ditos: depositphotos.com \/ ifeelstock"},{"@type":"BreadcrumbList","@id":"https:\/\/www.em.com.br\/emfoco\/2025\/02\/18\/amazon-impoe-mudancas-no-kindle-para-proteger-direitos-autorais\/#breadcrumb","itemListElement":[{"@type":"ListItem","position":1,"name":"In\u00edcio","item":"https:\/\/www.em.com.br\/emfoco\/"},{"@type":"ListItem","position":2,"name":"Amazon anuncia mudan\u00e7as no Kindle para fortalecer prote\u00e7\u00e3o aos direitos autorais."}]},{"@type":"WebSite","@id":"https:\/\/www.em.com.br\/emfoco\/#website","url":"https:\/\/www.em.com.br\/emfoco\/","name":"Estado de Minas - Em foco","description":"Acompanhe as \u00faltimas not\u00edcias e fique bem informado sobre tudo o que acontece em Minas Gerais, Brasil e no mundo.","potentialAction":[{"@type":"SearchAction","target":{"@type":"EntryPoint","urlTemplate":"https:\/\/www.em.com.br\/emfoco\/?s={search_term_string}"},"query-input":{"@type":"PropertyValueSpecification","valueRequired":true,"valueName":"search_term_string"}}],"inLanguage":"pt-BR"},{"@type":"Person","@id":"https:\/\/www.em.com.br\/emfoco\/#\/schema\/person\/0a8186d72f2c3a5c6276d90b41f271a0","name":"Daniely Cardoso","image":{"@type":"ImageObject","inLanguage":"pt-BR","@id":"https:\/\/www.em.com.br\/emfoco\/#\/schema\/person\/image\/","url":"https:\/\/secure.gravatar.com\/avatar\/4b80ddbd124d1f071b626d52d62e5dff?s=96&d=mm&r=g","contentUrl":"https:\/\/secure.gravatar.com\/avatar\/4b80ddbd124d1f071b626d52d62e5dff?s=96&d=mm&r=g","caption":"Daniely Cardoso"},"url":"https:\/\/www.em.com.br\/emfoco\/author\/danielymyth\/"}]}},"_links":{"self":[{"href":"https:\/\/www.em.com.br\/emfoco\/wp-json\/wp\/v2\/posts\/20398","targetHints":{"allow":["GET"]}}],"collection":[{"href":"https:\/\/www.em.com.br\/emfoco\/wp-json\/wp\/v2\/posts"}],"about":[{"href":"https:\/\/www.em.com.br\/emfoco\/wp-json\/wp\/v2\/types\/post"}],"author":[{"embeddable":true,"href":"https:\/\/www.em.com.br\/emfoco\/wp-json\/wp\/v2\/users\/9"}],"replies":[{"embeddable":true,"href":"https:\/\/www.em.com.br\/emfoco\/wp-json\/wp\/v2\/comments?post=20398"}],"version-history":[{"count":3,"href":"https:\/\/www.em.com.br\/emfoco\/wp-json\/wp\/v2\/posts\/20398\/revisions"}],"predecessor-version":[{"id":20493,"href":"https:\/\/www.em.com.br\/emfoco\/wp-json\/wp\/v2\/posts\/20398\/revisions\/20493"}],"wp:featuredmedia":[{"embeddable":true,"href":"https:\/\/www.em.com.br\/emfoco\/wp-json\/wp\/v2\/media\/20414"}],"wp:attachment":[{"href":"https:\/\/www.em.com.br\/emfoco\/wp-json\/wp\/v2\/media?parent=20398"}],"wp:term":[{"taxonomy":"category","embeddable":true,"href":"https:\/\/www.em.com.br\/emfoco\/wp-json\/wp\/v2\/categories?post=20398"},{"taxonomy":"post_tag","embeddable":true,"href":"https:\/\/www.em.com.br\/emfoco\/wp-json\/wp\/v2\/tags?post=20398"}],"curies":[{"name":"wp","href":"https:\/\/api.w.org\/{rel}","templated":true}]}}