{"id":2038,"date":"2024-11-30T20:20:00","date_gmt":"2024-11-30T23:20:00","guid":{"rendered":"https:\/\/www.em.com.br\/emfoco\/?p=2038"},"modified":"2024-11-29T17:16:29","modified_gmt":"2024-11-29T20:16:29","slug":"populacao-insatisfeita-governo-propoe-nova-regra-para-abono-salarial-e-limita-beneficio","status":"publish","type":"post","link":"https:\/\/www.em.com.br\/emfoco\/2024\/11\/30\/populacao-insatisfeita-governo-propoe-nova-regra-para-abono-salarial-e-limita-beneficio\/","title":{"rendered":"Popula\u00e7\u00e3o Insatisfeita! Governo Prop\u00f5e Nova Regra para Abono Salarial e Limita Benef\u00edcio"},"content":{"rendered":"\n<p>Nos \u00faltimos dias, o <strong><a href=\"https:\/\/www.gov.br\/pt-br\" target=\"_blank\" rel=\"noreferrer noopener\">governo federal brasileiro<\/a><\/strong> anunciou uma proposta que altera as <a href=\"https:\/\/www.em.com.br\/emfoco\/categoria\/economia\/\" target=\"_blank\" rel=\"noreferrer noopener\"><strong>regras <\/strong><\/a>do abono salarial, um benef\u00edcio importante para muitos trabalhadores do pa\u00eds. A nova norma estabelece um limite de R$ 2.640 para o <a href=\"https:\/\/www.em.com.br\/emfoco\/2024\/11\/28\/novo-emprestimo-consignado-do-fgts-deixa-trabalhadores-entusiasmados\/\" target=\"_blank\" rel=\"noreferrer noopener\"><strong>pagamento <\/strong><\/a>do abono, com o intuito de ajustar e fortalecer as finan\u00e7as p\u00fablicas, em meio a um cen\u00e1rio econ\u00f4mico desafiador. <\/p>\n\n\n\n<p>O an\u00fancio da nova proposta foi feito pelo ministro da Fazenda, Fernando Haddad, durante um pronunciamento \u00e0 na\u00e7\u00e3o, seguido de uma apresenta\u00e7\u00e3o mais detalhada feita em 28 de novembro de 2024. A proposta estabelece que o abono ser\u00e1 limitado a R$ 2.640, um valor que ser\u00e1 ajustado anualmente pelo \u00cdndice Nacional de Pre\u00e7os ao Consumidor (INPC), at\u00e9 alcan\u00e7ar 1,5 sal\u00e1rio m\u00ednimo. Essa mudan\u00e7a representa uma redu\u00e7\u00e3o significativa em rela\u00e7\u00e3o \u00e0 regra anterior, na qual o trabalhador podia receber at\u00e9 dois sal\u00e1rios m\u00ednimos como abono salarial.<\/p>\n\n\n\n<p>Atualmente, o abono salarial \u00e9 garantido pela Constitui\u00e7\u00e3o Federal e beneficia todos os trabalhadores que estiveram em atividade por pelo menos 30 dias durante o ano com carteira assinada. Em 2024, esse benef\u00edcio j\u00e1 representa um aux\u00edlio importante para milhares de brasileiros, sendo uma fonte de renda fundamental, especialmente para os mais vulner\u00e1veis.<\/p>\n\n\n\n<h2 class=\"wp-block-heading\">Contexto Econ\u00f4mico<\/h2>\n\n\n\n<p>A proposta surge em meio a uma situa\u00e7\u00e3o econ\u00f4mica delicada, marcada por alta infla\u00e7\u00e3o e dificuldade fiscal. O governo tem trabalhado em um pacote de medidas para reequilibrar as contas p\u00fablicas, e a revis\u00e3o do abono salarial \u00e9 parte desse esfor\u00e7o. A expectativa \u00e9 que, ao limitar o n\u00famero de beneficiados, o governo consiga economizar recursos e redirecion\u00e1-los para setores priorit\u00e1rios, como sa\u00fade e educa\u00e7\u00e3o.<\/p>\n\n\n\n<p>Vale ressaltar que o crit\u00e9rio de acesso ao benef\u00edcio atualmente j\u00e1 representa mais de 85% da renda real m\u00e9dia do trabalhador brasileiro. Isso significa que a maioria dos trabalhadores formais no pa\u00eds \u00e9 eleg\u00edvel para acessar o abono, o que torna a nova limita\u00e7\u00e3o ainda mais relevante. Dados recentes revelam que mais de 60% dos trabalhadores com carteira assinada no Brasil est\u00e3o aptos a receber o benef\u00edcio, o que levanta preocupa\u00e7\u00f5es sobre o impacto dessa mudan\u00e7a para uma grande parcela da popula\u00e7\u00e3o.<\/p>\n\n\n\n<h2 class=\"wp-block-heading\">Implica\u00e7\u00f5es para os Trabalhadores<\/h2>\n\n\n\n<p>A nova regra pode trazer consequ\u00eancias diretas para os trabalhadores que dependem do abono salarial. Com o limite de R$ 2.640, muitas fam\u00edlias podem enfrentar dificuldades financeiras, especialmente aquelas que utilizam esse benef\u00edcio para equilibrar seu or\u00e7amento mensal. A redu\u00e7\u00e3o do valor pode afetar principalmente as classes de rendimento mais baixo, que j\u00e1 enfrentam desafios econ\u00f4micos significativos.<\/p>\n\n\n\n<p>Al\u00e9m disso, os trabalhadores que normalmente se beneficiam do abono salarial para complementar sua renda v\u00e3o precisar reavaliar suas finan\u00e7as. A mudan\u00e7a pode for\u00e7\u00e1-los a buscar alternativas para garantir sua subsist\u00eancia, o que poderia elevar a press\u00e3o sobre j\u00e1 sobrecarregados sistemas de assist\u00eancia social e servi\u00e7os comunit\u00e1rios.<\/p>\n\n\n\n<h2 class=\"wp-block-heading\">Rea\u00e7\u00e3o e Cr\u00edticas<\/h2>\n\n\n\n<figure class=\"wp-block-gallery has-nested-images columns-default is-cropped wp-block-gallery-1 is-layout-flex wp-block-gallery-is-layout-flex\">\n<figure class=\"wp-block-image size-large\"><img loading=\"lazy\" decoding=\"async\" width=\"1024\" height=\"576\" data-id=\"628\" src=\"https:\/\/www.em.com.br\/emfoco\/wp-content\/uploads\/2024\/11\/13-salario-Creditos-depositphotos.com-brenosaturnino-1024x576.jpg\" alt=\"13 sal\u00e1rio - Cr\u00e9ditos depositphotos.com brenosaturnino\" class=\"wp-image-628\" srcset=\"https:\/\/www.em.com.br\/emfoco\/wp-content\/uploads\/2024\/11\/13-salario-Creditos-depositphotos.com-brenosaturnino-1024x576.jpg 1024w, https:\/\/www.em.com.br\/emfoco\/wp-content\/uploads\/2024\/11\/13-salario-Creditos-depositphotos.com-brenosaturnino-300x169.jpg 300w, https:\/\/www.em.com.br\/emfoco\/wp-content\/uploads\/2024\/11\/13-salario-Creditos-depositphotos.com-brenosaturnino-768x432.jpg 768w, https:\/\/www.em.com.br\/emfoco\/wp-content\/uploads\/2024\/11\/13-salario-Creditos-depositphotos.com-brenosaturnino-750x422.jpg 750w, https:\/\/www.em.com.br\/emfoco\/wp-content\/uploads\/2024\/11\/13-salario-Creditos-depositphotos.com-brenosaturnino-1140x641.jpg 1140w, https:\/\/www.em.com.br\/emfoco\/wp-content\/uploads\/2024\/11\/13-salario-Creditos-depositphotos.com-brenosaturnino.jpg 1280w\" sizes=\"auto, (max-width: 1024px) 100vw, 1024px\" \/><figcaption class=\"wp-element-caption\">13 sal\u00e1rio &#8211; Cr\u00e9ditos depositphotos.com brenosaturnino<\/figcaption><\/figure>\n<\/figure>\n\n\n\n<p>A proposta gerou rea\u00e7\u00f5es diversas entre os trabalhadores e especialistas em economia. Alguns argumentam que a medida \u00e9 necess\u00e1ria para conter a crescente d\u00edvida p\u00fablica e garantir a sustentabilidade fiscal do pa\u00eds. No entanto, cr\u00edticos temem que a limita\u00e7\u00e3o do abono possa agravar a pobreza e a desigualdade social, exacerbando os problemas financeiros enfrentados pelas classes mais baixas.<\/p>\n\n\n\n<p>Organiza\u00e7\u00f5es sindicais e representantes dos trabalhadores expressaram preocupa\u00e7\u00e3o com a nova regra, defendendo a manuten\u00e7\u00e3o do valor atual do abono salarial. Para eles, o abono \u00e9 um direito fundamental que deve ser garantido, especialmente em tempos de crise econ\u00f4mica. Acreditam que a altera\u00e7\u00e3o poder\u00e1 levar a um aumento da insatisfa\u00e7\u00e3o popular e a um reflexo negativo sobre a economia dom\u00e9stica, uma vez que menos recursos na m\u00e3o dos trabalhadores significam menor consumo e desacelera\u00e7\u00e3o econ\u00f4mica.<\/p>\n\n\n\n<h2 class=\"wp-block-heading\">Caminhos Futuros<\/h2>\n\n\n\n<p>Com o impacto da nova proposta sendo discutido no cen\u00e1rio pol\u00edtico e social brasileiro, a expectativa \u00e9 que a implementa\u00e7\u00e3o da nova regra passe por debates intensos no Congresso Nacional e com a opini\u00e3o p\u00fablica. A adequa\u00e7\u00e3o das medidas propostas \u00e0s necessidades reais da popula\u00e7\u00e3o ser\u00e1 crucial para garantir a aceita\u00e7\u00e3o social e a efic\u00e1cia das pol\u00edticas p\u00fablicas.<\/p>\n\n\n\n<p>O governo enfrenta o desafio de equilibrar a necessidade de ajustes fiscais com a prote\u00e7\u00e3o dos direitos dos trabalhadores. Assim, ser\u00e1 essencial operar em di\u00e1logo com as entidades representativas e a sociedade civil, buscando alternativas que respeitem a dignidade dos trabalhadores enquanto asseguram a sa\u00fade fiscal do pa\u00eds.<\/p>\n\n\n\n<p>A proposta do governo de limitar o abono salarial a R$ 2.640 levanta importantes quest\u00f5es sobre o futuro do benef\u00edcio e o impacto na vida de milh\u00f5es de brasileiros. O debate continua e ser\u00e1 fundamental acompanhar as pr\u00f3ximas etapas desse processo, observando como o governo e a sociedade civil lidam com essa quest\u00e3o delicada.<\/p>\n","protected":false},"excerpt":{"rendered":"<p>O governo prop\u00f4s limitar o abono salarial a R$ 2.640, corrigido pelo INPC. A medida visa ajustar as finan\u00e7as p\u00fablicas, mas gera preocupa\u00e7\u00f5es sobre o impacto nos trabalhadores.<\/p>\n","protected":false},"author":3,"featured_media":771,"comment_status":"open","ping_status":"open","sticky":false,"template":"","format":"standard","meta":{"jnews-multi-image_gallery":[],"jnews_single_post":{"format":"standard"},"jnews_primary_category":[],"jnews_social_meta":[],"jnews_override_counter":[],"footnotes":""},"categories":[28],"tags":[292,465,1130,1131,1129,264],"class_list":["post-2038","post","type-post","status-publish","format-standard","has-post-thumbnail","hentry","category-economia","tag-abono-salarial","tag-governo","tag-inpc","tag-limite","tag-r-2-640","tag-trabalhadores"],"yoast_head":"<!-- This site is optimized with the Yoast SEO plugin v23.8 - https:\/\/yoast.com\/wordpress\/plugins\/seo\/ -->\n<title>Popula\u00e7\u00e3o Insatisfeita! Governo Prop\u00f5e Nova Regra para Abono Salarial e Limita Benef\u00edcio - Estado de Minas - Em foco<\/title>\n<meta name=\"description\" content=\"O governo prop\u00f4s limitar o abono salarial corrigido pelo INPC. A medida visa ajustar as finan\u00e7as p\u00fablicas, mas gera preocupa\u00e7\u00f5es\" \/>\n<meta name=\"robots\" content=\"index, follow, max-snippet:-1, max-image-preview:large, max-video-preview:-1\" \/>\n<link rel=\"canonical\" href=\"https:\/\/www.em.com.br\/emfoco\/2024\/11\/30\/populacao-insatisfeita-governo-propoe-nova-regra-para-abono-salarial-e-limita-beneficio\/\" \/>\n<meta property=\"og:locale\" content=\"pt_BR\" \/>\n<meta property=\"og:type\" content=\"article\" \/>\n<meta property=\"og:title\" content=\"Popula\u00e7\u00e3o Insatisfeita! Governo Prop\u00f5e Nova Regra para Abono Salarial e Limita Benef\u00edcio - Estado de Minas - Em foco\" \/>\n<meta property=\"og:description\" content=\"O governo prop\u00f4s limitar o abono salarial corrigido pelo INPC. A medida visa ajustar as finan\u00e7as p\u00fablicas, mas gera preocupa\u00e7\u00f5es\" \/>\n<meta property=\"og:url\" content=\"https:\/\/www.em.com.br\/emfoco\/2024\/11\/30\/populacao-insatisfeita-governo-propoe-nova-regra-para-abono-salarial-e-limita-beneficio\/\" \/>\n<meta property=\"og:site_name\" content=\"Estado de Minas - Em foco\" \/>\n<meta property=\"article:published_time\" content=\"2024-11-30T23:20:00+00:00\" \/>\n<meta property=\"article:modified_time\" content=\"2024-11-29T20:16:29+00:00\" \/>\n<meta property=\"og:image\" content=\"https:\/\/www.em.com.br\/emfoco\/wp-content\/uploads\/2024\/11\/13\u00b0-salario-Creditos-depositphotos.com-verganifotografia.jpg\" \/>\n\t<meta property=\"og:image:width\" content=\"1280\" \/>\n\t<meta property=\"og:image:height\" content=\"720\" \/>\n\t<meta property=\"og:image:type\" content=\"image\/jpeg\" \/>\n<meta name=\"author\" content=\"Helen Palma\" \/>\n<meta name=\"twitter:card\" content=\"summary_large_image\" \/>\n<meta name=\"twitter:label1\" content=\"Escrito por\" \/>\n\t<meta name=\"twitter:data1\" content=\"Helen Palma\" \/>\n\t<meta name=\"twitter:label2\" content=\"Est. tempo de leitura\" \/>\n\t<meta name=\"twitter:data2\" content=\"5 minutos\" \/>\n<!-- \/ Yoast SEO plugin. -->","yoast_head_json":{"title":"Popula\u00e7\u00e3o Insatisfeita! Governo Prop\u00f5e Nova Regra para Abono Salarial e Limita Benef\u00edcio - Estado de Minas - Em foco","description":"O governo prop\u00f4s limitar o abono salarial corrigido pelo INPC. A medida visa ajustar as finan\u00e7as p\u00fablicas, mas gera preocupa\u00e7\u00f5es","robots":{"index":"index","follow":"follow","max-snippet":"max-snippet:-1","max-image-preview":"max-image-preview:large","max-video-preview":"max-video-preview:-1"},"canonical":"https:\/\/www.em.com.br\/emfoco\/2024\/11\/30\/populacao-insatisfeita-governo-propoe-nova-regra-para-abono-salarial-e-limita-beneficio\/","og_locale":"pt_BR","og_type":"article","og_title":"Popula\u00e7\u00e3o Insatisfeita! Governo Prop\u00f5e Nova Regra para Abono Salarial e Limita Benef\u00edcio - Estado de Minas - Em foco","og_description":"O governo prop\u00f4s limitar o abono salarial corrigido pelo INPC. A medida visa ajustar as finan\u00e7as p\u00fablicas, mas gera preocupa\u00e7\u00f5es","og_url":"https:\/\/www.em.com.br\/emfoco\/2024\/11\/30\/populacao-insatisfeita-governo-propoe-nova-regra-para-abono-salarial-e-limita-beneficio\/","og_site_name":"Estado de Minas - Em foco","article_published_time":"2024-11-30T23:20:00+00:00","article_modified_time":"2024-11-29T20:16:29+00:00","og_image":[{"width":1280,"height":720,"url":"https:\/\/www.em.com.br\/emfoco\/wp-content\/uploads\/2024\/11\/13\u00b0-salario-Creditos-depositphotos.com-verganifotografia.jpg","type":"image\/jpeg"}],"author":"Helen Palma","twitter_card":"summary_large_image","twitter_misc":{"Escrito por":"Helen Palma","Est. tempo de leitura":"5 minutos"},"schema":{"@context":"https:\/\/schema.org","@graph":[{"@type":"WebPage","@id":"https:\/\/www.em.com.br\/emfoco\/2024\/11\/30\/populacao-insatisfeita-governo-propoe-nova-regra-para-abono-salarial-e-limita-beneficio\/","url":"https:\/\/www.em.com.br\/emfoco\/2024\/11\/30\/populacao-insatisfeita-governo-propoe-nova-regra-para-abono-salarial-e-limita-beneficio\/","name":"Popula\u00e7\u00e3o Insatisfeita! Governo Prop\u00f5e Nova Regra para Abono Salarial e Limita Benef\u00edcio - Estado de Minas - Em foco","isPartOf":{"@id":"https:\/\/www.em.com.br\/emfoco\/#website"},"primaryImageOfPage":{"@id":"https:\/\/www.em.com.br\/emfoco\/2024\/11\/30\/populacao-insatisfeita-governo-propoe-nova-regra-para-abono-salarial-e-limita-beneficio\/#primaryimage"},"image":{"@id":"https:\/\/www.em.com.br\/emfoco\/2024\/11\/30\/populacao-insatisfeita-governo-propoe-nova-regra-para-abono-salarial-e-limita-beneficio\/#primaryimage"},"thumbnailUrl":"https:\/\/www.em.com.br\/emfoco\/wp-content\/uploads\/2024\/11\/13\u00b0-salario-Creditos-depositphotos.com-verganifotografia.jpg","datePublished":"2024-11-30T23:20:00+00:00","dateModified":"2024-11-29T20:16:29+00:00","author":{"@id":"https:\/\/www.em.com.br\/emfoco\/#\/schema\/person\/d79d5c83ee37ab7ca6781d92bd406eac"},"description":"O governo prop\u00f4s limitar o abono salarial corrigido pelo INPC. A medida visa ajustar as finan\u00e7as p\u00fablicas, mas gera preocupa\u00e7\u00f5es","breadcrumb":{"@id":"https:\/\/www.em.com.br\/emfoco\/2024\/11\/30\/populacao-insatisfeita-governo-propoe-nova-regra-para-abono-salarial-e-limita-beneficio\/#breadcrumb"},"inLanguage":"pt-BR","potentialAction":[{"@type":"ReadAction","target":["https:\/\/www.em.com.br\/emfoco\/2024\/11\/30\/populacao-insatisfeita-governo-propoe-nova-regra-para-abono-salarial-e-limita-beneficio\/"]}]},{"@type":"ImageObject","inLanguage":"pt-BR","@id":"https:\/\/www.em.com.br\/emfoco\/2024\/11\/30\/populacao-insatisfeita-governo-propoe-nova-regra-para-abono-salarial-e-limita-beneficio\/#primaryimage","url":"https:\/\/www.em.com.br\/emfoco\/wp-content\/uploads\/2024\/11\/13\u00b0-salario-Creditos-depositphotos.com-verganifotografia.jpg","contentUrl":"https:\/\/www.em.com.br\/emfoco\/wp-content\/uploads\/2024\/11\/13\u00b0-salario-Creditos-depositphotos.com-verganifotografia.jpg","width":1280,"height":720,"caption":"13\u00b0 sal\u00e1rio - Cr\u00e9ditos depositphotos.com verganifotografia"},{"@type":"BreadcrumbList","@id":"https:\/\/www.em.com.br\/emfoco\/2024\/11\/30\/populacao-insatisfeita-governo-propoe-nova-regra-para-abono-salarial-e-limita-beneficio\/#breadcrumb","itemListElement":[{"@type":"ListItem","position":1,"name":"In\u00edcio","item":"https:\/\/www.em.com.br\/emfoco\/"},{"@type":"ListItem","position":2,"name":"Popula\u00e7\u00e3o Insatisfeita! Governo Prop\u00f5e Nova Regra para Abono Salarial e Limita Benef\u00edcio"}]},{"@type":"WebSite","@id":"https:\/\/www.em.com.br\/emfoco\/#website","url":"https:\/\/www.em.com.br\/emfoco\/","name":"Estado de Minas - Em foco","description":"Acompanhe as \u00faltimas not\u00edcias e fique bem informado sobre tudo o que acontece em Minas Gerais, Brasil e no mundo.","potentialAction":[{"@type":"SearchAction","target":{"@type":"EntryPoint","urlTemplate":"https:\/\/www.em.com.br\/emfoco\/?s={search_term_string}"},"query-input":{"@type":"PropertyValueSpecification","valueRequired":true,"valueName":"search_term_string"}}],"inLanguage":"pt-BR"},{"@type":"Person","@id":"https:\/\/www.em.com.br\/emfoco\/#\/schema\/person\/d79d5c83ee37ab7ca6781d92bd406eac","name":"Helen Palma","image":{"@type":"ImageObject","inLanguage":"pt-BR","@id":"https:\/\/www.em.com.br\/emfoco\/#\/schema\/person\/image\/","url":"https:\/\/secure.gravatar.com\/avatar\/c657d9266c25fd5b35a8a6274fb730cd?s=96&d=mm&r=g","contentUrl":"https:\/\/secure.gravatar.com\/avatar\/c657d9266c25fd5b35a8a6274fb730cd?s=96&d=mm&r=g","caption":"Helen Palma"},"url":"https:\/\/www.em.com.br\/emfoco\/author\/helenmyth\/"}]}},"_links":{"self":[{"href":"https:\/\/www.em.com.br\/emfoco\/wp-json\/wp\/v2\/posts\/2038","targetHints":{"allow":["GET"]}}],"collection":[{"href":"https:\/\/www.em.com.br\/emfoco\/wp-json\/wp\/v2\/posts"}],"about":[{"href":"https:\/\/www.em.com.br\/emfoco\/wp-json\/wp\/v2\/types\/post"}],"author":[{"embeddable":true,"href":"https:\/\/www.em.com.br\/emfoco\/wp-json\/wp\/v2\/users\/3"}],"replies":[{"embeddable":true,"href":"https:\/\/www.em.com.br\/emfoco\/wp-json\/wp\/v2\/comments?post=2038"}],"version-history":[{"count":2,"href":"https:\/\/www.em.com.br\/emfoco\/wp-json\/wp\/v2\/posts\/2038\/revisions"}],"predecessor-version":[{"id":2096,"href":"https:\/\/www.em.com.br\/emfoco\/wp-json\/wp\/v2\/posts\/2038\/revisions\/2096"}],"wp:featuredmedia":[{"embeddable":true,"href":"https:\/\/www.em.com.br\/emfoco\/wp-json\/wp\/v2\/media\/771"}],"wp:attachment":[{"href":"https:\/\/www.em.com.br\/emfoco\/wp-json\/wp\/v2\/media?parent=2038"}],"wp:term":[{"taxonomy":"category","embeddable":true,"href":"https:\/\/www.em.com.br\/emfoco\/wp-json\/wp\/v2\/categories?post=2038"},{"taxonomy":"post_tag","embeddable":true,"href":"https:\/\/www.em.com.br\/emfoco\/wp-json\/wp\/v2\/tags?post=2038"}],"curies":[{"name":"wp","href":"https:\/\/api.w.org\/{rel}","templated":true}]}}