{"id":203660,"date":"2026-05-03T05:08:00","date_gmt":"2026-05-03T08:08:00","guid":{"rendered":"https:\/\/www.em.com.br\/emfoco\/?p=203660"},"modified":"2026-05-03T04:25:17","modified_gmt":"2026-05-03T07:25:17","slug":"governo-altera-regra-e-proibe-proprietarios-de-manter-caes-e-gatos-no-terraco-de-casa","status":"publish","type":"post","link":"https:\/\/www.em.com.br\/emfoco\/2026\/05\/03\/governo-altera-regra-e-proibe-proprietarios-de-manter-caes-e-gatos-no-terraco-de-casa\/","title":{"rendered":"Governo altera regra e pro\u00edbe propriet\u00e1rios de manter c\u00e3es e gatos no terra\u00e7o de casa"},"content":{"rendered":"\n<div style=\"font-family: 'Inter', sans-serif; max-width: 600px; margin: 25px auto; padding: 25px; background: #ffffff; border-radius: 12px; box-shadow: 0 4px 20px rgba(30, 64, 175, 0.15); text-align: center;\">\r\n  <h3 style=\"color: #000000; font-size: 20px; font-weight: 700; margin: 0 0 20px 0; letter-spacing: -0.3px;\">Destaques<\/h3>\r\n  <div style=\"display: flex; flex-direction: column; gap: 14px;\">\r\n    <div style=\"background: #f8fafc; padding: 16px; border-radius: 8px; box-shadow: 0 2px 8px rgba(30, 64, 175, 0.08);\">\r\n      <p style=\"color: #000000; font-size: 15px; margin: 0; line-height: 1.5;\"><strong>Norma espanhola<\/strong> pro\u00edbe manter c\u00e3es e gatos de forma habitual em varandas, terra\u00e7os e por\u00f5es.<\/p>\r\n    <\/div>\r\n    <div style=\"background: #f8fafc; padding: 16px; border-radius: 8px; box-shadow: 0 2px 8px rgba(30, 64, 175, 0.08);\">\r\n      <p style=\"color: #000000; font-size: 15px; margin: 0; line-height: 1.5;\"><strong>Multas<\/strong> partem de 500 euros e chegam a 200 mil euros nos casos mais graves de maus-tratos.<\/p>\r\n    <\/div>\r\n    <div style=\"background: #f8fafc; padding: 16px; border-radius: 8px; box-shadow: 0 2px 8px rgba(30, 64, 175, 0.08);\">\r\n      <p style=\"color: #000000; font-size: 15px; margin: 0; line-height: 1.5;\"><strong>No Brasil<\/strong>, o descumprimento de regras de bem-estar pode ser enquadrado como crime ambiental.<\/p>\r\n    <\/div>\r\n  <\/div>\r\n<\/div>\n\n\n\n<p>Aquela cena t\u00e3o comum de cachorro passando o dia inteiro na varanda ou gato vivendo num quintal sem abrigo est\u00e1 com os dias contados em v\u00e1rios pa\u00edses, e a <strong>Espanha saiu na frente com uma legisla\u00e7\u00e3o<\/strong> que pegou muita gente de surpresa. A nova Lei de Bem-Estar Animal redefine o que \u00e9 cuidado respons\u00e1vel e influencia at\u00e9 o debate brasileiro sobre como tratar nossos bichos de estima\u00e7\u00e3o.<\/p>\n\n\n\n<h2 class=\"wp-block-heading\">A virada de chave que est\u00e1 mudando a vida dos pets<\/h2>\n\n\n\n<p>Aprovada em mar\u00e7o de 2023 e em vigor desde setembro do mesmo ano, a Lei de Bem-Estar Animal espanhola parte de um princ\u00edpio claro: <strong>animais de companhia possuem dignidade pr\u00f3pria<\/strong> e merecem mais do que apenas escapar de maus-tratos extremos. A norma reconhece deveres espec\u00edficos para tutores e prev\u00ea fiscaliza\u00e7\u00e3o ativa.<\/p>\n\n\n\n<p>O texto foi pensado para prevenir o sofrimento evit\u00e1vel e estimular uma conviv\u00eancia respons\u00e1vel, funcionando ao mesmo tempo como guia educativo e base legal para autoridades agirem diante de situa\u00e7\u00f5es de descuido ou crueldade contra c\u00e3es e gatos.<\/p>\n\n\n\n<figure class=\"wp-block-image size-large\"><img loading=\"lazy\" decoding=\"async\" width=\"1024\" height=\"576\" src=\"https:\/\/www.em.com.br\/emfoco\/wp-content\/uploads\/2026\/05\/Governo-altera-regra-e-proibe-proprietarios-de-manter-caes-e-gatos-no-terraco-de-casa-2-1024x576.jpg\" alt=\"Governo altera regra e pro\u00edbe propriet\u00e1rios de manter c\u00e3es e gatos no terra\u00e7o de casa\" class=\"wp-image-203675\" srcset=\"https:\/\/www.em.com.br\/emfoco\/wp-content\/uploads\/2026\/05\/Governo-altera-regra-e-proibe-proprietarios-de-manter-caes-e-gatos-no-terraco-de-casa-2-1024x576.jpg 1024w, https:\/\/www.em.com.br\/emfoco\/wp-content\/uploads\/2026\/05\/Governo-altera-regra-e-proibe-proprietarios-de-manter-caes-e-gatos-no-terraco-de-casa-2-300x169.jpg 300w, https:\/\/www.em.com.br\/emfoco\/wp-content\/uploads\/2026\/05\/Governo-altera-regra-e-proibe-proprietarios-de-manter-caes-e-gatos-no-terraco-de-casa-2-768x432.jpg 768w, https:\/\/www.em.com.br\/emfoco\/wp-content\/uploads\/2026\/05\/Governo-altera-regra-e-proibe-proprietarios-de-manter-caes-e-gatos-no-terraco-de-casa-2-750x422.jpg 750w, https:\/\/www.em.com.br\/emfoco\/wp-content\/uploads\/2026\/05\/Governo-altera-regra-e-proibe-proprietarios-de-manter-caes-e-gatos-no-terraco-de-casa-2-1140x641.jpg 1140w, https:\/\/www.em.com.br\/emfoco\/wp-content\/uploads\/2026\/05\/Governo-altera-regra-e-proibe-proprietarios-de-manter-caes-e-gatos-no-terraco-de-casa-2.jpg 1280w\" sizes=\"auto, (max-width: 1024px) 100vw, 1024px\" \/><figcaption class=\"wp-element-caption\">Multas podem ser altas em casos graves.<\/figcaption><\/figure>\n\n\n\n<h2 class=\"wp-block-heading\">E no Brasil, como fica a prote\u00e7\u00e3o dos animais de companhia?<\/h2>\n\n\n\n<p>Por aqui ainda n\u00e3o existe uma lei federal espec\u00edfica que mencione varandas e terra\u00e7os, mas o conjunto de normas brasileiras vem fechando o cerco. Manter c\u00e3es e gatos permanentemente nesses espa\u00e7os j\u00e1 pode configurar maus-tratos, principalmente quando o local funciona como \u00fanica moradia do bicho.<\/p>\n\n\n\n<p>O descumprimento pode ser enquadrado pela <a href=\"https:\/\/www.planalto.gov.br\/ccivil_03\/leis\/l9605.htm\" target=\"_blank\" rel=\"noreferrer noopener\">Lei n\u00ba 9.605\/1998<\/a>, alterada pela <a href=\"https:\/\/www.planalto.gov.br\/ccivil_03\/_ato2019-2022\/2020\/lei\/l14064.htm\" target=\"_blank\" rel=\"noreferrer noopener\">Lei n\u00ba 14.064\/2020<\/a>, conhecida como Lei Sans\u00e3o, que prev\u00ea reclus\u00e3o de dois a cinco anos, multa e proibi\u00e7\u00e3o da guarda quando se trata de c\u00e3es e gatos. Atualiza\u00e7\u00f5es recentes, como a Lei n\u00ba 15.150\/2025, ampliaram o leque de condutas criminalizadas, incluindo tatuagens e piercings com fins est\u00e9ticos nos animais.<\/p>\n\n\n\n<h2 class=\"wp-block-heading\">O detalhe que separa cuidado respons\u00e1vel de maus-tratos<\/h2>\n\n\n\n<p>Tanto a legisla\u00e7\u00e3o espanhola quanto as normas brasileiras convergem em um ponto: n\u00e3o basta ter o animal dentro de casa, \u00e9 preciso garantir condi\u00e7\u00f5es m\u00ednimas de bem-estar. Espa\u00e7os apertados, sem ventila\u00e7\u00e3o ou expostos ao sol forte podem caracterizar neglig\u00eancia mesmo dentro do im\u00f3vel.<\/p>\n\n\n\n<p>Para que c\u00e3es e gatos vivam de forma digna, alguns cuidados b\u00e1sicos precisam estar presentes no dia a dia:<\/p>\n\n\n\n<ul class=\"wp-block-list\">\n<li><strong>Abrigo adequado<\/strong> contra sol forte, chuva e vento intenso, evitando exposi\u00e7\u00e3o prolongada.<\/li>\n\n\n\n<li><strong>Acesso permanente<\/strong> a \u00e1gua limpa e fresca, trocada com frequ\u00eancia ao longo do dia.<\/li>\n\n\n\n<li><strong>Alimenta\u00e7\u00e3o regular<\/strong> compat\u00edvel com a esp\u00e9cie, idade e porte do animal.<\/li>\n\n\n\n<li><strong>Higiene do ambiente<\/strong>, com remo\u00e7\u00e3o frequente de fezes e urina para evitar doen\u00e7as.<\/li>\n\n\n\n<li><strong>Est\u00edmulos f\u00edsicos e sociais<\/strong>, fugindo do isolamento prolongado que afeta o emocional.<\/li>\n\n\n\n<li><strong>Supervis\u00e3o constante<\/strong>, j\u00e1 que c\u00e3es n\u00e3o podem ficar sem acompanhamento por mais de 24 horas.<\/li>\n<\/ul>\n\n\n\n<div style=\"font-family: 'Inter', sans-serif; max-width: 650px; margin: 30px auto; padding: 28px; background: #ffffff; border-radius: 14px; box-shadow: 0 4px 22px rgba(30, 64, 175, 0.15); text-align: center;\">\r\n  <h3 style=\"color: #000000; font-size: 22px; font-weight: 700; margin: 0 0 22px 0; letter-spacing: -0.3px;\">Pontos-chave<\/h3>\r\n  <div style=\"display: flex; flex-direction: column; gap: 16px;\">\r\n    <div style=\"background: #f8fafc; padding: 18px; border-radius: 10px; box-shadow: 0 2px 10px rgba(30, 64, 175, 0.1);\">\r\n      <h4 style=\"color: #000000; font-size: 16px; font-weight: 700; margin: 0 0 8px 0;\">Tempo m\u00e1ximo sem supervis\u00e3o<\/h4>\r\n      <p style=\"color: #000000; font-size: 14px; margin: 0; line-height: 1.5;\">Nenhum animal pode ficar sozinho por mais de tr\u00eas dias. Para c\u00e3es, o limite cai para 24 horas.<\/p>\r\n    <\/div>\r\n    <div style=\"background: #f8fafc; padding: 18px; border-radius: 10px; box-shadow: 0 2px 10px rgba(30, 64, 175, 0.1);\">\r\n      <h4 style=\"color: #000000; font-size: 16px; font-weight: 700; margin: 0 0 8px 0;\">Locais proibidos como moradia<\/h4>\r\n      <p style=\"color: #000000; font-size: 14px; margin: 0; line-height: 1.5;\">Varandas, terra\u00e7os, por\u00f5es, dep\u00f3sitos, p\u00e1tios e ve\u00edculos n\u00e3o podem ser usados de forma habitual.<\/p>\r\n    <\/div>\r\n    <div style=\"background: #f8fafc; padding: 18px; border-radius: 10px; box-shadow: 0 2px 10px rgba(30, 64, 175, 0.1);\">\r\n      <h4 style=\"color: #000000; font-size: 16px; font-weight: 700; margin: 0 0 8px 0;\">Identifica\u00e7\u00e3o obrigat\u00f3ria<\/h4>\r\n      <p style=\"color: #000000; font-size: 14px; margin: 0; line-height: 1.5;\">A norma espanhola torna obrigat\u00f3ria a identifica\u00e7\u00e3o eletr\u00f4nica por microchip em todos os animais.<\/p>\r\n    <\/div>\r\n  <\/div>\r\n<\/div>\n\n\n\n<h2 class=\"wp-block-heading\">Multas salgadas e o peso real para quem descumpre<\/h2>\n\n\n\n<p>A norma espanhola classifica as condutas em <strong>infra\u00e7\u00f5es leves, graves e muito graves<\/strong>, considerando o n\u00edvel de sofrimento causado e se houve morte ou sequelas. As multas come\u00e7am em 500 euros para infra\u00e7\u00f5es leves e podem chegar aos 200 mil euros nos casos mais severos.<\/p>\n\n\n\n<p>As situa\u00e7\u00f5es mais graves envolvem morte indevida do animal, sacrif\u00edcio n\u00e3o autorizado, uso para consumo humano ou adestramento para brigas. Aqui no Brasil, a tend\u00eancia tamb\u00e9m caminha para uma fiscaliza\u00e7\u00e3o mais rigorosa, refor\u00e7ada por avan\u00e7os recentes como a <a href=\"https:\/\/www.planalto.gov.br\/ccivil_03\/_ato2023-2026\/2026\/lei\/l15355.htm\" target=\"_blank\" rel=\"noreferrer noopener\">Lei n\u00ba 15.355\/2026<\/a>, que criminaliza desastres ambientais com impacto sobre animais silvestres e dom\u00e9sticos.<\/p>\n\n\n\n<figure class=\"wp-block-image size-large\"><img loading=\"lazy\" decoding=\"async\" width=\"1024\" height=\"576\" src=\"https:\/\/www.em.com.br\/emfoco\/wp-content\/uploads\/2026\/05\/Governo-altera-regra-e-proibe-proprietarios-de-manter-caes-e-gatos-no-terraco-de-casa-1-1024x576.jpg\" alt=\"Governo altera regra e pro\u00edbe propriet\u00e1rios de manter c\u00e3es e gatos no terra\u00e7o de casa\" class=\"wp-image-203676\" srcset=\"https:\/\/www.em.com.br\/emfoco\/wp-content\/uploads\/2026\/05\/Governo-altera-regra-e-proibe-proprietarios-de-manter-caes-e-gatos-no-terraco-de-casa-1-1024x576.jpg 1024w, https:\/\/www.em.com.br\/emfoco\/wp-content\/uploads\/2026\/05\/Governo-altera-regra-e-proibe-proprietarios-de-manter-caes-e-gatos-no-terraco-de-casa-1-300x169.jpg 300w, https:\/\/www.em.com.br\/emfoco\/wp-content\/uploads\/2026\/05\/Governo-altera-regra-e-proibe-proprietarios-de-manter-caes-e-gatos-no-terraco-de-casa-1-768x432.jpg 768w, https:\/\/www.em.com.br\/emfoco\/wp-content\/uploads\/2026\/05\/Governo-altera-regra-e-proibe-proprietarios-de-manter-caes-e-gatos-no-terraco-de-casa-1-750x422.jpg 750w, https:\/\/www.em.com.br\/emfoco\/wp-content\/uploads\/2026\/05\/Governo-altera-regra-e-proibe-proprietarios-de-manter-caes-e-gatos-no-terraco-de-casa-1-1140x641.jpg 1140w, https:\/\/www.em.com.br\/emfoco\/wp-content\/uploads\/2026\/05\/Governo-altera-regra-e-proibe-proprietarios-de-manter-caes-e-gatos-no-terraco-de-casa-1.jpg 1280w\" sizes=\"auto, (max-width: 1024px) 100vw, 1024px\" \/><figcaption class=\"wp-element-caption\">Varandas e espa\u00e7os isolados entram no debate.<\/figcaption><\/figure>\n\n\n\n<h2 class=\"wp-block-heading\">Um chamado para revisar a rotina dos bichos l\u00e1 em casa<\/h2>\n\n\n\n<p>Com mais lares brasileiros adotando c\u00e3es e gatos, a discuss\u00e3o sobre bem-estar animal deixou de ser nicho e virou pauta urgente. Revisar onde o pet dorme, como ele se alimenta e quanto tempo passa sozinho \u00e9 mais do que carinho, \u00e9 responsabilidade legal e \u00e9tica.<\/p>\n\n\n\n<p>A mudan\u00e7a n\u00e3o exige reformas grandiosas, mas aten\u00e7\u00e3o aos detalhes do cotidiano. Pequenos ajustes na rotina podem transformar a vida do animal e poupar o tutor de problemas s\u00e9rios com a Justi\u00e7a.<\/p>\n\n\n\n<p>Cuidar bem de quem nos faz companhia \u00e9, no fim das contas, uma escolha di\u00e1ria. A nova legisla\u00e7\u00e3o apenas refor\u00e7a algo que muito tutor amoroso j\u00e1 pratica: amar um animal \u00e9 garantir que ele tenha uma vida segura, saud\u00e1vel e cheia de afeto.<\/p>\n\n\n\n<p><strong>Gostou deste conte\u00fado? Compartilhe com aquele amigo apaixonado por pets e ajude mais tutores a entenderem como oferecer uma vida digna aos seus c\u00e3es e gatos!<\/strong><\/p>\n","protected":false},"excerpt":{"rendered":"<p>Destaques Norma espanhola pro\u00edbe manter c\u00e3es e gatos de forma habitual em varandas, terra\u00e7os e por\u00f5es. Multas partem de 500 euros e chegam a 200 mil euros nos casos mais graves de maus-tratos. No Brasil, o descumprimento de regras de bem-estar pode ser enquadrado como crime ambiental. Aquela cena t\u00e3o comum de cachorro passando o [&hellip;]<\/p>\n","protected":false},"author":5,"featured_media":203677,"comment_status":"open","ping_status":"open","sticky":false,"template":"","format":"standard","meta":{"jnews-multi-image_gallery":[],"jnews_single_post":{"format":"standard"},"jnews_primary_category":[],"jnews_social_meta":[],"jnews_override_counter":[],"footnotes":""},"categories":[1],"tags":[1470,711,7332,14797,2911,3685,5025],"class_list":["post-203660","post","type-post","status-publish","format-standard","has-post-thumbnail","hentry","category-noticias","tag-animais","tag-bem-estar","tag-cachorro","tag-caes-e-gatos","tag-casa","tag-pets","tag-varanda"],"yoast_head":"<!-- This site is optimized with the Yoast SEO plugin v23.8 - https:\/\/yoast.com\/wordpress\/plugins\/seo\/ -->\n<title>Governo altera regra e pro\u00edbe propriet\u00e1rios de manter c\u00e3es e gatos no terra\u00e7o de casa - Estado de Minas - Em foco<\/title>\n<meta name=\"description\" content=\"Novas regras de prote\u00e7\u00e3o animal est\u00e3o mudando a rotina de tutores. Veja o que a lei diz sobre deixar c\u00e3es e gatos sozinhos ou em varandas.\" \/>\n<meta name=\"robots\" content=\"index, follow, max-snippet:-1, max-image-preview:large, max-video-preview:-1\" \/>\n<link rel=\"canonical\" href=\"https:\/\/www.em.com.br\/emfoco\/2026\/05\/03\/governo-altera-regra-e-proibe-proprietarios-de-manter-caes-e-gatos-no-terraco-de-casa\/\" \/>\n<meta property=\"og:locale\" content=\"pt_BR\" \/>\n<meta property=\"og:type\" content=\"article\" \/>\n<meta property=\"og:title\" content=\"Governo altera regra e pro\u00edbe propriet\u00e1rios de manter c\u00e3es e gatos no terra\u00e7o de casa - Estado de Minas - Em foco\" \/>\n<meta property=\"og:description\" content=\"Novas regras de prote\u00e7\u00e3o animal est\u00e3o mudando a rotina de tutores. Veja o que a lei diz sobre deixar c\u00e3es e gatos sozinhos ou em varandas.\" \/>\n<meta property=\"og:url\" content=\"https:\/\/www.em.com.br\/emfoco\/2026\/05\/03\/governo-altera-regra-e-proibe-proprietarios-de-manter-caes-e-gatos-no-terraco-de-casa\/\" \/>\n<meta property=\"og:site_name\" content=\"Estado de Minas - Em foco\" \/>\n<meta property=\"article:published_time\" content=\"2026-05-03T08:08:00+00:00\" \/>\n<meta property=\"article:modified_time\" content=\"2026-05-03T07:25:17+00:00\" \/>\n<meta property=\"og:image\" content=\"https:\/\/www.em.com.br\/emfoco\/wp-content\/uploads\/2026\/05\/Governo-altera-regra-e-proibe-proprietarios-de-manter-caes-e-gatos-no-terraco-de-casa.jpg\" \/>\n\t<meta property=\"og:image:width\" content=\"1280\" \/>\n\t<meta property=\"og:image:height\" content=\"720\" \/>\n\t<meta property=\"og:image:type\" content=\"image\/jpeg\" \/>\n<meta name=\"author\" content=\"N\u00fabia Rangel\" \/>\n<meta name=\"twitter:card\" content=\"summary_large_image\" \/>\n<meta name=\"twitter:label1\" content=\"Escrito por\" \/>\n\t<meta name=\"twitter:data1\" content=\"N\u00fabia Rangel\" \/>\n\t<meta name=\"twitter:label2\" content=\"Est. tempo de leitura\" \/>\n\t<meta name=\"twitter:data2\" content=\"6 minutos\" \/>\n<!-- \/ Yoast SEO plugin. -->","yoast_head_json":{"title":"Governo altera regra e pro\u00edbe propriet\u00e1rios de manter c\u00e3es e gatos no terra\u00e7o de casa - Estado de Minas - Em foco","description":"Novas regras de prote\u00e7\u00e3o animal est\u00e3o mudando a rotina de tutores. Veja o que a lei diz sobre deixar c\u00e3es e gatos sozinhos ou em varandas.","robots":{"index":"index","follow":"follow","max-snippet":"max-snippet:-1","max-image-preview":"max-image-preview:large","max-video-preview":"max-video-preview:-1"},"canonical":"https:\/\/www.em.com.br\/emfoco\/2026\/05\/03\/governo-altera-regra-e-proibe-proprietarios-de-manter-caes-e-gatos-no-terraco-de-casa\/","og_locale":"pt_BR","og_type":"article","og_title":"Governo altera regra e pro\u00edbe propriet\u00e1rios de manter c\u00e3es e gatos no terra\u00e7o de casa - Estado de Minas - Em foco","og_description":"Novas regras de prote\u00e7\u00e3o animal est\u00e3o mudando a rotina de tutores. Veja o que a lei diz sobre deixar c\u00e3es e gatos sozinhos ou em varandas.","og_url":"https:\/\/www.em.com.br\/emfoco\/2026\/05\/03\/governo-altera-regra-e-proibe-proprietarios-de-manter-caes-e-gatos-no-terraco-de-casa\/","og_site_name":"Estado de Minas - Em foco","article_published_time":"2026-05-03T08:08:00+00:00","article_modified_time":"2026-05-03T07:25:17+00:00","og_image":[{"width":1280,"height":720,"url":"https:\/\/www.em.com.br\/emfoco\/wp-content\/uploads\/2026\/05\/Governo-altera-regra-e-proibe-proprietarios-de-manter-caes-e-gatos-no-terraco-de-casa.jpg","type":"image\/jpeg"}],"author":"N\u00fabia Rangel","twitter_card":"summary_large_image","twitter_misc":{"Escrito por":"N\u00fabia Rangel","Est. tempo de leitura":"6 minutos"},"schema":{"@context":"https:\/\/schema.org","@graph":[{"@type":"WebPage","@id":"https:\/\/www.em.com.br\/emfoco\/2026\/05\/03\/governo-altera-regra-e-proibe-proprietarios-de-manter-caes-e-gatos-no-terraco-de-casa\/","url":"https:\/\/www.em.com.br\/emfoco\/2026\/05\/03\/governo-altera-regra-e-proibe-proprietarios-de-manter-caes-e-gatos-no-terraco-de-casa\/","name":"Governo altera regra e pro\u00edbe propriet\u00e1rios de manter c\u00e3es e gatos no terra\u00e7o de casa - Estado de Minas - Em foco","isPartOf":{"@id":"https:\/\/www.em.com.br\/emfoco\/#website"},"primaryImageOfPage":{"@id":"https:\/\/www.em.com.br\/emfoco\/2026\/05\/03\/governo-altera-regra-e-proibe-proprietarios-de-manter-caes-e-gatos-no-terraco-de-casa\/#primaryimage"},"image":{"@id":"https:\/\/www.em.com.br\/emfoco\/2026\/05\/03\/governo-altera-regra-e-proibe-proprietarios-de-manter-caes-e-gatos-no-terraco-de-casa\/#primaryimage"},"thumbnailUrl":"https:\/\/www.em.com.br\/emfoco\/wp-content\/uploads\/2026\/05\/Governo-altera-regra-e-proibe-proprietarios-de-manter-caes-e-gatos-no-terraco-de-casa.jpg","datePublished":"2026-05-03T08:08:00+00:00","dateModified":"2026-05-03T07:25:17+00:00","author":{"@id":"https:\/\/www.em.com.br\/emfoco\/#\/schema\/person\/524437ef54f8a5d32591b143307f2e20"},"description":"Novas regras de prote\u00e7\u00e3o animal est\u00e3o mudando a rotina de tutores. Veja o que a lei diz sobre deixar c\u00e3es e gatos sozinhos ou em varandas.","breadcrumb":{"@id":"https:\/\/www.em.com.br\/emfoco\/2026\/05\/03\/governo-altera-regra-e-proibe-proprietarios-de-manter-caes-e-gatos-no-terraco-de-casa\/#breadcrumb"},"inLanguage":"pt-BR","potentialAction":[{"@type":"ReadAction","target":["https:\/\/www.em.com.br\/emfoco\/2026\/05\/03\/governo-altera-regra-e-proibe-proprietarios-de-manter-caes-e-gatos-no-terraco-de-casa\/"]}]},{"@type":"ImageObject","inLanguage":"pt-BR","@id":"https:\/\/www.em.com.br\/emfoco\/2026\/05\/03\/governo-altera-regra-e-proibe-proprietarios-de-manter-caes-e-gatos-no-terraco-de-casa\/#primaryimage","url":"https:\/\/www.em.com.br\/emfoco\/wp-content\/uploads\/2026\/05\/Governo-altera-regra-e-proibe-proprietarios-de-manter-caes-e-gatos-no-terraco-de-casa.jpg","contentUrl":"https:\/\/www.em.com.br\/emfoco\/wp-content\/uploads\/2026\/05\/Governo-altera-regra-e-proibe-proprietarios-de-manter-caes-e-gatos-no-terraco-de-casa.jpg","width":1280,"height":720,"caption":"Nova lei muda regras para quem tem pets."},{"@type":"BreadcrumbList","@id":"https:\/\/www.em.com.br\/emfoco\/2026\/05\/03\/governo-altera-regra-e-proibe-proprietarios-de-manter-caes-e-gatos-no-terraco-de-casa\/#breadcrumb","itemListElement":[{"@type":"ListItem","position":1,"name":"In\u00edcio","item":"https:\/\/www.em.com.br\/emfoco\/"},{"@type":"ListItem","position":2,"name":"Governo altera regra e pro\u00edbe propriet\u00e1rios de manter c\u00e3es e gatos no terra\u00e7o de casa"}]},{"@type":"WebSite","@id":"https:\/\/www.em.com.br\/emfoco\/#website","url":"https:\/\/www.em.com.br\/emfoco\/","name":"Estado de Minas - Em foco","description":"Acompanhe as \u00faltimas not\u00edcias e fique bem informado sobre tudo o que acontece em Minas Gerais, Brasil e no mundo.","potentialAction":[{"@type":"SearchAction","target":{"@type":"EntryPoint","urlTemplate":"https:\/\/www.em.com.br\/emfoco\/?s={search_term_string}"},"query-input":{"@type":"PropertyValueSpecification","valueRequired":true,"valueName":"search_term_string"}}],"inLanguage":"pt-BR"},{"@type":"Person","@id":"https:\/\/www.em.com.br\/emfoco\/#\/schema\/person\/524437ef54f8a5d32591b143307f2e20","name":"N\u00fabia Rangel","image":{"@type":"ImageObject","inLanguage":"pt-BR","@id":"https:\/\/www.em.com.br\/emfoco\/#\/schema\/person\/image\/","url":"https:\/\/secure.gravatar.com\/avatar\/47cff2827a5ba23c37e8068c86817ea4?s=96&d=mm&r=g","contentUrl":"https:\/\/secure.gravatar.com\/avatar\/47cff2827a5ba23c37e8068c86817ea4?s=96&d=mm&r=g","caption":"N\u00fabia Rangel"},"sameAs":["https:\/\/www.em.com.br\/emfoco\/"],"url":"https:\/\/www.em.com.br\/emfoco\/author\/nubiamyth\/"}]}},"_links":{"self":[{"href":"https:\/\/www.em.com.br\/emfoco\/wp-json\/wp\/v2\/posts\/203660","targetHints":{"allow":["GET"]}}],"collection":[{"href":"https:\/\/www.em.com.br\/emfoco\/wp-json\/wp\/v2\/posts"}],"about":[{"href":"https:\/\/www.em.com.br\/emfoco\/wp-json\/wp\/v2\/types\/post"}],"author":[{"embeddable":true,"href":"https:\/\/www.em.com.br\/emfoco\/wp-json\/wp\/v2\/users\/5"}],"replies":[{"embeddable":true,"href":"https:\/\/www.em.com.br\/emfoco\/wp-json\/wp\/v2\/comments?post=203660"}],"version-history":[{"count":1,"href":"https:\/\/www.em.com.br\/emfoco\/wp-json\/wp\/v2\/posts\/203660\/revisions"}],"predecessor-version":[{"id":203678,"href":"https:\/\/www.em.com.br\/emfoco\/wp-json\/wp\/v2\/posts\/203660\/revisions\/203678"}],"wp:featuredmedia":[{"embeddable":true,"href":"https:\/\/www.em.com.br\/emfoco\/wp-json\/wp\/v2\/media\/203677"}],"wp:attachment":[{"href":"https:\/\/www.em.com.br\/emfoco\/wp-json\/wp\/v2\/media?parent=203660"}],"wp:term":[{"taxonomy":"category","embeddable":true,"href":"https:\/\/www.em.com.br\/emfoco\/wp-json\/wp\/v2\/categories?post=203660"},{"taxonomy":"post_tag","embeddable":true,"href":"https:\/\/www.em.com.br\/emfoco\/wp-json\/wp\/v2\/tags?post=203660"}],"curies":[{"name":"wp","href":"https:\/\/api.w.org\/{rel}","templated":true}]}}