{"id":20364,"date":"2025-02-18T17:00:15","date_gmt":"2025-02-18T20:00:15","guid":{"rendered":"https:\/\/www.em.com.br\/emfoco\/?p=20364"},"modified":"2025-02-17T15:50:06","modified_gmt":"2025-02-17T18:50:06","slug":"bpc-nao-perca-seus-beneficios-entenda-as-regras","status":"publish","type":"post","link":"https:\/\/www.em.com.br\/emfoco\/2025\/02\/18\/bpc-nao-perca-seus-beneficios-entenda-as-regras\/","title":{"rendered":"BPC em risco? Veja como garantir seus benef\u00edcios com as novas regras!"},"content":{"rendered":"\n<p>O <strong>Benef\u00edcio de Presta\u00e7\u00e3o Continuada (<a href=\"https:\/\/www.gov.br\/mds\/pt-br\/acoes-e-programas\/suas\/beneficios-assistenciais\/beneficio-assistencial-ao-idoso-e-a-pessoa-com-deficiencia-bpc\" target=\"_blank\" rel=\"noreferrer noopener\">BPC<\/a>)<\/strong> \u00e9 um aux\u00edlio financeiro vital para muitos brasileiros, <a href=\"https:\/\/www.em.com.br\/emfoco\/2025\/02\/17\/tecnologia-nfc-revoluciona-assinaturas-digitais-com-mais-seguranca\/\" target=\"_blank\" rel=\"noreferrer noopener\">especialmente <\/a>para pessoas com defici\u00eancia e idosos com 65 anos ou mais que comprovem baixa renda. Recentemente, o governo anunciou mudan\u00e7as significativas nas regras para a concess\u00e3o e manuten\u00e7\u00e3o deste benef\u00edcio, tornando crucial que os benefici\u00e1rios estejam informados sobre essas altera\u00e7\u00f5es.<\/p>\n\n\n\n<p>Essas mudan\u00e7as visam garantir que o BPC continue a atender aqueles que realmente necessitam, ao mesmo tempo, em que buscam prevenir fraudes e assegurar a atualiza\u00e7\u00e3o dos dados dos benefici\u00e1rios. Neste artigo, exploraremos as novas diretrizes e o que elas significam para os atuais e futuros benefici\u00e1rios.<\/p>\n\n\n\n<h2 class=\"wp-block-heading\">Quais s\u00e3o as principais mudan\u00e7as nas regras do BPC?<\/h2>\n\n\n\n<p>As novas regras do BPC introduzem uma s\u00e9rie de medidas para tornar o processo de concess\u00e3o mais rigoroso e seguro. Entre as principais mudan\u00e7as, destacam-se:<\/p>\n\n\n\n<ul class=\"wp-block-list\">\n<li><strong>Avalia\u00e7\u00e3o mais rigorosa para pessoas com defici\u00eancia:<\/strong> Agora, \u00e9 exigido um laudo m\u00e9dico mais detalhado para a libera\u00e7\u00e3o do benef\u00edcio, garantindo que apenas aqueles que realmente necessitam sejam contemplados.<\/li>\n\n\n\n<li><strong>Atualiza\u00e7\u00e3o cadastral mais frequente:<\/strong> O prazo para atualiza\u00e7\u00e3o no Cadastro \u00danico (Cad\u00danico) foi reduzido para dois anos, assegurando que as informa\u00e7\u00f5es dos benefici\u00e1rios estejam sempre atualizadas.<\/li>\n\n\n\n<li><strong>Coleta biom\u00e9trica obrigat\u00f3ria:<\/strong> A biometria tornou-se obrigat\u00f3ria para a libera\u00e7\u00e3o e manuten\u00e7\u00e3o do BPC, uma medida que visa combater fraudes.<\/li>\n<\/ul>\n\n\n<div class=\"wp-block-image\">\n<figure class=\"aligncenter size-large\"><img loading=\"lazy\" decoding=\"async\" width=\"1024\" height=\"576\" src=\"https:\/\/www.em.com.br\/emfoco\/wp-content\/uploads\/2024\/12\/Idosos-com-dinheiro_1733068749109-1024x576.jpg\" alt=\"BPC n\u00e3o perca seus benef\u00edcios, entenda as regras\" class=\"wp-image-2605\" srcset=\"https:\/\/www.em.com.br\/emfoco\/wp-content\/uploads\/2024\/12\/Idosos-com-dinheiro_1733068749109-1024x576.jpg 1024w, https:\/\/www.em.com.br\/emfoco\/wp-content\/uploads\/2024\/12\/Idosos-com-dinheiro_1733068749109-300x169.jpg 300w, https:\/\/www.em.com.br\/emfoco\/wp-content\/uploads\/2024\/12\/Idosos-com-dinheiro_1733068749109-768x432.jpg 768w, https:\/\/www.em.com.br\/emfoco\/wp-content\/uploads\/2024\/12\/Idosos-com-dinheiro_1733068749109-750x422.jpg 750w, https:\/\/www.em.com.br\/emfoco\/wp-content\/uploads\/2024\/12\/Idosos-com-dinheiro_1733068749109-1140x641.jpg 1140w, https:\/\/www.em.com.br\/emfoco\/wp-content\/uploads\/2024\/12\/Idosos-com-dinheiro_1733068749109.jpg 1280w\" sizes=\"auto, (max-width: 1024px) 100vw, 1024px\" \/><figcaption class=\"wp-element-caption\">Teria Idosos inelegiveis usando o beneficio? &#8211; Cr\u00e9ditos: depositphotos.com \/ Krakenimages.com<\/figcaption><\/figure><\/div>\n\n\n<h2 class=\"wp-block-heading\">O que permanece inalterado nas regras do BPC?<\/h2>\n\n\n\n<p>Apesar das mudan\u00e7as, alguns aspectos do BPC permanecem os mesmos, garantindo a continuidade do apoio aos benefici\u00e1rios. Entre eles, destacam-se:<\/p>\n\n\n\n<ul class=\"wp-block-list\">\n<li><strong>Valor do benef\u00edcio:<\/strong> O valor do BPC continua sendo equivalente a um sal\u00e1rio m\u00ednimo.<\/li>\n\n\n\n<li><strong>P\u00fablico-alvo:<\/strong> O benef\u00edcio continua destinado a idosos com 65 anos ou mais e a pessoas com defici\u00eancia de qualquer idade, desde que comprovem renda familiar de at\u00e9 \u00bc do sal\u00e1rio m\u00ednimo.<\/li>\n\n\n\n<li><strong>Direito de pessoas com defici\u00eancia leve:<\/strong> Pessoas com defici\u00eancia leve continuam tendo direito ao benef\u00edcio, desde que comprovem renda familiar baixa.<\/li>\n<\/ul>\n\n\n\n<h2 class=\"wp-block-heading\">Como garantir seus direitos ao BPC?<\/h2>\n\n\n\n<p>Para assegurar o recebimento do BPC, \u00e9 essencial que os benefici\u00e1rios tomem algumas medidas importantes:<\/p>\n\n\n\n<ol class=\"wp-block-list\">\n<li><strong>Mantenha seus dados atualizados no Cad\u00danico:<\/strong> Realize a atualiza\u00e7\u00e3o cadastral a cada dois anos para garantir o recebimento cont\u00ednuo do benef\u00edcio.<\/li>\n\n\n\n<li><strong>Procure orienta\u00e7\u00e3o especializada:<\/strong> Em caso de d\u00favidas sobre o BPC, \u00e9 aconselh\u00e1vel buscar a ajuda de um advogado ou assistente social especializado na \u00e1rea.<\/li>\n\n\n\n<li><strong>Acompanhe as not\u00edcias:<\/strong> Fique atento \u00e0s atualiza\u00e7\u00f5es sobre o BPC para se manter informado sobre quaisquer mudan\u00e7as nas regras.<\/li>\n<\/ol>\n\n\n\n<h2 class=\"wp-block-heading\">Informa\u00e7\u00f5es falsas sobre as novas regras do BPC<\/h2>\n\n\n\n<p>Com as mudan\u00e7as nas regras, surgiram algumas informa\u00e7\u00f5es incorretas que precisam ser esclarecidas.<\/p>\n","protected":false},"excerpt":{"rendered":"<p>O Benef\u00edcio de Presta\u00e7\u00e3o Continuada (BPC) \u00e9 um aux\u00edlio financeiro vital para muitos brasileiros, especialmente para pessoas com defici\u00eancia e idosos com 65 anos ou mais que comprovem baixa renda. Recentemente, o governo anunciou mudan\u00e7as significativas nas regras para a concess\u00e3o e manuten\u00e7\u00e3o deste benef\u00edcio, tornando crucial que os benefici\u00e1rios estejam informados sobre essas altera\u00e7\u00f5es. [&hellip;]<\/p>\n","protected":false},"author":7,"featured_media":8757,"comment_status":"open","ping_status":"open","sticky":false,"template":"","format":"standard","meta":{"jnews-multi-image_gallery":[],"jnews_single_post":{"format":"standard"},"jnews_primary_category":[],"jnews_social_meta":[],"jnews_override_counter":[],"footnotes":""},"categories":[28],"tags":[1113,257,260,1516],"class_list":["post-20364","post","type-post","status-publish","format-standard","has-post-thumbnail","hentry","category-economia","tag-beneficio-de-prestacao-continuada","tag-bpc","tag-idosos","tag-pessoas-com-deficiencia"],"yoast_head":"<!-- This site is optimized with the Yoast SEO plugin v23.8 - https:\/\/yoast.com\/wordpress\/plugins\/seo\/ -->\n<title>BPC em risco? Veja como garantir seus benef\u00edcios com as novas regras! - Estado de Minas - Em foco<\/title>\n<meta name=\"description\" content=\"Fique por dentro das \u00faltimas mudan\u00e7as no BPC e garanta seus direitos. Informa\u00e7\u00f5es claras e objetivas para idosos e pessoas com defici\u00eancia.\" \/>\n<meta name=\"robots\" content=\"index, follow, max-snippet:-1, max-image-preview:large, max-video-preview:-1\" \/>\n<link rel=\"canonical\" href=\"https:\/\/www.em.com.br\/emfoco\/2025\/02\/18\/bpc-nao-perca-seus-beneficios-entenda-as-regras\/\" \/>\n<meta property=\"og:locale\" content=\"pt_BR\" \/>\n<meta property=\"og:type\" content=\"article\" \/>\n<meta property=\"og:title\" content=\"BPC em risco? Veja como garantir seus benef\u00edcios com as novas regras! - Estado de Minas - Em foco\" \/>\n<meta property=\"og:description\" content=\"Fique por dentro das \u00faltimas mudan\u00e7as no BPC e garanta seus direitos. Informa\u00e7\u00f5es claras e objetivas para idosos e pessoas com defici\u00eancia.\" \/>\n<meta property=\"og:url\" content=\"https:\/\/www.em.com.br\/emfoco\/2025\/02\/18\/bpc-nao-perca-seus-beneficios-entenda-as-regras\/\" \/>\n<meta property=\"og:site_name\" content=\"Estado de Minas - Em foco\" \/>\n<meta property=\"article:published_time\" content=\"2025-02-18T20:00:15+00:00\" \/>\n<meta property=\"article:modified_time\" content=\"2025-02-17T18:50:06+00:00\" \/>\n<meta property=\"og:image\" content=\"https:\/\/www.em.com.br\/emfoco\/wp-content\/uploads\/2025\/01\/Luiz-Inacio-Lula-da-Silva_1736163016935.jpg\" \/>\n\t<meta property=\"og:image:width\" content=\"1280\" \/>\n\t<meta property=\"og:image:height\" content=\"720\" \/>\n\t<meta property=\"og:image:type\" content=\"image\/jpeg\" \/>\n<meta name=\"author\" content=\"Kelvin\" \/>\n<meta name=\"twitter:card\" content=\"summary_large_image\" \/>\n<meta name=\"twitter:label1\" content=\"Escrito por\" \/>\n\t<meta name=\"twitter:data1\" content=\"Kelvin\" \/>\n\t<meta name=\"twitter:label2\" content=\"Est. tempo de leitura\" \/>\n\t<meta name=\"twitter:data2\" content=\"3 minutos\" \/>\n<!-- \/ Yoast SEO plugin. -->","yoast_head_json":{"title":"BPC em risco? Veja como garantir seus benef\u00edcios com as novas regras! - Estado de Minas - Em foco","description":"Fique por dentro das \u00faltimas mudan\u00e7as no BPC e garanta seus direitos. Informa\u00e7\u00f5es claras e objetivas para idosos e pessoas com defici\u00eancia.","robots":{"index":"index","follow":"follow","max-snippet":"max-snippet:-1","max-image-preview":"max-image-preview:large","max-video-preview":"max-video-preview:-1"},"canonical":"https:\/\/www.em.com.br\/emfoco\/2025\/02\/18\/bpc-nao-perca-seus-beneficios-entenda-as-regras\/","og_locale":"pt_BR","og_type":"article","og_title":"BPC em risco? Veja como garantir seus benef\u00edcios com as novas regras! - Estado de Minas - Em foco","og_description":"Fique por dentro das \u00faltimas mudan\u00e7as no BPC e garanta seus direitos. Informa\u00e7\u00f5es claras e objetivas para idosos e pessoas com defici\u00eancia.","og_url":"https:\/\/www.em.com.br\/emfoco\/2025\/02\/18\/bpc-nao-perca-seus-beneficios-entenda-as-regras\/","og_site_name":"Estado de Minas - Em foco","article_published_time":"2025-02-18T20:00:15+00:00","article_modified_time":"2025-02-17T18:50:06+00:00","og_image":[{"width":1280,"height":720,"url":"https:\/\/www.em.com.br\/emfoco\/wp-content\/uploads\/2025\/01\/Luiz-Inacio-Lula-da-Silva_1736163016935.jpg","type":"image\/jpeg"}],"author":"Kelvin","twitter_card":"summary_large_image","twitter_misc":{"Escrito por":"Kelvin","Est. tempo de leitura":"3 minutos"},"schema":{"@context":"https:\/\/schema.org","@graph":[{"@type":"WebPage","@id":"https:\/\/www.em.com.br\/emfoco\/2025\/02\/18\/bpc-nao-perca-seus-beneficios-entenda-as-regras\/","url":"https:\/\/www.em.com.br\/emfoco\/2025\/02\/18\/bpc-nao-perca-seus-beneficios-entenda-as-regras\/","name":"BPC em risco? Veja como garantir seus benef\u00edcios com as novas regras! - Estado de Minas - Em foco","isPartOf":{"@id":"https:\/\/www.em.com.br\/emfoco\/#website"},"primaryImageOfPage":{"@id":"https:\/\/www.em.com.br\/emfoco\/2025\/02\/18\/bpc-nao-perca-seus-beneficios-entenda-as-regras\/#primaryimage"},"image":{"@id":"https:\/\/www.em.com.br\/emfoco\/2025\/02\/18\/bpc-nao-perca-seus-beneficios-entenda-as-regras\/#primaryimage"},"thumbnailUrl":"https:\/\/www.em.com.br\/emfoco\/wp-content\/uploads\/2025\/01\/Luiz-Inacio-Lula-da-Silva_1736163016935.jpg","datePublished":"2025-02-18T20:00:15+00:00","dateModified":"2025-02-17T18:50:06+00:00","author":{"@id":"https:\/\/www.em.com.br\/emfoco\/#\/schema\/person\/fb0a7f48c6fbb94b83f413a80f61917d"},"description":"Fique por dentro das \u00faltimas mudan\u00e7as no BPC e garanta seus direitos. Informa\u00e7\u00f5es claras e objetivas para idosos e pessoas com defici\u00eancia.","breadcrumb":{"@id":"https:\/\/www.em.com.br\/emfoco\/2025\/02\/18\/bpc-nao-perca-seus-beneficios-entenda-as-regras\/#breadcrumb"},"inLanguage":"pt-BR","potentialAction":[{"@type":"ReadAction","target":["https:\/\/www.em.com.br\/emfoco\/2025\/02\/18\/bpc-nao-perca-seus-beneficios-entenda-as-regras\/"]}]},{"@type":"ImageObject","inLanguage":"pt-BR","@id":"https:\/\/www.em.com.br\/emfoco\/2025\/02\/18\/bpc-nao-perca-seus-beneficios-entenda-as-regras\/#primaryimage","url":"https:\/\/www.em.com.br\/emfoco\/wp-content\/uploads\/2025\/01\/Luiz-Inacio-Lula-da-Silva_1736163016935.jpg","contentUrl":"https:\/\/www.em.com.br\/emfoco\/wp-content\/uploads\/2025\/01\/Luiz-Inacio-Lula-da-Silva_1736163016935.jpg","width":1280,"height":720,"caption":"Luiz In\u00e1cio Lula da Silva (Lula) - Cr\u00e9ditos: depositphotos.com \/ casadaphoto"},{"@type":"BreadcrumbList","@id":"https:\/\/www.em.com.br\/emfoco\/2025\/02\/18\/bpc-nao-perca-seus-beneficios-entenda-as-regras\/#breadcrumb","itemListElement":[{"@type":"ListItem","position":1,"name":"In\u00edcio","item":"https:\/\/www.em.com.br\/emfoco\/"},{"@type":"ListItem","position":2,"name":"BPC em risco? Veja como garantir seus benef\u00edcios com as novas regras!"}]},{"@type":"WebSite","@id":"https:\/\/www.em.com.br\/emfoco\/#website","url":"https:\/\/www.em.com.br\/emfoco\/","name":"Estado de Minas - Em foco","description":"Acompanhe as \u00faltimas not\u00edcias e fique bem informado sobre tudo o que acontece em Minas Gerais, Brasil e no mundo.","potentialAction":[{"@type":"SearchAction","target":{"@type":"EntryPoint","urlTemplate":"https:\/\/www.em.com.br\/emfoco\/?s={search_term_string}"},"query-input":{"@type":"PropertyValueSpecification","valueRequired":true,"valueName":"search_term_string"}}],"inLanguage":"pt-BR"},{"@type":"Person","@id":"https:\/\/www.em.com.br\/emfoco\/#\/schema\/person\/fb0a7f48c6fbb94b83f413a80f61917d","name":"Kelvin","image":{"@type":"ImageObject","inLanguage":"pt-BR","@id":"https:\/\/www.em.com.br\/emfoco\/#\/schema\/person\/image\/","url":"https:\/\/secure.gravatar.com\/avatar\/e74f84337e6bf6c4c5e88fbdffa05270?s=96&d=mm&r=g","contentUrl":"https:\/\/secure.gravatar.com\/avatar\/e74f84337e6bf6c4c5e88fbdffa05270?s=96&d=mm&r=g","caption":"Kelvin"},"sameAs":["https:\/\/www.em.com.br\/emfoco"],"url":"https:\/\/www.em.com.br\/emfoco\/author\/kelvinmyth\/"}]}},"_links":{"self":[{"href":"https:\/\/www.em.com.br\/emfoco\/wp-json\/wp\/v2\/posts\/20364","targetHints":{"allow":["GET"]}}],"collection":[{"href":"https:\/\/www.em.com.br\/emfoco\/wp-json\/wp\/v2\/posts"}],"about":[{"href":"https:\/\/www.em.com.br\/emfoco\/wp-json\/wp\/v2\/types\/post"}],"author":[{"embeddable":true,"href":"https:\/\/www.em.com.br\/emfoco\/wp-json\/wp\/v2\/users\/7"}],"replies":[{"embeddable":true,"href":"https:\/\/www.em.com.br\/emfoco\/wp-json\/wp\/v2\/comments?post=20364"}],"version-history":[{"count":3,"href":"https:\/\/www.em.com.br\/emfoco\/wp-json\/wp\/v2\/posts\/20364\/revisions"}],"predecessor-version":[{"id":20517,"href":"https:\/\/www.em.com.br\/emfoco\/wp-json\/wp\/v2\/posts\/20364\/revisions\/20517"}],"wp:featuredmedia":[{"embeddable":true,"href":"https:\/\/www.em.com.br\/emfoco\/wp-json\/wp\/v2\/media\/8757"}],"wp:attachment":[{"href":"https:\/\/www.em.com.br\/emfoco\/wp-json\/wp\/v2\/media?parent=20364"}],"wp:term":[{"taxonomy":"category","embeddable":true,"href":"https:\/\/www.em.com.br\/emfoco\/wp-json\/wp\/v2\/categories?post=20364"},{"taxonomy":"post_tag","embeddable":true,"href":"https:\/\/www.em.com.br\/emfoco\/wp-json\/wp\/v2\/tags?post=20364"}],"curies":[{"name":"wp","href":"https:\/\/api.w.org\/{rel}","templated":true}]}}