{"id":203629,"date":"2026-05-03T05:48:00","date_gmt":"2026-05-03T08:48:00","guid":{"rendered":"https:\/\/www.em.com.br\/emfoco\/?p=203629"},"modified":"2026-05-03T04:31:40","modified_gmt":"2026-05-03T07:31:40","slug":"pessoas-que-deixam-a-louca-suja-na-pia-sem-lavar-geralmente-apresentam-esses-7-comportamentos","status":"publish","type":"post","link":"https:\/\/www.em.com.br\/emfoco\/2026\/05\/03\/pessoas-que-deixam-a-louca-suja-na-pia-sem-lavar-geralmente-apresentam-esses-7-comportamentos\/","title":{"rendered":"Pessoas que deixam a lou\u00e7a suja na pia sem lavar geralmente apresentam esses 7 comportamentos"},"content":{"rendered":"\n<link href=\"https:\/\/fonts.googleapis.com\/css2?family=Inter:wght@400;600;700;800&#038;display=swap\" rel=\"stylesheet\">\r\n<style>\r\n.rdp-curiosidades-wrapper .jnews_inline_related_post_wrapper,\r\n.rdp-curiosidades-wrapper .jnews_inline_related_post,\r\n.rdp-curiosidades-wrapper .jeg_postblock,\r\n.rdp-curiosidades-wrapper [class*=\"jnews_inline\"],\r\n.rdp-curiosidades-wrapper [class*=\"jeg_postblock\"],\r\n.rdp-curiosidades-wrapper [class*=\"jeg_block\"] {\r\n  display: none !important;\r\n  height: 0 !important;\r\n  max-height: 0 !important;\r\n  overflow: hidden !important;\r\n  visibility: hidden !important;\r\n  margin: 0 !important;\r\n  padding: 0 !important;\r\n  border: none !important;\r\n  font-size: 0 !important;\r\n  line-height: 0 !important;\r\n}\r\n.rdp-curiosidades-wrapper {\r\n  max-width: 620px;\r\n  margin: 28px auto;\r\n  background: #FFFFFF;\r\n  border: 1px solid #E0E0E0;\r\n  border-top: 3px solid #2FC3EE;\r\n  border-radius: 12px;\r\n  padding: 28px 32px;\r\n  font-family: 'Inter', sans-serif;\r\n  box-shadow: 0 4px 20px rgba(47,195,238,0.18);\r\n  overflow: hidden;\r\n  contain: layout style;\r\n  isolation: isolate;\r\n  position: relative;\r\n  z-index: 1;\r\n}\r\n.rdp-curiosidades-wrapper > *:not(.rdp-curiosidades-header):not(.rdp-curiosidades-list) {\r\n  display: none !important;\r\n  height: 0 !important;\r\n  overflow: hidden !important;\r\n  margin: 0 !important;\r\n  padding: 0 !important;\r\n  border: none !important;\r\n}\r\n.rdp-curiosidades-header {\r\n  display: flex;\r\n  align-items: center;\r\n  justify-content: center;\r\n  gap: 16px;\r\n  margin-bottom: 24px;\r\n}\r\n.rdp-curiosidades-line {\r\n  flex: 1;\r\n  height: 1px;\r\n  background: #E0E0E0;\r\n}\r\n.rdp-curiosidades-title {\r\n  font-family: 'Inter', sans-serif;\r\n  font-size: 12px;\r\n  font-weight: 800;\r\n  text-transform: uppercase;\r\n  letter-spacing: 4px;\r\n  color: #1A1A1A;\r\n  white-space: nowrap;\r\n}\r\n.rdp-curiosidades-list {\r\n  list-style: none;\r\n  padding: 0;\r\n  margin: 0;\r\n  text-align: center;\r\n}\r\n.rdp-curiosidades-item {\r\n  padding: 0 0 18px 0;\r\n  line-height: 1.7;\r\n}\r\n.rdp-curiosidades-item:last-child {\r\n  padding-bottom: 0;\r\n}\r\n.rdp-curiosidades-item-bullet {\r\n  display: inline-block;\r\n  width: 8px;\r\n  height: 8px;\r\n  background: #2FC3EE;\r\n  border-radius: 50%;\r\n  box-shadow: 0 0 6px rgba(47,195,238,0.40);\r\n  margin-right: 10px;\r\n  vertical-align: middle;\r\n}\r\n.rdp-curiosidades-item-title {\r\n  font-size: 15px;\r\n  font-weight: 700;\r\n  color: #1A1A1A;\r\n}\r\n.rdp-curiosidades-item-desc {\r\n  font-size: 15px;\r\n  color: #333333;\r\n  line-height: 1.7;\r\n}\r\n@media (max-width: 768px) {\r\n  .rdp-curiosidades-wrapper {\r\n    max-width: 100%;\r\n    margin: 20px 12px;\r\n    padding: 22px 20px;\r\n  }\r\n}\r\n<\/style>\r\n<div class=\"rdp-curiosidades-wrapper\">\r\n  <div class=\"rdp-curiosidades-header\">\r\n    <span class=\"rdp-curiosidades-line\"><\/span>\r\n    <span class=\"rdp-curiosidades-title\">Curiosidades da Psicologia<\/span>\r\n    <span class=\"rdp-curiosidades-line\"><\/span>\r\n  <\/div>\r\n  <ul class=\"rdp-curiosidades-list\">\r\n    <li class=\"rdp-curiosidades-item\">\r\n      <span class=\"rdp-curiosidades-item-bullet\"><\/span><span class=\"rdp-curiosidades-item-title\">N\u00e3o \u00e9 pregui\u00e7a, \u00e9 emo\u00e7\u00e3o:<\/span> <span class=\"rdp-curiosidades-item-desc\">A psicologia mostra que deixar a lou\u00e7a acumular quase nunca tem a ver com desleixo. Na maioria das vezes, \u00e9 o sinal de uma mente cansada que est\u00e1 tentando se proteger da sobrecarga emocional.<\/span>\r\n    <\/li>\r\n    <li class=\"rdp-curiosidades-item\">\r\n      <span class=\"rdp-curiosidades-item-bullet\"><\/span><span class=\"rdp-curiosidades-item-title\">A pia fala sobre voc\u00ea:<\/span> <span class=\"rdp-curiosidades-item-desc\">Sabe quando a lou\u00e7a vai se acumulando e voc\u00ea sente que n\u00e3o consegue nem come\u00e7ar a lavar? Esse padr\u00e3o costuma aparecer tamb\u00e9m em outras \u00e1reas da vida, como responder mensagens ou organizar documentos.<\/span>\r\n    <\/li>\r\n    <li class=\"rdp-curiosidades-item\">\r\n      <span class=\"rdp-curiosidades-item-bullet\"><\/span><span class=\"rdp-curiosidades-item-title\">Estudos revelam um gatilho surpresa:<\/span> <span class=\"rdp-curiosidades-item-desc\">Pesquisas em psicologia comportamental indicam que ver a lou\u00e7a suja acumulada pode aumentar os n\u00edveis de estresse e ansiedade, criando um ciclo dif\u00edcil de quebrar sem acolhimento e estrat\u00e9gia.<\/span>\r\n    <\/li>\r\n  <\/ul>\r\n<\/div>\r\n<div style=\"clear:both;height:0;overflow:hidden;\"><\/div>\n\n\n\n<p>Voc\u00ea j\u00e1 parou para pensar por que algumas pessoas simplesmente n\u00e3o conseguem lavar a lou\u00e7a logo depois de usar, n\u00e3o importa quantas vezes sejam lembradas? Se isso acontece com algu\u00e9m na sua casa, ou at\u00e9 com voc\u00ea mesma em certos momentos, saiba que a <strong>psicologia comportamental<\/strong> tem muito a dizer sobre esse h\u00e1bito. Deixar a <strong>lou\u00e7a suja<\/strong> acumular na pia vai muito al\u00e9m de uma quest\u00e3o de organiza\u00e7\u00e3o dom\u00e9stica. Muitas vezes, esse comportamento \u00e9 um espelho dos nossos estados emocionais, da nossa rela\u00e7\u00e3o com a rotina e at\u00e9 de como nos sentimos dentro de casa e nos nossos relacionamentos.<\/p>\n\n\n\n<h2 class=\"wp-block-heading\">O que a psicologia diz sobre deixar a lou\u00e7a suja acumular<\/h2>\n\n\n\n<p>A <strong>psicologia comportamental<\/strong> estuda padr\u00f5es de atitude que se repetem no cotidiano, e o h\u00e1bito de deixar a lou\u00e7a suja \u00e9 um deles. Quando uma pessoa adia repetidamente uma tarefa simples, como lavar os pratos, isso costuma estar ligado a um mecanismo chamado <strong>procrastina\u00e7\u00e3o<\/strong>, que a ci\u00eancia moderna entende n\u00e3o como pregui\u00e7a, mas como uma dificuldade de regula\u00e7\u00e3o emocional. A mente, sobrecarregada e cansada, evita tarefas que n\u00e3o oferecem recompensa imediata para se proteger do desconforto do momento.<\/p>\n\n\n\n<p>A teoria da motiva\u00e7\u00e3o temporal, desenvolvida pelo pesquisador Piers Steel, explica que, quando uma tarefa parece pouco significativa ou sem urg\u00eancia, a nossa motiva\u00e7\u00e3o para realiz\u00e1-la cai bastante. Lavar a lou\u00e7a se encaixa nessa descri\u00e7\u00e3o: \u00e9 repetitiva, n\u00e3o traz gratifica\u00e7\u00e3o imediata e, por isso, facilmente empurrada para depois. Entender isso com empatia, sem julgamento, \u00e9 o primeiro passo para se relacionar melhor com esse comportamento.<\/p>\n\n\n\n<figure class=\"wp-block-image size-large\"><img loading=\"lazy\" decoding=\"async\" width=\"1024\" height=\"576\" src=\"https:\/\/www.em.com.br\/emfoco\/wp-content\/uploads\/2026\/05\/Pessoas-que-deixam-a-louca-suja-na-pia-sem-lavar-geralmente-apresentam-esses-7-comportamentos-1-1024x576.jpg\" alt=\"Pessoas que deixam a lou\u00e7a suja na pia sem lavar geralmente apresentam esses 7 comportamentos\" class=\"wp-image-203634\" srcset=\"https:\/\/www.em.com.br\/emfoco\/wp-content\/uploads\/2026\/05\/Pessoas-que-deixam-a-louca-suja-na-pia-sem-lavar-geralmente-apresentam-esses-7-comportamentos-1-1024x576.jpg 1024w, https:\/\/www.em.com.br\/emfoco\/wp-content\/uploads\/2026\/05\/Pessoas-que-deixam-a-louca-suja-na-pia-sem-lavar-geralmente-apresentam-esses-7-comportamentos-1-300x169.jpg 300w, https:\/\/www.em.com.br\/emfoco\/wp-content\/uploads\/2026\/05\/Pessoas-que-deixam-a-louca-suja-na-pia-sem-lavar-geralmente-apresentam-esses-7-comportamentos-1-768x432.jpg 768w, https:\/\/www.em.com.br\/emfoco\/wp-content\/uploads\/2026\/05\/Pessoas-que-deixam-a-louca-suja-na-pia-sem-lavar-geralmente-apresentam-esses-7-comportamentos-1-750x422.jpg 750w, https:\/\/www.em.com.br\/emfoco\/wp-content\/uploads\/2026\/05\/Pessoas-que-deixam-a-louca-suja-na-pia-sem-lavar-geralmente-apresentam-esses-7-comportamentos-1-1140x641.jpg 1140w, https:\/\/www.em.com.br\/emfoco\/wp-content\/uploads\/2026\/05\/Pessoas-que-deixam-a-louca-suja-na-pia-sem-lavar-geralmente-apresentam-esses-7-comportamentos-1.jpg 1280w\" sizes=\"auto, (max-width: 1024px) 100vw, 1024px\" \/><figcaption class=\"wp-element-caption\">O h\u00e1bito vai al\u00e9m de simples desorganiza\u00e7\u00e3o.<\/figcaption><\/figure>\n\n\n\n<h2 class=\"wp-block-heading\">Como esse comportamento aparece no nosso dia a dia<\/h2>\n\n\n\n<p>O ponto mais interessante que a <strong>psicologia<\/strong> revela \u00e9 que esses comportamentos n\u00e3o falam apenas sobre lou\u00e7a. Eles costumam aparecer em outras \u00e1reas da vida tamb\u00e9m: responder mensagens que ficam acumulando, guardar roupas que ficam sobre a cadeira, organizar documentos que v\u00e3o sendo empurrados para depois. Quando o padr\u00e3o de <strong>procrastina\u00e7\u00e3o<\/strong> se instala, ele raramente fica restrito a uma \u00fanica tarefa.<\/p>\n\n\n\n<p>No ambiente familiar, a <strong>lou\u00e7a suja<\/strong> acumulada pode se tornar um <strong>gatilho emocional<\/strong> para discuss\u00f5es que, no fundo, s\u00e3o sobre sobrecarga mental, divis\u00e3o desigual de tarefas dom\u00e9sticas e a sensa\u00e7\u00e3o de que o esfor\u00e7o de uma pessoa n\u00e3o est\u00e1 sendo reconhecido. A pia cheia, nesses casos, representa algo muito maior do que pratos sujos. Ela carrega o peso de expectativas n\u00e3o ditas, cansa\u00e7o acumulado e necessidade de cuidado.<\/p>\n\n\n\n<h2 class=\"wp-block-heading\">Os 7 comportamentos que a psicologia associa a esse h\u00e1bito<\/h2>\n\n\n\n<p>A psicologia comportamental identifica alguns padr\u00f5es que costumam aparecer com frequ\u00eancia em pessoas que deixam a <strong>lou\u00e7a suja<\/strong> na pia. \u00c9 importante lembrar que esses comportamentos n\u00e3o formam um diagn\u00f3stico, nem transformam ningu\u00e9m em vil\u00e3o. Eles ajudam a compreender como a mente funciona sob press\u00e3o e sobrecarga:<\/p>\n\n\n\n<ul class=\"wp-block-list\">\n<li><strong>Dificuldade de iniciar tarefas sem recompensa imediata:<\/strong> a mente procura atividades que ofere\u00e7am satisfa\u00e7\u00e3o r\u00e1pida e adia as que parecem &#8220;pesadas&#8221; emocionalmente.<\/li>\n\n\n\n<li><strong>Sobrecarga cognitiva e cansa\u00e7o mental:<\/strong> quando a cabe\u00e7a est\u00e1 cheia de preocupa\u00e7\u00f5es, de trabalho, de cuidados com os filhos ou com a fam\u00edlia, a <strong>fadiga mental<\/strong> reduz a capacidade de realizar at\u00e9 mesmo as tarefas mais simples.<\/li>\n\n\n\n<li><strong>Tend\u00eancia \u00e0 procrastina\u00e7\u00e3o em m\u00faltiplas \u00e1reas:<\/strong> quem adia a lou\u00e7a frequentemente adia outros pequenos compromissos do cotidiano, um padr\u00e3o ligado \u00e0 autorregula\u00e7\u00e3o emocional.<\/li>\n\n\n\n<li><strong>Alta sensibilidade ao estresse:<\/strong> pessoas que vivem em estado de <strong>ansiedade<\/strong> ou tens\u00e3o cr\u00f4nica costumam ter menor capacidade de manter a rotina dom\u00e9stica em dia.<\/li>\n\n\n\n<li><strong>Vis\u00e3o do &#8220;big picture&#8221;:<\/strong> algumas pessoas simplesmente colocam a lou\u00e7a em segundo plano conscientemente, priorizando o que consideram mais urgente, como trabalho, filhos ou momentos de lazer.<\/li>\n\n\n\n<li><strong>Dificuldade de autocuidado e limites:<\/strong> quem est\u00e1 sempre colocando os outros em primeiro lugar pode sentir que n\u00e3o tem energia nem para as tarefas mais b\u00e1sicas ao final do dia.<\/li>\n\n\n\n<li><strong>Busca por efici\u00eancia:<\/strong> algumas pessoas deixam acumular para lavar tudo de uma vez, numa estrat\u00e9gia de economizar tempo e energia, o que n\u00e3o \u00e9 necessariamente um problema emocional.<\/li>\n<\/ul>\n\n\n\n<link href=\"https:\/\/fonts.googleapis.com\/css2?family=Inter:wght@400;600;700;800&#038;display=swap\" rel=\"stylesheet\">\r\n<style>\r\n.rdp-pontos-wrapper .jnews_inline_related_post_wrapper,\r\n.rdp-pontos-wrapper .jnews_inline_related_post,\r\n.rdp-pontos-wrapper .jeg_postblock,\r\n.rdp-pontos-wrapper [class*=\"jnews_inline\"],\r\n.rdp-pontos-wrapper [class*=\"jeg_postblock\"],\r\n.rdp-pontos-wrapper [class*=\"jeg_block\"] {\r\n  display: none !important;\r\n  height: 0 !important;\r\n  max-height: 0 !important;\r\n  overflow: hidden !important;\r\n  visibility: hidden !important;\r\n  margin: 0 !important;\r\n  padding: 0 !important;\r\n  border: none !important;\r\n  font-size: 0 !important;\r\n  line-height: 0 !important;\r\n}\r\n.rdp-pontos-wrapper {\r\n  max-width: 100%;\r\n  margin: 32px 0;\r\n  background: #F8F9FA;\r\n  border: 1px solid #E0E0E0;\r\n  border-radius: 12px;\r\n  padding: 28px 28px 20px;\r\n  font-family: 'Inter', sans-serif;\r\n  box-shadow: 0 4px 20px rgba(47,195,238,0.12);\r\n  overflow: hidden;\r\n  contain: layout style;\r\n  isolation: isolate;\r\n  position: relative;\r\n  z-index: 1;\r\n}\r\n.rdp-pontos-wrapper > *:not(.rdp-pontos-title):not(.rdp-pontos-grid) {\r\n  display: none !important;\r\n  height: 0 !important;\r\n  overflow: hidden !important;\r\n  margin: 0 !important;\r\n  padding: 0 !important;\r\n  border: none !important;\r\n}\r\n.rdp-pontos-title {\r\n  font-family: 'Inter', sans-serif;\r\n  font-size: 20px;\r\n  font-weight: 800;\r\n  color: #1A1A1A;\r\n  margin: 0 0 20px 0;\r\n  line-height: 1.3;\r\n  text-align: center;\r\n}\r\n.rdp-pontos-grid {\r\n  display: grid;\r\n  grid-template-columns: repeat(3, 1fr);\r\n  gap: 18px;\r\n}\r\n.rdp-pontos-item {\r\n  background: #FFFFFF;\r\n  border: 1px solid #E0E0E0;\r\n  border-top: 3px solid #2FC3EE;\r\n  border-radius: 10px;\r\n  padding: 22px 20px;\r\n  box-shadow: 0 2px 10px rgba(47,195,238,0.10);\r\n  transition: box-shadow 0.3s ease, border-color 0.3s ease;\r\n  text-align: center;\r\n}\r\n.rdp-pontos-item:hover {\r\n  box-shadow: 0 4px 20px rgba(47,195,238,0.22);\r\n  border-color: #2FC3EE;\r\n}\r\n.rdp-pontos-emoji {\r\n  font-size: 32px;\r\n  line-height: 1;\r\n  margin-bottom: 12px;\r\n  display: block;\r\n  text-align: center;\r\n}\r\n.rdp-pontos-item-title {\r\n  font-size: 15px;\r\n  font-weight: 700;\r\n  color: #1A1A1A;\r\n  margin-bottom: 8px;\r\n  line-height: 1.3;\r\n}\r\n.rdp-pontos-item-desc {\r\n  font-size: 14px;\r\n  color: #333333;\r\n  line-height: 1.6;\r\n  margin: 0;\r\n}\r\n@media (max-width: 768px) {\r\n  .rdp-pontos-wrapper {\r\n    padding: 20px 16px 14px;\r\n  }\r\n  .rdp-pontos-grid {\r\n    grid-template-columns: 1fr;\r\n    gap: 14px;\r\n  }\r\n  .rdp-pontos-title {\r\n    font-size: 18px;\r\n  }\r\n}\r\n<\/style>\r\n<div class=\"rdp-pontos-wrapper\">\r\n  <div class=\"rdp-pontos-title\">Pontos-chave da psicologia<\/div>\r\n  <div class=\"rdp-pontos-grid\">\r\n    <div class=\"rdp-pontos-item\">\r\n      <span class=\"rdp-pontos-emoji\">\ud83e\udde0<\/span>\r\n      <div class=\"rdp-pontos-item-title\">Procrastina\u00e7\u00e3o e emo\u00e7\u00e3o<\/div>\r\n      <p class=\"rdp-pontos-item-desc\">Deixar a lou\u00e7a acumular est\u00e1 ligado \u00e0 regula\u00e7\u00e3o emocional, n\u00e3o \u00e0 pregui\u00e7a. A mente evita tarefas que causam desconforto quando est\u00e1 sobrecarregada.<\/p>\r\n    <\/div>\r\n    <div class=\"rdp-pontos-item\">\r\n      <span class=\"rdp-pontos-emoji\">\ud83d\udcad<\/span>\r\n      <div class=\"rdp-pontos-item-title\">Um padr\u00e3o que se repete<\/div>\r\n      <p class=\"rdp-pontos-item-desc\">O h\u00e1bito de adiar a lou\u00e7a costuma aparecer tamb\u00e9m em outras \u00e1reas da vida, como responder mensagens ou organizar documentos importantes.<\/p>\r\n    <\/div>\r\n    <div class=\"rdp-pontos-item\">\r\n      <span class=\"rdp-pontos-emoji\">\ud83e\udec2<\/span>\r\n      <div class=\"rdp-pontos-item-title\">A pia como gatilho familiar<\/div>\r\n      <p class=\"rdp-pontos-item-desc\">A lou\u00e7a suja acumulada pode se tornar um gatilho emocional em relacionamentos, simbolizando sobrecarga, cansa\u00e7o mental e necessidade de cuidado.<\/p>\r\n    <\/div>\r\n  <\/div>\r\n<\/div>\r\n<div style=\"clear:both;height:0;overflow:hidden;\"><\/div>\n\n\n\n<p>Para quem quiser se aprofundar no tema, h\u00e1 um estudo publicado no PePSIC (Peri\u00f3dicos Eletr\u00f4nicos em Psicologia) que traz reflex\u00f5es importantes sobre procrastina\u00e7\u00e3o, autorregula\u00e7\u00e3o emocional e bem-estar. Ele pode ser consultado <a href=\"https:\/\/pepsic.bvsalud.org\/scielo.php?script=sci_arttext&amp;pid=S1808-56872025000101100\" target=\"_blank\" rel=\"noreferrer noopener\">nesta pesquisa sobre terapia cognitivo-comportamental e procrastina\u00e7\u00e3o<\/a>, publicada em peri\u00f3dico cient\u00edfico brasileiro de psicologia.<\/p>\n\n\n\n<h2 class=\"wp-block-heading\">Por que entender isso pode transformar sua vida<\/h2>\n\n\n\n<p>Quando a gente para de enxergar a <strong>lou\u00e7a suja<\/strong> como um defeito de car\u00e1ter e come\u00e7a a ver como um poss\u00edvel sinal de algo mais profundo, tudo muda. Entender o que est\u00e1 por tr\u00e1s do comportamento, com empatia e sem julgamento, abre espa\u00e7o para o <strong>autoconhecimento<\/strong>. Isso ajuda a identificar se o adiamento \u00e9 pontual ou se faz parte de um padr\u00e3o maior de sobrecarga, <strong>ansiedade<\/strong> ou esgotamento emocional que merece aten\u00e7\u00e3o.<\/p>\n\n\n\n<p>Nos relacionamentos, essa compreens\u00e3o tamb\u00e9m transforma a forma de conversar. Em vez de discutir sobre pratos sujos, a fam\u00edlia pode falar sobre divis\u00e3o de tarefas, cansa\u00e7o e necessidade de apoio m\u00fatuo. A <strong>intelig\u00eancia emocional<\/strong> aplicada ao cotidiano come\u00e7a justamente a\u00ed, nas pequenas situa\u00e7\u00f5es do dia a dia que revelam sentimentos muito maiores.<\/p>\n\n\n\n<h2 class=\"wp-block-heading\">O que a psicologia ainda est\u00e1 descobrindo sobre procrastina\u00e7\u00e3o dom\u00e9stica<\/h2>\n\n\n\n<p>A <strong>psicologia<\/strong> continua explorando como a <strong>procrastina\u00e7\u00e3o<\/strong>, o estresse, o contexto familiar e a sobrecarga mental se misturam nas tarefas mais simples da vida dom\u00e9stica. Estudos recentes mostram que treinar habilidades de <strong>regula\u00e7\u00e3o emocional<\/strong> pode reduzir o h\u00e1bito de adiar tarefas, refor\u00e7ando a ideia de que o problema n\u00e3o est\u00e1 no rel\u00f3gio, mas na rela\u00e7\u00e3o com o desconforto. Cada vez mais, a ci\u00eancia aponta que pequenos comportamentos di\u00e1rios revelam emo\u00e7\u00f5es profundas que merecem menos julgamento e mais escuta.<\/p>\n\n\n\n<p>No fim das contas, a lou\u00e7a na pia pode ser s\u00f3 lou\u00e7a. Mas \u00e0s vezes ela tamb\u00e9m conta uma hist\u00f3ria sobre cansa\u00e7o, mente sobrecarregada e necessidade de cuidado. Olhar para isso com mais gentileza, seja com voc\u00ea mesma ou com quem voc\u00ea ama, talvez seja o primeiro passo para mudar o h\u00e1bito sem brigar com ningu\u00e9m.<\/p>\n","protected":false},"excerpt":{"rendered":"<p>Curiosidades da Psicologia N\u00e3o \u00e9 pregui\u00e7a, \u00e9 emo\u00e7\u00e3o: A psicologia mostra que deixar a lou\u00e7a acumular quase nunca tem a ver com desleixo. Na maioria das vezes, \u00e9 o sinal de uma mente cansada que est\u00e1 tentando se proteger da sobrecarga emocional. A pia fala sobre voc\u00ea: Sabe quando a lou\u00e7a vai se acumulando e [&hellip;]<\/p>\n","protected":false},"author":5,"featured_media":203635,"comment_status":"open","ping_status":"open","sticky":false,"template":"","format":"standard","meta":{"jnews-multi-image_gallery":[],"jnews_single_post":{"format":"standard"},"jnews_primary_category":[],"jnews_social_meta":[],"jnews_override_counter":[],"footnotes":""},"categories":[8819],"tags":[15483,9802,8877,26059],"class_list":["post-203629","post","type-post","status-publish","format-standard","has-post-thumbnail","hentry","category-curiosidades","tag-habitos-diarios-2","tag-louca-suja","tag-procrastinacao","tag-psicologia-comportamental"],"yoast_head":"<!-- This site is optimized with the Yoast SEO plugin v23.8 - https:\/\/yoast.com\/wordpress\/plugins\/seo\/ -->\n<title>Pessoas que deixam a lou\u00e7a suja na pia sem lavar geralmente apresentam esses 7 comportamentos - Estado de Minas - Em foco<\/title>\n<meta name=\"description\" content=\"Pequenos comportamentos repetidos podem dizer muito sobre como voc\u00ea lida com a rotina, o cansa\u00e7o e as press\u00f5es do cotidiano.\" \/>\n<meta name=\"robots\" content=\"index, follow, max-snippet:-1, max-image-preview:large, max-video-preview:-1\" \/>\n<link rel=\"canonical\" href=\"https:\/\/www.em.com.br\/emfoco\/2026\/05\/03\/pessoas-que-deixam-a-louca-suja-na-pia-sem-lavar-geralmente-apresentam-esses-7-comportamentos\/\" \/>\n<meta property=\"og:locale\" content=\"pt_BR\" \/>\n<meta property=\"og:type\" content=\"article\" \/>\n<meta property=\"og:title\" content=\"Pessoas que deixam a lou\u00e7a suja na pia sem lavar geralmente apresentam esses 7 comportamentos - Estado de Minas - Em foco\" \/>\n<meta property=\"og:description\" content=\"Pequenos comportamentos repetidos podem dizer muito sobre como voc\u00ea lida com a rotina, o cansa\u00e7o e as press\u00f5es do cotidiano.\" \/>\n<meta property=\"og:url\" content=\"https:\/\/www.em.com.br\/emfoco\/2026\/05\/03\/pessoas-que-deixam-a-louca-suja-na-pia-sem-lavar-geralmente-apresentam-esses-7-comportamentos\/\" \/>\n<meta property=\"og:site_name\" content=\"Estado de Minas - Em foco\" \/>\n<meta property=\"article:published_time\" content=\"2026-05-03T08:48:00+00:00\" \/>\n<meta property=\"article:modified_time\" content=\"2026-05-03T07:31:40+00:00\" \/>\n<meta property=\"og:image\" content=\"https:\/\/www.em.com.br\/emfoco\/wp-content\/uploads\/2026\/05\/Pessoas-que-deixam-a-louca-suja-na-pia-sem-lavar-geralmente-apresentam-esses-7-comportamentos.jpg\" \/>\n\t<meta property=\"og:image:width\" content=\"1280\" \/>\n\t<meta property=\"og:image:height\" content=\"720\" \/>\n\t<meta property=\"og:image:type\" content=\"image\/jpeg\" \/>\n<meta name=\"author\" content=\"N\u00fabia Rangel\" \/>\n<meta name=\"twitter:card\" content=\"summary_large_image\" \/>\n<meta name=\"twitter:label1\" content=\"Escrito por\" \/>\n\t<meta name=\"twitter:data1\" content=\"N\u00fabia Rangel\" \/>\n\t<meta name=\"twitter:label2\" content=\"Est. tempo de leitura\" \/>\n\t<meta name=\"twitter:data2\" content=\"7 minutos\" \/>\n<!-- \/ Yoast SEO plugin. -->","yoast_head_json":{"title":"Pessoas que deixam a lou\u00e7a suja na pia sem lavar geralmente apresentam esses 7 comportamentos - Estado de Minas - Em foco","description":"Pequenos comportamentos repetidos podem dizer muito sobre como voc\u00ea lida com a rotina, o cansa\u00e7o e as press\u00f5es do cotidiano.","robots":{"index":"index","follow":"follow","max-snippet":"max-snippet:-1","max-image-preview":"max-image-preview:large","max-video-preview":"max-video-preview:-1"},"canonical":"https:\/\/www.em.com.br\/emfoco\/2026\/05\/03\/pessoas-que-deixam-a-louca-suja-na-pia-sem-lavar-geralmente-apresentam-esses-7-comportamentos\/","og_locale":"pt_BR","og_type":"article","og_title":"Pessoas que deixam a lou\u00e7a suja na pia sem lavar geralmente apresentam esses 7 comportamentos - Estado de Minas - Em foco","og_description":"Pequenos comportamentos repetidos podem dizer muito sobre como voc\u00ea lida com a rotina, o cansa\u00e7o e as press\u00f5es do cotidiano.","og_url":"https:\/\/www.em.com.br\/emfoco\/2026\/05\/03\/pessoas-que-deixam-a-louca-suja-na-pia-sem-lavar-geralmente-apresentam-esses-7-comportamentos\/","og_site_name":"Estado de Minas - Em foco","article_published_time":"2026-05-03T08:48:00+00:00","article_modified_time":"2026-05-03T07:31:40+00:00","og_image":[{"width":1280,"height":720,"url":"https:\/\/www.em.com.br\/emfoco\/wp-content\/uploads\/2026\/05\/Pessoas-que-deixam-a-louca-suja-na-pia-sem-lavar-geralmente-apresentam-esses-7-comportamentos.jpg","type":"image\/jpeg"}],"author":"N\u00fabia Rangel","twitter_card":"summary_large_image","twitter_misc":{"Escrito por":"N\u00fabia Rangel","Est. tempo de leitura":"7 minutos"},"schema":{"@context":"https:\/\/schema.org","@graph":[{"@type":"WebPage","@id":"https:\/\/www.em.com.br\/emfoco\/2026\/05\/03\/pessoas-que-deixam-a-louca-suja-na-pia-sem-lavar-geralmente-apresentam-esses-7-comportamentos\/","url":"https:\/\/www.em.com.br\/emfoco\/2026\/05\/03\/pessoas-que-deixam-a-louca-suja-na-pia-sem-lavar-geralmente-apresentam-esses-7-comportamentos\/","name":"Pessoas que deixam a lou\u00e7a suja na pia sem lavar geralmente apresentam esses 7 comportamentos - Estado de Minas - Em foco","isPartOf":{"@id":"https:\/\/www.em.com.br\/emfoco\/#website"},"primaryImageOfPage":{"@id":"https:\/\/www.em.com.br\/emfoco\/2026\/05\/03\/pessoas-que-deixam-a-louca-suja-na-pia-sem-lavar-geralmente-apresentam-esses-7-comportamentos\/#primaryimage"},"image":{"@id":"https:\/\/www.em.com.br\/emfoco\/2026\/05\/03\/pessoas-que-deixam-a-louca-suja-na-pia-sem-lavar-geralmente-apresentam-esses-7-comportamentos\/#primaryimage"},"thumbnailUrl":"https:\/\/www.em.com.br\/emfoco\/wp-content\/uploads\/2026\/05\/Pessoas-que-deixam-a-louca-suja-na-pia-sem-lavar-geralmente-apresentam-esses-7-comportamentos.jpg","datePublished":"2026-05-03T08:48:00+00:00","dateModified":"2026-05-03T07:31:40+00:00","author":{"@id":"https:\/\/www.em.com.br\/emfoco\/#\/schema\/person\/524437ef54f8a5d32591b143307f2e20"},"description":"Pequenos comportamentos repetidos podem dizer muito sobre como voc\u00ea lida com a rotina, o cansa\u00e7o e as press\u00f5es do cotidiano.","breadcrumb":{"@id":"https:\/\/www.em.com.br\/emfoco\/2026\/05\/03\/pessoas-que-deixam-a-louca-suja-na-pia-sem-lavar-geralmente-apresentam-esses-7-comportamentos\/#breadcrumb"},"inLanguage":"pt-BR","potentialAction":[{"@type":"ReadAction","target":["https:\/\/www.em.com.br\/emfoco\/2026\/05\/03\/pessoas-que-deixam-a-louca-suja-na-pia-sem-lavar-geralmente-apresentam-esses-7-comportamentos\/"]}]},{"@type":"ImageObject","inLanguage":"pt-BR","@id":"https:\/\/www.em.com.br\/emfoco\/2026\/05\/03\/pessoas-que-deixam-a-louca-suja-na-pia-sem-lavar-geralmente-apresentam-esses-7-comportamentos\/#primaryimage","url":"https:\/\/www.em.com.br\/emfoco\/wp-content\/uploads\/2026\/05\/Pessoas-que-deixam-a-louca-suja-na-pia-sem-lavar-geralmente-apresentam-esses-7-comportamentos.jpg","contentUrl":"https:\/\/www.em.com.br\/emfoco\/wp-content\/uploads\/2026\/05\/Pessoas-que-deixam-a-louca-suja-na-pia-sem-lavar-geralmente-apresentam-esses-7-comportamentos.jpg","width":1280,"height":720,"caption":"Lou\u00e7a acumulada pode revelar mais do que parece."},{"@type":"BreadcrumbList","@id":"https:\/\/www.em.com.br\/emfoco\/2026\/05\/03\/pessoas-que-deixam-a-louca-suja-na-pia-sem-lavar-geralmente-apresentam-esses-7-comportamentos\/#breadcrumb","itemListElement":[{"@type":"ListItem","position":1,"name":"In\u00edcio","item":"https:\/\/www.em.com.br\/emfoco\/"},{"@type":"ListItem","position":2,"name":"Pessoas que deixam a lou\u00e7a suja na pia sem lavar geralmente apresentam esses 7 comportamentos"}]},{"@type":"WebSite","@id":"https:\/\/www.em.com.br\/emfoco\/#website","url":"https:\/\/www.em.com.br\/emfoco\/","name":"Estado de Minas - Em foco","description":"Acompanhe as \u00faltimas not\u00edcias e fique bem informado sobre tudo o que acontece em Minas Gerais, Brasil e no mundo.","potentialAction":[{"@type":"SearchAction","target":{"@type":"EntryPoint","urlTemplate":"https:\/\/www.em.com.br\/emfoco\/?s={search_term_string}"},"query-input":{"@type":"PropertyValueSpecification","valueRequired":true,"valueName":"search_term_string"}}],"inLanguage":"pt-BR"},{"@type":"Person","@id":"https:\/\/www.em.com.br\/emfoco\/#\/schema\/person\/524437ef54f8a5d32591b143307f2e20","name":"N\u00fabia Rangel","image":{"@type":"ImageObject","inLanguage":"pt-BR","@id":"https:\/\/www.em.com.br\/emfoco\/#\/schema\/person\/image\/","url":"https:\/\/secure.gravatar.com\/avatar\/47cff2827a5ba23c37e8068c86817ea4?s=96&d=mm&r=g","contentUrl":"https:\/\/secure.gravatar.com\/avatar\/47cff2827a5ba23c37e8068c86817ea4?s=96&d=mm&r=g","caption":"N\u00fabia Rangel"},"sameAs":["https:\/\/www.em.com.br\/emfoco\/"],"url":"https:\/\/www.em.com.br\/emfoco\/author\/nubiamyth\/"}]}},"_links":{"self":[{"href":"https:\/\/www.em.com.br\/emfoco\/wp-json\/wp\/v2\/posts\/203629","targetHints":{"allow":["GET"]}}],"collection":[{"href":"https:\/\/www.em.com.br\/emfoco\/wp-json\/wp\/v2\/posts"}],"about":[{"href":"https:\/\/www.em.com.br\/emfoco\/wp-json\/wp\/v2\/types\/post"}],"author":[{"embeddable":true,"href":"https:\/\/www.em.com.br\/emfoco\/wp-json\/wp\/v2\/users\/5"}],"replies":[{"embeddable":true,"href":"https:\/\/www.em.com.br\/emfoco\/wp-json\/wp\/v2\/comments?post=203629"}],"version-history":[{"count":2,"href":"https:\/\/www.em.com.br\/emfoco\/wp-json\/wp\/v2\/posts\/203629\/revisions"}],"predecessor-version":[{"id":203636,"href":"https:\/\/www.em.com.br\/emfoco\/wp-json\/wp\/v2\/posts\/203629\/revisions\/203636"}],"wp:featuredmedia":[{"embeddable":true,"href":"https:\/\/www.em.com.br\/emfoco\/wp-json\/wp\/v2\/media\/203635"}],"wp:attachment":[{"href":"https:\/\/www.em.com.br\/emfoco\/wp-json\/wp\/v2\/media?parent=203629"}],"wp:term":[{"taxonomy":"category","embeddable":true,"href":"https:\/\/www.em.com.br\/emfoco\/wp-json\/wp\/v2\/categories?post=203629"},{"taxonomy":"post_tag","embeddable":true,"href":"https:\/\/www.em.com.br\/emfoco\/wp-json\/wp\/v2\/tags?post=203629"}],"curies":[{"name":"wp","href":"https:\/\/api.w.org\/{rel}","templated":true}]}}