{"id":203569,"date":"2026-05-03T11:25:00","date_gmt":"2026-05-03T14:25:00","guid":{"rendered":"https:\/\/www.em.com.br\/emfoco\/?p=203569"},"modified":"2026-05-02T21:35:25","modified_gmt":"2026-05-03T00:35:25","slug":"unico-no-continente-e-3o-maior-do-mundo-o-paraiso-de-70-ilhas-onde-um-rio-brasileiro-se-abre-como-mao-aberta-antes-do-oceano","status":"publish","type":"post","link":"https:\/\/www.em.com.br\/emfoco\/2026\/05\/03\/unico-no-continente-e-3o-maior-do-mundo-o-paraiso-de-70-ilhas-onde-um-rio-brasileiro-se-abre-como-mao-aberta-antes-do-oceano\/","title":{"rendered":"\u00danico no continente e 3\u00ba maior do mundo: o para\u00edso de 70 ilhas onde um rio brasileiro se abre como m\u00e3o aberta antes do oceano"},"content":{"rendered":"\n<p>No litoral do <strong>Piau\u00ed<\/strong>, o <strong>Rio Parna\u00edba<\/strong> percorre 1.450 km da nascente na <strong>Chapada das Mangabeiras<\/strong> at\u00e9 abrir os bra\u00e7os e formar uma das paisagens mais raras do planeta. O <strong>Delta do Parna\u00edba<\/strong> \u00e9 o \u00fanico da Am\u00e9rica com sa\u00edda em mar aberto, segundo o <a href=\"https:\/\/www.gov.br\/turismo\/pt-br\/assuntos\/noticias\/parnaiba-pi-o-portal-do-delta-e-um-verao-inesquecivel-no-nordeste\" target=\"_blank\" rel=\"noreferrer noopener\"><strong>Minist\u00e9rio do Turismo<\/strong><\/a>.<\/p>\n\n\n\n<h2 class=\"wp-block-heading\">Um fen\u00f4meno geogr\u00e1fico que existe em apenas tr\u00eas lugares do mundo<\/h2>\n\n\n\n<p>Existem s\u00f3 tr\u00eas deltas oce\u00e2nicos no planeta, e o do Parna\u00edba \u00e9 o terceiro maior em extens\u00e3o. Os outros dois ficam em outros continentes, e o brasileiro \u00e9 o \u00fanico que despeja sedimentos diretamente no Atl\u00e2ntico em formato de leque aberto.<\/p>\n\n\n\n<p>A forma\u00e7\u00e3o acontece quando o rio se ramifica antes de encontrar o mar, depositando areia e mat\u00e9ria org\u00e2nica em um padr\u00e3o que lembra a letra grega delta (\u0394). O resultado \u00e9 um arquip\u00e9lago natural de cerca de 2.700 km\u00b2, distribu\u00eddo entre <strong>Piau\u00ed<\/strong> e <strong>Maranh\u00e3o<\/strong>, com mais de 70 ilhas, igarap\u00e9s, dunas e manguezais. As cinco sa\u00eddas para o mar, chamadas de barras, ganham os nomes de Tutoia, Caju, Igara\u00e7u, Can\u00e1rias e Melancieira.<\/p>\n\n\n<div class=\"wp-block-image\">\n<figure class=\"aligncenter size-large\"><img loading=\"lazy\" decoding=\"async\" width=\"1024\" height=\"576\" src=\"https:\/\/www.em.com.br\/emfoco\/wp-content\/uploads\/2026\/02\/delta-da-parnaiba_1769909313642-1024x576.jpg\" alt=\"O labirinto de ilhas onde bra\u00e7os de rio de \u00e1gua limpa se encontram com o mar em praias quase desertas\" class=\"wp-image-163314\" srcset=\"https:\/\/www.em.com.br\/emfoco\/wp-content\/uploads\/2026\/02\/delta-da-parnaiba_1769909313642-1024x576.jpg 1024w, https:\/\/www.em.com.br\/emfoco\/wp-content\/uploads\/2026\/02\/delta-da-parnaiba_1769909313642-300x169.jpg 300w, https:\/\/www.em.com.br\/emfoco\/wp-content\/uploads\/2026\/02\/delta-da-parnaiba_1769909313642-768x432.jpg 768w, https:\/\/www.em.com.br\/emfoco\/wp-content\/uploads\/2026\/02\/delta-da-parnaiba_1769909313642-750x422.jpg 750w, https:\/\/www.em.com.br\/emfoco\/wp-content\/uploads\/2026\/02\/delta-da-parnaiba_1769909313642-1140x641.jpg 1140w, https:\/\/www.em.com.br\/emfoco\/wp-content\/uploads\/2026\/02\/delta-da-parnaiba_1769909313642.jpg 1280w\" sizes=\"auto, (max-width: 1024px) 100vw, 1024px\" \/><figcaption class=\"wp-element-caption\">Delta da Parna\u00edba oferece da paz dos igarap\u00e9s ao p\u00f4r do sol cinematogr\u00e1fico na Ba\u00eda do Caju \/\/ Cr\u00e9ditos: depositphotos.com \/ Cristian_Lourenco<\/figcaption><\/figure><\/div>\n\n\n<h2 class=\"wp-block-heading\">Reconhecimento que coloca o Delta no mapa do mundo<\/h2>\n\n\n\n<p>A regi\u00e3o \u00e9 uma <strong>\u00c1rea de Prote\u00e7\u00e3o Ambiental (APA)<\/strong> federal desde agosto de 1996, com 307.590 hectares que abrangem tr\u00eas estados do Nordeste, segundo o <a href=\"https:\/\/www.gov.br\/icmbio\/pt-br\/assuntos\/biodiversidade\/unidade-de-conservacao\/unidades-de-biomas\/marinho\/lista-de-ucs\/apa-delta-do-parnaiba\" target=\"_blank\" rel=\"noreferrer noopener\"><strong>Instituto Chico Mendes de Conserva\u00e7\u00e3o da Biodiversidade (ICMBio)<\/strong><\/a>. A APA \u00e9 gerida pelo ICMBio e protege ecossistemas marinho-costeiros \u00fanicos, com presen\u00e7a confirmada do peixe-boi-marinho, do boto-cinza e de tartarugas-cabe\u00e7udas.<\/p>\n\n\n\n<p>Em janeiro de 2026, o destino registrou alta de 23,6% no fluxo tur\u00edstico em rela\u00e7\u00e3o ao mesmo m\u00eas do ano anterior, conforme dados da <strong>Secretaria de Turismo do Piau\u00ed (Setur-PI)<\/strong> divulgados pelo <a href=\"https:\/\/www.pi.gov.br\/delta-do-parnaiba-registra-crescimento-no-fluxo-de-turistas-e-se-destaca-como-referencia-nacional-em-ecoturismo\/\" target=\"_blank\" rel=\"noreferrer noopener\"><strong>Governo do Piau\u00ed<\/strong><\/a>. Visitantes da Fran\u00e7a, It\u00e1lia, Argentina, Portugal e Su\u00ed\u00e7a figuram entre os principais emissores internacionais. A regi\u00e3o integra a <strong>Rota das Emo\u00e7\u00f5es<\/strong>, eleita pelo <strong>Minist\u00e9rio do Turismo<\/strong> como o melhor roteiro tur\u00edstico do <strong>Brasil<\/strong> em 2009.<\/p>\n\n\n<div class=\"wp-block-image\">\n<figure class=\"aligncenter size-large\"><img loading=\"lazy\" decoding=\"async\" width=\"1024\" height=\"576\" src=\"https:\/\/www.em.com.br\/emfoco\/wp-content\/uploads\/2026\/02\/Delta-da-Parnaiba-1024x576.jpg\" alt=\"O labirinto de ilhas onde bra\u00e7os de rio de \u00e1gua limpa se encontram com o mar em praias quase desertas\" class=\"wp-image-163312\" srcset=\"https:\/\/www.em.com.br\/emfoco\/wp-content\/uploads\/2026\/02\/Delta-da-Parnaiba-1024x576.jpg 1024w, https:\/\/www.em.com.br\/emfoco\/wp-content\/uploads\/2026\/02\/Delta-da-Parnaiba-300x169.jpg 300w, https:\/\/www.em.com.br\/emfoco\/wp-content\/uploads\/2026\/02\/Delta-da-Parnaiba-768x432.jpg 768w, https:\/\/www.em.com.br\/emfoco\/wp-content\/uploads\/2026\/02\/Delta-da-Parnaiba-750x422.jpg 750w, https:\/\/www.em.com.br\/emfoco\/wp-content\/uploads\/2026\/02\/Delta-da-Parnaiba-1140x641.jpg 1140w, https:\/\/www.em.com.br\/emfoco\/wp-content\/uploads\/2026\/02\/Delta-da-Parnaiba.jpg 1280w\" sizes=\"auto, (max-width: 1024px) 100vw, 1024px\" \/><figcaption class=\"wp-element-caption\">Delta da Parna\u00edba \u00e9 o santu\u00e1rio onde as \u00e1guas do rio e o oceano criam um para\u00edso \u00fanico \/\/ Cr\u00e9ditos: Wikipedia \/ Wikimedia<\/figcaption><\/figure><\/div>\n\n\n<h2 class=\"wp-block-heading\">O que ver e o que comer no labirinto de \u00e1gua doce e salgada<\/h2>\n\n\n\n<p>A maioria dos passeios come\u00e7a no <strong>Porto dos Tatus<\/strong>, em <strong>Ilha Grande<\/strong>, a cerca de 12 km de <strong>Parna\u00edba<\/strong>. As embarca\u00e7\u00f5es cruzam igarap\u00e9s, param para banho em ilhas e terminam o dia diante de um espet\u00e1culo natural. Conhe\u00e7a os principais pontos:<\/p>\n\n\n\n<ul class=\"wp-block-list has-medium-font-size\">\n<li><strong>Revoada dos Guar\u00e1s<\/strong>: ao entardecer, milhares de aves de plumagem escarlate cruzam o c\u00e9u para dormir nas copas dos mangues.<\/li>\n\n\n\n<li><strong>Ilha do Caju<\/strong>: 18 km de praias brancas e quatro tipos de mangue em uma ilha preservada por um ingl\u00eas desde o s\u00e9culo XIX, segundo a <a href=\"https:\/\/www.visitbrazil.travel\/2021\/09\/23\/delta-do-parnaiba\/\" target=\"_blank\" rel=\"noreferrer noopener\"><strong>Visit Brazil<\/strong><\/a>.<\/li>\n\n\n\n<li><strong>Praia da Pedra do Sal<\/strong>: \u00fanica praia de Parna\u00edba, com farol de pedra que separa mar bravo de mar manso, conforme a <a href=\"https:\/\/parnaiba.pi.gov.br\/phb\/pontos-turisticos\/\" target=\"_blank\" rel=\"noreferrer noopener\"><strong>Prefeitura Municipal de Parna\u00edba<\/strong><\/a>.<\/li>\n\n\n\n<li><strong>Ilha das Can\u00e1rias<\/strong>: comunidade tradicional com mais de 2.500 pescadores que vivem da cata de caranguejo e da pesca artesanal.<\/li>\n\n\n\n<li><strong>Pequenos Len\u00e7\u00f3is<\/strong>: dunas douradas em <strong>Paulino Neves<\/strong> (MA) que servem de pr\u00e9via \u00e0 paisagem do Parque Nacional vizinho.<\/li>\n<\/ul>\n\n\n\n<p>A culin\u00e1ria da regi\u00e3o mistura sert\u00e3o e mar com ingredientes colhidos nos pr\u00f3prios manguezais:<\/p>\n\n\n\n<ul class=\"wp-block-list has-medium-font-size\">\n<li><strong>Caranguejo-u\u00e7\u00e1<\/strong>: <strong>Parna\u00edba<\/strong> \u00e9 um dos maiores produtores do pa\u00eds, e o crust\u00e1ceo \u00e9 servido na corda ou em casquinha.<\/li>\n\n\n\n<li><strong>Peixada piauiense<\/strong>: cozido de peixe fresco com leite de coco, comum nos restaurantes flutuantes do delta.<\/li>\n\n\n\n<li><strong>Caju\u00edna<\/strong>: bebida n\u00e3o alco\u00f3lica feita do caju e reconhecida como Patrim\u00f4nio Cultural Brasileiro pelo <strong>Instituto do Patrim\u00f4nio Hist\u00f3rico e Art\u00edstico Nacional (IPHAN)<\/strong>.<\/li>\n\n\n\n<li><strong>Maria Isabel<\/strong>: arroz misturado com carne de sol, geralmente acompanhado de pa\u00e7oca.<\/li>\n<\/ul>\n\n\n\n<p>Quer descobrir <strong>Parna\u00edba<\/strong> no <strong>Piau\u00ed<\/strong>, um para\u00edso escondido no <strong>Nordeste<\/strong>? Vai curtir esse v\u00eddeo do canal <strong>Hannah Reis<\/strong>, onde a apresentadora mostra um roteiro completo com pre\u00e7os:<\/p>\n\n\n\n<figure class=\"wp-block-embed is-type-video is-provider-youtube wp-block-embed-youtube wp-embed-aspect-16-9 wp-has-aspect-ratio\"><div class=\"wp-block-embed__wrapper\">\n<div class=\"jeg_video_container jeg_video_content\"><iframe loading=\"lazy\" title=\"PARNAI\u0301BA - PIAUI\u0301 | PARAI\u0301SO ESCONDIDO NO NORDESTE - Roteiro completo com PRE\u00c7OS\" width=\"500\" height=\"281\" src=\"https:\/\/www.youtube.com\/embed\/I0gZB3xTeh8?start=35&#038;feature=oembed\" frameborder=\"0\" allow=\"accelerometer; autoplay; clipboard-write; encrypted-media; gyroscope; picture-in-picture; web-share\" referrerpolicy=\"strict-origin-when-cross-origin\" allowfullscreen><\/iframe><\/div>\n<\/div><\/figure>\n\n\n\n<h2 class=\"wp-block-heading\">Quando o clima do Delta do Parna\u00edba ajuda a navegar<\/h2>\n\n\n\n<p>O Delta do Parna\u00edba tem sol durante praticamente o ano inteiro, com ventos constantes que aliviam o calor do litoral piauiense. As chuvas se concentram entre janeiro e maio, e o segundo semestre \u00e9 considerado a janela ideal para ecoturismo:<\/p>\n\n\n\n<style>\n    .ant-grid { \n        \/* CORES DO ESTADO DE MINAS *\/\n        --cor-primaria: #1a2a57;\n        --cor-secundaria: #1a2a57;\n        --cor-txt-secundaria: #ffffff; \n\n        display: grid; grid-template-columns: repeat(auto-fit, minmax(190px, 1fr)); gap: 15px; justify-content: center; padding: 10px;\n    }\n    \n    .ant-card { \n        border: 5px solid var(--cor-primaria); border-top: 5px solid var(--cor-secundaria); \n        border-radius: 4px; \/* CANTOS RETOS *\/\n        background-color: var(--cor-primaria); background-clip: padding-box; \n        display: flex; flex-direction: column; overflow: hidden; cursor: pointer; \n        box-shadow: 0 6px 12px rgba(0,0,0, 0.2); \n        transition: transform 0.2s ease, box-shadow 0.2s ease; \n        -webkit-tap-highlight-color: transparent; user-select: none; transform: translateZ(0);\n        animation: wmFadeIn 0.6s cubic-bezier(0.2, 0.8, 0.2, 1) backwards;\n    }\n    .ant-card:nth-child(1) { animation-delay: 0.1s; } .ant-card:nth-child(2) { animation-delay: 0.2s; }\n    .ant-card:nth-child(3) { animation-delay: 0.3s; } .ant-card:nth-child(4) { animation-delay: 0.4s; }\n\n    @keyframes wmFadeIn { from { opacity: 0; transform: translateY(30px); } to { opacity: 1; transform: translateY(0); } }\n\n    .ant-card:hover { transform: translateY(-5px); box-shadow: 0 15px 30px rgba(0,0,0, 0.3); }\n    .ant-card:active { transform: translateY(-1px) scale(0.97); box-shadow: 0 3px 6px rgba(0,0,0, 0.2); transition: transform 0.05s ease, box-shadow 0.05s ease; }\n    \n    .ant-header { background: #f0f8f9; padding: 15px 10px; text-align: center; display: flex; flex-direction: column; align-items: center; justify-content: center; }\n    .ant-body { background: #ffffff; padding: 15px; display: flex; flex-direction: column; flex-grow: 1; align-items: center; }\n    \n    .ant-card-destaque { box-shadow: 0 8px 16px rgba(0,0,0, 0.25); }\n    .ant-card-destaque:hover { box-shadow: 0 18px 36px rgba(0,0,0, 0.35); }\n    .ant-card-destaque .ant-header { background: var(--cor-secundaria); }\n    .ant-card-destaque .ant-header .ant-titulo { color: var(--cor-txt-secundaria) !important; } \n    \n    .pill-ant { display: flex; white-space: normal; max-width: 100%; box-sizing: border-box; justify-content: center; align-items: center; text-align: center; background: #e0f4f6; color: var(--cor-primaria); font-size: 11px; font-weight: 900 !important; letter-spacing: 0.5px; padding: 8px 16px; border-radius: 4px; text-transform: uppercase; line-height: 1.4; box-shadow: 0 4px 8px rgba(0,0,0, 0.15); margin-top: auto; transition: transform 0.2s ease; }\n    .ant-card-destaque .pill-ant { background: var(--cor-primaria); color: var(--cor-txt-secundaria); } \n    .ant-card:hover .pill-ant { transform: scale(1.06); }\n    .pill-ant span { font-weight: 900 !important; color: inherit; } \n    \n    .ant-emoji { font-size: 24px; line-height: 1; margin-bottom: 5px; }\n    .ant-titulo { color: var(--cor-primaria); font-size: 16px; text-transform: uppercase; margin-top: 5px; font-weight: bold; }\n    .ant-mes { font-size: 11px; font-weight: 800; color: var(--cor-primaria); text-transform: uppercase; margin-bottom: 5px; }\n    .ant-temp { font-size: 26px; font-weight: 900; color: var(--cor-primaria); margin-bottom: 10px; }\n    .ant-desc { font-size: 13px; color: #444; text-align: center; line-height: 1.5; margin-bottom: 15px; flex-grow: 1;}\n    .ant-desc strong { color: #111; }\n\n    @media (prefers-color-scheme: dark) {\n        .ant-card { border-color: #1b7a8c; background-color: #1b7a8c; box-shadow: 0 6px 12px rgba(0,0,0, 0.5); }\n        .ant-header { background: #1a1a1a; } .ant-body { background: #121212; }\n        .ant-card-destaque .ant-header { background: var(--cor-secundaria); }\n        .ant-card-destaque .ant-header .ant-titulo { color: var(--cor-txt-secundaria) !important; }\n        .ant-titulo { color: #5ce1f5; } .ant-mes { color: #8eeaf7; } .ant-temp { color: #5ce1f5; } .ant-desc { color: #cccccc; } .ant-desc strong { color: #ffffff; }\n        .pill-ant { background: #1a1a1a; color: #5ce1f5; box-shadow: 0 4px 8px rgba(0, 0, 0, 0.5); }\n        .ant-card-destaque .pill-ant { background: var(--cor-primaria); color: var(--cor-txt-secundaria); }\n    }\n\n    @media print {\n        .ant-card { border: 2px solid #ccc !important; background: transparent !important; box-shadow: none !important; break-inside: avoid; page-break-inside: avoid; }\n        .ant-header, .ant-body { background: transparent !important; }\n        .ant-titulo, .ant-mes, .ant-temp, .ant-desc, .pill-ant { color: #000 !important; text-shadow: none !important; }\n        .pill-ant { border: 1px solid #000; box-shadow: none !important; }\n        .ant-card-destaque { border: 3px solid #000 !important; }\n    }\n<\/style>\n\n<div class=\"google-auto-ads-ignore ant-grid\" style=\"box-sizing: border-box; width: 100%; max-width: 980px; margin: 30px auto; font-family: 'Segoe UI', Roboto, Helvetica, Arial, sans-serif;\">\n    <div class=\"ant-card\">\n        <div class=\"ant-header\">\n            <div class=\"ant-emoji\">\ud83c\udf0a<\/div>\n            <div class=\"ant-titulo\">Ver\u00e3o<\/div>\n        <\/div>\n        <div class=\"ant-body\">\n            <div class=\"ant-mes\">Dezembro a Fevereiro<\/div>\n            <div class=\"ant-temp\">25\u00b0C a 32\u00b0C<\/div>\n            <div class=\"ant-desc\">As \u00e1guas tomam conta da regi\u00e3o! \u00c9poca excelente para quem prefere garantir um refrescante <strong>Banho em igarap\u00e9s cheios<\/strong>.<\/div>\n            <div class=\"pill-ant\"><span>\u2614 CHUVA ALTA<\/span><\/div>\n        <\/div>\n    <\/div>\n    <div class=\"ant-card\">\n        <div class=\"ant-header\">\n            <div class=\"ant-emoji\">\ud83d\udc0b<\/div>\n            <div class=\"ant-titulo\">Outono<\/div>\n        <\/div>\n        <div class=\"ant-body\">\n            <div class=\"ant-mes\">Mar\u00e7o a Maio<\/div>\n            <div class=\"ant-temp\">24\u00b0C a 31\u00b0C<\/div>\n            <div class=\"ant-desc\">As precipita\u00e7\u00f5es atingem seu maior volume hist\u00f3rico. Per\u00edodo voltado para os roteiros de <strong>Observa\u00e7\u00e3o de peixe-boi<\/strong>.<\/div>\n            <div class=\"pill-ant\"><span>\u26c8\ufe0f CHUVA MUITO ALTA<\/span><\/div>\n        <\/div>\n    <\/div>\n    <div class=\"ant-card\">\n        <div class=\"ant-header\">\n            <div class=\"ant-emoji\">\ud83d\udea4<\/div>\n            <div class=\"ant-titulo\">Inverno<\/div>\n        <\/div>\n        <div class=\"ant-body\">\n            <div class=\"ant-mes\">Junho a Agosto<\/div>\n            <div class=\"ant-temp\">22\u00b0C a 31\u00b0C<\/div>\n            <div class=\"ant-desc\">A janela do ecoturismo se abre! O clima mais seco convida para desbravar os incr\u00edveis <strong>Passeios de barco e dunas<\/strong>.<\/div>\n            <div class=\"pill-ant\"><span>\u2600\ufe0f CHUVA BAIXA<\/span><\/div>\n        <\/div>\n    <\/div>\n    <div class=\"ant-card ant-card-destaque\">\n        <div class=\"ant-header\">\n            <div class=\"ant-emoji\">\ud83e\udd85<\/div>\n            <div class=\"ant-titulo\">Primavera<\/div>\n        <\/div>\n        <div class=\"ant-body\">\n            <div class=\"ant-mes\">Setembro a Novembro<\/div>\n            <div class=\"ant-temp\">23\u00b0C a 33\u00b0C<\/div>\n            <div class=\"ant-desc\">Dentro do per\u00edodo ideal do 2\u00ba semestre, o c\u00e9u espetacular do fim de tarde entrega a cl\u00e1ssica <strong>Revoada dos guar\u00e1s e trilhas<\/strong>.<\/div>\n            <div class=\"pill-ant\" style=\"color: #ffffff;\"><span>\u2b50 MELHOR \u00c9POCA<\/span><\/div>\n        <\/div>\n    <\/div>\n<\/div>\n\n\n\n<p><em>Temperaturas aproximadas com base no <a href=\"https:\/\/www.climatempo.com.br\/previsao-do-tempo\/cidade\/1292\/parnaiba-pi\" target=\"_blank\" rel=\"noreferrer noopener\"><strong>Climatempo<\/strong><\/a>. Condi\u00e7\u00f5es podem variar.<\/em><\/p>\n\n\n\n<h2 class=\"wp-block-heading\">Como chegar ao \u00fanico delta em mar aberto das Am\u00e9ricas<\/h2>\n\n\n\n<p>A porta de entrada \u00e9 <strong>Parna\u00edba<\/strong>, a 339 km de <strong>Teresina<\/strong> pela <strong>BR-343<\/strong>, com cerca de 4 horas de carro. A cidade tem aeroporto internacional com voos regulares de capitais brasileiras. Quem faz a Rota das Emo\u00e7\u00f5es costuma chegar de transfer rodovi\u00e1rio a partir de <strong>Barreirinhas<\/strong> (Len\u00e7\u00f3is Maranhenses) ou <strong>Jericoacoara<\/strong> (Cear\u00e1).<\/p>\n\n\n\n<p><strong>Leia tamb\u00e9m: <a href=\"https:\/\/www.em.com.br\/emfoco\/2026\/04\/28\/a-praia-selvagem-da-capital-acessivel-so-por-trilha-ou-barco-com-lagoa-mar-azul-e-zero-predio-a-vista-no-coracao-da-capital\/\" target=\"_blank\" rel=\"noreferrer noopener\">A praia selvagem da capital: acess\u00edvel s\u00f3 por trilha ou barco, com lagoa, mar azul e zero pr\u00e9dio \u00e0 vista no cora\u00e7\u00e3o da capital<\/a><\/strong><\/p>\n\n\n\n<h2 class=\"wp-block-heading\">Vale a viagem para o Piau\u00ed<\/h2>\n\n\n\n<p>Poucos lugares no mundo oferecem essa combina\u00e7\u00e3o de fen\u00f4meno geogr\u00e1fico raro, comunidades tradicionais ativas e fauna preservada. O Delta do Parna\u00edba ainda guarda o sil\u00eancio de quem foi descoberto h\u00e1 pouco pelo turismo internacional.<\/p>\n\n\n\n<p>Voc\u00ea precisa subir um barco no Porto dos Tatus e ver com os pr\u00f3prios olhos o rio se abrir em cinco caminhos antes de encontrar o Atl\u00e2ntico.<\/p>\n","protected":false},"excerpt":{"rendered":"<p>No litoral do Piau\u00ed, o Rio Parna\u00edba percorre 1.450 km da nascente na Chapada das Mangabeiras at\u00e9 abrir os bra\u00e7os e formar uma das paisagens mais raras do planeta. O Delta do Parna\u00edba \u00e9 o \u00fanico da Am\u00e9rica com sa\u00edda em mar aberto, segundo o Minist\u00e9rio do Turismo. Um fen\u00f4meno geogr\u00e1fico que existe em apenas [&hellip;]<\/p>\n","protected":false},"author":6,"featured_media":163315,"comment_status":"open","ping_status":"open","sticky":false,"template":"","format":"standard","meta":{"jnews-multi-image_gallery":[],"jnews_single_post":{"format":"standard"},"jnews_primary_category":[],"jnews_social_meta":[],"jnews_override_counter":[],"footnotes":""},"categories":[26],"tags":[183,23843,3973],"class_list":["post-203569","post","type-post","status-publish","format-standard","has-post-thumbnail","hentry","category-cidades","tag-cidades","tag-delta-do-parnaiba","tag-paraiba"],"yoast_head":"<!-- This site is optimized with the Yoast SEO plugin v23.8 - https:\/\/yoast.com\/wordpress\/plugins\/seo\/ -->\n<title>\u00danico no continente e 3\u00ba maior do mundo: o para\u00edso de 70 ilhas onde um rio brasileiro se abre como m\u00e3o aberta antes do oceano - Estado de Minas - Em foco<\/title>\n<meta name=\"description\" content=\"Com 70 ilhas e fen\u00f4menos \u00fanicos, este lugar \u00e9 o 3\u00ba maior do mundo em sua categoria. Saiba tudo sobre onde o rio encontra o mar em leque.\" \/>\n<meta name=\"robots\" content=\"index, follow, max-snippet:-1, max-image-preview:large, max-video-preview:-1\" \/>\n<link rel=\"canonical\" href=\"https:\/\/www.em.com.br\/emfoco\/2026\/05\/03\/unico-no-continente-e-3o-maior-do-mundo-o-paraiso-de-70-ilhas-onde-um-rio-brasileiro-se-abre-como-mao-aberta-antes-do-oceano\/\" \/>\n<meta property=\"og:locale\" content=\"pt_BR\" \/>\n<meta property=\"og:type\" content=\"article\" \/>\n<meta property=\"og:title\" content=\"\u00danico no continente e 3\u00ba maior do mundo: o para\u00edso de 70 ilhas onde um rio brasileiro se abre como m\u00e3o aberta antes do oceano - Estado de Minas - Em foco\" \/>\n<meta property=\"og:description\" content=\"Com 70 ilhas e fen\u00f4menos \u00fanicos, este lugar \u00e9 o 3\u00ba maior do mundo em sua categoria. Saiba tudo sobre onde o rio encontra o mar em leque.\" \/>\n<meta property=\"og:url\" content=\"https:\/\/www.em.com.br\/emfoco\/2026\/05\/03\/unico-no-continente-e-3o-maior-do-mundo-o-paraiso-de-70-ilhas-onde-um-rio-brasileiro-se-abre-como-mao-aberta-antes-do-oceano\/\" \/>\n<meta property=\"og:site_name\" content=\"Estado de Minas - Em foco\" \/>\n<meta property=\"article:published_time\" content=\"2026-05-03T14:25:00+00:00\" \/>\n<meta property=\"article:modified_time\" content=\"2026-05-03T00:35:25+00:00\" \/>\n<meta property=\"og:image\" content=\"https:\/\/www.em.com.br\/emfoco\/wp-content\/uploads\/2026\/02\/delta-do-parnaiba.jpg\" \/>\n\t<meta property=\"og:image:width\" content=\"1280\" \/>\n\t<meta property=\"og:image:height\" content=\"720\" \/>\n\t<meta property=\"og:image:type\" content=\"image\/jpeg\" \/>\n<meta name=\"author\" content=\"Vitor Bruno\" \/>\n<meta name=\"twitter:card\" content=\"summary_large_image\" \/>\n<meta name=\"twitter:label1\" content=\"Escrito por\" \/>\n\t<meta name=\"twitter:data1\" content=\"Vitor Bruno\" \/>\n\t<meta name=\"twitter:label2\" content=\"Est. tempo de leitura\" \/>\n\t<meta name=\"twitter:data2\" content=\"6 minutos\" \/>\n<!-- \/ Yoast SEO plugin. -->","yoast_head_json":{"title":"\u00danico no continente e 3\u00ba maior do mundo: o para\u00edso de 70 ilhas onde um rio brasileiro se abre como m\u00e3o aberta antes do oceano - Estado de Minas - Em foco","description":"Com 70 ilhas e fen\u00f4menos \u00fanicos, este lugar \u00e9 o 3\u00ba maior do mundo em sua categoria. Saiba tudo sobre onde o rio encontra o mar em leque.","robots":{"index":"index","follow":"follow","max-snippet":"max-snippet:-1","max-image-preview":"max-image-preview:large","max-video-preview":"max-video-preview:-1"},"canonical":"https:\/\/www.em.com.br\/emfoco\/2026\/05\/03\/unico-no-continente-e-3o-maior-do-mundo-o-paraiso-de-70-ilhas-onde-um-rio-brasileiro-se-abre-como-mao-aberta-antes-do-oceano\/","og_locale":"pt_BR","og_type":"article","og_title":"\u00danico no continente e 3\u00ba maior do mundo: o para\u00edso de 70 ilhas onde um rio brasileiro se abre como m\u00e3o aberta antes do oceano - Estado de Minas - Em foco","og_description":"Com 70 ilhas e fen\u00f4menos \u00fanicos, este lugar \u00e9 o 3\u00ba maior do mundo em sua categoria. Saiba tudo sobre onde o rio encontra o mar em leque.","og_url":"https:\/\/www.em.com.br\/emfoco\/2026\/05\/03\/unico-no-continente-e-3o-maior-do-mundo-o-paraiso-de-70-ilhas-onde-um-rio-brasileiro-se-abre-como-mao-aberta-antes-do-oceano\/","og_site_name":"Estado de Minas - Em foco","article_published_time":"2026-05-03T14:25:00+00:00","article_modified_time":"2026-05-03T00:35:25+00:00","og_image":[{"width":1280,"height":720,"url":"https:\/\/www.em.com.br\/emfoco\/wp-content\/uploads\/2026\/02\/delta-do-parnaiba.jpg","type":"image\/jpeg"}],"author":"Vitor Bruno","twitter_card":"summary_large_image","twitter_misc":{"Escrito por":"Vitor Bruno","Est. tempo de leitura":"6 minutos"},"schema":{"@context":"https:\/\/schema.org","@graph":[{"@type":"WebPage","@id":"https:\/\/www.em.com.br\/emfoco\/2026\/05\/03\/unico-no-continente-e-3o-maior-do-mundo-o-paraiso-de-70-ilhas-onde-um-rio-brasileiro-se-abre-como-mao-aberta-antes-do-oceano\/","url":"https:\/\/www.em.com.br\/emfoco\/2026\/05\/03\/unico-no-continente-e-3o-maior-do-mundo-o-paraiso-de-70-ilhas-onde-um-rio-brasileiro-se-abre-como-mao-aberta-antes-do-oceano\/","name":"\u00danico no continente e 3\u00ba maior do mundo: o para\u00edso de 70 ilhas onde um rio brasileiro se abre como m\u00e3o aberta antes do oceano - Estado de Minas - Em foco","isPartOf":{"@id":"https:\/\/www.em.com.br\/emfoco\/#website"},"primaryImageOfPage":{"@id":"https:\/\/www.em.com.br\/emfoco\/2026\/05\/03\/unico-no-continente-e-3o-maior-do-mundo-o-paraiso-de-70-ilhas-onde-um-rio-brasileiro-se-abre-como-mao-aberta-antes-do-oceano\/#primaryimage"},"image":{"@id":"https:\/\/www.em.com.br\/emfoco\/2026\/05\/03\/unico-no-continente-e-3o-maior-do-mundo-o-paraiso-de-70-ilhas-onde-um-rio-brasileiro-se-abre-como-mao-aberta-antes-do-oceano\/#primaryimage"},"thumbnailUrl":"https:\/\/www.em.com.br\/emfoco\/wp-content\/uploads\/2026\/02\/delta-do-parnaiba.jpg","datePublished":"2026-05-03T14:25:00+00:00","dateModified":"2026-05-03T00:35:25+00:00","author":{"@id":"https:\/\/www.em.com.br\/emfoco\/#\/schema\/person\/364ac1852fafd00f1be20f0b8b237569"},"description":"Com 70 ilhas e fen\u00f4menos \u00fanicos, este lugar \u00e9 o 3\u00ba maior do mundo em sua categoria. Saiba tudo sobre onde o rio encontra o mar em leque.","breadcrumb":{"@id":"https:\/\/www.em.com.br\/emfoco\/2026\/05\/03\/unico-no-continente-e-3o-maior-do-mundo-o-paraiso-de-70-ilhas-onde-um-rio-brasileiro-se-abre-como-mao-aberta-antes-do-oceano\/#breadcrumb"},"inLanguage":"pt-BR","potentialAction":[{"@type":"ReadAction","target":["https:\/\/www.em.com.br\/emfoco\/2026\/05\/03\/unico-no-continente-e-3o-maior-do-mundo-o-paraiso-de-70-ilhas-onde-um-rio-brasileiro-se-abre-como-mao-aberta-antes-do-oceano\/"]}]},{"@type":"ImageObject","inLanguage":"pt-BR","@id":"https:\/\/www.em.com.br\/emfoco\/2026\/05\/03\/unico-no-continente-e-3o-maior-do-mundo-o-paraiso-de-70-ilhas-onde-um-rio-brasileiro-se-abre-como-mao-aberta-antes-do-oceano\/#primaryimage","url":"https:\/\/www.em.com.br\/emfoco\/wp-content\/uploads\/2026\/02\/delta-do-parnaiba.jpg","contentUrl":"https:\/\/www.em.com.br\/emfoco\/wp-content\/uploads\/2026\/02\/delta-do-parnaiba.jpg","width":1280,"height":720,"caption":"Turismo no Delta do Parna\u00edba no Piau\u00ed une dunas e o espet\u00e1culo dos guar\u00e1s (imagem ilustrativa)"},{"@type":"BreadcrumbList","@id":"https:\/\/www.em.com.br\/emfoco\/2026\/05\/03\/unico-no-continente-e-3o-maior-do-mundo-o-paraiso-de-70-ilhas-onde-um-rio-brasileiro-se-abre-como-mao-aberta-antes-do-oceano\/#breadcrumb","itemListElement":[{"@type":"ListItem","position":1,"name":"In\u00edcio","item":"https:\/\/www.em.com.br\/emfoco\/"},{"@type":"ListItem","position":2,"name":"\u00danico no continente e 3\u00ba maior do mundo: o para\u00edso de 70 ilhas onde um rio brasileiro se abre como m\u00e3o aberta antes do oceano"}]},{"@type":"WebSite","@id":"https:\/\/www.em.com.br\/emfoco\/#website","url":"https:\/\/www.em.com.br\/emfoco\/","name":"Estado de Minas - Em foco","description":"Acompanhe as \u00faltimas not\u00edcias e fique bem informado sobre tudo o que acontece em Minas Gerais, Brasil e no mundo.","potentialAction":[{"@type":"SearchAction","target":{"@type":"EntryPoint","urlTemplate":"https:\/\/www.em.com.br\/emfoco\/?s={search_term_string}"},"query-input":{"@type":"PropertyValueSpecification","valueRequired":true,"valueName":"search_term_string"}}],"inLanguage":"pt-BR"},{"@type":"Person","@id":"https:\/\/www.em.com.br\/emfoco\/#\/schema\/person\/364ac1852fafd00f1be20f0b8b237569","name":"Vitor Bruno","image":{"@type":"ImageObject","inLanguage":"pt-BR","@id":"https:\/\/www.em.com.br\/emfoco\/#\/schema\/person\/image\/","url":"https:\/\/secure.gravatar.com\/avatar\/b719e5cdede09f942064960883b5524d?s=96&d=mm&r=g","contentUrl":"https:\/\/secure.gravatar.com\/avatar\/b719e5cdede09f942064960883b5524d?s=96&d=mm&r=g","caption":"Vitor Bruno"},"sameAs":["https:\/\/www.em.com.br\/emfoco\/"],"url":"https:\/\/www.em.com.br\/emfoco\/author\/vitormyth\/"}]}},"_links":{"self":[{"href":"https:\/\/www.em.com.br\/emfoco\/wp-json\/wp\/v2\/posts\/203569","targetHints":{"allow":["GET"]}}],"collection":[{"href":"https:\/\/www.em.com.br\/emfoco\/wp-json\/wp\/v2\/posts"}],"about":[{"href":"https:\/\/www.em.com.br\/emfoco\/wp-json\/wp\/v2\/types\/post"}],"author":[{"embeddable":true,"href":"https:\/\/www.em.com.br\/emfoco\/wp-json\/wp\/v2\/users\/6"}],"replies":[{"embeddable":true,"href":"https:\/\/www.em.com.br\/emfoco\/wp-json\/wp\/v2\/comments?post=203569"}],"version-history":[{"count":2,"href":"https:\/\/www.em.com.br\/emfoco\/wp-json\/wp\/v2\/posts\/203569\/revisions"}],"predecessor-version":[{"id":203739,"href":"https:\/\/www.em.com.br\/emfoco\/wp-json\/wp\/v2\/posts\/203569\/revisions\/203739"}],"wp:featuredmedia":[{"embeddable":true,"href":"https:\/\/www.em.com.br\/emfoco\/wp-json\/wp\/v2\/media\/163315"}],"wp:attachment":[{"href":"https:\/\/www.em.com.br\/emfoco\/wp-json\/wp\/v2\/media?parent=203569"}],"wp:term":[{"taxonomy":"category","embeddable":true,"href":"https:\/\/www.em.com.br\/emfoco\/wp-json\/wp\/v2\/categories?post=203569"},{"taxonomy":"post_tag","embeddable":true,"href":"https:\/\/www.em.com.br\/emfoco\/wp-json\/wp\/v2\/tags?post=203569"}],"curies":[{"name":"wp","href":"https:\/\/api.w.org\/{rel}","templated":true}]}}