{"id":20345,"date":"2025-02-18T12:40:06","date_gmt":"2025-02-18T15:40:06","guid":{"rendered":"https:\/\/www.em.com.br\/emfoco\/?p=20345"},"modified":"2025-02-17T15:46:05","modified_gmt":"2025-02-17T18:46:05","slug":"cidades-de-15-minutos-o-futuro-urbano-sustentavel","status":"publish","type":"post","link":"https:\/\/www.em.com.br\/emfoco\/2025\/02\/18\/cidades-de-15-minutos-o-futuro-urbano-sustentavel\/","title":{"rendered":"Como as cidades de 15 minutos podem transformar a sustentabilidade urbana!"},"content":{"rendered":"\n<p>O conceito de &#8220;<a href=\"https:\/\/pt.wikipedia.org\/wiki\/Cidade_de_15_minutos\" target=\"_blank\" rel=\"noreferrer noopener\"><strong>cidade de 15 minutos<\/strong><\/a>&#8221; prop\u00f5e um modelo urbano onde os residentes podem <a href=\"https:\/\/www.em.com.br\/emfoco\/2025\/02\/10\/o-destino-magico-que-te-leva-direto-para-a-europa-sem-precisar-sair-do-brasil\/\" target=\"_blank\" rel=\"noreferrer noopener\">satisfazer <\/a>suas necessidades di\u00e1rias a uma curta dist\u00e2ncia de caminhada ou bicicleta. Essa ideia visa reduzir a depend\u00eancia de ve\u00edculos motorizados, promovendo um estilo de vida mais sustent\u00e1vel e acess\u00edvel. A proposta \u00e9 que servi\u00e7os essenciais, como mercados, escolas, parques e centros de sa\u00fade, estejam dispon\u00edveis em um raio de 15 minutos de qualquer ponto da cidade.<\/p>\n\n\n\n<p>Esse modelo urbano tem ganhado popularidade em diversas partes do mundo, sendo adotado por cidades que buscam melhorar a qualidade de vida de seus habitantes. A ideia \u00e9 criar ambientes urbanos mais conectados e eficientes, onde o tempo gasto em deslocamentos \u00e9 minimizado, e a intera\u00e7\u00e3o comunit\u00e1ria \u00e9 incentivada.<\/p>\n\n\n\n<h2 class=\"wp-block-heading\">Como as cidades est\u00e3o implementando esse conceito?<\/h2>\n\n\n\n<p><strong>Paris<\/strong> \u00e9 frequentemente citada como um exemplo de sucesso na implementa\u00e7\u00e3o do conceito de cidade de 15 minutos. Sob a lideran\u00e7a da prefeita Anne Hidalgo, a cidade tem trabalhado para reestruturar seu espa\u00e7o urbano, facilitando o acesso a servi\u00e7os b\u00e1sicos em um curto espa\u00e7o de tempo. Outras cidades europeias, como Viena, tamb\u00e9m t\u00eam se destacado por suas iniciativas de acessibilidade.<\/p>\n\n\n\n<p>Entretanto, a implementa\u00e7\u00e3o desse conceito varia significativamente ao redor do mundo. Em algumas cidades, especialmente na Am\u00e9rica Latina e em partes da \u00c1sia, a desigualdade de acesso a servi\u00e7os ainda \u00e9 um desafio. Nessas regi\u00f5es, o planejamento urbano precisa ser adaptado para enfrentar quest\u00f5es espec\u00edficas, como a distribui\u00e7\u00e3o desigual de infraestrutura e servi\u00e7os.<\/p>\n\n\n<div class=\"wp-block-image\">\n<figure class=\"aligncenter size-large\"><img loading=\"lazy\" decoding=\"async\" width=\"1024\" height=\"576\" src=\"https:\/\/www.em.com.br\/emfoco\/wp-content\/uploads\/2024\/12\/Sao-Paulo_1734816794711-1024x576.jpg\" alt=\"Cidades de 15 minutos, o futuro urbano sustent\u00e1vel?\" class=\"wp-image-6173\" srcset=\"https:\/\/www.em.com.br\/emfoco\/wp-content\/uploads\/2024\/12\/Sao-Paulo_1734816794711-1024x576.jpg 1024w, https:\/\/www.em.com.br\/emfoco\/wp-content\/uploads\/2024\/12\/Sao-Paulo_1734816794711-300x169.jpg 300w, https:\/\/www.em.com.br\/emfoco\/wp-content\/uploads\/2024\/12\/Sao-Paulo_1734816794711-768x432.jpg 768w, https:\/\/www.em.com.br\/emfoco\/wp-content\/uploads\/2024\/12\/Sao-Paulo_1734816794711-750x422.jpg 750w, https:\/\/www.em.com.br\/emfoco\/wp-content\/uploads\/2024\/12\/Sao-Paulo_1734816794711-1140x641.jpg 1140w, https:\/\/www.em.com.br\/emfoco\/wp-content\/uploads\/2024\/12\/Sao-Paulo_1734816794711.jpg 1280w\" sizes=\"auto, (max-width: 1024px) 100vw, 1024px\" \/><figcaption class=\"wp-element-caption\">S\u00e3o Paulo &#8211; Cr\u00e9ditos: depositphotos.com \/ lhboucault<\/figcaption><\/figure><\/div>\n\n\n<h2 class=\"wp-block-heading\">Desafios e oportunidades no Brasil<\/h2>\n\n\n\n<p>No <strong>Brasil<\/strong>, a aplica\u00e7\u00e3o do conceito de cidade de 15 minutos enfrenta desafios diversos. Cidades como<strong> Itapetininga<\/strong>, na <strong>Bahia<\/strong>, t\u00eam conseguido implementar pr\u00e1ticas que aproximam os servi\u00e7os dos moradores, resultando em tempos de deslocamento reduzidos. No entanto, metr\u00f3poles como S\u00e3o Paulo ainda lidam com grandes disparidades entre o centro e as periferias.<\/p>\n\n\n\n<p>Em <strong>S\u00e3o Paulo<\/strong>, por exemplo, enquanto o centro oferece f\u00e1cil acesso a uma variedade de servi\u00e7os, as \u00e1reas perif\u00e9ricas exigem deslocamentos mais longos, muitas vezes superiores a 30 minutos. Isso ressalta a necessidade de pol\u00edticas p\u00fablicas que promovam uma distribui\u00e7\u00e3o mais equitativa de servi\u00e7os e infraestrutura.<\/p>\n\n\n\n<h2 class=\"wp-block-heading\">Quais s\u00e3o as solu\u00e7\u00f5es para melhorar a acessibilidade urbana?<\/h2>\n\n\n\n<p>Para tornar o conceito de cidade de 15 minutos uma realidade, \u00e9 essencial investir em planejamento urbano estrat\u00e9gico e em tecnologias que ajudem a mapear e melhorar a acessibilidade. Ferramentas como algoritmos de relocaliza\u00e7\u00e3o podem ser \u00fateis para identificar \u00e1reas que necessitam de mais servi\u00e7os, ou melhor infraestrutura de transporte.<\/p>\n\n\n\n<p>Al\u00e9m disso, \u00e9 importante que as cidades adotem abordagens personalizadas, considerando suas caracter\u00edsticas \u00fanicas e desafios espec\u00edficos. Isso pode incluir desde a melhoria do transporte p\u00fablico at\u00e9 a cria\u00e7\u00e3o de espa\u00e7os verdes e a promo\u00e7\u00e3o de iniciativas que incentivem o uso de bicicletas e caminhadas.<\/p>\n\n\n\n<h2 class=\"wp-block-heading\">O futuro das cidades e a import\u00e2ncia da sustentabilidade<\/h2>\n\n\n\n<p>Com o crescimento cont\u00ednuo das popula\u00e7\u00f5es urbanas, a necessidade de desenvolver cidades mais sustent\u00e1veis e acess\u00edveis se torna cada vez mais urgente. O conceito de cidade de 15 minutos oferece uma vis\u00e3o promissora para o futuro urbano, incentivando o desenvolvimento de comunidades mais coesas e resilientes.<\/p>\n\n\n\n<p>Ao focar na proximidade e na acessibilidade, as cidades podem n\u00e3o apenas melhorar a qualidade de vida de seus habitantes, mas tamb\u00e9m contribuir para a redu\u00e7\u00e3o das emiss\u00f5es de carbono e a promo\u00e7\u00e3o de um ambiente urbano mais saud\u00e1vel e sustent\u00e1vel. Esse modelo representa uma oportunidade significativa para repensar o planejamento urbano e criar cidades que atendam melhor \u00e0s necessidades de seus residentes.<\/p>\n","protected":false},"excerpt":{"rendered":"<p>O conceito de &#8220;cidade de 15 minutos&#8221; prop\u00f5e um modelo urbano onde os residentes podem satisfazer suas necessidades di\u00e1rias a uma curta dist\u00e2ncia de caminhada ou bicicleta. Essa ideia visa reduzir a depend\u00eancia de ve\u00edculos motorizados, promovendo um estilo de vida mais sustent\u00e1vel e acess\u00edvel. A proposta \u00e9 que servi\u00e7os essenciais, como mercados, escolas, parques [&hellip;]<\/p>\n","protected":false},"author":7,"featured_media":20142,"comment_status":"open","ping_status":"open","sticky":false,"template":"","format":"standard","meta":{"jnews-multi-image_gallery":[],"jnews_single_post":{"format":"standard"},"jnews_primary_category":[],"jnews_social_meta":[],"jnews_override_counter":[],"footnotes":""},"categories":[26],"tags":[4467,5126,2456,325],"class_list":["post-20345","post","type-post","status-publish","format-standard","has-post-thumbnail","hentry","category-cidades","tag-acessibilidade","tag-mobilidade-urbana","tag-planejamento-urbano","tag-sustentabilidade"],"yoast_head":"<!-- This site is optimized with the Yoast SEO plugin v23.8 - https:\/\/yoast.com\/wordpress\/plugins\/seo\/ -->\n<title>Como as cidades de 15 minutos podem transformar a sustentabilidade urbana! - Estado de Minas - Em foco<\/title>\n<meta name=\"description\" content=\"Descubra o conceito de cidades de 15 minutos e como ele pode revolucionar a forma como vivemos. Mais tempo para voc\u00ea.\" \/>\n<meta name=\"robots\" content=\"index, follow, max-snippet:-1, max-image-preview:large, max-video-preview:-1\" \/>\n<link rel=\"canonical\" href=\"https:\/\/www.em.com.br\/emfoco\/2025\/02\/18\/cidades-de-15-minutos-o-futuro-urbano-sustentavel\/\" \/>\n<meta property=\"og:locale\" content=\"pt_BR\" \/>\n<meta property=\"og:type\" content=\"article\" \/>\n<meta property=\"og:title\" content=\"Como as cidades de 15 minutos podem transformar a sustentabilidade urbana! - Estado de Minas - Em foco\" \/>\n<meta property=\"og:description\" content=\"Descubra o conceito de cidades de 15 minutos e como ele pode revolucionar a forma como vivemos. Mais tempo para voc\u00ea.\" \/>\n<meta property=\"og:url\" content=\"https:\/\/www.em.com.br\/emfoco\/2025\/02\/18\/cidades-de-15-minutos-o-futuro-urbano-sustentavel\/\" \/>\n<meta property=\"og:site_name\" content=\"Estado de Minas - Em foco\" \/>\n<meta property=\"article:published_time\" content=\"2025-02-18T15:40:06+00:00\" \/>\n<meta property=\"article:modified_time\" content=\"2025-02-17T18:46:05+00:00\" \/>\n<meta property=\"og:image\" content=\"https:\/\/www.em.com.br\/emfoco\/wp-content\/uploads\/2025\/02\/Centro_civico_de_Boa_Vista-1.jpg\" \/>\n\t<meta property=\"og:image:width\" content=\"1280\" \/>\n\t<meta property=\"og:image:height\" content=\"720\" \/>\n\t<meta property=\"og:image:type\" content=\"image\/jpeg\" \/>\n<meta name=\"author\" content=\"Kelvin\" \/>\n<meta name=\"twitter:card\" content=\"summary_large_image\" \/>\n<meta name=\"twitter:label1\" content=\"Escrito por\" \/>\n\t<meta name=\"twitter:data1\" content=\"Kelvin\" \/>\n\t<meta name=\"twitter:label2\" content=\"Est. tempo de leitura\" \/>\n\t<meta name=\"twitter:data2\" content=\"4 minutos\" \/>\n<!-- \/ Yoast SEO plugin. -->","yoast_head_json":{"title":"Como as cidades de 15 minutos podem transformar a sustentabilidade urbana! - Estado de Minas - Em foco","description":"Descubra o conceito de cidades de 15 minutos e como ele pode revolucionar a forma como vivemos. Mais tempo para voc\u00ea.","robots":{"index":"index","follow":"follow","max-snippet":"max-snippet:-1","max-image-preview":"max-image-preview:large","max-video-preview":"max-video-preview:-1"},"canonical":"https:\/\/www.em.com.br\/emfoco\/2025\/02\/18\/cidades-de-15-minutos-o-futuro-urbano-sustentavel\/","og_locale":"pt_BR","og_type":"article","og_title":"Como as cidades de 15 minutos podem transformar a sustentabilidade urbana! - Estado de Minas - Em foco","og_description":"Descubra o conceito de cidades de 15 minutos e como ele pode revolucionar a forma como vivemos. Mais tempo para voc\u00ea.","og_url":"https:\/\/www.em.com.br\/emfoco\/2025\/02\/18\/cidades-de-15-minutos-o-futuro-urbano-sustentavel\/","og_site_name":"Estado de Minas - Em foco","article_published_time":"2025-02-18T15:40:06+00:00","article_modified_time":"2025-02-17T18:46:05+00:00","og_image":[{"width":1280,"height":720,"url":"https:\/\/www.em.com.br\/emfoco\/wp-content\/uploads\/2025\/02\/Centro_civico_de_Boa_Vista-1.jpg","type":"image\/jpeg"}],"author":"Kelvin","twitter_card":"summary_large_image","twitter_misc":{"Escrito por":"Kelvin","Est. tempo de leitura":"4 minutos"},"schema":{"@context":"https:\/\/schema.org","@graph":[{"@type":"WebPage","@id":"https:\/\/www.em.com.br\/emfoco\/2025\/02\/18\/cidades-de-15-minutos-o-futuro-urbano-sustentavel\/","url":"https:\/\/www.em.com.br\/emfoco\/2025\/02\/18\/cidades-de-15-minutos-o-futuro-urbano-sustentavel\/","name":"Como as cidades de 15 minutos podem transformar a sustentabilidade urbana! - Estado de Minas - Em foco","isPartOf":{"@id":"https:\/\/www.em.com.br\/emfoco\/#website"},"primaryImageOfPage":{"@id":"https:\/\/www.em.com.br\/emfoco\/2025\/02\/18\/cidades-de-15-minutos-o-futuro-urbano-sustentavel\/#primaryimage"},"image":{"@id":"https:\/\/www.em.com.br\/emfoco\/2025\/02\/18\/cidades-de-15-minutos-o-futuro-urbano-sustentavel\/#primaryimage"},"thumbnailUrl":"https:\/\/www.em.com.br\/emfoco\/wp-content\/uploads\/2025\/02\/Centro_civico_de_Boa_Vista-1.jpg","datePublished":"2025-02-18T15:40:06+00:00","dateModified":"2025-02-17T18:46:05+00:00","author":{"@id":"https:\/\/www.em.com.br\/emfoco\/#\/schema\/person\/fb0a7f48c6fbb94b83f413a80f61917d"},"description":"Descubra o conceito de cidades de 15 minutos e como ele pode revolucionar a forma como vivemos. Mais tempo para voc\u00ea.","breadcrumb":{"@id":"https:\/\/www.em.com.br\/emfoco\/2025\/02\/18\/cidades-de-15-minutos-o-futuro-urbano-sustentavel\/#breadcrumb"},"inLanguage":"pt-BR","potentialAction":[{"@type":"ReadAction","target":["https:\/\/www.em.com.br\/emfoco\/2025\/02\/18\/cidades-de-15-minutos-o-futuro-urbano-sustentavel\/"]}]},{"@type":"ImageObject","inLanguage":"pt-BR","@id":"https:\/\/www.em.com.br\/emfoco\/2025\/02\/18\/cidades-de-15-minutos-o-futuro-urbano-sustentavel\/#primaryimage","url":"https:\/\/www.em.com.br\/emfoco\/wp-content\/uploads\/2025\/02\/Centro_civico_de_Boa_Vista-1.jpg","contentUrl":"https:\/\/www.em.com.br\/emfoco\/wp-content\/uploads\/2025\/02\/Centro_civico_de_Boa_Vista-1.jpg","width":1280,"height":720,"caption":"Boa Vista - Wikimidia Commons"},{"@type":"BreadcrumbList","@id":"https:\/\/www.em.com.br\/emfoco\/2025\/02\/18\/cidades-de-15-minutos-o-futuro-urbano-sustentavel\/#breadcrumb","itemListElement":[{"@type":"ListItem","position":1,"name":"In\u00edcio","item":"https:\/\/www.em.com.br\/emfoco\/"},{"@type":"ListItem","position":2,"name":"Como as cidades de 15 minutos podem transformar a sustentabilidade urbana!"}]},{"@type":"WebSite","@id":"https:\/\/www.em.com.br\/emfoco\/#website","url":"https:\/\/www.em.com.br\/emfoco\/","name":"Estado de Minas - Em foco","description":"Acompanhe as \u00faltimas not\u00edcias e fique bem informado sobre tudo o que acontece em Minas Gerais, Brasil e no mundo.","potentialAction":[{"@type":"SearchAction","target":{"@type":"EntryPoint","urlTemplate":"https:\/\/www.em.com.br\/emfoco\/?s={search_term_string}"},"query-input":{"@type":"PropertyValueSpecification","valueRequired":true,"valueName":"search_term_string"}}],"inLanguage":"pt-BR"},{"@type":"Person","@id":"https:\/\/www.em.com.br\/emfoco\/#\/schema\/person\/fb0a7f48c6fbb94b83f413a80f61917d","name":"Kelvin","image":{"@type":"ImageObject","inLanguage":"pt-BR","@id":"https:\/\/www.em.com.br\/emfoco\/#\/schema\/person\/image\/","url":"https:\/\/secure.gravatar.com\/avatar\/e74f84337e6bf6c4c5e88fbdffa05270?s=96&d=mm&r=g","contentUrl":"https:\/\/secure.gravatar.com\/avatar\/e74f84337e6bf6c4c5e88fbdffa05270?s=96&d=mm&r=g","caption":"Kelvin"},"sameAs":["https:\/\/www.em.com.br\/emfoco"],"url":"https:\/\/www.em.com.br\/emfoco\/author\/kelvinmyth\/"}]}},"_links":{"self":[{"href":"https:\/\/www.em.com.br\/emfoco\/wp-json\/wp\/v2\/posts\/20345","targetHints":{"allow":["GET"]}}],"collection":[{"href":"https:\/\/www.em.com.br\/emfoco\/wp-json\/wp\/v2\/posts"}],"about":[{"href":"https:\/\/www.em.com.br\/emfoco\/wp-json\/wp\/v2\/types\/post"}],"author":[{"embeddable":true,"href":"https:\/\/www.em.com.br\/emfoco\/wp-json\/wp\/v2\/users\/7"}],"replies":[{"embeddable":true,"href":"https:\/\/www.em.com.br\/emfoco\/wp-json\/wp\/v2\/comments?post=20345"}],"version-history":[{"count":4,"href":"https:\/\/www.em.com.br\/emfoco\/wp-json\/wp\/v2\/posts\/20345\/revisions"}],"predecessor-version":[{"id":20513,"href":"https:\/\/www.em.com.br\/emfoco\/wp-json\/wp\/v2\/posts\/20345\/revisions\/20513"}],"wp:featuredmedia":[{"embeddable":true,"href":"https:\/\/www.em.com.br\/emfoco\/wp-json\/wp\/v2\/media\/20142"}],"wp:attachment":[{"href":"https:\/\/www.em.com.br\/emfoco\/wp-json\/wp\/v2\/media?parent=20345"}],"wp:term":[{"taxonomy":"category","embeddable":true,"href":"https:\/\/www.em.com.br\/emfoco\/wp-json\/wp\/v2\/categories?post=20345"},{"taxonomy":"post_tag","embeddable":true,"href":"https:\/\/www.em.com.br\/emfoco\/wp-json\/wp\/v2\/tags?post=20345"}],"curies":[{"name":"wp","href":"https:\/\/api.w.org\/{rel}","templated":true}]}}