{"id":203399,"date":"2026-05-03T09:55:00","date_gmt":"2026-05-03T12:55:00","guid":{"rendered":"https:\/\/www.em.com.br\/emfoco\/?p=203399"},"modified":"2026-05-02T17:43:40","modified_gmt":"2026-05-02T20:43:40","slug":"adeus-ao-muro-sem-graca-a-flor-laranja-que-cobre-muros-com-flores-intensas-e-exige-poucos-cuidados","status":"publish","type":"post","link":"https:\/\/www.em.com.br\/emfoco\/2026\/05\/03\/adeus-ao-muro-sem-graca-a-flor-laranja-que-cobre-muros-com-flores-intensas-e-exige-poucos-cuidados\/","title":{"rendered":"Adeus ao muro sem gra\u00e7a, a flor laranja que cobre muros com flores intensas e exige poucos cuidados"},"content":{"rendered":"\n<p>Imagine olhar pela janela e ver o muro coberto por uma cascata de flores laranjas bem vivas, em vez de um jardim sem gra\u00e7a e sem cor. \u00c9 exatamente isso que a <strong>bign\u00f4nia laranja<\/strong> faz: transforma estruturas simples em cen\u00e1rios cheios de vida, mesmo nos meses mais frios, com uma beleza que chama aten\u00e7\u00e3o de longe e exige poucos <strong>cuidados constantes<\/strong>.<\/p>\n\n\n\n<h2 class=\"wp-block-heading\">O que \u00e9 a bign\u00f4nia laranja e por que ela chama tanta aten\u00e7\u00e3o<\/h2>\n\n\n\n<p>A <strong>bign\u00f4nia laranja<\/strong> \u00e9 uma trepadeira de crescimento r\u00e1pido, com ramos longos que podem ultrapassar v\u00e1rios metros de extens\u00e3o quando encontram apoio adequado. Suas folhas ficam verde intenso boa parte do ano e criam um fundo perfeito para as flores que surgem do fim do outono ao come\u00e7o da primavera, tornando essa <strong>enredadeira florida<\/strong> a estrela do jardim em \u00e9pocas mais apagadas.<\/p>\n\n\n\n<p>Por ser uma planta resistente, depois de bem estabelecida costuma exigir apenas manuten\u00e7\u00e3o b\u00e1sica e alguns cuidados pontuais. Em regi\u00f5es sem frio extremo, permanece verde o ano todo; j\u00e1 em \u00e1reas com geadas fortes, pode perder folhagem, mas tende a rebrotar com o calor, algo importante para quem deseja um jardim sempre <strong>bonito e equilibrado<\/strong>.<\/p>\n\n\n<div class=\"wp-block-image\">\n<figure class=\"aligncenter size-large\"><img loading=\"lazy\" decoding=\"async\" width=\"1024\" height=\"576\" src=\"https:\/\/www.em.com.br\/emfoco\/wp-content\/uploads\/2026\/03\/Gemini_Generated_Image_a5lbx9a5lbx9a5lb-1-1024x576.png\" alt=\"Bign\u00f4nia laranja\" class=\"wp-image-178089\" srcset=\"https:\/\/www.em.com.br\/emfoco\/wp-content\/uploads\/2026\/03\/Gemini_Generated_Image_a5lbx9a5lbx9a5lb-1-1024x576.png 1024w, https:\/\/www.em.com.br\/emfoco\/wp-content\/uploads\/2026\/03\/Gemini_Generated_Image_a5lbx9a5lbx9a5lb-1-300x169.png 300w, https:\/\/www.em.com.br\/emfoco\/wp-content\/uploads\/2026\/03\/Gemini_Generated_Image_a5lbx9a5lbx9a5lb-1-768x432.png 768w, https:\/\/www.em.com.br\/emfoco\/wp-content\/uploads\/2026\/03\/Gemini_Generated_Image_a5lbx9a5lbx9a5lb-1-750x422.png 750w, https:\/\/www.em.com.br\/emfoco\/wp-content\/uploads\/2026\/03\/Gemini_Generated_Image_a5lbx9a5lbx9a5lb-1-1140x641.png 1140w, https:\/\/www.em.com.br\/emfoco\/wp-content\/uploads\/2026\/03\/Gemini_Generated_Image_a5lbx9a5lbx9a5lb-1.png 1280w\" sizes=\"auto, (max-width: 1024px) 100vw, 1024px\" \/><figcaption class=\"wp-element-caption\">Antes de incluir a bign\u00f4nia laranja no jardim, vale analisar com calma o local escolhido e a estrutura de apoio dispon\u00edvel<\/figcaption><\/figure><\/div>\n\n\n<p>Leia tamb\u00e9m:&nbsp;<a href=\"https:\/\/www.em.com.br\/emfoco\/2026\/03\/03\/cultive-seu-proprio-ouro-liquido-como-plantar-curcuma-em-baldes-dentro-de-apartamentos-pequenos\/\" target=\"_blank\" rel=\"noopener\">Cultive seu pr\u00f3prio ouro l\u00edquido: como plantar c\u00farcuma em baldes dentro de apartamentos pequenos<\/a><\/p>\n\n\n\n<h2 class=\"wp-block-heading\">Como cuidar da bign\u00f4nia que floresce no inverno<\/h2>\n\n\n\n<p>Os principais <strong>cuidados com a bign\u00f4nia<\/strong> s\u00e3o simples e podem ser feitos at\u00e9 por quem est\u00e1 come\u00e7ando agora no mundo das plantas. Ela precisa de sol, espa\u00e7o para se espalhar e um bom suporte para se agarrar, o que facilita muito o uso em muros altos, pergolados e varandas que pedem mais <strong>verde e sombra<\/strong>.<\/p>\n\n\n\n<p>A seguir, est\u00e3o os pontos essenciais para manter essa trepadeira saud\u00e1vel e cheia de flores, sem complicar a rotina de regas e manejo no dia a dia:<\/p>\n\n\n\n<ul class=\"wp-block-list\">\n<li><strong>Luz:<\/strong> prefere sol pleno, com v\u00e1rias horas de luz direta, produzindo mais flores quando bem iluminada.<\/li>\n\n\n\n<li><strong>Rega:<\/strong> gosta de regas moderadas, com o solo secando levemente entre uma irriga\u00e7\u00e3o e outra.<\/li>\n\n\n\n<li><strong>Solo:<\/strong> desenvolve-se melhor em substrato f\u00e9rtil e bem drenado, mas aceita solos comuns de jardim.<\/li>\n\n\n\n<li><strong>Poda:<\/strong> a poda ap\u00f3s a flora\u00e7\u00e3o ajuda a controlar o tamanho e estimular novos ramos vigorosos.<\/li>\n\n\n\n<li><strong>Apoio:<\/strong> cercas, grades, pergolados e arames firmes s\u00e3o ideais para conduzir seus ramos longos.<\/li>\n<\/ul>\n\n\n\n<p>Para voc\u00ea que gostou dessa planta, separamos um v\u00eddeo do canal <a href=\"https:\/\/www.youtube.com\/@ecologychannel4421\">Ecology Channel<\/a> com uma lsita de varia\u00e7\u00f5es da bign\u00f4nia:<\/p>\n\n\n\n<figure class=\"wp-block-embed is-type-video is-provider-youtube wp-block-embed-youtube wp-embed-aspect-16-9 wp-has-aspect-ratio\"><div class=\"wp-block-embed__wrapper\">\n<div class=\"jeg_video_container jeg_video_content\"><iframe loading=\"lazy\" title=\"7 Tipos de Bignonia\" width=\"500\" height=\"281\" src=\"https:\/\/www.youtube.com\/embed\/SDP5YNuuSsU?feature=oembed\" frameborder=\"0\" allow=\"accelerometer; autoplay; clipboard-write; encrypted-media; gyroscope; picture-in-picture; web-share\" referrerpolicy=\"strict-origin-when-cross-origin\" allowfullscreen><\/iframe><\/div>\n<\/div><\/figure>\n\n\n\n<h2 class=\"wp-block-heading\">Quais vantagens a bign\u00f4nia laranja oferece no jardim<\/h2>\n\n\n\n<p>Entre as trepadeiras flor\u00edferas, a <strong>Pyrostegia venusta<\/strong> se destaca por unir beleza, praticidade e crescimento r\u00e1pido, cobrindo superf\u00edcies em pouco tempo. Uma \u00fanica muda bem conduzida pode formar um painel denso, ajudando a disfar\u00e7ar \u00e1reas desgastadas e trazendo uma sensa\u00e7\u00e3o de frescor em projetos residenciais e em <strong>condom\u00ednios maiores<\/strong>.<\/p>\n\n\n\n<p>Al\u00e9m disso, sua florada intensa nos meses frios vira o ponto alto do jardim, atraindo olhares e coment\u00e1rios de visitantes. \u00c9 uma op\u00e7\u00e3o interessante para quem quer mais natureza no dia a dia, sem precisar investir em cuidados complexos ou em manuten\u00e7\u00f5es <strong>frequentes demais<\/strong>.<\/p>\n\n\n\n<figure class=\"wp-block-embed is-type-rich is-provider-pinterest wp-block-embed-pinterest\"><div class=\"wp-block-embed__wrapper\">\n<iframe loading=\"lazy\" title=\"Bignonia venusta \u2013 Flame Vine\" src=\"https:\/\/assets.pinterest.com\/ext\/embed.html?id=65091157108011717&#038;src=oembed\" height=\"699\" width=\"450\" frameborder=\"0\" scrolling=\"no\" ><\/iframe>\n<\/div><\/figure>\n\n\n\n<h2 class=\"wp-block-heading\">O que observar antes de plantar a bign\u00f4nia laranja em casa<\/h2>\n\n\n\n<p>Antes de incluir a <strong>bign\u00f4nia laranja<\/strong> no jardim, vale analisar com calma o local escolhido e a estrutura de apoio dispon\u00edvel. Com o tempo, a planta ganha volume, peso e pode for\u00e7ar cercas ou pergolados fr\u00e1geis, por isso \u00e9 importante garantir um suporte firme de metal, madeira tratada ou alvenaria bem <strong>constru\u00edda e segura<\/strong>.<\/p>\n\n\n\n<p>Tamb\u00e9m \u00e9 essencial considerar o clima da regi\u00e3o, j\u00e1 que em invernos muito rigorosos ela pode perder parte das folhas e deixar o suporte mais aparente. Mesmo assim, costuma se recuperar bem na primavera, voltando a crescer e florir, tornando-se um elemento de destaque visual o ano todo, com \u00eanfase no inverno e nas floradas mais <strong>intensas e duradouras<\/strong>.<\/p>\n","protected":false},"excerpt":{"rendered":"<p>Imagine olhar pela janela e ver o muro coberto por uma cascata de flores laranjas bem vivas, em vez de um jardim sem gra\u00e7a e sem cor. \u00c9 exatamente isso que a bign\u00f4nia laranja faz: transforma estruturas simples em cen\u00e1rios cheios de vida, mesmo nos meses mais frios, com uma beleza que chama aten\u00e7\u00e3o de [&hellip;]<\/p>\n","protected":false},"author":9,"featured_media":203554,"comment_status":"open","ping_status":"open","sticky":false,"template":"","format":"standard","meta":{"jnews-multi-image_gallery":[],"jnews_single_post":{"format":"standard"},"jnews_primary_category":[],"jnews_social_meta":[],"jnews_override_counter":[],"footnotes":""},"categories":[8819],"tags":[29248,3358,8724],"class_list":["post-203399","post","type-post","status-publish","format-standard","has-post-thumbnail","hentry","category-curiosidades","tag-bignonia-laranja-2","tag-jardinagem","tag-plantas-trepadeiras"],"yoast_head":"<!-- This site is optimized with the Yoast SEO plugin v23.8 - https:\/\/yoast.com\/wordpress\/plugins\/seo\/ -->\n<title>Adeus ao muro sem gra\u00e7a, a flor laranja que cobre muros com flores intensas e exige poucos cuidados - Estado de Minas - Em foco<\/title>\n<meta name=\"description\" content=\"Muitos muros ficam sem cor nos meses frios mas existe uma planta de crescimento r\u00e1pido que transforma o visual externo com flores vibrantes.\" \/>\n<meta name=\"robots\" content=\"index, follow, max-snippet:-1, max-image-preview:large, max-video-preview:-1\" \/>\n<link rel=\"canonical\" href=\"https:\/\/www.em.com.br\/emfoco\/2026\/05\/03\/adeus-ao-muro-sem-graca-a-flor-laranja-que-cobre-muros-com-flores-intensas-e-exige-poucos-cuidados\/\" \/>\n<meta property=\"og:locale\" content=\"pt_BR\" \/>\n<meta property=\"og:type\" content=\"article\" \/>\n<meta property=\"og:title\" content=\"Adeus ao muro sem gra\u00e7a, a flor laranja que cobre muros com flores intensas e exige poucos cuidados - Estado de Minas - Em foco\" \/>\n<meta property=\"og:description\" content=\"Muitos muros ficam sem cor nos meses frios mas existe uma planta de crescimento r\u00e1pido que transforma o visual externo com flores vibrantes.\" \/>\n<meta property=\"og:url\" content=\"https:\/\/www.em.com.br\/emfoco\/2026\/05\/03\/adeus-ao-muro-sem-graca-a-flor-laranja-que-cobre-muros-com-flores-intensas-e-exige-poucos-cuidados\/\" \/>\n<meta property=\"og:site_name\" content=\"Estado de Minas - Em foco\" \/>\n<meta property=\"article:published_time\" content=\"2026-05-03T12:55:00+00:00\" \/>\n<meta property=\"article:modified_time\" content=\"2026-05-02T20:43:40+00:00\" \/>\n<meta property=\"og:image\" content=\"https:\/\/www.em.com.br\/emfoco\/wp-content\/uploads\/2026\/05\/EmFoco_110.jpg\" \/>\n\t<meta property=\"og:image:width\" content=\"1280\" \/>\n\t<meta property=\"og:image:height\" content=\"720\" \/>\n\t<meta property=\"og:image:type\" content=\"image\/jpeg\" \/>\n<meta name=\"author\" content=\"Daniely Cardoso\" \/>\n<meta name=\"twitter:card\" content=\"summary_large_image\" \/>\n<meta name=\"twitter:label1\" content=\"Escrito por\" \/>\n\t<meta name=\"twitter:data1\" content=\"Daniely Cardoso\" \/>\n\t<meta name=\"twitter:label2\" content=\"Est. tempo de leitura\" \/>\n\t<meta name=\"twitter:data2\" content=\"4 minutos\" \/>\n<!-- \/ Yoast SEO plugin. -->","yoast_head_json":{"title":"Adeus ao muro sem gra\u00e7a, a flor laranja que cobre muros com flores intensas e exige poucos cuidados - Estado de Minas - Em foco","description":"Muitos muros ficam sem cor nos meses frios mas existe uma planta de crescimento r\u00e1pido que transforma o visual externo com flores vibrantes.","robots":{"index":"index","follow":"follow","max-snippet":"max-snippet:-1","max-image-preview":"max-image-preview:large","max-video-preview":"max-video-preview:-1"},"canonical":"https:\/\/www.em.com.br\/emfoco\/2026\/05\/03\/adeus-ao-muro-sem-graca-a-flor-laranja-que-cobre-muros-com-flores-intensas-e-exige-poucos-cuidados\/","og_locale":"pt_BR","og_type":"article","og_title":"Adeus ao muro sem gra\u00e7a, a flor laranja que cobre muros com flores intensas e exige poucos cuidados - Estado de Minas - Em foco","og_description":"Muitos muros ficam sem cor nos meses frios mas existe uma planta de crescimento r\u00e1pido que transforma o visual externo com flores vibrantes.","og_url":"https:\/\/www.em.com.br\/emfoco\/2026\/05\/03\/adeus-ao-muro-sem-graca-a-flor-laranja-que-cobre-muros-com-flores-intensas-e-exige-poucos-cuidados\/","og_site_name":"Estado de Minas - Em foco","article_published_time":"2026-05-03T12:55:00+00:00","article_modified_time":"2026-05-02T20:43:40+00:00","og_image":[{"width":1280,"height":720,"url":"https:\/\/www.em.com.br\/emfoco\/wp-content\/uploads\/2026\/05\/EmFoco_110.jpg","type":"image\/jpeg"}],"author":"Daniely Cardoso","twitter_card":"summary_large_image","twitter_misc":{"Escrito por":"Daniely Cardoso","Est. tempo de leitura":"4 minutos"},"schema":{"@context":"https:\/\/schema.org","@graph":[{"@type":"WebPage","@id":"https:\/\/www.em.com.br\/emfoco\/2026\/05\/03\/adeus-ao-muro-sem-graca-a-flor-laranja-que-cobre-muros-com-flores-intensas-e-exige-poucos-cuidados\/","url":"https:\/\/www.em.com.br\/emfoco\/2026\/05\/03\/adeus-ao-muro-sem-graca-a-flor-laranja-que-cobre-muros-com-flores-intensas-e-exige-poucos-cuidados\/","name":"Adeus ao muro sem gra\u00e7a, a flor laranja que cobre muros com flores intensas e exige poucos cuidados - Estado de Minas - Em foco","isPartOf":{"@id":"https:\/\/www.em.com.br\/emfoco\/#website"},"primaryImageOfPage":{"@id":"https:\/\/www.em.com.br\/emfoco\/2026\/05\/03\/adeus-ao-muro-sem-graca-a-flor-laranja-que-cobre-muros-com-flores-intensas-e-exige-poucos-cuidados\/#primaryimage"},"image":{"@id":"https:\/\/www.em.com.br\/emfoco\/2026\/05\/03\/adeus-ao-muro-sem-graca-a-flor-laranja-que-cobre-muros-com-flores-intensas-e-exige-poucos-cuidados\/#primaryimage"},"thumbnailUrl":"https:\/\/www.em.com.br\/emfoco\/wp-content\/uploads\/2026\/05\/EmFoco_110.jpg","datePublished":"2026-05-03T12:55:00+00:00","dateModified":"2026-05-02T20:43:40+00:00","author":{"@id":"https:\/\/www.em.com.br\/emfoco\/#\/schema\/person\/0a8186d72f2c3a5c6276d90b41f271a0"},"description":"Muitos muros ficam sem cor nos meses frios mas existe uma planta de crescimento r\u00e1pido que transforma o visual externo com flores vibrantes.","breadcrumb":{"@id":"https:\/\/www.em.com.br\/emfoco\/2026\/05\/03\/adeus-ao-muro-sem-graca-a-flor-laranja-que-cobre-muros-com-flores-intensas-e-exige-poucos-cuidados\/#breadcrumb"},"inLanguage":"pt-BR","potentialAction":[{"@type":"ReadAction","target":["https:\/\/www.em.com.br\/emfoco\/2026\/05\/03\/adeus-ao-muro-sem-graca-a-flor-laranja-que-cobre-muros-com-flores-intensas-e-exige-poucos-cuidados\/"]}]},{"@type":"ImageObject","inLanguage":"pt-BR","@id":"https:\/\/www.em.com.br\/emfoco\/2026\/05\/03\/adeus-ao-muro-sem-graca-a-flor-laranja-que-cobre-muros-com-flores-intensas-e-exige-poucos-cuidados\/#primaryimage","url":"https:\/\/www.em.com.br\/emfoco\/wp-content\/uploads\/2026\/05\/EmFoco_110.jpg","contentUrl":"https:\/\/www.em.com.br\/emfoco\/wp-content\/uploads\/2026\/05\/EmFoco_110.jpg","width":1280,"height":720,"caption":"Cascata de flores laranjas transforma jardins e muros durante os meses de inverno"},{"@type":"BreadcrumbList","@id":"https:\/\/www.em.com.br\/emfoco\/2026\/05\/03\/adeus-ao-muro-sem-graca-a-flor-laranja-que-cobre-muros-com-flores-intensas-e-exige-poucos-cuidados\/#breadcrumb","itemListElement":[{"@type":"ListItem","position":1,"name":"In\u00edcio","item":"https:\/\/www.em.com.br\/emfoco\/"},{"@type":"ListItem","position":2,"name":"Adeus ao muro sem gra\u00e7a, a flor laranja que cobre muros com flores intensas e exige poucos cuidados"}]},{"@type":"WebSite","@id":"https:\/\/www.em.com.br\/emfoco\/#website","url":"https:\/\/www.em.com.br\/emfoco\/","name":"Estado de Minas - Em foco","description":"Acompanhe as \u00faltimas not\u00edcias e fique bem informado sobre tudo o que acontece em Minas Gerais, Brasil e no mundo.","potentialAction":[{"@type":"SearchAction","target":{"@type":"EntryPoint","urlTemplate":"https:\/\/www.em.com.br\/emfoco\/?s={search_term_string}"},"query-input":{"@type":"PropertyValueSpecification","valueRequired":true,"valueName":"search_term_string"}}],"inLanguage":"pt-BR"},{"@type":"Person","@id":"https:\/\/www.em.com.br\/emfoco\/#\/schema\/person\/0a8186d72f2c3a5c6276d90b41f271a0","name":"Daniely Cardoso","image":{"@type":"ImageObject","inLanguage":"pt-BR","@id":"https:\/\/www.em.com.br\/emfoco\/#\/schema\/person\/image\/","url":"https:\/\/secure.gravatar.com\/avatar\/4b80ddbd124d1f071b626d52d62e5dff?s=96&d=mm&r=g","contentUrl":"https:\/\/secure.gravatar.com\/avatar\/4b80ddbd124d1f071b626d52d62e5dff?s=96&d=mm&r=g","caption":"Daniely Cardoso"},"url":"https:\/\/www.em.com.br\/emfoco\/author\/danielymyth\/"}]}},"_links":{"self":[{"href":"https:\/\/www.em.com.br\/emfoco\/wp-json\/wp\/v2\/posts\/203399","targetHints":{"allow":["GET"]}}],"collection":[{"href":"https:\/\/www.em.com.br\/emfoco\/wp-json\/wp\/v2\/posts"}],"about":[{"href":"https:\/\/www.em.com.br\/emfoco\/wp-json\/wp\/v2\/types\/post"}],"author":[{"embeddable":true,"href":"https:\/\/www.em.com.br\/emfoco\/wp-json\/wp\/v2\/users\/9"}],"replies":[{"embeddable":true,"href":"https:\/\/www.em.com.br\/emfoco\/wp-json\/wp\/v2\/comments?post=203399"}],"version-history":[{"count":2,"href":"https:\/\/www.em.com.br\/emfoco\/wp-json\/wp\/v2\/posts\/203399\/revisions"}],"predecessor-version":[{"id":203490,"href":"https:\/\/www.em.com.br\/emfoco\/wp-json\/wp\/v2\/posts\/203399\/revisions\/203490"}],"wp:featuredmedia":[{"embeddable":true,"href":"https:\/\/www.em.com.br\/emfoco\/wp-json\/wp\/v2\/media\/203554"}],"wp:attachment":[{"href":"https:\/\/www.em.com.br\/emfoco\/wp-json\/wp\/v2\/media?parent=203399"}],"wp:term":[{"taxonomy":"category","embeddable":true,"href":"https:\/\/www.em.com.br\/emfoco\/wp-json\/wp\/v2\/categories?post=203399"},{"taxonomy":"post_tag","embeddable":true,"href":"https:\/\/www.em.com.br\/emfoco\/wp-json\/wp\/v2\/tags?post=203399"}],"curies":[{"name":"wp","href":"https:\/\/api.w.org\/{rel}","templated":true}]}}