{"id":203390,"date":"2026-05-03T08:15:00","date_gmt":"2026-05-03T11:15:00","guid":{"rendered":"https:\/\/www.em.com.br\/emfoco\/?p=203390"},"modified":"2026-05-02T17:53:00","modified_gmt":"2026-05-02T20:53:00","slug":"cortes-de-cabelo-que-valorizam-mulheres-40-e-deixam-o-visual-mais-leve-e-moderno","status":"publish","type":"post","link":"https:\/\/www.em.com.br\/emfoco\/2026\/05\/03\/cortes-de-cabelo-que-valorizam-mulheres-40-e-deixam-o-visual-mais-leve-e-moderno\/","title":{"rendered":"Cortes de cabelo que valorizam mulheres 40+ e deixam o visual mais leve e moderno"},"content":{"rendered":"\n<p>Voc\u00ea j\u00e1 se pegou em frente ao espelho, pensando se estava na hora de mudar o corte, mas sem saber por onde come\u00e7ar? Entre <b>mulheres maduras<\/b>, o <b>corte de cabelo<\/b> ideal costuma ser aquele que equilibra praticidade, estilo e cuidado com a sa\u00fade dos fios. A escolha n\u00e3o depende apenas da idade, mas tamb\u00e9m do formato do rosto, da textura do cabelo e do estilo de vida. Ainda assim, alguns comprimentos se destacam por valorizar tra\u00e7os, facilitar a rotina e trazer um ar atualizado sem exigir mudan\u00e7as radicais.<\/p>\n\n\n\n<h2 class=\"wp-block-heading\">Qual \u00e9 o corte ideal para mulheres maduras hoje<\/h2>\n\n\n\n<p>Quando se fala em <b>corte ideal<\/b> para <b>mulheres maduras<\/b>, n\u00e3o existe um modelo \u00fanico que funcione para todas. O mais importante \u00e9 que o corte combine com quem voc\u00ea \u00e9, realce seus pontos fortes e n\u00e3o vire um problema na rotina.<\/p>\n\n\n\n<p>Especialistas em <b>visagismo<\/b> destacam que comprimentos <b>m\u00e9dios<\/b>, na altura dos ombros ou um pouco abaixo, costumam ser os mais vers\u00e1teis. Esse tipo de corte, conhecido como <em>m\u00e9dio<\/em> ou <em>long bob alongado<\/em>, permite prender, modelar ondas suaves ou deixar liso, oferecendo leveza sem exigir manuten\u00e7\u00e3o di\u00e1ria complexa.<\/p>\n\n\n<div class=\"wp-block-image\">\n<figure class=\"aligncenter size-large\"><img loading=\"lazy\" decoding=\"async\" width=\"1024\" height=\"576\" src=\"https:\/\/www.em.com.br\/emfoco\/wp-content\/uploads\/2026\/03\/Gemini_Generated_Image_ff1fulff1fulff1f-1-1024x576.png\" alt=\"Corte de cabelo ideal\" class=\"wp-image-177507\" srcset=\"https:\/\/www.em.com.br\/emfoco\/wp-content\/uploads\/2026\/03\/Gemini_Generated_Image_ff1fulff1fulff1f-1-1024x576.png 1024w, https:\/\/www.em.com.br\/emfoco\/wp-content\/uploads\/2026\/03\/Gemini_Generated_Image_ff1fulff1fulff1f-1-300x169.png 300w, https:\/\/www.em.com.br\/emfoco\/wp-content\/uploads\/2026\/03\/Gemini_Generated_Image_ff1fulff1fulff1f-1-768x432.png 768w, https:\/\/www.em.com.br\/emfoco\/wp-content\/uploads\/2026\/03\/Gemini_Generated_Image_ff1fulff1fulff1f-1-750x422.png 750w, https:\/\/www.em.com.br\/emfoco\/wp-content\/uploads\/2026\/03\/Gemini_Generated_Image_ff1fulff1fulff1f-1-1140x641.png 1140w, https:\/\/www.em.com.br\/emfoco\/wp-content\/uploads\/2026\/03\/Gemini_Generated_Image_ff1fulff1fulff1f-1.png 1280w\" sizes=\"auto, (max-width: 1024px) 100vw, 1024px\" \/><figcaption class=\"wp-element-caption\">Quando se fala em corte ideal para mulheres maduras, n\u00e3o existe um modelo \u00fanico que funcione para todas<\/figcaption><\/figure><\/div>\n\n\n<p>Leia tamb\u00e9m:&nbsp;<a href=\"https:\/\/www.em.com.br\/emfoco\/2026\/03\/04\/4-versoes-desse-corte-de-cabelo-que-rejuvenescem-e-funcionam-em-diferentes-idades\/\">4 vers\u00f5es desse corte de cabelo que rejuvenescem e funcionam em diferentes idades<\/a><\/p>\n\n\n\n<h2 class=\"wp-block-heading\">Por que o corte m\u00e9dio funciona t\u00e3o bem em mulheres maduras<\/h2>\n\n\n\n<p>O <b>corte m\u00e9dio<\/b> para <b>mulheres maduras<\/b> \u00e9 apontado como \u201ccoringa\u201d porque se adapta a diferentes tipos de fio: lisos, ondulados, cacheados ou grisalhos. Entre o queixo e os ombros, o peso se distribui melhor, evitando o aspecto de pontas ralas, comum ap\u00f3s os 45 anos, sem perder movimento.<\/p>\n\n\n\n<p>Camadas leves na parte frontal ajudam a <b>emoldurar<\/b> o rosto, favorecendo olhos e ma\u00e7\u00e3s do rosto sem esconder o pesco\u00e7o. Al\u00e9m disso, o corte m\u00e9dio seca mais r\u00e1pido, pede menos produto e pode ser estilizado s\u00f3 com uma <b>escova simples<\/b> ou at\u00e9 com as m\u00e3os e um bom finalizador, o que facilita muito no dia a dia.<\/p>\n\n\n\n<figure class=\"wp-block-embed is-type-rich is-provider-pinterest wp-block-embed-pinterest\"><div class=\"wp-block-embed__wrapper\">\n<iframe loading=\"lazy\" title=\"@patrickbaydoun |. Ficou maravilhosa \u2764\ufe0f\ud83d\ude0d, gostaram ?\" src=\"https:\/\/assets.pinterest.com\/ext\/embed.html?id=211174978183863&#038;src=oembed\" height=\"899\" width=\"450\" frameborder=\"0\" scrolling=\"no\" ><\/iframe>\n<\/div><\/figure>\n\n\n\n<h2 class=\"wp-block-heading\">Como escolher o comprimento de cabelo ideal depois dos 40<\/h2>\n\n\n\n<p>Depois dos 40, escolher o <b>comprimento ideal<\/b> vai muito al\u00e9m de \u201cpode\u201d ou \u201cn\u00e3o pode\u201d: \u00e9 entender o que harmoniza com seu rosto e com sua rotina real. O formato do rosto \u00e9 um bom ponto de partida: rostos alongados costumam ficar bem com cortes na altura dos ombros e algum volume lateral, enquanto rostos mais arredondados se beneficiam de camadas que criam linhas verticais e <b>franjas leves<\/b>.<\/p>\n\n\n\n<p>A textura natural tamb\u00e9m pesa nessa decis\u00e3o. Cabelos <b>finos<\/b> geralmente funcionam melhor em cortes curtos ou m\u00e9dios com base mais cheia, para dar sensa\u00e7\u00e3o de volume. J\u00e1 fios grossos ou muito volumosos costumam ficar mais confort\u00e1veis em comprimentos m\u00e9dios a um pouco abaixo dos ombros, com <b>repicados suaves<\/b> para tirar o peso sem tirar a gra\u00e7a do cabelo.<\/p>\n\n\n\n<p>Para voce que gosta de cuidar da apar\u00eancia, separamos um v\u00eddeo do canal da<a href=\"https:\/\/www.youtube.com\/@RaisaBrito\" target=\"_blank\" rel=\"noreferrer noopener\"> Raisa Brito<\/a> com dicas de cortes que te deixam mais jovem:<\/p>\n\n\n\n<figure class=\"wp-block-embed is-type-video is-provider-youtube wp-block-embed-youtube wp-embed-aspect-16-9 wp-has-aspect-ratio\"><div class=\"wp-block-embed__wrapper\">\n<div class=\"jeg_video_container jeg_video_content\"><iframe loading=\"lazy\" title=\"CORTES DE CABELO QUE TE DEIXAM MAIS JOVEM E MAIS ELEGANTE\" width=\"500\" height=\"281\" src=\"https:\/\/www.youtube.com\/embed\/XyDwEFMJCVw?start=1&#038;feature=oembed\" frameborder=\"0\" allow=\"accelerometer; autoplay; clipboard-write; encrypted-media; gyroscope; picture-in-picture; web-share\" referrerpolicy=\"strict-origin-when-cross-origin\" allowfullscreen><\/iframe><\/div>\n<\/div><\/figure>\n\n\n\n<h2 class=\"wp-block-heading\">Quais cortes m\u00e9dios mais favorecem mulheres maduras<\/h2>\n\n\n\n<p>Dentro da categoria de <b>cortes m\u00e9dios<\/b> para mulheres maduras, alguns modelos aparecem com frequ\u00eancia porque s\u00e3o f\u00e1ceis de usar e de manter. O <em>long bob<\/em> cl\u00e1ssico, por exemplo, tem a parte de tr\u00e1s um pouco mais curta e a frente levemente alongada, criando um efeito <b>elegante<\/b> e atual sem exagero.<\/p>\n\n\n\n<p>Para quem quer ideias pr\u00e1ticas, vale conhecer alguns formatos que funcionam bem em diferentes rotinas e texturas de fio:<\/p>\n\n\n\n<ul class=\"wp-block-list\">\n<li><b>Long bob<\/b> m\u00e9dio: frente levemente maior que a parte de tr\u00e1s, moderno e <b>vers\u00e1til<\/b>.<\/li>\n\n\n\n<li>Shag suave m\u00e9dio: camadas discretas que criam <b>textura<\/b> sem desfiar demais.<\/li>\n\n\n\n<li>M\u00e9dio reto com <b>franja lateral<\/b>: visual limpo, combina com ambientes formais e informais.<\/li>\n\n\n\n<li>M\u00e9dio cacheado em <b>camadas<\/b>: define os cachos e reduz o volume na raiz.<\/li>\n<\/ul>\n\n\n\n<figure class=\"wp-block-embed is-type-rich is-provider-pinterest wp-block-embed-pinterest\"><div class=\"wp-block-embed__wrapper\">\n<iframe loading=\"lazy\" title=\" \" src=\"https:\/\/assets.pinterest.com\/ext\/embed.html?id=13721973861443097&#038;src=oembed\" height=\"865\" width=\"450\" frameborder=\"0\" scrolling=\"no\" ><\/iframe>\n<\/div><\/figure>\n\n\n\n<h2 class=\"wp-block-heading\">Como cuidar do corte ideal em mulheres maduras<\/h2>\n\n\n\n<p>Encontrar o <b>corte ideal<\/b> para mulheres maduras \u00e9 s\u00f3 metade do caminho; cuidar dele faz toda a diferen\u00e7a no resultado. Com o tempo, o fio costuma ficar mais seco e sens\u00edvel, especialmente em quem colore com frequ\u00eancia, ent\u00e3o vale apostar em hidrata\u00e7\u00f5es regulares, uso de <b>protetor t\u00e9rmico<\/b> e pequenos ajustes no corte a cada seis a dez semanas.<\/p>\n\n\n\n<p>Tamb\u00e9m \u00e9 importante que o corte combine com a forma como voc\u00ea realmente usa o cabelo. Se voc\u00ea gosta de <b>escova<\/b> e secador, um corte que fique bonito liso polido \u00e9 uma boa; se prefere deixar secar ao natural, vale escolher um modelo que valorize a textura real dos fios, inclusive os grisalhos. Assim, o comprimento m\u00e9dio segue como ponto de equil\u00edbrio: nem curto demais, nem longo demais, trazendo conforto, <b>praticidade<\/b> e um visual que conversa com sua fase de vida.<\/p>\n","protected":false},"excerpt":{"rendered":"<p>Voc\u00ea j\u00e1 se pegou em frente ao espelho, pensando se estava na hora de mudar o corte, mas sem saber por onde come\u00e7ar? Entre mulheres maduras, o corte de cabelo ideal costuma ser aquele que equilibra praticidade, estilo e cuidado com a sa\u00fade dos fios. A escolha n\u00e3o depende apenas da idade, mas tamb\u00e9m do [&hellip;]<\/p>\n","protected":false},"author":9,"featured_media":203586,"comment_status":"open","ping_status":"open","sticky":false,"template":"","format":"standard","meta":{"jnews-multi-image_gallery":[],"jnews_single_post":{"format":"standard"},"jnews_primary_category":[],"jnews_social_meta":[],"jnews_override_counter":[],"footnotes":""},"categories":[8819],"tags":[8408,4906,8581],"class_list":["post-203390","post","type-post","status-publish","format-standard","has-post-thumbnail","hentry","category-curiosidades","tag-beleza-feminina","tag-corte-de-cabelo","tag-mulheres-maduras"],"yoast_head":"<!-- This site is optimized with the Yoast SEO plugin v23.8 - https:\/\/yoast.com\/wordpress\/plugins\/seo\/ -->\n<title>Cortes de cabelo que valorizam mulheres 40+ e deixam o visual mais leve e moderno - Estado de Minas - Em foco<\/title>\n<meta name=\"description\" content=\"Ao olhar no espelho surge a d\u00favida sobre qual estilo realmente valoriza o rosto. Saiba qual o corte de cabelo ideal para real\u00e7ar sua beleza.\" \/>\n<meta name=\"robots\" content=\"index, follow, max-snippet:-1, max-image-preview:large, max-video-preview:-1\" \/>\n<link rel=\"canonical\" href=\"https:\/\/www.em.com.br\/emfoco\/2026\/05\/03\/cortes-de-cabelo-que-valorizam-mulheres-40-e-deixam-o-visual-mais-leve-e-moderno\/\" \/>\n<meta property=\"og:locale\" content=\"pt_BR\" \/>\n<meta property=\"og:type\" content=\"article\" \/>\n<meta property=\"og:title\" content=\"Cortes de cabelo que valorizam mulheres 40+ e deixam o visual mais leve e moderno - Estado de Minas - Em foco\" \/>\n<meta property=\"og:description\" content=\"Ao olhar no espelho surge a d\u00favida sobre qual estilo realmente valoriza o rosto. Saiba qual o corte de cabelo ideal para real\u00e7ar sua beleza.\" \/>\n<meta property=\"og:url\" content=\"https:\/\/www.em.com.br\/emfoco\/2026\/05\/03\/cortes-de-cabelo-que-valorizam-mulheres-40-e-deixam-o-visual-mais-leve-e-moderno\/\" \/>\n<meta property=\"og:site_name\" content=\"Estado de Minas - Em foco\" \/>\n<meta property=\"article:published_time\" content=\"2026-05-03T11:15:00+00:00\" \/>\n<meta property=\"article:modified_time\" content=\"2026-05-02T20:53:00+00:00\" \/>\n<meta property=\"og:image\" content=\"https:\/\/www.em.com.br\/emfoco\/wp-content\/uploads\/2026\/05\/EmFoco_114.jpg\" \/>\n\t<meta property=\"og:image:width\" content=\"1280\" \/>\n\t<meta property=\"og:image:height\" content=\"720\" \/>\n\t<meta property=\"og:image:type\" content=\"image\/jpeg\" \/>\n<meta name=\"author\" content=\"Daniely Cardoso\" \/>\n<meta name=\"twitter:card\" content=\"summary_large_image\" \/>\n<meta name=\"twitter:label1\" content=\"Escrito por\" \/>\n\t<meta name=\"twitter:data1\" content=\"Daniely Cardoso\" \/>\n\t<meta name=\"twitter:label2\" content=\"Est. tempo de leitura\" \/>\n\t<meta name=\"twitter:data2\" content=\"5 minutos\" \/>\n<!-- \/ Yoast SEO plugin. -->","yoast_head_json":{"title":"Cortes de cabelo que valorizam mulheres 40+ e deixam o visual mais leve e moderno - Estado de Minas - Em foco","description":"Ao olhar no espelho surge a d\u00favida sobre qual estilo realmente valoriza o rosto. Saiba qual o corte de cabelo ideal para real\u00e7ar sua beleza.","robots":{"index":"index","follow":"follow","max-snippet":"max-snippet:-1","max-image-preview":"max-image-preview:large","max-video-preview":"max-video-preview:-1"},"canonical":"https:\/\/www.em.com.br\/emfoco\/2026\/05\/03\/cortes-de-cabelo-que-valorizam-mulheres-40-e-deixam-o-visual-mais-leve-e-moderno\/","og_locale":"pt_BR","og_type":"article","og_title":"Cortes de cabelo que valorizam mulheres 40+ e deixam o visual mais leve e moderno - Estado de Minas - Em foco","og_description":"Ao olhar no espelho surge a d\u00favida sobre qual estilo realmente valoriza o rosto. Saiba qual o corte de cabelo ideal para real\u00e7ar sua beleza.","og_url":"https:\/\/www.em.com.br\/emfoco\/2026\/05\/03\/cortes-de-cabelo-que-valorizam-mulheres-40-e-deixam-o-visual-mais-leve-e-moderno\/","og_site_name":"Estado de Minas - Em foco","article_published_time":"2026-05-03T11:15:00+00:00","article_modified_time":"2026-05-02T20:53:00+00:00","og_image":[{"width":1280,"height":720,"url":"https:\/\/www.em.com.br\/emfoco\/wp-content\/uploads\/2026\/05\/EmFoco_114.jpg","type":"image\/jpeg"}],"author":"Daniely Cardoso","twitter_card":"summary_large_image","twitter_misc":{"Escrito por":"Daniely Cardoso","Est. tempo de leitura":"5 minutos"},"schema":{"@context":"https:\/\/schema.org","@graph":[{"@type":"WebPage","@id":"https:\/\/www.em.com.br\/emfoco\/2026\/05\/03\/cortes-de-cabelo-que-valorizam-mulheres-40-e-deixam-o-visual-mais-leve-e-moderno\/","url":"https:\/\/www.em.com.br\/emfoco\/2026\/05\/03\/cortes-de-cabelo-que-valorizam-mulheres-40-e-deixam-o-visual-mais-leve-e-moderno\/","name":"Cortes de cabelo que valorizam mulheres 40+ e deixam o visual mais leve e moderno - Estado de Minas - Em foco","isPartOf":{"@id":"https:\/\/www.em.com.br\/emfoco\/#website"},"primaryImageOfPage":{"@id":"https:\/\/www.em.com.br\/emfoco\/2026\/05\/03\/cortes-de-cabelo-que-valorizam-mulheres-40-e-deixam-o-visual-mais-leve-e-moderno\/#primaryimage"},"image":{"@id":"https:\/\/www.em.com.br\/emfoco\/2026\/05\/03\/cortes-de-cabelo-que-valorizam-mulheres-40-e-deixam-o-visual-mais-leve-e-moderno\/#primaryimage"},"thumbnailUrl":"https:\/\/www.em.com.br\/emfoco\/wp-content\/uploads\/2026\/05\/EmFoco_114.jpg","datePublished":"2026-05-03T11:15:00+00:00","dateModified":"2026-05-02T20:53:00+00:00","author":{"@id":"https:\/\/www.em.com.br\/emfoco\/#\/schema\/person\/0a8186d72f2c3a5c6276d90b41f271a0"},"description":"Ao olhar no espelho surge a d\u00favida sobre qual estilo realmente valoriza o rosto. Saiba qual o corte de cabelo ideal para real\u00e7ar sua beleza.","breadcrumb":{"@id":"https:\/\/www.em.com.br\/emfoco\/2026\/05\/03\/cortes-de-cabelo-que-valorizam-mulheres-40-e-deixam-o-visual-mais-leve-e-moderno\/#breadcrumb"},"inLanguage":"pt-BR","potentialAction":[{"@type":"ReadAction","target":["https:\/\/www.em.com.br\/emfoco\/2026\/05\/03\/cortes-de-cabelo-que-valorizam-mulheres-40-e-deixam-o-visual-mais-leve-e-moderno\/"]}]},{"@type":"ImageObject","inLanguage":"pt-BR","@id":"https:\/\/www.em.com.br\/emfoco\/2026\/05\/03\/cortes-de-cabelo-que-valorizam-mulheres-40-e-deixam-o-visual-mais-leve-e-moderno\/#primaryimage","url":"https:\/\/www.em.com.br\/emfoco\/wp-content\/uploads\/2026\/05\/EmFoco_114.jpg","contentUrl":"https:\/\/www.em.com.br\/emfoco\/wp-content\/uploads\/2026\/05\/EmFoco_114.jpg","width":1280,"height":720,"caption":"Cortes m\u00e9dios adaptam-se a mulheres maduras unindo praticidade e valoriza\u00e7\u00e3o est\u00e9tica facial"},{"@type":"BreadcrumbList","@id":"https:\/\/www.em.com.br\/emfoco\/2026\/05\/03\/cortes-de-cabelo-que-valorizam-mulheres-40-e-deixam-o-visual-mais-leve-e-moderno\/#breadcrumb","itemListElement":[{"@type":"ListItem","position":1,"name":"In\u00edcio","item":"https:\/\/www.em.com.br\/emfoco\/"},{"@type":"ListItem","position":2,"name":"Cortes de cabelo que valorizam mulheres 40+ e deixam o visual mais leve e moderno"}]},{"@type":"WebSite","@id":"https:\/\/www.em.com.br\/emfoco\/#website","url":"https:\/\/www.em.com.br\/emfoco\/","name":"Estado de Minas - Em foco","description":"Acompanhe as \u00faltimas not\u00edcias e fique bem informado sobre tudo o que acontece em Minas Gerais, Brasil e no mundo.","potentialAction":[{"@type":"SearchAction","target":{"@type":"EntryPoint","urlTemplate":"https:\/\/www.em.com.br\/emfoco\/?s={search_term_string}"},"query-input":{"@type":"PropertyValueSpecification","valueRequired":true,"valueName":"search_term_string"}}],"inLanguage":"pt-BR"},{"@type":"Person","@id":"https:\/\/www.em.com.br\/emfoco\/#\/schema\/person\/0a8186d72f2c3a5c6276d90b41f271a0","name":"Daniely Cardoso","image":{"@type":"ImageObject","inLanguage":"pt-BR","@id":"https:\/\/www.em.com.br\/emfoco\/#\/schema\/person\/image\/","url":"https:\/\/secure.gravatar.com\/avatar\/4b80ddbd124d1f071b626d52d62e5dff?s=96&d=mm&r=g","contentUrl":"https:\/\/secure.gravatar.com\/avatar\/4b80ddbd124d1f071b626d52d62e5dff?s=96&d=mm&r=g","caption":"Daniely Cardoso"},"url":"https:\/\/www.em.com.br\/emfoco\/author\/danielymyth\/"}]}},"_links":{"self":[{"href":"https:\/\/www.em.com.br\/emfoco\/wp-json\/wp\/v2\/posts\/203390","targetHints":{"allow":["GET"]}}],"collection":[{"href":"https:\/\/www.em.com.br\/emfoco\/wp-json\/wp\/v2\/posts"}],"about":[{"href":"https:\/\/www.em.com.br\/emfoco\/wp-json\/wp\/v2\/types\/post"}],"author":[{"embeddable":true,"href":"https:\/\/www.em.com.br\/emfoco\/wp-json\/wp\/v2\/users\/9"}],"replies":[{"embeddable":true,"href":"https:\/\/www.em.com.br\/emfoco\/wp-json\/wp\/v2\/comments?post=203390"}],"version-history":[{"count":2,"href":"https:\/\/www.em.com.br\/emfoco\/wp-json\/wp\/v2\/posts\/203390\/revisions"}],"predecessor-version":[{"id":203488,"href":"https:\/\/www.em.com.br\/emfoco\/wp-json\/wp\/v2\/posts\/203390\/revisions\/203488"}],"wp:featuredmedia":[{"embeddable":true,"href":"https:\/\/www.em.com.br\/emfoco\/wp-json\/wp\/v2\/media\/203586"}],"wp:attachment":[{"href":"https:\/\/www.em.com.br\/emfoco\/wp-json\/wp\/v2\/media?parent=203390"}],"wp:term":[{"taxonomy":"category","embeddable":true,"href":"https:\/\/www.em.com.br\/emfoco\/wp-json\/wp\/v2\/categories?post=203390"},{"taxonomy":"post_tag","embeddable":true,"href":"https:\/\/www.em.com.br\/emfoco\/wp-json\/wp\/v2\/tags?post=203390"}],"curies":[{"name":"wp","href":"https:\/\/api.w.org\/{rel}","templated":true}]}}