{"id":203387,"date":"2026-05-03T07:25:00","date_gmt":"2026-05-03T10:25:00","guid":{"rendered":"https:\/\/www.em.com.br\/emfoco\/?p=203387"},"modified":"2026-05-02T17:53:07","modified_gmt":"2026-05-02T20:53:07","slug":"chega-dos-labios-queimados-como-garantir-ums-protecao-solar-que-preserva-a-sua-linha-do-sorriso","status":"publish","type":"post","link":"https:\/\/www.em.com.br\/emfoco\/2026\/05\/03\/chega-dos-labios-queimados-como-garantir-ums-protecao-solar-que-preserva-a-sua-linha-do-sorriso\/","title":{"rendered":"Chega dos l\u00e1bios queimados, como garantir ums prote\u00e7\u00e3o solar que preserva a sua linha do sorriso"},"content":{"rendered":"\n<p>No primeiro dia de praia do ver\u00e3o, muita gente passa <b>protetor<\/b> no rosto, nos ombros, nas pernas\u2026 e esquece completamente dos <b>l\u00e1bios<\/b>. Horas depois, vem a ard\u00eancia, o ressecamento, aquela sensa\u00e7\u00e3o de <b>pele<\/b> repuxando ao falar ou sorrir. Justamente por ficarem t\u00e3o expostos e, ao mesmo tempo, t\u00e3o negligenciados, os l\u00e1bios merecem um cuidado especial durante todo o ano, especialmente quando o sol est\u00e1 mais forte.<\/p>\n\n\n\n<h2 class=\"wp-block-heading\">Por que os l\u00e1bios queimam mais r\u00e1pido no ver\u00e3o<\/h2>\n\n\n\n<p>Os l\u00e1bios queimam com mais facilidade porque quase n\u00e3o t\u00eam <b>melanina<\/b>, o pigmento que d\u00e1 cor \u00e0 <b>pele<\/b> e ajuda a proteg\u00ea-la da radia\u00e7\u00e3o <b>ultravioleta<\/b>. Enquanto o restante do rosto conta com essa defesa natural, a mucosa labial fica praticamente \u201cdesarmada\u201d diante dos raios UVA e UVB.<\/p>\n\n\n\n<p>Al\u00e9m disso, a pele dessa regi\u00e3o \u00e9 mais fina e n\u00e3o tem <b>gl\u00e2ndulas<\/b> seb\u00e1ceas, o que reduz a produ\u00e7\u00e3o de \u00f3leo natural e a capacidade de manter a <b>hidrata\u00e7\u00e3o<\/b>. No ver\u00e3o, sol forte, vento, mar, piscina e o h\u00e1bito de <b>lamber<\/b> os l\u00e1bios acabam intensificando o ressecamento, as rachaduras e, em muitos casos, as queimaduras.<\/p>\n\n\n<div class=\"wp-block-image\">\n<figure class=\"aligncenter size-large\"><img loading=\"lazy\" decoding=\"async\" width=\"1024\" height=\"576\" src=\"https:\/\/www.em.com.br\/emfoco\/wp-content\/uploads\/2026\/03\/Gemini_Generated_Image_qiyc7vqiyc7vqiyc-1-1024x576.png\" alt=\"Prote\u00e7\u00e3o solar labial\" class=\"wp-image-177449\" srcset=\"https:\/\/www.em.com.br\/emfoco\/wp-content\/uploads\/2026\/03\/Gemini_Generated_Image_qiyc7vqiyc7vqiyc-1-1024x576.png 1024w, https:\/\/www.em.com.br\/emfoco\/wp-content\/uploads\/2026\/03\/Gemini_Generated_Image_qiyc7vqiyc7vqiyc-1-300x169.png 300w, https:\/\/www.em.com.br\/emfoco\/wp-content\/uploads\/2026\/03\/Gemini_Generated_Image_qiyc7vqiyc7vqiyc-1-768x432.png 768w, https:\/\/www.em.com.br\/emfoco\/wp-content\/uploads\/2026\/03\/Gemini_Generated_Image_qiyc7vqiyc7vqiyc-1-750x422.png 750w, https:\/\/www.em.com.br\/emfoco\/wp-content\/uploads\/2026\/03\/Gemini_Generated_Image_qiyc7vqiyc7vqiyc-1-1140x641.png 1140w, https:\/\/www.em.com.br\/emfoco\/wp-content\/uploads\/2026\/03\/Gemini_Generated_Image_qiyc7vqiyc7vqiyc-1.png 1280w\" sizes=\"auto, (max-width: 1024px) 100vw, 1024px\" \/><figcaption class=\"wp-element-caption\">Al\u00e9m disso, a pele dessa regi\u00e3o \u00e9 mais fina e n\u00e3o tem gl\u00e2ndulas seb\u00e1ceas, o que reduz a produ\u00e7\u00e3o de \u00f3leo natural<\/figcaption><\/figure><\/div>\n\n\n<p>Leia tamb\u00e9m:&nbsp;<a href=\"https:\/\/www.em.com.br\/emfoco\/2026\/03\/02\/a-receita-natural-com-pedra-ume-que-ajuda-a-recuperar-a-vitalidade-da-pele-e-eleva-a-sensacao-de-autocuidado-diario\/\" target=\"_blank\" rel=\"noopener\">A receita natural com pedra ume que ajuda a recuperar a vitalidade da pele e eleva a sensa\u00e7\u00e3o de autocuidado di\u00e1rio<\/a><\/p>\n\n\n\n<h2 class=\"wp-block-heading\">Como proteger a linha do sorriso com prote\u00e7\u00e3o solar labial<\/h2>\n\n\n\n<p>A \u201clinha do sorriso\u201d \u00e9 a \u00e1rea ao redor da <b>boca<\/b>, onde se formam os vincos e as marcas de <b>express\u00e3o<\/b> com o tempo. Quando essa regi\u00e3o recebe sol em excesso e pouca prote\u00e7\u00e3o, tende a envelhecer mais r\u00e1pido, com sulcos mais vis\u00edveis e pele opaca e <b>ressecada<\/b>.<\/p>\n\n\n\n<p>Uma rotina simples de <b>cuidados<\/b> j\u00e1 faz diferen\u00e7a no dia a dia e ajuda a manter essa regi\u00e3o mais lisa, confort\u00e1vel e protegida contra os danos acumulados do <b>sol<\/b>. Incluir h\u00e1bitos como hidrata\u00e7\u00e3o adequada e evitar fumar tamb\u00e9m contribui para preservar a <b>elasticidade<\/b> da pele ao redor da boca.<\/p>\n\n\n\n<ul class=\"wp-block-list\">\n<li>Usar diariamente <b>lip<\/b> balm com FPS, mesmo em dias <b>nublados<\/b><\/li>\n\n\n\n<li>Reaplicar a cada 2 horas ou ap\u00f3s <b>comer<\/b>, beber ou entrar na <b>\u00e1gua<\/b><\/li>\n\n\n\n<li>Preferir FPS 30 ou mais em situa\u00e7\u00f5es de <b>alta<\/b> exposi\u00e7\u00e3o, como praia ou <b>piscina<\/b><\/li>\n\n\n\n<li>Completar a prote\u00e7\u00e3o com <b>chap\u00e9us<\/b> de aba larga em hor\u00e1rios de sol <b>forte<\/b><\/li>\n\n\n\n<li>Evitar <b>lamber<\/b> os l\u00e1bios com frequ\u00eancia para n\u00e3o remover a barreira <b>protetora<\/b><\/li>\n<\/ul>\n\n\n\n<p>Para voc\u00ea que gosta de se cuidar, separamos um v\u00eddeo do canal da <a href=\"https:\/\/www.youtube.com\/@LucianaVilela\" target=\"_blank\" rel=\"noreferrer noopener\">Luciana Vilela<\/a> com dicas para cuidar dos seus l\u00e1bios:<\/p>\n\n\n\n<figure class=\"wp-block-embed is-type-video is-provider-youtube wp-block-embed-youtube wp-embed-aspect-16-9 wp-has-aspect-ratio\"><div class=\"wp-block-embed__wrapper\">\n<div class=\"jeg_video_container jeg_video_content\"><iframe loading=\"lazy\" title=\"L\u00e1bios ressecados: 10 hidratantes para l\u00e1bios MUITO ressecados (por Roacutan, \u00e1cidos)\" width=\"500\" height=\"281\" src=\"https:\/\/www.youtube.com\/embed\/HTG6Kr4xglw?start=1&#038;feature=oembed\" frameborder=\"0\" allow=\"accelerometer; autoplay; clipboard-write; encrypted-media; gyroscope; picture-in-picture; web-share\" referrerpolicy=\"strict-origin-when-cross-origin\" allowfullscreen><\/iframe><\/div>\n<\/div><\/figure>\n\n\n\n<h2 class=\"wp-block-heading\">Manteiga de karit\u00e9 com FPS ajuda a evitar o envelhecimento da regi\u00e3o<\/h2>\n\n\n\n<p>A manteiga de <b>karit\u00e9<\/b> \u00e9 muito usada em produtos labiais porque hidrata profundamente e deixa uma sensa\u00e7\u00e3o de <b>conforto<\/b> imediato. Rica em gorduras naturais e vitaminas, ela forma um filme leve que ajuda a segurar a \u00e1gua na <b>pele<\/b>, suavizar rachaduras e evitar aquela apar\u00eancia de l\u00e1bio \u201ccortado\u201d.<\/p>\n\n\n\n<figure class=\"wp-block-embed is-type-rich is-provider-pinterest wp-block-embed-pinterest\"><div class=\"wp-block-embed__wrapper\">\n<iframe loading=\"lazy\" title=\" \" src=\"https:\/\/assets.pinterest.com\/ext\/embed.html?id=13721973859295081&#038;src=oembed\" height=\"899\" width=\"450\" frameborder=\"0\" scrolling=\"no\" ><\/iframe>\n<\/div><\/figure>\n\n\n\n<p>Quando vem combinada com <b>filtro<\/b> solar, a manteiga de karit\u00e9 protege e trata ao mesmo tempo: a parte hidratante melhora a <b>flexibilidade<\/b> dos l\u00e1bios, enquanto o FPS reduz o impacto dos raios UV na produ\u00e7\u00e3o de <b>col\u00e1geno<\/b> e elastina, dois elementos importantes para manter a pele firme ao redor da boca.<\/p>\n\n\n<div class=\"wp-block-image\">\n<figure class=\"aligncenter size-large\"><img loading=\"lazy\" decoding=\"async\" width=\"1024\" height=\"446\" src=\"https:\/\/www.em.com.br\/emfoco\/wp-content\/uploads\/2026\/05\/convertido-4-1-1024x446.jpg\" alt=\"\" class=\"wp-image-203388\" srcset=\"https:\/\/www.em.com.br\/emfoco\/wp-content\/uploads\/2026\/05\/convertido-4-1-1024x446.jpg 1024w, https:\/\/www.em.com.br\/emfoco\/wp-content\/uploads\/2026\/05\/convertido-4-1-300x131.jpg 300w, https:\/\/www.em.com.br\/emfoco\/wp-content\/uploads\/2026\/05\/convertido-4-1-768x334.jpg 768w, https:\/\/www.em.com.br\/emfoco\/wp-content\/uploads\/2026\/05\/convertido-4-1-750x326.jpg 750w, https:\/\/www.em.com.br\/emfoco\/wp-content\/uploads\/2026\/05\/convertido-4-1-1140x496.jpg 1140w, https:\/\/www.em.com.br\/emfoco\/wp-content\/uploads\/2026\/05\/convertido-4-1.jpg 1280w\" sizes=\"auto, (max-width: 1024px) 100vw, 1024px\" \/><\/figure><\/div>\n\n\n<p>Com o uso cont\u00ednuo de um bom <b>protetor<\/b> labial com manteiga de karit\u00e9 e FPS adequado, os l\u00e1bios tendem a sofrer menos com queimaduras, <b>descama\u00e7\u00e3o<\/b> e ressecamento intenso. Com o tempo, isso se reflete diretamente na \u201clinha do <b>sorriso<\/b>\u201d, que permanece mais uniforme, macia e com menos sinais de envelhecimento precoce causados pelo sol.<\/p>\n","protected":false},"excerpt":{"rendered":"<p>No primeiro dia de praia do ver\u00e3o, muita gente passa protetor no rosto, nos ombros, nas pernas\u2026 e esquece completamente dos l\u00e1bios. Horas depois, vem a ard\u00eancia, o ressecamento, aquela sensa\u00e7\u00e3o de pele repuxando ao falar ou sorrir. Justamente por ficarem t\u00e3o expostos e, ao mesmo tempo, t\u00e3o negligenciados, os l\u00e1bios merecem um cuidado especial [&hellip;]<\/p>\n","protected":false},"author":9,"featured_media":203585,"comment_status":"open","ping_status":"open","sticky":false,"template":"","format":"standard","meta":{"jnews-multi-image_gallery":[],"jnews_single_post":{"format":"standard"},"jnews_primary_category":[],"jnews_social_meta":[],"jnews_override_counter":[],"footnotes":""},"categories":[8691],"tags":[29247,14839,7655],"class_list":["post-203387","post","type-post","status-publish","format-standard","has-post-thumbnail","hentry","category-bem-estar","tag-cuidados-de-verao","tag-labios-ressecados","tag-protecao-solar"],"yoast_head":"<!-- This site is optimized with the Yoast SEO plugin v23.8 - https:\/\/yoast.com\/wordpress\/plugins\/seo\/ -->\n<title>Chega dos l\u00e1bios queimados, como garantir ums prote\u00e7\u00e3o solar que preserva a sua linha do sorriso - Estado de Minas - Em foco<\/title>\n<meta name=\"description\" content=\"Muita gente foca no rosto mas esquece de uma \u00e1rea bem sens\u00edvel no ver\u00e3o. Existe um cuidado b\u00e1sico que evita a queima\u00e7\u00e3o e o envelhecimento.\" \/>\n<meta name=\"robots\" content=\"index, follow, max-snippet:-1, max-image-preview:large, max-video-preview:-1\" \/>\n<link rel=\"canonical\" href=\"https:\/\/www.em.com.br\/emfoco\/2026\/05\/03\/chega-dos-labios-queimados-como-garantir-ums-protecao-solar-que-preserva-a-sua-linha-do-sorriso\/\" \/>\n<meta property=\"og:locale\" content=\"pt_BR\" \/>\n<meta property=\"og:type\" content=\"article\" \/>\n<meta property=\"og:title\" content=\"Chega dos l\u00e1bios queimados, como garantir ums prote\u00e7\u00e3o solar que preserva a sua linha do sorriso - Estado de Minas - Em foco\" \/>\n<meta property=\"og:description\" content=\"Muita gente foca no rosto mas esquece de uma \u00e1rea bem sens\u00edvel no ver\u00e3o. Existe um cuidado b\u00e1sico que evita a queima\u00e7\u00e3o e o envelhecimento.\" \/>\n<meta property=\"og:url\" content=\"https:\/\/www.em.com.br\/emfoco\/2026\/05\/03\/chega-dos-labios-queimados-como-garantir-ums-protecao-solar-que-preserva-a-sua-linha-do-sorriso\/\" \/>\n<meta property=\"og:site_name\" content=\"Estado de Minas - Em foco\" \/>\n<meta property=\"article:published_time\" content=\"2026-05-03T10:25:00+00:00\" \/>\n<meta property=\"article:modified_time\" content=\"2026-05-02T20:53:07+00:00\" \/>\n<meta property=\"og:image\" content=\"https:\/\/www.em.com.br\/emfoco\/wp-content\/uploads\/2026\/05\/EmFoco_115.jpg\" \/>\n\t<meta property=\"og:image:width\" content=\"1280\" \/>\n\t<meta property=\"og:image:height\" content=\"720\" \/>\n\t<meta property=\"og:image:type\" content=\"image\/jpeg\" \/>\n<meta name=\"author\" content=\"Daniely Cardoso\" \/>\n<meta name=\"twitter:card\" content=\"summary_large_image\" \/>\n<meta name=\"twitter:label1\" content=\"Escrito por\" \/>\n\t<meta name=\"twitter:data1\" content=\"Daniely Cardoso\" \/>\n\t<meta name=\"twitter:label2\" content=\"Est. tempo de leitura\" \/>\n\t<meta name=\"twitter:data2\" content=\"4 minutos\" \/>\n<!-- \/ Yoast SEO plugin. -->","yoast_head_json":{"title":"Chega dos l\u00e1bios queimados, como garantir ums prote\u00e7\u00e3o solar que preserva a sua linha do sorriso - Estado de Minas - Em foco","description":"Muita gente foca no rosto mas esquece de uma \u00e1rea bem sens\u00edvel no ver\u00e3o. Existe um cuidado b\u00e1sico que evita a queima\u00e7\u00e3o e o envelhecimento.","robots":{"index":"index","follow":"follow","max-snippet":"max-snippet:-1","max-image-preview":"max-image-preview:large","max-video-preview":"max-video-preview:-1"},"canonical":"https:\/\/www.em.com.br\/emfoco\/2026\/05\/03\/chega-dos-labios-queimados-como-garantir-ums-protecao-solar-que-preserva-a-sua-linha-do-sorriso\/","og_locale":"pt_BR","og_type":"article","og_title":"Chega dos l\u00e1bios queimados, como garantir ums prote\u00e7\u00e3o solar que preserva a sua linha do sorriso - Estado de Minas - Em foco","og_description":"Muita gente foca no rosto mas esquece de uma \u00e1rea bem sens\u00edvel no ver\u00e3o. Existe um cuidado b\u00e1sico que evita a queima\u00e7\u00e3o e o envelhecimento.","og_url":"https:\/\/www.em.com.br\/emfoco\/2026\/05\/03\/chega-dos-labios-queimados-como-garantir-ums-protecao-solar-que-preserva-a-sua-linha-do-sorriso\/","og_site_name":"Estado de Minas - Em foco","article_published_time":"2026-05-03T10:25:00+00:00","article_modified_time":"2026-05-02T20:53:07+00:00","og_image":[{"width":1280,"height":720,"url":"https:\/\/www.em.com.br\/emfoco\/wp-content\/uploads\/2026\/05\/EmFoco_115.jpg","type":"image\/jpeg"}],"author":"Daniely Cardoso","twitter_card":"summary_large_image","twitter_misc":{"Escrito por":"Daniely Cardoso","Est. tempo de leitura":"4 minutos"},"schema":{"@context":"https:\/\/schema.org","@graph":[{"@type":"WebPage","@id":"https:\/\/www.em.com.br\/emfoco\/2026\/05\/03\/chega-dos-labios-queimados-como-garantir-ums-protecao-solar-que-preserva-a-sua-linha-do-sorriso\/","url":"https:\/\/www.em.com.br\/emfoco\/2026\/05\/03\/chega-dos-labios-queimados-como-garantir-ums-protecao-solar-que-preserva-a-sua-linha-do-sorriso\/","name":"Chega dos l\u00e1bios queimados, como garantir ums prote\u00e7\u00e3o solar que preserva a sua linha do sorriso - Estado de Minas - Em foco","isPartOf":{"@id":"https:\/\/www.em.com.br\/emfoco\/#website"},"primaryImageOfPage":{"@id":"https:\/\/www.em.com.br\/emfoco\/2026\/05\/03\/chega-dos-labios-queimados-como-garantir-ums-protecao-solar-que-preserva-a-sua-linha-do-sorriso\/#primaryimage"},"image":{"@id":"https:\/\/www.em.com.br\/emfoco\/2026\/05\/03\/chega-dos-labios-queimados-como-garantir-ums-protecao-solar-que-preserva-a-sua-linha-do-sorriso\/#primaryimage"},"thumbnailUrl":"https:\/\/www.em.com.br\/emfoco\/wp-content\/uploads\/2026\/05\/EmFoco_115.jpg","datePublished":"2026-05-03T10:25:00+00:00","dateModified":"2026-05-02T20:53:07+00:00","author":{"@id":"https:\/\/www.em.com.br\/emfoco\/#\/schema\/person\/0a8186d72f2c3a5c6276d90b41f271a0"},"description":"Muita gente foca no rosto mas esquece de uma \u00e1rea bem sens\u00edvel no ver\u00e3o. Existe um cuidado b\u00e1sico que evita a queima\u00e7\u00e3o e o envelhecimento.","breadcrumb":{"@id":"https:\/\/www.em.com.br\/emfoco\/2026\/05\/03\/chega-dos-labios-queimados-como-garantir-ums-protecao-solar-que-preserva-a-sua-linha-do-sorriso\/#breadcrumb"},"inLanguage":"pt-BR","potentialAction":[{"@type":"ReadAction","target":["https:\/\/www.em.com.br\/emfoco\/2026\/05\/03\/chega-dos-labios-queimados-como-garantir-ums-protecao-solar-que-preserva-a-sua-linha-do-sorriso\/"]}]},{"@type":"ImageObject","inLanguage":"pt-BR","@id":"https:\/\/www.em.com.br\/emfoco\/2026\/05\/03\/chega-dos-labios-queimados-como-garantir-ums-protecao-solar-que-preserva-a-sua-linha-do-sorriso\/#primaryimage","url":"https:\/\/www.em.com.br\/emfoco\/wp-content\/uploads\/2026\/05\/EmFoco_115.jpg","contentUrl":"https:\/\/www.em.com.br\/emfoco\/wp-content\/uploads\/2026\/05\/EmFoco_115.jpg","width":1280,"height":720,"caption":"Prote\u00e7\u00e3o solar labial di\u00e1ria previne envelhecimento precoce e danos causados pelo sol"},{"@type":"BreadcrumbList","@id":"https:\/\/www.em.com.br\/emfoco\/2026\/05\/03\/chega-dos-labios-queimados-como-garantir-ums-protecao-solar-que-preserva-a-sua-linha-do-sorriso\/#breadcrumb","itemListElement":[{"@type":"ListItem","position":1,"name":"In\u00edcio","item":"https:\/\/www.em.com.br\/emfoco\/"},{"@type":"ListItem","position":2,"name":"Chega dos l\u00e1bios queimados, como garantir ums prote\u00e7\u00e3o solar que preserva a sua linha do sorriso"}]},{"@type":"WebSite","@id":"https:\/\/www.em.com.br\/emfoco\/#website","url":"https:\/\/www.em.com.br\/emfoco\/","name":"Estado de Minas - Em foco","description":"Acompanhe as \u00faltimas not\u00edcias e fique bem informado sobre tudo o que acontece em Minas Gerais, Brasil e no mundo.","potentialAction":[{"@type":"SearchAction","target":{"@type":"EntryPoint","urlTemplate":"https:\/\/www.em.com.br\/emfoco\/?s={search_term_string}"},"query-input":{"@type":"PropertyValueSpecification","valueRequired":true,"valueName":"search_term_string"}}],"inLanguage":"pt-BR"},{"@type":"Person","@id":"https:\/\/www.em.com.br\/emfoco\/#\/schema\/person\/0a8186d72f2c3a5c6276d90b41f271a0","name":"Daniely Cardoso","image":{"@type":"ImageObject","inLanguage":"pt-BR","@id":"https:\/\/www.em.com.br\/emfoco\/#\/schema\/person\/image\/","url":"https:\/\/secure.gravatar.com\/avatar\/4b80ddbd124d1f071b626d52d62e5dff?s=96&d=mm&r=g","contentUrl":"https:\/\/secure.gravatar.com\/avatar\/4b80ddbd124d1f071b626d52d62e5dff?s=96&d=mm&r=g","caption":"Daniely Cardoso"},"url":"https:\/\/www.em.com.br\/emfoco\/author\/danielymyth\/"}]}},"_links":{"self":[{"href":"https:\/\/www.em.com.br\/emfoco\/wp-json\/wp\/v2\/posts\/203387","targetHints":{"allow":["GET"]}}],"collection":[{"href":"https:\/\/www.em.com.br\/emfoco\/wp-json\/wp\/v2\/posts"}],"about":[{"href":"https:\/\/www.em.com.br\/emfoco\/wp-json\/wp\/v2\/types\/post"}],"author":[{"embeddable":true,"href":"https:\/\/www.em.com.br\/emfoco\/wp-json\/wp\/v2\/users\/9"}],"replies":[{"embeddable":true,"href":"https:\/\/www.em.com.br\/emfoco\/wp-json\/wp\/v2\/comments?post=203387"}],"version-history":[{"count":1,"href":"https:\/\/www.em.com.br\/emfoco\/wp-json\/wp\/v2\/posts\/203387\/revisions"}],"predecessor-version":[{"id":203389,"href":"https:\/\/www.em.com.br\/emfoco\/wp-json\/wp\/v2\/posts\/203387\/revisions\/203389"}],"wp:featuredmedia":[{"embeddable":true,"href":"https:\/\/www.em.com.br\/emfoco\/wp-json\/wp\/v2\/media\/203585"}],"wp:attachment":[{"href":"https:\/\/www.em.com.br\/emfoco\/wp-json\/wp\/v2\/media?parent=203387"}],"wp:term":[{"taxonomy":"category","embeddable":true,"href":"https:\/\/www.em.com.br\/emfoco\/wp-json\/wp\/v2\/categories?post=203387"},{"taxonomy":"post_tag","embeddable":true,"href":"https:\/\/www.em.com.br\/emfoco\/wp-json\/wp\/v2\/tags?post=203387"}],"curies":[{"name":"wp","href":"https:\/\/api.w.org\/{rel}","templated":true}]}}