{"id":203377,"date":"2026-05-03T03:05:00","date_gmt":"2026-05-03T06:05:00","guid":{"rendered":"https:\/\/www.em.com.br\/emfoco\/?p=203377"},"modified":"2026-05-02T17:54:03","modified_gmt":"2026-05-02T20:54:03","slug":"os-cortes-que-devolvem-volume-e-leveza-para-cabelos-finos-e-ralos-em-mulheres-50","status":"publish","type":"post","link":"https:\/\/www.em.com.br\/emfoco\/2026\/05\/03\/os-cortes-que-devolvem-volume-e-leveza-para-cabelos-finos-e-ralos-em-mulheres-50\/","title":{"rendered":"Os cortes que devolvem volume e leveza para cabelos finos e ralos em mulheres 50+"},"content":{"rendered":"\n<p>Voc\u00ea j\u00e1 percebeu o <strong>cabelo<\/strong> ficando mais <strong>ralo<\/strong>, murchinho ou sem forma e come\u00e7ou a se perguntar se existe um corte que realmente te valorize? Isso \u00e9 muito comum com o passar dos anos e pode ter rela\u00e7\u00e3o com horm\u00f4nios, gen\u00e9tica ou simplesmente com o envelhecimento natural dos fios<\/p>\n\n\n\n<h2 class=\"wp-block-heading\">Quais s\u00e3o os melhores cortes para mulheres maduras com pouco cabelo hoje<\/h2>\n\n\n\n<p>Entre os cortes mais indicados para quem tem cabelos <strong>finos<\/strong> e <strong>ralos<\/strong> est\u00e3o vers\u00f5es de <strong>short bob<\/strong>, pixie cut e chanel moderno. Eles tiram o peso das pontas, criam camadas estrat\u00e9gicas e d\u00e3o a sensa\u00e7\u00e3o de mais volume, sem exigir muito tempo em frente ao espelho.<\/p>\n\n\n\n<p>O <strong>pixie<\/strong> valoriza quem tem pouco cabelo porque aproveita a <strong>textura<\/strong> natural dos fios, destaca o rosto e pode ser finalizado com um pouco de creme ou mousse leve. J\u00e1 o short bob, na altura do queixo ou um pouco abaixo, d\u00e1 estrutura ao cabelo ralo, principalmente com pontas levemente desfiadas e raiz com mais <strong>corpo<\/strong>.<\/p>\n\n\n<div class=\"wp-block-image\">\n<figure class=\"aligncenter size-large\"><img loading=\"lazy\" decoding=\"async\" width=\"1024\" height=\"576\" src=\"https:\/\/www.em.com.br\/emfoco\/wp-content\/uploads\/2026\/03\/Gemini_Generated_Image_azmfckazmfckazmf-1-1024x576.png\" alt=\"\" class=\"wp-image-177428\" srcset=\"https:\/\/www.em.com.br\/emfoco\/wp-content\/uploads\/2026\/03\/Gemini_Generated_Image_azmfckazmfckazmf-1-1024x576.png 1024w, https:\/\/www.em.com.br\/emfoco\/wp-content\/uploads\/2026\/03\/Gemini_Generated_Image_azmfckazmfckazmf-1-300x169.png 300w, https:\/\/www.em.com.br\/emfoco\/wp-content\/uploads\/2026\/03\/Gemini_Generated_Image_azmfckazmfckazmf-1-768x432.png 768w, https:\/\/www.em.com.br\/emfoco\/wp-content\/uploads\/2026\/03\/Gemini_Generated_Image_azmfckazmfckazmf-1-750x422.png 750w, https:\/\/www.em.com.br\/emfoco\/wp-content\/uploads\/2026\/03\/Gemini_Generated_Image_azmfckazmfckazmf-1-1140x641.png 1140w, https:\/\/www.em.com.br\/emfoco\/wp-content\/uploads\/2026\/03\/Gemini_Generated_Image_azmfckazmfckazmf-1.png 1280w\" sizes=\"auto, (max-width: 1024px) 100vw, 1024px\" \/><figcaption class=\"wp-element-caption\">A palavra-chave para entender essa tend\u00eancia \u00e9 o corte de cabelo para mulheres acima dos 60.<\/figcaption><\/figure><\/div>\n\n\n<p>Leia tamb\u00e9m:&nbsp;<a href=\"https:\/\/www.em.com.br\/emfoco\/2026\/03\/04\/adeus-retoques-mensais-esta-coloracao-moderna-mantem-o-cabelo-bonito-por-mais-tempo\/\" target=\"_blank\" rel=\"noopener\">Adeus retoques mensais! Esta colora\u00e7\u00e3o moderna mant\u00e9m o cabelo bonito por mais tempo<\/a><\/p>\n\n\n\n<h2 class=\"wp-block-heading\">Como escolher o corte ideal para pouco cabelo de acordo com o formato do rosto<\/h2>\n\n\n\n<p>Ao buscar os <strong>melhores cortes<\/strong> para mulheres maduras com pouco cabelo, olhar para o <strong>formato<\/strong> do rosto \u00e9 quase t\u00e3o importante quanto olhar para o pr\u00f3prio cabelo. Em rostos redondos, cortes um pouco abaixo do queixo, com a frente levemente alongada, ajudam a equilibrar a silhueta sem pesar.<\/p>\n\n\n\n<ul class=\"wp-block-list\">\n<li><strong>Rosto redondo:<\/strong> bobs alongados, base <strong>reta<\/strong> com pontas frontais mais compridas.<\/li>\n\n\n\n<li><strong>Rosto oval:<\/strong> praticamente todos os curtos e <strong>m\u00e9dios<\/strong>, inclusive pixie texturizado.<\/li>\n\n\n\n<li><strong>Rosto quadrado:<\/strong> camadas suaves, franjas <strong>laterais<\/strong> e cortes m\u00e9dios.<\/li>\n\n\n\n<li><strong>Rosto alongado:<\/strong> cortes na altura do queixo a m\u00e9dio, com franja ou <strong>mechas<\/strong> na altura dos olhos.<\/li>\n<\/ul>\n\n\n\n<figure class=\"wp-block-embed is-type-rich is-provider-pinterest wp-block-embed-pinterest\"><div class=\"wp-block-embed__wrapper\">\n<iframe loading=\"lazy\" title=\"\u2728\" src=\"https:\/\/assets.pinterest.com\/ext\/embed.html?id=914862421822339&#038;src=oembed\" height=\"775\" width=\"450\" frameborder=\"0\" scrolling=\"no\" ><\/iframe>\n<\/div><\/figure>\n\n\n\n<figure class=\"wp-block-embed is-type-rich is-provider-pinterest wp-block-embed-pinterest\"><div class=\"wp-block-embed__wrapper\">\n<iframe loading=\"lazy\" title=\"15+ Ways To Wear\u00a0Bob Cut For Summer 2026!\" src=\"https:\/\/assets.pinterest.com\/ext\/embed.html?id=1477812375099371&#038;src=oembed\" height=\"775\" width=\"450\" frameborder=\"0\" scrolling=\"no\" ><\/iframe>\n<\/div><\/figure>\n\n\n\n<h2 class=\"wp-block-heading\">Quais cortes ajudam de verdade a dar mais volume ao cabelo ralo<\/h2>\n\n\n\n<p>Se a sua maior queixa \u00e9 ver o couro <strong>cabeludo<\/strong> aparecendo ou sentir o cabelo \u201cescorrendo\u201d, os cortes em camadas leves e bem pensadas s\u00e3o grandes aliados. O <em>bob em camadas<\/em>, o <em>long bob curto<\/em> e o <strong>chanel repicado<\/strong> criam <strong>movimento<\/strong> sem deixar as pontas ralas demais.<\/p>\n\n\n\n<p>Algumas <strong>franjas<\/strong> tamb\u00e9m ajudam muito a criar a ilus\u00e3o de fios mais cheios. A franja lateral longa traz movimento ao redor do rosto, enquanto a franja cortininha, mais leve e aberta ao meio, funciona bem em cabelos ralos quando n\u00e3o \u00e9 muito <strong>densa<\/strong>.<\/p>\n\n\n\n<ol class=\"wp-block-list\">\n<li><strong>Pixie texturizado:<\/strong> curto, moderno e com fios <strong>desconectados<\/strong> que criam volume.<\/li>\n\n\n\n<li><strong>Short bob<\/strong> com pontas desfiadas: comprimento na altura do queixo, ideal para pouco <strong>cabelo<\/strong>.<\/li>\n\n\n\n<li><strong>Chanel<\/strong> de base reta com leve repicado: apar\u00eancia encorpada e f\u00e1cil de <strong>arrumar<\/strong>.<\/li>\n\n\n\n<li><strong>Bob em<\/strong> camadas suaves: indicado para quem tem fios finos e busca <strong>movimento<\/strong>.<\/li>\n\n\n\n<li><strong>Corte m\u00e9dio<\/strong> na altura dos ombros com franja lateral: op\u00e7\u00e3o para quem n\u00e3o quer t\u00e3o <strong>curto<\/strong>.<\/li>\n<\/ol>\n\n\n\n<p>Para voc\u00ea que gosta de se cuidar, separamos um v\u00eddeo do canal da <a href=\"https:\/\/www.youtube.com\/@dannielerodriguezz\" target=\"_blank\" rel=\"noreferrer noopener\">Danniele Rodriguezz<\/a> com dicas de corte para cada formato de rosto:<\/p>\n\n\n\n<figure class=\"wp-block-embed is-type-video is-provider-youtube wp-block-embed-youtube wp-embed-aspect-16-9 wp-has-aspect-ratio\"><div class=\"wp-block-embed__wrapper\">\n<div class=\"jeg_video_container jeg_video_content\"><iframe loading=\"lazy\" title=\"O melhor corte de cabelo para seu tipo de rosto + formatos de rosto.\" width=\"500\" height=\"281\" src=\"https:\/\/www.youtube.com\/embed\/De0CAxOdiEM?feature=oembed\" frameborder=\"0\" allow=\"accelerometer; autoplay; clipboard-write; encrypted-media; gyroscope; picture-in-picture; web-share\" referrerpolicy=\"strict-origin-when-cross-origin\" allowfullscreen><\/iframe><\/div>\n<\/div><\/figure>\n\n\n\n<h2 class=\"wp-block-heading\">Quais cuidados potencializam os melhores cortes para mulheres maduras com pouco cabelo<\/h2>\n\n\n\n<p>O corte certo faz diferen\u00e7a, mas a forma de <strong>cuidar<\/strong> dos fios \u00e9 o que mant\u00e9m o resultado bonito por mais tempo. Produtos pensados para dar <strong>volume<\/strong> na raiz, finalizadores leves e uma secagem caprichada podem transformar qualquer um dos melhores cortes para mulheres maduras com pouco cabelo.<\/p>\n\n\n\n<ul class=\"wp-block-list\">\n<li>Preferir produtos <strong>leves<\/strong>, indicados para cabelos finos ou com pouco <strong>volume<\/strong>.<\/li>\n\n\n\n<li>Evitar excesso de qu\u00edmicas que possam <strong>enfraquecer<\/strong> ainda mais os fios.<\/li>\n\n\n\n<li>Consultar um <strong>profissional<\/strong> antes de mudan\u00e7as radicais de cor ou textura.<\/li>\n\n\n\n<li>Manter cortes de <strong>manuten\u00e7\u00e3o<\/strong> regulares para preservar o formato.<\/li>\n<\/ul>\n\n\n\n<p>Vale apostar em shampoos que limpem sem ressecar, condicionador s\u00f3 no comprimento e pontas e pouco \u00f3leo para n\u00e3o pesar. Secar levantando a <strong>raiz<\/strong> com o secador apontado de baixo para cima ou usando escova redonda ajuda a real\u00e7ar o volume e o <strong>desenho<\/strong> do corte.<\/p>\n\n\n\n<p>Ao unir t\u00e9cnicas que d\u00e3o <strong>volume<\/strong>, cuidados simples e um estilo com o qual voc\u00ea se reconhece no espelho, \u00e9 poss\u00edvel real\u00e7ar os fios ralos e se sentir segura em qualquer fase da vida.<\/p>\n","protected":false},"excerpt":{"rendered":"<p>Voc\u00ea j\u00e1 percebeu o cabelo ficando mais ralo, murchinho ou sem forma e come\u00e7ou a se perguntar se existe um corte que realmente te valorize? Isso \u00e9 muito comum com o passar dos anos e pode ter rela\u00e7\u00e3o com horm\u00f4nios, gen\u00e9tica ou simplesmente com o envelhecimento natural dos fios Quais s\u00e3o os melhores cortes para [&hellip;]<\/p>\n","protected":false},"author":9,"featured_media":203589,"comment_status":"open","ping_status":"open","sticky":false,"template":"","format":"standard","meta":{"jnews-multi-image_gallery":[],"jnews_single_post":{"format":"standard"},"jnews_primary_category":[],"jnews_social_meta":[],"jnews_override_counter":[],"footnotes":""},"categories":[8819],"tags":[10794,7058,7212],"class_list":["post-203377","post","type-post","status-publish","format-standard","has-post-thumbnail","hentry","category-curiosidades","tag-beleza-madura","tag-cabelo-ralo","tag-cortes-de-cabelo"],"yoast_head":"<!-- This site is optimized with the Yoast SEO plugin v23.8 - https:\/\/yoast.com\/wordpress\/plugins\/seo\/ -->\n<title>Os cortes que devolvem volume e leveza para cabelos finos e ralos em mulheres 50+ - Estado de Minas - Em foco<\/title>\n<meta name=\"description\" content=\"Muitos fios perdem o volume com o tempo e deixam o visual murcho. Saiba qual o estilo ideal que transforma a moldura do rosto sem esfor\u00e7o.\" \/>\n<meta name=\"robots\" content=\"index, follow, max-snippet:-1, max-image-preview:large, max-video-preview:-1\" \/>\n<link rel=\"canonical\" href=\"https:\/\/www.em.com.br\/emfoco\/2026\/05\/03\/os-cortes-que-devolvem-volume-e-leveza-para-cabelos-finos-e-ralos-em-mulheres-50\/\" \/>\n<meta property=\"og:locale\" content=\"pt_BR\" \/>\n<meta property=\"og:type\" content=\"article\" \/>\n<meta property=\"og:title\" content=\"Os cortes que devolvem volume e leveza para cabelos finos e ralos em mulheres 50+ - Estado de Minas - Em foco\" \/>\n<meta property=\"og:description\" content=\"Muitos fios perdem o volume com o tempo e deixam o visual murcho. Saiba qual o estilo ideal que transforma a moldura do rosto sem esfor\u00e7o.\" \/>\n<meta property=\"og:url\" content=\"https:\/\/www.em.com.br\/emfoco\/2026\/05\/03\/os-cortes-que-devolvem-volume-e-leveza-para-cabelos-finos-e-ralos-em-mulheres-50\/\" \/>\n<meta property=\"og:site_name\" content=\"Estado de Minas - Em foco\" \/>\n<meta property=\"article:published_time\" content=\"2026-05-03T06:05:00+00:00\" \/>\n<meta property=\"article:modified_time\" content=\"2026-05-02T20:54:03+00:00\" \/>\n<meta property=\"og:image\" content=\"https:\/\/www.em.com.br\/emfoco\/wp-content\/uploads\/2026\/05\/EmFoco_120.jpg\" \/>\n\t<meta property=\"og:image:width\" content=\"1280\" \/>\n\t<meta property=\"og:image:height\" content=\"720\" \/>\n\t<meta property=\"og:image:type\" content=\"image\/jpeg\" \/>\n<meta name=\"author\" content=\"Daniely Cardoso\" \/>\n<meta name=\"twitter:card\" content=\"summary_large_image\" \/>\n<meta name=\"twitter:label1\" content=\"Escrito por\" \/>\n\t<meta name=\"twitter:data1\" content=\"Daniely Cardoso\" \/>\n\t<meta name=\"twitter:label2\" content=\"Est. tempo de leitura\" \/>\n\t<meta name=\"twitter:data2\" content=\"5 minutos\" \/>\n<!-- \/ Yoast SEO plugin. -->","yoast_head_json":{"title":"Os cortes que devolvem volume e leveza para cabelos finos e ralos em mulheres 50+ - Estado de Minas - Em foco","description":"Muitos fios perdem o volume com o tempo e deixam o visual murcho. Saiba qual o estilo ideal que transforma a moldura do rosto sem esfor\u00e7o.","robots":{"index":"index","follow":"follow","max-snippet":"max-snippet:-1","max-image-preview":"max-image-preview:large","max-video-preview":"max-video-preview:-1"},"canonical":"https:\/\/www.em.com.br\/emfoco\/2026\/05\/03\/os-cortes-que-devolvem-volume-e-leveza-para-cabelos-finos-e-ralos-em-mulheres-50\/","og_locale":"pt_BR","og_type":"article","og_title":"Os cortes que devolvem volume e leveza para cabelos finos e ralos em mulheres 50+ - Estado de Minas - Em foco","og_description":"Muitos fios perdem o volume com o tempo e deixam o visual murcho. Saiba qual o estilo ideal que transforma a moldura do rosto sem esfor\u00e7o.","og_url":"https:\/\/www.em.com.br\/emfoco\/2026\/05\/03\/os-cortes-que-devolvem-volume-e-leveza-para-cabelos-finos-e-ralos-em-mulheres-50\/","og_site_name":"Estado de Minas - Em foco","article_published_time":"2026-05-03T06:05:00+00:00","article_modified_time":"2026-05-02T20:54:03+00:00","og_image":[{"width":1280,"height":720,"url":"https:\/\/www.em.com.br\/emfoco\/wp-content\/uploads\/2026\/05\/EmFoco_120.jpg","type":"image\/jpeg"}],"author":"Daniely Cardoso","twitter_card":"summary_large_image","twitter_misc":{"Escrito por":"Daniely Cardoso","Est. tempo de leitura":"5 minutos"},"schema":{"@context":"https:\/\/schema.org","@graph":[{"@type":"WebPage","@id":"https:\/\/www.em.com.br\/emfoco\/2026\/05\/03\/os-cortes-que-devolvem-volume-e-leveza-para-cabelos-finos-e-ralos-em-mulheres-50\/","url":"https:\/\/www.em.com.br\/emfoco\/2026\/05\/03\/os-cortes-que-devolvem-volume-e-leveza-para-cabelos-finos-e-ralos-em-mulheres-50\/","name":"Os cortes que devolvem volume e leveza para cabelos finos e ralos em mulheres 50+ - Estado de Minas - Em foco","isPartOf":{"@id":"https:\/\/www.em.com.br\/emfoco\/#website"},"primaryImageOfPage":{"@id":"https:\/\/www.em.com.br\/emfoco\/2026\/05\/03\/os-cortes-que-devolvem-volume-e-leveza-para-cabelos-finos-e-ralos-em-mulheres-50\/#primaryimage"},"image":{"@id":"https:\/\/www.em.com.br\/emfoco\/2026\/05\/03\/os-cortes-que-devolvem-volume-e-leveza-para-cabelos-finos-e-ralos-em-mulheres-50\/#primaryimage"},"thumbnailUrl":"https:\/\/www.em.com.br\/emfoco\/wp-content\/uploads\/2026\/05\/EmFoco_120.jpg","datePublished":"2026-05-03T06:05:00+00:00","dateModified":"2026-05-02T20:54:03+00:00","author":{"@id":"https:\/\/www.em.com.br\/emfoco\/#\/schema\/person\/0a8186d72f2c3a5c6276d90b41f271a0"},"description":"Muitos fios perdem o volume com o tempo e deixam o visual murcho. Saiba qual o estilo ideal que transforma a moldura do rosto sem esfor\u00e7o.","breadcrumb":{"@id":"https:\/\/www.em.com.br\/emfoco\/2026\/05\/03\/os-cortes-que-devolvem-volume-e-leveza-para-cabelos-finos-e-ralos-em-mulheres-50\/#breadcrumb"},"inLanguage":"pt-BR","potentialAction":[{"@type":"ReadAction","target":["https:\/\/www.em.com.br\/emfoco\/2026\/05\/03\/os-cortes-que-devolvem-volume-e-leveza-para-cabelos-finos-e-ralos-em-mulheres-50\/"]}]},{"@type":"ImageObject","inLanguage":"pt-BR","@id":"https:\/\/www.em.com.br\/emfoco\/2026\/05\/03\/os-cortes-que-devolvem-volume-e-leveza-para-cabelos-finos-e-ralos-em-mulheres-50\/#primaryimage","url":"https:\/\/www.em.com.br\/emfoco\/wp-content\/uploads\/2026\/05\/EmFoco_120.jpg","contentUrl":"https:\/\/www.em.com.br\/emfoco\/wp-content\/uploads\/2026\/05\/EmFoco_120.jpg","width":1280,"height":720,"caption":"Camadas leves e cortes estrat\u00e9gicos criam percep\u00e7\u00e3o de volume para cabelos finos"},{"@type":"BreadcrumbList","@id":"https:\/\/www.em.com.br\/emfoco\/2026\/05\/03\/os-cortes-que-devolvem-volume-e-leveza-para-cabelos-finos-e-ralos-em-mulheres-50\/#breadcrumb","itemListElement":[{"@type":"ListItem","position":1,"name":"In\u00edcio","item":"https:\/\/www.em.com.br\/emfoco\/"},{"@type":"ListItem","position":2,"name":"Os cortes que devolvem volume e leveza para cabelos finos e ralos em mulheres 50+"}]},{"@type":"WebSite","@id":"https:\/\/www.em.com.br\/emfoco\/#website","url":"https:\/\/www.em.com.br\/emfoco\/","name":"Estado de Minas - Em foco","description":"Acompanhe as \u00faltimas not\u00edcias e fique bem informado sobre tudo o que acontece em Minas Gerais, Brasil e no mundo.","potentialAction":[{"@type":"SearchAction","target":{"@type":"EntryPoint","urlTemplate":"https:\/\/www.em.com.br\/emfoco\/?s={search_term_string}"},"query-input":{"@type":"PropertyValueSpecification","valueRequired":true,"valueName":"search_term_string"}}],"inLanguage":"pt-BR"},{"@type":"Person","@id":"https:\/\/www.em.com.br\/emfoco\/#\/schema\/person\/0a8186d72f2c3a5c6276d90b41f271a0","name":"Daniely Cardoso","image":{"@type":"ImageObject","inLanguage":"pt-BR","@id":"https:\/\/www.em.com.br\/emfoco\/#\/schema\/person\/image\/","url":"https:\/\/secure.gravatar.com\/avatar\/4b80ddbd124d1f071b626d52d62e5dff?s=96&d=mm&r=g","contentUrl":"https:\/\/secure.gravatar.com\/avatar\/4b80ddbd124d1f071b626d52d62e5dff?s=96&d=mm&r=g","caption":"Daniely Cardoso"},"url":"https:\/\/www.em.com.br\/emfoco\/author\/danielymyth\/"}]}},"_links":{"self":[{"href":"https:\/\/www.em.com.br\/emfoco\/wp-json\/wp\/v2\/posts\/203377","targetHints":{"allow":["GET"]}}],"collection":[{"href":"https:\/\/www.em.com.br\/emfoco\/wp-json\/wp\/v2\/posts"}],"about":[{"href":"https:\/\/www.em.com.br\/emfoco\/wp-json\/wp\/v2\/types\/post"}],"author":[{"embeddable":true,"href":"https:\/\/www.em.com.br\/emfoco\/wp-json\/wp\/v2\/users\/9"}],"replies":[{"embeddable":true,"href":"https:\/\/www.em.com.br\/emfoco\/wp-json\/wp\/v2\/comments?post=203377"}],"version-history":[{"count":2,"href":"https:\/\/www.em.com.br\/emfoco\/wp-json\/wp\/v2\/posts\/203377\/revisions"}],"predecessor-version":[{"id":203472,"href":"https:\/\/www.em.com.br\/emfoco\/wp-json\/wp\/v2\/posts\/203377\/revisions\/203472"}],"wp:featuredmedia":[{"embeddable":true,"href":"https:\/\/www.em.com.br\/emfoco\/wp-json\/wp\/v2\/media\/203589"}],"wp:attachment":[{"href":"https:\/\/www.em.com.br\/emfoco\/wp-json\/wp\/v2\/media?parent=203377"}],"wp:term":[{"taxonomy":"category","embeddable":true,"href":"https:\/\/www.em.com.br\/emfoco\/wp-json\/wp\/v2\/categories?post=203377"},{"taxonomy":"post_tag","embeddable":true,"href":"https:\/\/www.em.com.br\/emfoco\/wp-json\/wp\/v2\/tags?post=203377"}],"curies":[{"name":"wp","href":"https:\/\/api.w.org\/{rel}","templated":true}]}}