{"id":20337,"date":"2025-02-18T11:20:19","date_gmt":"2025-02-18T14:20:19","guid":{"rendered":"https:\/\/www.em.com.br\/emfoco\/?p=20337"},"modified":"2025-02-17T15:43:22","modified_gmt":"2025-02-17T18:43:22","slug":"pis-pasep-26-milhoes-de-brasileiros-ja-podem-sacar-abono-salarial","status":"publish","type":"post","link":"https:\/\/www.em.com.br\/emfoco\/2025\/02\/18\/pis-pasep-26-milhoes-de-brasileiros-ja-podem-sacar-abono-salarial\/","title":{"rendered":"Confira se voc\u00ea pode sacar o Abono Salarial do PIS\/PASEP com 26 milh\u00f5es de beneficiados!"},"content":{"rendered":"\n<p>O abono salarial do <strong>PIS<\/strong>\/<strong>PASEP <\/strong>\u00e9 um benef\u00edcio anual concedido a trabalhadores brasileiros que atendem a crit\u00e9rios espec\u00edficos estabelecidos pelo <strong>governo<\/strong>. Este benef\u00edcio visa complementar a renda dos trabalhadores, oferecendo um suporte financeiro adicional. O valor do abono pode chegar at\u00e9 um sal\u00e1rio m\u00ednimo, dependendo do tempo de trabalho no ano-base de refer\u00eancia.<\/p>\n\n\n\n<p>O <strong>Programa de Integra\u00e7\u00e3o Social (<a href=\"https:\/\/www.caixa.gov.br\/beneficios-trabalhador\/abono-salarial\/Paginas\/default.aspx\" target=\"_blank\" rel=\"noreferrer noopener\">PIS<\/a><\/strong>) \u00e9 destinado aos trabalhadores da iniciativa privada, enquanto o Programa de Forma\u00e7\u00e3o do <strong>Patrim\u00f4nio do Servidor P\u00fablico (<a href=\"https:\/\/www.em.com.br\/emfoco\/2025\/02\/16\/quem-tem-direito-ao-abono-salarial-pis-pasep-tire-suas-duvidas\/\" target=\"_blank\" rel=\"noreferrer noopener\">PASEP<\/a>)<\/strong> \u00e9 voltado para servidores p\u00fablicos. Ambos os programas t\u00eam como objetivo garantir uma distribui\u00e7\u00e3o mais equitativa de renda entre os trabalhadores.<\/p>\n\n\n\n<h2 class=\"wp-block-heading\">Quem tem direito ao Abono Salarial do PIS\/PASEP?<\/h2>\n\n\n\n<p>Para ter direito ao abono salarial do PIS\/PASEP, os trabalhadores precisam cumprir alguns requisitos. Primeiramente, \u00e9 necess\u00e1rio ter trabalhado com carteira assinada por pelo menos 30 dias no ano-base, que neste caso \u00e9 2025. Al\u00e9m disso, o trabalhador deve ter recebido at\u00e9 dois sal\u00e1rios m\u00ednimos por m\u00eas durante o ano-base.<\/p>\n\n\n\n<p>Outro crit\u00e9rio importante \u00e9 estar inscrito no PIS\/PASEP h\u00e1 pelo menos cinco anos. Por fim, \u00e9 essencial que os dados do trabalhador estejam corretamente informados pelo empregador na Rela\u00e7\u00e3o Anual de Informa\u00e7\u00f5es Sociais (RAIS). Cumprindo esses requisitos, o trabalhador pode ter acesso ao benef\u00edcio.<\/p>\n\n\n\n<figure class=\"wp-block-image size-large\"><img loading=\"lazy\" decoding=\"async\" width=\"1024\" height=\"576\" src=\"https:\/\/www.em.com.br\/emfoco\/wp-content\/uploads\/2024\/12\/Dinheiro-brazil_1734018274111-1024x576.jpg\" alt=\"13\u00ba Sal\u00e1rio: Gasto Consciente e Consumo Estrat\u00e9gico no Fim de Ano!\" class=\"wp-image-4554\" srcset=\"https:\/\/www.em.com.br\/emfoco\/wp-content\/uploads\/2024\/12\/Dinheiro-brazil_1734018274111-1024x576.jpg 1024w, https:\/\/www.em.com.br\/emfoco\/wp-content\/uploads\/2024\/12\/Dinheiro-brazil_1734018274111-300x169.jpg 300w, https:\/\/www.em.com.br\/emfoco\/wp-content\/uploads\/2024\/12\/Dinheiro-brazil_1734018274111-768x432.jpg 768w, https:\/\/www.em.com.br\/emfoco\/wp-content\/uploads\/2024\/12\/Dinheiro-brazil_1734018274111-750x422.jpg 750w, https:\/\/www.em.com.br\/emfoco\/wp-content\/uploads\/2024\/12\/Dinheiro-brazil_1734018274111-1140x641.jpg 1140w, https:\/\/www.em.com.br\/emfoco\/wp-content\/uploads\/2024\/12\/Dinheiro-brazil_1734018274111.jpg 1280w\" sizes=\"auto, (max-width: 1024px) 100vw, 1024px\" \/><figcaption class=\"wp-element-caption\">Dinheiro &#8211; Cr\u00e9ditos: depositphotos.com \/ rmcarvalhobsb<\/figcaption><\/figure>\n\n\n\n<h2 class=\"wp-block-heading\">Como consultar o direito ao Abono Salarial do PIS\/PASEP?<\/h2>\n\n\n\n<p>Os trabalhadores podem verificar se t\u00eam direito ao abono salarial utilizando o aplicativo Carteira de Trabalho Digital ou acessando o site do Gov.br. Para realizar a consulta, \u00e9 necess\u00e1rio ter em m\u00e3os o CPF e a senha cadastrada no Gov.br. Este processo \u00e9 simples e permite que o trabalhador saiba rapidamente se est\u00e1 apto a receber o benef\u00edcio.<\/p>\n\n\n\n<h2 class=\"wp-block-heading\">Qual \u00e9 o valor do Abono Salarial do PIS\/PASEP?<\/h2>\n\n\n\n<p>O valor do abono salarial do PIS\/PASEP varia conforme o n\u00famero de meses trabalhados no ano-base. O benef\u00edcio pode chegar a um sal\u00e1rio m\u00ednimo, sendo proporcional ao tempo de servi\u00e7o prestado durante o ano de refer\u00eancia. Dessa forma, trabalhadores que atuaram durante todo o ano-base t\u00eam direito ao valor integral do abono.<\/p>\n\n\n\n<h2 class=\"wp-block-heading\">Como \u00e9 realizado o pagamento do PIS\/PASEP?<\/h2>\n\n\n\n<p>O pagamento do abono salarial do PIS\/PASEP segue um calend\u00e1rio espec\u00edfico, que \u00e9 organizado de acordo com o m\u00eas de nascimento do trabalhador. Para os trabalhadores da iniciativa privada, que recebem o PIS, o pagamento \u00e9 feito pela Caixa Econ\u00f4mica Federal. Clientes da Caixa recebem automaticamente na conta corrente ou poupan\u00e7a, enquanto os demais recebem na poupan\u00e7a social digital.<\/p>\n\n\n\n<p>Para os servidores p\u00fablicos, que recebem o PASEP, o pagamento \u00e9 realizado pelo Banco do Brasil. Clientes do banco recebem automaticamente na conta corrente ou poupan\u00e7a, e os demais podem sacar o benef\u00edcio em qualquer ag\u00eancia do Banco do Brasil.<\/p>\n\n\n\n<h2 class=\"wp-block-heading\">Quando come\u00e7a o pagamento do Abono Salarial do PIS\/PASEP em 2025?<\/h2>\n\n\n\n<p>O pagamento do abono salarial do PIS\/PASEP para o ano de 2025 est\u00e1 programado para come\u00e7ar em 17 de fevereiro. A partir dessa data, os trabalhadores que t\u00eam direito ao benef\u00edcio poder\u00e3o realizar o saque, conforme o calend\u00e1rio oficial divulgado pelo governo. \u00c9 importante que os benefici\u00e1rios fiquem atentos \u00e0s datas para garantir o recebimento do abono dentro do prazo estipulado.<\/p>\n","protected":false},"excerpt":{"rendered":"<p>O abono salarial do PIS\/PASEP \u00e9 um benef\u00edcio anual concedido a trabalhadores brasileiros que atendem a crit\u00e9rios espec\u00edficos estabelecidos pelo governo. Este benef\u00edcio visa complementar a renda dos trabalhadores, oferecendo um suporte financeiro adicional. O valor do abono pode chegar at\u00e9 um sal\u00e1rio m\u00ednimo, dependendo do tempo de trabalho no ano-base de refer\u00eancia. O Programa [&hellip;]<\/p>\n","protected":false},"author":7,"featured_media":16518,"comment_status":"open","ping_status":"open","sticky":false,"template":"","format":"standard","meta":{"jnews-multi-image_gallery":[],"jnews_single_post":{"format":"standard"},"jnews_primary_category":[],"jnews_social_meta":[],"jnews_override_counter":[],"footnotes":""},"categories":[28],"tags":[292,259,290,293],"class_list":["post-20337","post","type-post","status-publish","format-standard","has-post-thumbnail","hentry","category-economia","tag-abono-salarial","tag-beneficio","tag-pasep","tag-pis"],"yoast_head":"<!-- This site is optimized with the Yoast SEO plugin v23.8 - https:\/\/yoast.com\/wordpress\/plugins\/seo\/ -->\n<title>Confira se voc\u00ea pode sacar o Abono Salarial do PIS\/PASEP com 26 milh\u00f5es de beneficiados! - Estado de Minas - Em foco<\/title>\n<meta name=\"description\" content=\"26 milh\u00f5es de trabalhadores j\u00e1 podem sacar o abono salarial PIS\/PASEP. Veja se voc\u00ea est\u00e1 na lista e como receber o benef\u00edcio.\" \/>\n<meta name=\"robots\" content=\"index, follow, max-snippet:-1, max-image-preview:large, max-video-preview:-1\" \/>\n<link rel=\"canonical\" href=\"https:\/\/www.em.com.br\/emfoco\/2025\/02\/18\/pis-pasep-26-milhoes-de-brasileiros-ja-podem-sacar-abono-salarial\/\" \/>\n<meta property=\"og:locale\" content=\"pt_BR\" \/>\n<meta property=\"og:type\" content=\"article\" \/>\n<meta property=\"og:title\" content=\"Confira se voc\u00ea pode sacar o Abono Salarial do PIS\/PASEP com 26 milh\u00f5es de beneficiados! - Estado de Minas - Em foco\" \/>\n<meta property=\"og:description\" content=\"26 milh\u00f5es de trabalhadores j\u00e1 podem sacar o abono salarial PIS\/PASEP. Veja se voc\u00ea est\u00e1 na lista e como receber o benef\u00edcio.\" \/>\n<meta property=\"og:url\" content=\"https:\/\/www.em.com.br\/emfoco\/2025\/02\/18\/pis-pasep-26-milhoes-de-brasileiros-ja-podem-sacar-abono-salarial\/\" \/>\n<meta property=\"og:site_name\" content=\"Estado de Minas - Em foco\" \/>\n<meta property=\"article:published_time\" content=\"2025-02-18T14:20:19+00:00\" \/>\n<meta property=\"article:modified_time\" content=\"2025-02-17T18:43:22+00:00\" \/>\n<meta property=\"og:image\" content=\"https:\/\/www.em.com.br\/emfoco\/wp-content\/uploads\/2025\/02\/esse-47.jpg\" \/>\n\t<meta property=\"og:image:width\" content=\"1280\" \/>\n\t<meta property=\"og:image:height\" content=\"720\" \/>\n\t<meta property=\"og:image:type\" content=\"image\/jpeg\" \/>\n<meta name=\"author\" content=\"Kelvin\" \/>\n<meta name=\"twitter:card\" content=\"summary_large_image\" \/>\n<meta name=\"twitter:label1\" content=\"Escrito por\" \/>\n\t<meta name=\"twitter:data1\" content=\"Kelvin\" \/>\n\t<meta name=\"twitter:label2\" content=\"Est. tempo de leitura\" \/>\n\t<meta name=\"twitter:data2\" content=\"4 minutos\" \/>\n<!-- \/ Yoast SEO plugin. -->","yoast_head_json":{"title":"Confira se voc\u00ea pode sacar o Abono Salarial do PIS\/PASEP com 26 milh\u00f5es de beneficiados! - Estado de Minas - Em foco","description":"26 milh\u00f5es de trabalhadores j\u00e1 podem sacar o abono salarial PIS\/PASEP. Veja se voc\u00ea est\u00e1 na lista e como receber o benef\u00edcio.","robots":{"index":"index","follow":"follow","max-snippet":"max-snippet:-1","max-image-preview":"max-image-preview:large","max-video-preview":"max-video-preview:-1"},"canonical":"https:\/\/www.em.com.br\/emfoco\/2025\/02\/18\/pis-pasep-26-milhoes-de-brasileiros-ja-podem-sacar-abono-salarial\/","og_locale":"pt_BR","og_type":"article","og_title":"Confira se voc\u00ea pode sacar o Abono Salarial do PIS\/PASEP com 26 milh\u00f5es de beneficiados! - Estado de Minas - Em foco","og_description":"26 milh\u00f5es de trabalhadores j\u00e1 podem sacar o abono salarial PIS\/PASEP. Veja se voc\u00ea est\u00e1 na lista e como receber o benef\u00edcio.","og_url":"https:\/\/www.em.com.br\/emfoco\/2025\/02\/18\/pis-pasep-26-milhoes-de-brasileiros-ja-podem-sacar-abono-salarial\/","og_site_name":"Estado de Minas - Em foco","article_published_time":"2025-02-18T14:20:19+00:00","article_modified_time":"2025-02-17T18:43:22+00:00","og_image":[{"width":1280,"height":720,"url":"https:\/\/www.em.com.br\/emfoco\/wp-content\/uploads\/2025\/02\/esse-47.jpg","type":"image\/jpeg"}],"author":"Kelvin","twitter_card":"summary_large_image","twitter_misc":{"Escrito por":"Kelvin","Est. tempo de leitura":"4 minutos"},"schema":{"@context":"https:\/\/schema.org","@graph":[{"@type":"WebPage","@id":"https:\/\/www.em.com.br\/emfoco\/2025\/02\/18\/pis-pasep-26-milhoes-de-brasileiros-ja-podem-sacar-abono-salarial\/","url":"https:\/\/www.em.com.br\/emfoco\/2025\/02\/18\/pis-pasep-26-milhoes-de-brasileiros-ja-podem-sacar-abono-salarial\/","name":"Confira se voc\u00ea pode sacar o Abono Salarial do PIS\/PASEP com 26 milh\u00f5es de beneficiados! - Estado de Minas - Em foco","isPartOf":{"@id":"https:\/\/www.em.com.br\/emfoco\/#website"},"primaryImageOfPage":{"@id":"https:\/\/www.em.com.br\/emfoco\/2025\/02\/18\/pis-pasep-26-milhoes-de-brasileiros-ja-podem-sacar-abono-salarial\/#primaryimage"},"image":{"@id":"https:\/\/www.em.com.br\/emfoco\/2025\/02\/18\/pis-pasep-26-milhoes-de-brasileiros-ja-podem-sacar-abono-salarial\/#primaryimage"},"thumbnailUrl":"https:\/\/www.em.com.br\/emfoco\/wp-content\/uploads\/2025\/02\/esse-47.jpg","datePublished":"2025-02-18T14:20:19+00:00","dateModified":"2025-02-17T18:43:22+00:00","author":{"@id":"https:\/\/www.em.com.br\/emfoco\/#\/schema\/person\/fb0a7f48c6fbb94b83f413a80f61917d"},"description":"26 milh\u00f5es de trabalhadores j\u00e1 podem sacar o abono salarial PIS\/PASEP. Veja se voc\u00ea est\u00e1 na lista e como receber o benef\u00edcio.","breadcrumb":{"@id":"https:\/\/www.em.com.br\/emfoco\/2025\/02\/18\/pis-pasep-26-milhoes-de-brasileiros-ja-podem-sacar-abono-salarial\/#breadcrumb"},"inLanguage":"pt-BR","potentialAction":[{"@type":"ReadAction","target":["https:\/\/www.em.com.br\/emfoco\/2025\/02\/18\/pis-pasep-26-milhoes-de-brasileiros-ja-podem-sacar-abono-salarial\/"]}]},{"@type":"ImageObject","inLanguage":"pt-BR","@id":"https:\/\/www.em.com.br\/emfoco\/2025\/02\/18\/pis-pasep-26-milhoes-de-brasileiros-ja-podem-sacar-abono-salarial\/#primaryimage","url":"https:\/\/www.em.com.br\/emfoco\/wp-content\/uploads\/2025\/02\/esse-47.jpg","contentUrl":"https:\/\/www.em.com.br\/emfoco\/wp-content\/uploads\/2025\/02\/esse-47.jpg","width":1280,"height":720,"caption":"Presidente Lula Cr\u00e9ditos: depositphotos.com \/ thenews2.com"},{"@type":"BreadcrumbList","@id":"https:\/\/www.em.com.br\/emfoco\/2025\/02\/18\/pis-pasep-26-milhoes-de-brasileiros-ja-podem-sacar-abono-salarial\/#breadcrumb","itemListElement":[{"@type":"ListItem","position":1,"name":"In\u00edcio","item":"https:\/\/www.em.com.br\/emfoco\/"},{"@type":"ListItem","position":2,"name":"Confira se voc\u00ea pode sacar o Abono Salarial do PIS\/PASEP com 26 milh\u00f5es de beneficiados!"}]},{"@type":"WebSite","@id":"https:\/\/www.em.com.br\/emfoco\/#website","url":"https:\/\/www.em.com.br\/emfoco\/","name":"Estado de Minas - Em foco","description":"Acompanhe as \u00faltimas not\u00edcias e fique bem informado sobre tudo o que acontece em Minas Gerais, Brasil e no mundo.","potentialAction":[{"@type":"SearchAction","target":{"@type":"EntryPoint","urlTemplate":"https:\/\/www.em.com.br\/emfoco\/?s={search_term_string}"},"query-input":{"@type":"PropertyValueSpecification","valueRequired":true,"valueName":"search_term_string"}}],"inLanguage":"pt-BR"},{"@type":"Person","@id":"https:\/\/www.em.com.br\/emfoco\/#\/schema\/person\/fb0a7f48c6fbb94b83f413a80f61917d","name":"Kelvin","image":{"@type":"ImageObject","inLanguage":"pt-BR","@id":"https:\/\/www.em.com.br\/emfoco\/#\/schema\/person\/image\/","url":"https:\/\/secure.gravatar.com\/avatar\/e74f84337e6bf6c4c5e88fbdffa05270?s=96&d=mm&r=g","contentUrl":"https:\/\/secure.gravatar.com\/avatar\/e74f84337e6bf6c4c5e88fbdffa05270?s=96&d=mm&r=g","caption":"Kelvin"},"sameAs":["https:\/\/www.em.com.br\/emfoco"],"url":"https:\/\/www.em.com.br\/emfoco\/author\/kelvinmyth\/"}]}},"_links":{"self":[{"href":"https:\/\/www.em.com.br\/emfoco\/wp-json\/wp\/v2\/posts\/20337","targetHints":{"allow":["GET"]}}],"collection":[{"href":"https:\/\/www.em.com.br\/emfoco\/wp-json\/wp\/v2\/posts"}],"about":[{"href":"https:\/\/www.em.com.br\/emfoco\/wp-json\/wp\/v2\/types\/post"}],"author":[{"embeddable":true,"href":"https:\/\/www.em.com.br\/emfoco\/wp-json\/wp\/v2\/users\/7"}],"replies":[{"embeddable":true,"href":"https:\/\/www.em.com.br\/emfoco\/wp-json\/wp\/v2\/comments?post=20337"}],"version-history":[{"count":3,"href":"https:\/\/www.em.com.br\/emfoco\/wp-json\/wp\/v2\/posts\/20337\/revisions"}],"predecessor-version":[{"id":20510,"href":"https:\/\/www.em.com.br\/emfoco\/wp-json\/wp\/v2\/posts\/20337\/revisions\/20510"}],"wp:featuredmedia":[{"embeddable":true,"href":"https:\/\/www.em.com.br\/emfoco\/wp-json\/wp\/v2\/media\/16518"}],"wp:attachment":[{"href":"https:\/\/www.em.com.br\/emfoco\/wp-json\/wp\/v2\/media?parent=20337"}],"wp:term":[{"taxonomy":"category","embeddable":true,"href":"https:\/\/www.em.com.br\/emfoco\/wp-json\/wp\/v2\/categories?post=20337"},{"taxonomy":"post_tag","embeddable":true,"href":"https:\/\/www.em.com.br\/emfoco\/wp-json\/wp\/v2\/tags?post=20337"}],"curies":[{"name":"wp","href":"https:\/\/api.w.org\/{rel}","templated":true}]}}