{"id":203295,"date":"2026-05-03T03:35:00","date_gmt":"2026-05-03T06:35:00","guid":{"rendered":"https:\/\/www.em.com.br\/emfoco\/?p=203295"},"modified":"2026-05-02T15:47:43","modified_gmt":"2026-05-02T18:47:43","slug":"empregado-e-demitido-durante-a-festa-na-agencia-e-ganha-indenizacao-de-r-606-mil-na-justica","status":"publish","type":"post","link":"https:\/\/www.em.com.br\/emfoco\/2026\/05\/03\/empregado-e-demitido-durante-a-festa-na-agencia-e-ganha-indenizacao-de-r-606-mil-na-justica\/","title":{"rendered":"Empregado \u00e9 demitido durante a festa na ag\u00eancia e ganha indeniza\u00e7\u00e3o de R$ 606 mil na Justi\u00e7a"},"content":{"rendered":"\n<p>A <strong>Justi\u00e7a do Trabalho<\/strong> condenou um banco ao pagamento de uma <strong>indeniza\u00e7\u00e3o<\/strong> de <strong>R$ 606 mil<\/strong> ap\u00f3s realizar uma demiss\u00e3o vexat\u00f3ria. O desligamento ocorreu durante uma festividade na ag\u00eancia, expondo o funcion\u00e1rio a uma situa\u00e7\u00e3o de extremo mal-estar diante de seus colegas.<\/p>\n\n\n\n<h2 class=\"wp-block-heading\">Como a forma da demiss\u00e3o gerou uma condena\u00e7\u00e3o t\u00e3o alta?<\/h2>\n\n\n\n<p>O caso, julgado pela <strong>2\u00aa Turma do TRT da 11\u00aa Regi\u00e3o<\/strong>, em <strong>Manaus<\/strong>, destacou que o empregador abusou do seu direito de rescindir o contrato. Ao optar por comunicar o corte no meio de um evento social da empresa, a gest\u00e3o causou um abalo emocional profundo no trabalhador, que precisou de socorro m\u00e9dico imediato.<\/p>\n\n\n\n<p>O valor da <strong>indeniza\u00e7\u00e3o<\/strong> englobou danos morais pela exposi\u00e7\u00e3o p\u00fablica e danos materiais decorrentes de uma doen\u00e7a ocupacional desenvolvida pelo gerente. O tribunal reconheceu que o transtorno psiqui\u00e1trico resultante do epis\u00f3dio levou o profissional \u00e0 aposentadoria por invalidez, agravando a responsabilidade financeira da institui\u00e7\u00e3o financeira envolvida.<\/p>\n\n\n<div class=\"wp-block-image\">\n<figure class=\"aligncenter size-large\"><img loading=\"lazy\" decoding=\"async\" width=\"1024\" height=\"576\" src=\"https:\/\/www.em.com.br\/emfoco\/wp-content\/uploads\/2026\/04\/justica_1777121930520-1-1024x576.jpg\" alt=\"Cr\u00e9ditos: depositphotos.com \/ JanPietruszka\" class=\"wp-image-199147\" srcset=\"https:\/\/www.em.com.br\/emfoco\/wp-content\/uploads\/2026\/04\/justica_1777121930520-1-1024x576.jpg 1024w, https:\/\/www.em.com.br\/emfoco\/wp-content\/uploads\/2026\/04\/justica_1777121930520-1-300x169.jpg 300w, https:\/\/www.em.com.br\/emfoco\/wp-content\/uploads\/2026\/04\/justica_1777121930520-1-768x432.jpg 768w, https:\/\/www.em.com.br\/emfoco\/wp-content\/uploads\/2026\/04\/justica_1777121930520-1-750x422.jpg 750w, https:\/\/www.em.com.br\/emfoco\/wp-content\/uploads\/2026\/04\/justica_1777121930520-1-1140x641.jpg 1140w, https:\/\/www.em.com.br\/emfoco\/wp-content\/uploads\/2026\/04\/justica_1777121930520-1.jpg 1280w\" sizes=\"auto, (max-width: 1024px) 100vw, 1024px\" \/><figcaption class=\"wp-element-caption\">Entenda o que foi decidido pela Justi\u00e7a &#8211; Cr\u00e9ditos: depositphotos.com \/ JanPietruszka<\/figcaption><\/figure><\/div>\n\n\n<h2 class=\"wp-block-heading\">O que a legisla\u00e7\u00e3o diz sobre dispensas discriminat\u00f3rias?<\/h2>\n\n\n\n<p>Embora a empresa tenha o direito de demitir, a <strong>Lei n\u00ba 9.029\/1995<\/strong> pro\u00edbe qualquer pr\u00e1tica discriminat\u00f3ria baseada em origem, ra\u00e7a, sexo ou estado de sa\u00fade. Al\u00e9m disso, a jurisprud\u00eancia brasileira protege o empregado contra atos que firam sua dignidade humana no momento da sa\u00edda do posto de trabalho.<\/p>\n\n\n\n<p>A prote\u00e7\u00e3o \u00e9 refor\u00e7ada pela <strong>S\u00famula 443<\/strong> do <a href=\"https:\/\/pt.wikipedia.org\/wiki\/Tribunal_Superior_do_Trabalho\" target=\"_blank\" rel=\"noreferrer noopener\">Tribunal Superior do Trabalho<\/a>, que presume discriminat\u00f3ria a dispensa de quem possui doen\u00e7as estigmatizantes. Nesses casos, se o patr\u00e3o n\u00e3o provar um motivo t\u00e9cnico ou financeiro justo para o corte, a <strong>indeniza\u00e7\u00e3o<\/strong> pode ser fixada em dobro ou resultar na reintegra\u00e7\u00e3o do funcion\u00e1rio.<\/p>\n\n\n\n<h2 class=\"wp-block-heading\">Quais s\u00e3o os limites do direito de demitir do empregador?<\/h2>\n\n\n\n<p>A Justi\u00e7a entende que o poder do patr\u00e3o n\u00e3o \u00e9 absoluto e deve respeitar o princ\u00edpio da boa-f\u00e9 objetiva. Uma demiss\u00e3o n\u00e3o deve servir para humilhar ou punir o trabalhador de forma desproporcional, especialmente quando este apresenta um hist\u00f3rico de anos de dedica\u00e7\u00e3o sem puni\u00e7\u00f5es disciplinares pr\u00e9vias.<\/p>\n\n\n\n<p>Confira os elementos que os tribunais avaliam para identificar abusos:<\/p>\n\n\n\n<ul class=\"wp-block-list\">\n<li>Presen\u00e7a de p\u00fablico ou colegas no momento da comunica\u00e7\u00e3o do desligamento.<\/li>\n\n\n\n<li>Hist\u00f3rico de sa\u00fade do trabalhador no per\u00edodo anterior \u00e0 rescis\u00e3o.<\/li>\n\n\n\n<li>Proporcionalidade entre uma eventual falta cometida e a puni\u00e7\u00e3o aplicada.<\/li>\n\n\n\n<li>Exist\u00eancia de persegui\u00e7\u00e3o pessoal ou retalia\u00e7\u00e3o por parte da chefia direta.<\/li>\n<\/ul>\n\n\n\n<p>Leia tamb\u00e9m: <a href=\"https:\/\/www.em.com.br\/emfoco\/2026\/05\/01\/salario-minimo-com-aumento-confirmado-veja-como-ficam-os-pagamentos-dos-trabalhadores-nos-proximos-meses-de-2026\/\" target=\"_blank\" rel=\"noreferrer noopener\">Sal\u00e1rio m\u00ednimo com aumento confirmado: veja como ficam os pagamentos dos trabalhadores nos pr\u00f3ximos meses de 2026<\/a><\/p>\n\n\n<div class=\"wp-block-image\">\n<figure class=\"aligncenter size-large\"><img loading=\"lazy\" decoding=\"async\" width=\"1024\" height=\"576\" src=\"https:\/\/www.em.com.br\/emfoco\/wp-content\/uploads\/2026\/04\/FGTS_1777033873454-1024x576.jpg\" alt=\"Aplicativo FGTS - Cr\u00e9ditos: depositphotos.com \/ rafapress\" class=\"wp-image-198364\" srcset=\"https:\/\/www.em.com.br\/emfoco\/wp-content\/uploads\/2026\/04\/FGTS_1777033873454-1024x576.jpg 1024w, https:\/\/www.em.com.br\/emfoco\/wp-content\/uploads\/2026\/04\/FGTS_1777033873454-300x169.jpg 300w, https:\/\/www.em.com.br\/emfoco\/wp-content\/uploads\/2026\/04\/FGTS_1777033873454-768x432.jpg 768w, https:\/\/www.em.com.br\/emfoco\/wp-content\/uploads\/2026\/04\/FGTS_1777033873454-750x422.jpg 750w, https:\/\/www.em.com.br\/emfoco\/wp-content\/uploads\/2026\/04\/FGTS_1777033873454-1140x641.jpg 1140w, https:\/\/www.em.com.br\/emfoco\/wp-content\/uploads\/2026\/04\/FGTS_1777033873454.jpg 1280w\" sizes=\"auto, (max-width: 1024px) 100vw, 1024px\" \/><figcaption class=\"wp-element-caption\">S\u00famula 443 do TST e Lei 9.029 pro\u00edbem dispensa discriminat\u00f3ria de funcion\u00e1rios com doen\u00e7as graves ou depress\u00e3o &#8211; Cr\u00e9ditos: depositphotos.com \/ rafapress<\/figcaption><\/figure><\/div>\n\n\n<h2 class=\"wp-block-heading\">Como funciona o princ\u00edpio da proporcionalidade na justa causa?<\/h2>\n\n\n\n<p>Para que uma demiss\u00e3o por justa causa seja v\u00e1lida, o erro cometido deve ser grave o suficiente para romper a confian\u00e7a contratual de imediato. Em <strong>2025<\/strong> e <strong>2026<\/strong>, tribunais como o <a href=\"https:\/\/ww2.trt15.jus.br\/\" target=\"_blank\" rel=\"noreferrer noopener\">TRT-15<\/a> anularam puni\u00e7\u00f5es severas aplicadas a funcion\u00e1rios com depend\u00eancia qu\u00edmica ou quadros depressivos graves.<\/p>\n\n\n\n<p>Nesses cen\u00e1rios, os magistrados convertem a demiss\u00e3o em dispensa imotivada, garantindo o recebimento de verbas como aviso pr\u00e9vio e multa do <strong>FGTS<\/strong>. A <strong>indeniza\u00e7\u00e3o<\/strong> por danos morais tamb\u00e9m \u00e9 aplicada quando se prova que a empresa utilizou a justa causa para se livrar de um funcion\u00e1rio doente, ignorando sua responsabilidade social.<\/p>\n\n\n\n<h2 class=\"wp-block-heading\">Qual o impacto desse tipo de decis\u00e3o para as empresas?<\/h2>\n\n\n\n<p>Condena\u00e7\u00f5es expressivas servem como um alerta pedag\u00f3gico para que os departamentos de recursos humanos revisem seus protocolos de desligamento. Evitar locais p\u00fablicos, manter a privacidade do colaborador e garantir um tom respeitoso s\u00e3o passos fundamentais para prevenir processos judiciais milion\u00e1rios por danos extrapatrimoniais.<\/p>\n\n\n\n<p>A transpar\u00eancia e o respeito m\u00fatuo s\u00e3o as melhores ferramentas para encerrar ciclos profissionais sem gerar conflitos. Quando a \u00e9tica \u00e9 deixada de lado, o judici\u00e1rio atua para restaurar o equil\u00edbrio, garantindo que a <strong>indeniza\u00e7\u00e3o<\/strong> cumpra seu papel de reparar o sofrimento e desencorajar novas condutas vexat\u00f3rias no ambiente corporativo brasileiro.<\/p>\n","protected":false},"excerpt":{"rendered":"<p>A Justi\u00e7a do Trabalho condenou um banco ao pagamento de uma indeniza\u00e7\u00e3o de R$ 606 mil ap\u00f3s realizar uma demiss\u00e3o vexat\u00f3ria. O desligamento ocorreu durante uma festividade na ag\u00eancia, expondo o funcion\u00e1rio a uma situa\u00e7\u00e3o de extremo mal-estar diante de seus colegas. Como a forma da demiss\u00e3o gerou uma condena\u00e7\u00e3o t\u00e3o alta? O caso, julgado [&hellip;]<\/p>\n","protected":false},"author":30,"featured_media":203354,"comment_status":"open","ping_status":"open","sticky":false,"template":"","format":"standard","meta":{"jnews-multi-image_gallery":[],"jnews_single_post":{"format":"standard"},"jnews_primary_category":[],"jnews_social_meta":[],"jnews_override_counter":[],"footnotes":""},"categories":[28],"tags":[2287,1342,1334,28135],"class_list":["post-203295","post","type-post","status-publish","format-standard","has-post-thumbnail","hentry","category-economia","tag-demissao","tag-direitos","tag-justica","tag-trabalhista"],"yoast_head":"<!-- This site is optimized with the Yoast SEO plugin v23.8 - https:\/\/yoast.com\/wordpress\/plugins\/seo\/ -->\n<title>Empregado \u00e9 demitido durante a festa na ag\u00eancia e ganha indeniza\u00e7\u00e3o de R$ 606 mil na Justi\u00e7a - Estado de Minas - Em foco<\/title>\n<meta name=\"description\" content=\"Entenda como um empregado demitido durante a festa nesta ag\u00eancia ganhou indeniza\u00e7\u00e3o de R$ 606 mil. Saiba o motivo da condena\u00e7\u00e3o judicial.\" \/>\n<meta name=\"robots\" content=\"index, follow, max-snippet:-1, max-image-preview:large, max-video-preview:-1\" \/>\n<link rel=\"canonical\" href=\"https:\/\/www.em.com.br\/emfoco\/2026\/05\/03\/empregado-e-demitido-durante-a-festa-na-agencia-e-ganha-indenizacao-de-r-606-mil-na-justica\/\" \/>\n<meta property=\"og:locale\" content=\"pt_BR\" \/>\n<meta property=\"og:type\" content=\"article\" \/>\n<meta property=\"og:title\" content=\"Empregado \u00e9 demitido durante a festa na ag\u00eancia e ganha indeniza\u00e7\u00e3o de R$ 606 mil na Justi\u00e7a - Estado de Minas - Em foco\" \/>\n<meta property=\"og:description\" content=\"Entenda como um empregado demitido durante a festa nesta ag\u00eancia ganhou indeniza\u00e7\u00e3o de R$ 606 mil. Saiba o motivo da condena\u00e7\u00e3o judicial.\" \/>\n<meta property=\"og:url\" content=\"https:\/\/www.em.com.br\/emfoco\/2026\/05\/03\/empregado-e-demitido-durante-a-festa-na-agencia-e-ganha-indenizacao-de-r-606-mil-na-justica\/\" \/>\n<meta property=\"og:site_name\" content=\"Estado de Minas - Em foco\" \/>\n<meta property=\"article:published_time\" content=\"2026-05-03T06:35:00+00:00\" \/>\n<meta property=\"article:modified_time\" content=\"2026-05-02T18:47:43+00:00\" \/>\n<meta property=\"og:image\" content=\"https:\/\/www.em.com.br\/emfoco\/wp-content\/uploads\/2026\/05\/EmFoco_11-2.jpg\" \/>\n\t<meta property=\"og:image:width\" content=\"1280\" \/>\n\t<meta property=\"og:image:height\" content=\"720\" \/>\n\t<meta property=\"og:image:type\" content=\"image\/jpeg\" \/>\n<meta name=\"author\" content=\"Guilherme Ara\u00fajo\" \/>\n<meta name=\"twitter:card\" content=\"summary_large_image\" \/>\n<meta name=\"twitter:label1\" content=\"Escrito por\" \/>\n\t<meta name=\"twitter:data1\" content=\"Guilherme Ara\u00fajo\" \/>\n\t<meta name=\"twitter:label2\" content=\"Est. tempo de leitura\" \/>\n\t<meta name=\"twitter:data2\" content=\"4 minutos\" \/>\n<!-- \/ Yoast SEO plugin. -->","yoast_head_json":{"title":"Empregado \u00e9 demitido durante a festa na ag\u00eancia e ganha indeniza\u00e7\u00e3o de R$ 606 mil na Justi\u00e7a - Estado de Minas - Em foco","description":"Entenda como um empregado demitido durante a festa nesta ag\u00eancia ganhou indeniza\u00e7\u00e3o de R$ 606 mil. Saiba o motivo da condena\u00e7\u00e3o judicial.","robots":{"index":"index","follow":"follow","max-snippet":"max-snippet:-1","max-image-preview":"max-image-preview:large","max-video-preview":"max-video-preview:-1"},"canonical":"https:\/\/www.em.com.br\/emfoco\/2026\/05\/03\/empregado-e-demitido-durante-a-festa-na-agencia-e-ganha-indenizacao-de-r-606-mil-na-justica\/","og_locale":"pt_BR","og_type":"article","og_title":"Empregado \u00e9 demitido durante a festa na ag\u00eancia e ganha indeniza\u00e7\u00e3o de R$ 606 mil na Justi\u00e7a - Estado de Minas - Em foco","og_description":"Entenda como um empregado demitido durante a festa nesta ag\u00eancia ganhou indeniza\u00e7\u00e3o de R$ 606 mil. Saiba o motivo da condena\u00e7\u00e3o judicial.","og_url":"https:\/\/www.em.com.br\/emfoco\/2026\/05\/03\/empregado-e-demitido-durante-a-festa-na-agencia-e-ganha-indenizacao-de-r-606-mil-na-justica\/","og_site_name":"Estado de Minas - Em foco","article_published_time":"2026-05-03T06:35:00+00:00","article_modified_time":"2026-05-02T18:47:43+00:00","og_image":[{"width":1280,"height":720,"url":"https:\/\/www.em.com.br\/emfoco\/wp-content\/uploads\/2026\/05\/EmFoco_11-2.jpg","type":"image\/jpeg"}],"author":"Guilherme Ara\u00fajo","twitter_card":"summary_large_image","twitter_misc":{"Escrito por":"Guilherme Ara\u00fajo","Est. tempo de leitura":"4 minutos"},"schema":{"@context":"https:\/\/schema.org","@graph":[{"@type":"WebPage","@id":"https:\/\/www.em.com.br\/emfoco\/2026\/05\/03\/empregado-e-demitido-durante-a-festa-na-agencia-e-ganha-indenizacao-de-r-606-mil-na-justica\/","url":"https:\/\/www.em.com.br\/emfoco\/2026\/05\/03\/empregado-e-demitido-durante-a-festa-na-agencia-e-ganha-indenizacao-de-r-606-mil-na-justica\/","name":"Empregado \u00e9 demitido durante a festa na ag\u00eancia e ganha indeniza\u00e7\u00e3o de R$ 606 mil na Justi\u00e7a - Estado de Minas - Em foco","isPartOf":{"@id":"https:\/\/www.em.com.br\/emfoco\/#website"},"primaryImageOfPage":{"@id":"https:\/\/www.em.com.br\/emfoco\/2026\/05\/03\/empregado-e-demitido-durante-a-festa-na-agencia-e-ganha-indenizacao-de-r-606-mil-na-justica\/#primaryimage"},"image":{"@id":"https:\/\/www.em.com.br\/emfoco\/2026\/05\/03\/empregado-e-demitido-durante-a-festa-na-agencia-e-ganha-indenizacao-de-r-606-mil-na-justica\/#primaryimage"},"thumbnailUrl":"https:\/\/www.em.com.br\/emfoco\/wp-content\/uploads\/2026\/05\/EmFoco_11-2.jpg","datePublished":"2026-05-03T06:35:00+00:00","dateModified":"2026-05-02T18:47:43+00:00","author":{"@id":"https:\/\/www.em.com.br\/emfoco\/#\/schema\/person\/5379e929a4b966c775d121e23f9bb421"},"description":"Entenda como um empregado demitido durante a festa nesta ag\u00eancia ganhou indeniza\u00e7\u00e3o de R$ 606 mil. Saiba o motivo da condena\u00e7\u00e3o judicial.","breadcrumb":{"@id":"https:\/\/www.em.com.br\/emfoco\/2026\/05\/03\/empregado-e-demitido-durante-a-festa-na-agencia-e-ganha-indenizacao-de-r-606-mil-na-justica\/#breadcrumb"},"inLanguage":"pt-BR","potentialAction":[{"@type":"ReadAction","target":["https:\/\/www.em.com.br\/emfoco\/2026\/05\/03\/empregado-e-demitido-durante-a-festa-na-agencia-e-ganha-indenizacao-de-r-606-mil-na-justica\/"]}]},{"@type":"ImageObject","inLanguage":"pt-BR","@id":"https:\/\/www.em.com.br\/emfoco\/2026\/05\/03\/empregado-e-demitido-durante-a-festa-na-agencia-e-ganha-indenizacao-de-r-606-mil-na-justica\/#primaryimage","url":"https:\/\/www.em.com.br\/emfoco\/wp-content\/uploads\/2026\/05\/EmFoco_11-2.jpg","contentUrl":"https:\/\/www.em.com.br\/emfoco\/wp-content\/uploads\/2026\/05\/EmFoco_11-2.jpg","width":1280,"height":720,"caption":"Justi\u00e7a condena banco por demiss\u00e3o vexat\u00f3ria que causou danos emocionais ao funcion\u00e1rio"},{"@type":"BreadcrumbList","@id":"https:\/\/www.em.com.br\/emfoco\/2026\/05\/03\/empregado-e-demitido-durante-a-festa-na-agencia-e-ganha-indenizacao-de-r-606-mil-na-justica\/#breadcrumb","itemListElement":[{"@type":"ListItem","position":1,"name":"In\u00edcio","item":"https:\/\/www.em.com.br\/emfoco\/"},{"@type":"ListItem","position":2,"name":"Empregado \u00e9 demitido durante a festa na ag\u00eancia e ganha indeniza\u00e7\u00e3o de R$ 606 mil na Justi\u00e7a"}]},{"@type":"WebSite","@id":"https:\/\/www.em.com.br\/emfoco\/#website","url":"https:\/\/www.em.com.br\/emfoco\/","name":"Estado de Minas - Em foco","description":"Acompanhe as \u00faltimas not\u00edcias e fique bem informado sobre tudo o que acontece em Minas Gerais, Brasil e no mundo.","potentialAction":[{"@type":"SearchAction","target":{"@type":"EntryPoint","urlTemplate":"https:\/\/www.em.com.br\/emfoco\/?s={search_term_string}"},"query-input":{"@type":"PropertyValueSpecification","valueRequired":true,"valueName":"search_term_string"}}],"inLanguage":"pt-BR"},{"@type":"Person","@id":"https:\/\/www.em.com.br\/emfoco\/#\/schema\/person\/5379e929a4b966c775d121e23f9bb421","name":"Guilherme Ara\u00fajo","image":{"@type":"ImageObject","inLanguage":"pt-BR","@id":"https:\/\/www.em.com.br\/emfoco\/#\/schema\/person\/image\/","url":"https:\/\/secure.gravatar.com\/avatar\/b8bf1fd0130e170bd8f5d7298dbafa25?s=96&d=mm&r=g","contentUrl":"https:\/\/secure.gravatar.com\/avatar\/b8bf1fd0130e170bd8f5d7298dbafa25?s=96&d=mm&r=g","caption":"Guilherme Ara\u00fajo"},"sameAs":["https:\/\/www.em.com.br\/emfoco"],"url":"https:\/\/www.em.com.br\/emfoco\/author\/guilhermeamyth\/"}]}},"_links":{"self":[{"href":"https:\/\/www.em.com.br\/emfoco\/wp-json\/wp\/v2\/posts\/203295","targetHints":{"allow":["GET"]}}],"collection":[{"href":"https:\/\/www.em.com.br\/emfoco\/wp-json\/wp\/v2\/posts"}],"about":[{"href":"https:\/\/www.em.com.br\/emfoco\/wp-json\/wp\/v2\/types\/post"}],"author":[{"embeddable":true,"href":"https:\/\/www.em.com.br\/emfoco\/wp-json\/wp\/v2\/users\/30"}],"replies":[{"embeddable":true,"href":"https:\/\/www.em.com.br\/emfoco\/wp-json\/wp\/v2\/comments?post=203295"}],"version-history":[{"count":1,"href":"https:\/\/www.em.com.br\/emfoco\/wp-json\/wp\/v2\/posts\/203295\/revisions"}],"predecessor-version":[{"id":203297,"href":"https:\/\/www.em.com.br\/emfoco\/wp-json\/wp\/v2\/posts\/203295\/revisions\/203297"}],"wp:featuredmedia":[{"embeddable":true,"href":"https:\/\/www.em.com.br\/emfoco\/wp-json\/wp\/v2\/media\/203354"}],"wp:attachment":[{"href":"https:\/\/www.em.com.br\/emfoco\/wp-json\/wp\/v2\/media?parent=203295"}],"wp:term":[{"taxonomy":"category","embeddable":true,"href":"https:\/\/www.em.com.br\/emfoco\/wp-json\/wp\/v2\/categories?post=203295"},{"taxonomy":"post_tag","embeddable":true,"href":"https:\/\/www.em.com.br\/emfoco\/wp-json\/wp\/v2\/tags?post=203295"}],"curies":[{"name":"wp","href":"https:\/\/api.w.org\/{rel}","templated":true}]}}