{"id":203280,"date":"2026-05-03T07:45:00","date_gmt":"2026-05-03T10:45:00","guid":{"rendered":"https:\/\/www.em.com.br\/emfoco\/?p=203280"},"modified":"2026-05-02T15:48:11","modified_gmt":"2026-05-02T18:48:11","slug":"muitos-trabalhadores-podem-receber-salario-minimo-de-r-2-407-por-mes-sem-saber","status":"publish","type":"post","link":"https:\/\/www.em.com.br\/emfoco\/2026\/05\/03\/muitos-trabalhadores-podem-receber-salario-minimo-de-r-2-407-por-mes-sem-saber\/","title":{"rendered":"Muitos trabalhadores podem receber sal\u00e1rio m\u00ednimo de R$ 2.407 por m\u00eas sem saber"},"content":{"rendered":"\n<p>O novo <strong>sal\u00e1rio m\u00ednimo<\/strong> regional do Paran\u00e1 surpreendeu ao fixar valores bem acima do piso nacional em 2026. Milhares de t\u00e9cnicos podem garantir rendimentos de R$ 2.407 mensais, dependendo exclusivamente do enquadramento correto de suas fun\u00e7\u00f5es.<\/p>\n\n\n\n<h2 class=\"wp-block-heading\">O que \u00e9 o sal\u00e1rio m\u00ednimo regional de R$ 2.407 no Paran\u00e1?<\/h2>\n\n\n\n<p>Este valor refere-se \u00e0 quarta faixa do piso estadual paranaense, estabelecida para vigorar durante todo o ano de 2026. O <strong>sal\u00e1rio m\u00ednimo<\/strong> regional funciona como uma prote\u00e7\u00e3o jur\u00eddica para categorias que n\u00e3o possuem acordos coletivos espec\u00edficos ou pisos definidos por lei federal.<\/p>\n\n\n\n<p>O montante de <strong>R$ 2.407,90<\/strong> foi calculado com base no <strong><a href=\"https:\/\/www.ibge.gov.br\/estatisticas\/economicas\/precos-e-custos\/9258-indice-nacional-de-precos-ao-consumidor.html\" target=\"_blank\" rel=\"noreferrer noopener\">INPC<\/a><\/strong> e em indicadores socioecon\u00f4micos locais para preservar o poder de compra. Ele representa o teto das categorias beneficiadas pelo governo estadual, colocando o <strong>Paran\u00e1<\/strong> em uma posi\u00e7\u00e3o de destaque na valoriza\u00e7\u00e3o do trabalho t\u00e9cnico de n\u00edvel m\u00e9dio.<\/p>\n\n\n<div class=\"wp-block-image\">\n<figure class=\"aligncenter size-large\"><img loading=\"lazy\" decoding=\"async\" width=\"1024\" height=\"576\" src=\"https:\/\/www.em.com.br\/emfoco\/wp-content\/uploads\/2026\/04\/carteira-dinheiro-1024x576.jpg\" alt=\"O impacto das regras trabalhistas de 2026 na rotina de quem tem carteira assinada\" class=\"wp-image-198370\" srcset=\"https:\/\/www.em.com.br\/emfoco\/wp-content\/uploads\/2026\/04\/carteira-dinheiro-1024x576.jpg 1024w, https:\/\/www.em.com.br\/emfoco\/wp-content\/uploads\/2026\/04\/carteira-dinheiro-300x169.jpg 300w, https:\/\/www.em.com.br\/emfoco\/wp-content\/uploads\/2026\/04\/carteira-dinheiro-768x432.jpg 768w, https:\/\/www.em.com.br\/emfoco\/wp-content\/uploads\/2026\/04\/carteira-dinheiro-750x422.jpg 750w, https:\/\/www.em.com.br\/emfoco\/wp-content\/uploads\/2026\/04\/carteira-dinheiro-1140x641.jpg 1140w, https:\/\/www.em.com.br\/emfoco\/wp-content\/uploads\/2026\/04\/carteira-dinheiro.jpg 1280w\" sizes=\"auto, (max-width: 1024px) 100vw, 1024px\" \/><figcaption class=\"wp-element-caption\">O impacto das regras trabalhistas de 2026 na rotina de quem tem carteira assinada &#8211; Cr\u00e9ditos: depositphotos.com \/ robertohunger<\/figcaption><\/figure><\/div>\n\n\n<h2 class=\"wp-block-heading\">Quem tem direito ao recebimento deste valor espec\u00edfico?<\/h2>\n\n\n\n<p>O direito ao <strong>sal\u00e1rio m\u00ednimo<\/strong> de R$ 2.407 n\u00e3o \u00e9 universal para todos os paranaenses, sendo focado no chamado <strong>Grupo IV<\/strong> da tabela estadual. Este grupo abrange profissionais que exercem fun\u00e7\u00f5es t\u00e9cnicas e que possuem forma\u00e7\u00e3o escolar de n\u00edvel intermedi\u00e1rio conclu\u00edda.<\/p>\n\n\n\n<p>Confira quais profissionais est\u00e3o inclu\u00eddos nesta categoria de remunera\u00e7\u00e3o superior:<\/p>\n\n\n\n<ul class=\"wp-block-list\">\n<li>T\u00e9cnicos de n\u00edvel m\u00e9dio de diversas \u00e1reas industriais e de servi\u00e7os.<\/li>\n\n\n\n<li>Registradores Civis de Pessoas Naturais.<\/li>\n\n\n\n<li>Trabalhadores classificados no Grande Grupo 3 da <strong>CBO<\/strong>.<\/li>\n\n\n\n<li>Profissionais sem conven\u00e7\u00e3o coletiva que atuem em fun\u00e7\u00f5es t\u00e9cnicas.<\/li>\n<\/ul>\n\n\n\n<h2 class=\"wp-block-heading\">Quais s\u00e3o as quatro faixas do piso regional paranaense?<\/h2>\n\n\n\n<p>A estrutura salarial do estado \u00e9 dividida para atender desde o <a href=\"https:\/\/www.em.com.br\/emfoco\/2026\/05\/02\/governo-confirma-feriadao-prolongado-em-junho-de-2026-veja-quantos-dias-de-folga-os-trabalhadores-terao\/\" target=\"_blank\" rel=\"noreferrer noopener\">setor agropecu\u00e1rio<\/a> at\u00e9 os servi\u00e7os especializados. Essa organiza\u00e7\u00e3o garante que o <strong>sal\u00e1rio m\u00ednimo<\/strong> seja proporcional \u00e0 complexidade de cada atividade exercida, promovendo uma hierarquia financeira justa entre os setores produtivos.<\/p>\n\n\n\n<p>As faixas de rendimento para o exerc\u00edcio de 2026 s\u00e3o as seguintes:<\/p>\n\n\n<div class=\"wp-block-image\">\n<figure class=\"aligncenter size-large is-resized\"><img loading=\"lazy\" decoding=\"async\" width=\"1024\" height=\"606\" src=\"https:\/\/www.em.com.br\/emfoco\/wp-content\/uploads\/2026\/05\/image-39-1024x606.png\" alt=\"\" class=\"wp-image-203288\" style=\"width:776px;height:auto\" srcset=\"https:\/\/www.em.com.br\/emfoco\/wp-content\/uploads\/2026\/05\/image-39-1024x606.png 1024w, https:\/\/www.em.com.br\/emfoco\/wp-content\/uploads\/2026\/05\/image-39-300x178.png 300w, https:\/\/www.em.com.br\/emfoco\/wp-content\/uploads\/2026\/05\/image-39-768x455.png 768w, https:\/\/www.em.com.br\/emfoco\/wp-content\/uploads\/2026\/05\/image-39-750x444.png 750w, https:\/\/www.em.com.br\/emfoco\/wp-content\/uploads\/2026\/05\/image-39-1140x675.png 1140w, https:\/\/www.em.com.br\/emfoco\/wp-content\/uploads\/2026\/05\/image-39.png 1280w\" sizes=\"auto, (max-width: 1024px) 100vw, 1024px\" \/><\/figure><\/div>\n\n\n<h2 class=\"wp-block-heading\">Como este valor impacta o mercado de trabalho e as empresas?<\/h2>\n\n\n\n<p>A aplica\u00e7\u00e3o de um <strong>sal\u00e1rio m\u00ednimo<\/strong> regional mais elevado obriga as empresas a revisarem suas tabelas de cargos e sal\u00e1rios para evitar passivos trabalhistas. Para o com\u00e9rcio e a ind\u00fastria, o valor serve como base para contrata\u00e7\u00f5es de entrada, elevando o padr\u00e3o de consumo local.<\/p>\n\n\n\n<p>Segundo diretrizes do <a href=\"https:\/\/www.gov.br\/trabalho-e-emprego\/pt-br\" target=\"_blank\" rel=\"noreferrer noopener\">Minist\u00e9rio do Trabalho e Emprego<\/a>, o uso da Classifica\u00e7\u00e3o Brasileira de Ocupa\u00e7\u00f5es \u00e9 fundamental para identificar o piso correto. Quando uma empresa ignora o valor regional, ela fica sujeita a multas administrativas e processos de equipara\u00e7\u00e3o salarial movidos pelos sindicatos das categorias afetadas.<\/p>\n\n\n\n<h2 class=\"wp-block-heading\">O que o trabalhador deve fazer para garantir o seu direito?<\/h2>\n\n\n\n<p>O primeiro passo para o trabalhador \u00e9 verificar o c\u00f3digo da sua fun\u00e7\u00e3o na carteira de trabalho e comparar com a lista de ocupa\u00e7\u00f5es do <strong>Grupo IV<\/strong>. Caso o pagamento esteja sendo feito com base no <strong>sal\u00e1rio m\u00ednimo<\/strong> federal, \u00e9 necess\u00e1rio solicitar a adequa\u00e7\u00e3o imediata ao departamento de recursos humanos.<\/p>\n\n\n\n<p>Para entender melhor como funcionam as <strong>leis trabalhistas<\/strong> e a <strong>hierarquia dos pisos salariais<\/strong>, \u00e9 importante buscar informa\u00e7\u00f5es confi\u00e1veis sobre a evolu\u00e7\u00e3o do piso nacional ao longo do tempo. Manter-se informado \u00e9 a melhor forma de garantir que a valoriza\u00e7\u00e3o profissional aprovada pelo governo estadual realmente chegue ao bolso de quem faz a economia do Paran\u00e1 acontecer no dia a dia.<\/p>\n\n\n\n<p>Respeitar o teto de <strong>R$ 2.407,90<\/strong> \u00e9 um dever legal das empresas paranaenses durante todo o ano de 2026. Se voc\u00ea \u00e9 um t\u00e9cnico de n\u00edvel m\u00e9dio, n\u00e3o deixe de cobrar o valor justo pelo seu conhecimento, garantindo que sua remunera\u00e7\u00e3o esteja alinhada com a qualifica\u00e7\u00e3o t\u00e9cnica exigida para o exerc\u00edcio de sua profiss\u00e3o.<\/p>\n","protected":false},"excerpt":{"rendered":"<p>O novo sal\u00e1rio m\u00ednimo regional do Paran\u00e1 surpreendeu ao fixar valores bem acima do piso nacional em 2026. Milhares de t\u00e9cnicos podem garantir rendimentos de R$ 2.407 mensais, dependendo exclusivamente do enquadramento correto de suas fun\u00e7\u00f5es. O que \u00e9 o sal\u00e1rio m\u00ednimo regional de R$ 2.407 no Paran\u00e1? Este valor refere-se \u00e0 quarta faixa do [&hellip;]<\/p>\n","protected":false},"author":30,"featured_media":203352,"comment_status":"open","ping_status":"open","sticky":false,"template":"","format":"standard","meta":{"jnews-multi-image_gallery":[],"jnews_single_post":{"format":"standard"},"jnews_primary_category":[],"jnews_social_meta":[],"jnews_override_counter":[],"footnotes":""},"categories":[28],"tags":[1342,1209,5978,641],"class_list":["post-203280","post","type-post","status-publish","format-standard","has-post-thumbnail","hentry","category-economia","tag-direitos","tag-parana","tag-piso-regional","tag-trabalhador"],"yoast_head":"<!-- This site is optimized with the Yoast SEO plugin v23.8 - https:\/\/yoast.com\/wordpress\/plugins\/seo\/ -->\n<title>Muitos trabalhadores podem receber sal\u00e1rio m\u00ednimo de R$ 2.407 por m\u00eas sem saber - Estado de Minas - Em foco<\/title>\n<meta name=\"description\" content=\"Entenda como este valor pode elevar a renda mensal de trabalhadores nesta regi\u00e3o e veja quem pode receber sem saber.\" \/>\n<meta name=\"robots\" content=\"index, follow, max-snippet:-1, max-image-preview:large, max-video-preview:-1\" \/>\n<link rel=\"canonical\" href=\"https:\/\/www.em.com.br\/emfoco\/2026\/05\/03\/muitos-trabalhadores-podem-receber-salario-minimo-de-r-2-407-por-mes-sem-saber\/\" \/>\n<meta property=\"og:locale\" content=\"pt_BR\" \/>\n<meta property=\"og:type\" content=\"article\" \/>\n<meta property=\"og:title\" content=\"Muitos trabalhadores podem receber sal\u00e1rio m\u00ednimo de R$ 2.407 por m\u00eas sem saber - Estado de Minas - Em foco\" \/>\n<meta property=\"og:description\" content=\"Entenda como este valor pode elevar a renda mensal de trabalhadores nesta regi\u00e3o e veja quem pode receber sem saber.\" \/>\n<meta property=\"og:url\" content=\"https:\/\/www.em.com.br\/emfoco\/2026\/05\/03\/muitos-trabalhadores-podem-receber-salario-minimo-de-r-2-407-por-mes-sem-saber\/\" \/>\n<meta property=\"og:site_name\" content=\"Estado de Minas - Em foco\" \/>\n<meta property=\"article:published_time\" content=\"2026-05-03T10:45:00+00:00\" \/>\n<meta property=\"article:modified_time\" content=\"2026-05-02T18:48:11+00:00\" \/>\n<meta property=\"og:image\" content=\"https:\/\/www.em.com.br\/emfoco\/wp-content\/uploads\/2026\/05\/EmFoco_13-2.jpg\" \/>\n\t<meta property=\"og:image:width\" content=\"1280\" \/>\n\t<meta property=\"og:image:height\" content=\"720\" \/>\n\t<meta property=\"og:image:type\" content=\"image\/jpeg\" \/>\n<meta name=\"author\" content=\"Guilherme Ara\u00fajo\" \/>\n<meta name=\"twitter:card\" content=\"summary_large_image\" \/>\n<meta name=\"twitter:label1\" content=\"Escrito por\" \/>\n\t<meta name=\"twitter:data1\" content=\"Guilherme Ara\u00fajo\" \/>\n\t<meta name=\"twitter:label2\" content=\"Est. tempo de leitura\" \/>\n\t<meta name=\"twitter:data2\" content=\"4 minutos\" \/>\n<!-- \/ Yoast SEO plugin. -->","yoast_head_json":{"title":"Muitos trabalhadores podem receber sal\u00e1rio m\u00ednimo de R$ 2.407 por m\u00eas sem saber - Estado de Minas - Em foco","description":"Entenda como este valor pode elevar a renda mensal de trabalhadores nesta regi\u00e3o e veja quem pode receber sem saber.","robots":{"index":"index","follow":"follow","max-snippet":"max-snippet:-1","max-image-preview":"max-image-preview:large","max-video-preview":"max-video-preview:-1"},"canonical":"https:\/\/www.em.com.br\/emfoco\/2026\/05\/03\/muitos-trabalhadores-podem-receber-salario-minimo-de-r-2-407-por-mes-sem-saber\/","og_locale":"pt_BR","og_type":"article","og_title":"Muitos trabalhadores podem receber sal\u00e1rio m\u00ednimo de R$ 2.407 por m\u00eas sem saber - Estado de Minas - Em foco","og_description":"Entenda como este valor pode elevar a renda mensal de trabalhadores nesta regi\u00e3o e veja quem pode receber sem saber.","og_url":"https:\/\/www.em.com.br\/emfoco\/2026\/05\/03\/muitos-trabalhadores-podem-receber-salario-minimo-de-r-2-407-por-mes-sem-saber\/","og_site_name":"Estado de Minas - Em foco","article_published_time":"2026-05-03T10:45:00+00:00","article_modified_time":"2026-05-02T18:48:11+00:00","og_image":[{"width":1280,"height":720,"url":"https:\/\/www.em.com.br\/emfoco\/wp-content\/uploads\/2026\/05\/EmFoco_13-2.jpg","type":"image\/jpeg"}],"author":"Guilherme Ara\u00fajo","twitter_card":"summary_large_image","twitter_misc":{"Escrito por":"Guilherme Ara\u00fajo","Est. tempo de leitura":"4 minutos"},"schema":{"@context":"https:\/\/schema.org","@graph":[{"@type":"WebPage","@id":"https:\/\/www.em.com.br\/emfoco\/2026\/05\/03\/muitos-trabalhadores-podem-receber-salario-minimo-de-r-2-407-por-mes-sem-saber\/","url":"https:\/\/www.em.com.br\/emfoco\/2026\/05\/03\/muitos-trabalhadores-podem-receber-salario-minimo-de-r-2-407-por-mes-sem-saber\/","name":"Muitos trabalhadores podem receber sal\u00e1rio m\u00ednimo de R$ 2.407 por m\u00eas sem saber - Estado de Minas - Em foco","isPartOf":{"@id":"https:\/\/www.em.com.br\/emfoco\/#website"},"primaryImageOfPage":{"@id":"https:\/\/www.em.com.br\/emfoco\/2026\/05\/03\/muitos-trabalhadores-podem-receber-salario-minimo-de-r-2-407-por-mes-sem-saber\/#primaryimage"},"image":{"@id":"https:\/\/www.em.com.br\/emfoco\/2026\/05\/03\/muitos-trabalhadores-podem-receber-salario-minimo-de-r-2-407-por-mes-sem-saber\/#primaryimage"},"thumbnailUrl":"https:\/\/www.em.com.br\/emfoco\/wp-content\/uploads\/2026\/05\/EmFoco_13-2.jpg","datePublished":"2026-05-03T10:45:00+00:00","dateModified":"2026-05-02T18:48:11+00:00","author":{"@id":"https:\/\/www.em.com.br\/emfoco\/#\/schema\/person\/5379e929a4b966c775d121e23f9bb421"},"description":"Entenda como este valor pode elevar a renda mensal de trabalhadores nesta regi\u00e3o e veja quem pode receber sem saber.","breadcrumb":{"@id":"https:\/\/www.em.com.br\/emfoco\/2026\/05\/03\/muitos-trabalhadores-podem-receber-salario-minimo-de-r-2-407-por-mes-sem-saber\/#breadcrumb"},"inLanguage":"pt-BR","potentialAction":[{"@type":"ReadAction","target":["https:\/\/www.em.com.br\/emfoco\/2026\/05\/03\/muitos-trabalhadores-podem-receber-salario-minimo-de-r-2-407-por-mes-sem-saber\/"]}]},{"@type":"ImageObject","inLanguage":"pt-BR","@id":"https:\/\/www.em.com.br\/emfoco\/2026\/05\/03\/muitos-trabalhadores-podem-receber-salario-minimo-de-r-2-407-por-mes-sem-saber\/#primaryimage","url":"https:\/\/www.em.com.br\/emfoco\/wp-content\/uploads\/2026\/05\/EmFoco_13-2.jpg","contentUrl":"https:\/\/www.em.com.br\/emfoco\/wp-content\/uploads\/2026\/05\/EmFoco_13-2.jpg","width":1280,"height":720,"caption":"Paran\u00e1 fixa sal\u00e1rio regional superior para t\u00e9cnicos de n\u00edvel m\u00e9dio em 2026"},{"@type":"BreadcrumbList","@id":"https:\/\/www.em.com.br\/emfoco\/2026\/05\/03\/muitos-trabalhadores-podem-receber-salario-minimo-de-r-2-407-por-mes-sem-saber\/#breadcrumb","itemListElement":[{"@type":"ListItem","position":1,"name":"In\u00edcio","item":"https:\/\/www.em.com.br\/emfoco\/"},{"@type":"ListItem","position":2,"name":"Muitos trabalhadores podem receber sal\u00e1rio m\u00ednimo de R$ 2.407 por m\u00eas sem saber"}]},{"@type":"WebSite","@id":"https:\/\/www.em.com.br\/emfoco\/#website","url":"https:\/\/www.em.com.br\/emfoco\/","name":"Estado de Minas - Em foco","description":"Acompanhe as \u00faltimas not\u00edcias e fique bem informado sobre tudo o que acontece em Minas Gerais, Brasil e no mundo.","potentialAction":[{"@type":"SearchAction","target":{"@type":"EntryPoint","urlTemplate":"https:\/\/www.em.com.br\/emfoco\/?s={search_term_string}"},"query-input":{"@type":"PropertyValueSpecification","valueRequired":true,"valueName":"search_term_string"}}],"inLanguage":"pt-BR"},{"@type":"Person","@id":"https:\/\/www.em.com.br\/emfoco\/#\/schema\/person\/5379e929a4b966c775d121e23f9bb421","name":"Guilherme Ara\u00fajo","image":{"@type":"ImageObject","inLanguage":"pt-BR","@id":"https:\/\/www.em.com.br\/emfoco\/#\/schema\/person\/image\/","url":"https:\/\/secure.gravatar.com\/avatar\/b8bf1fd0130e170bd8f5d7298dbafa25?s=96&d=mm&r=g","contentUrl":"https:\/\/secure.gravatar.com\/avatar\/b8bf1fd0130e170bd8f5d7298dbafa25?s=96&d=mm&r=g","caption":"Guilherme Ara\u00fajo"},"sameAs":["https:\/\/www.em.com.br\/emfoco"],"url":"https:\/\/www.em.com.br\/emfoco\/author\/guilhermeamyth\/"}]}},"_links":{"self":[{"href":"https:\/\/www.em.com.br\/emfoco\/wp-json\/wp\/v2\/posts\/203280","targetHints":{"allow":["GET"]}}],"collection":[{"href":"https:\/\/www.em.com.br\/emfoco\/wp-json\/wp\/v2\/posts"}],"about":[{"href":"https:\/\/www.em.com.br\/emfoco\/wp-json\/wp\/v2\/types\/post"}],"author":[{"embeddable":true,"href":"https:\/\/www.em.com.br\/emfoco\/wp-json\/wp\/v2\/users\/30"}],"replies":[{"embeddable":true,"href":"https:\/\/www.em.com.br\/emfoco\/wp-json\/wp\/v2\/comments?post=203280"}],"version-history":[{"count":1,"href":"https:\/\/www.em.com.br\/emfoco\/wp-json\/wp\/v2\/posts\/203280\/revisions"}],"predecessor-version":[{"id":203289,"href":"https:\/\/www.em.com.br\/emfoco\/wp-json\/wp\/v2\/posts\/203280\/revisions\/203289"}],"wp:featuredmedia":[{"embeddable":true,"href":"https:\/\/www.em.com.br\/emfoco\/wp-json\/wp\/v2\/media\/203352"}],"wp:attachment":[{"href":"https:\/\/www.em.com.br\/emfoco\/wp-json\/wp\/v2\/media?parent=203280"}],"wp:term":[{"taxonomy":"category","embeddable":true,"href":"https:\/\/www.em.com.br\/emfoco\/wp-json\/wp\/v2\/categories?post=203280"},{"taxonomy":"post_tag","embeddable":true,"href":"https:\/\/www.em.com.br\/emfoco\/wp-json\/wp\/v2\/tags?post=203280"}],"curies":[{"name":"wp","href":"https:\/\/api.w.org\/{rel}","templated":true}]}}