{"id":203279,"date":"2026-05-03T04:35:00","date_gmt":"2026-05-03T07:35:00","guid":{"rendered":"https:\/\/www.em.com.br\/emfoco\/?p=203279"},"modified":"2026-05-02T15:48:03","modified_gmt":"2026-05-02T18:48:03","slug":"fogao-a-lenha-pode-gerar-multa-de-r-5-000-para-quem-fizer-uso-dessa-forma-em-casa","status":"publish","type":"post","link":"https:\/\/www.em.com.br\/emfoco\/2026\/05\/03\/fogao-a-lenha-pode-gerar-multa-de-r-5-000-para-quem-fizer-uso-dessa-forma-em-casa\/","title":{"rendered":"Fog\u00e3o a lenha pode gerar multa de R$ 5.000 para quem fizer uso dessa forma em casa"},"content":{"rendered":"\n<p>O uso do <strong>fog\u00e3o a lenha<\/strong> n\u00e3o \u00e9 proibido por lei federal, mas a emiss\u00e3o excessiva de fuma\u00e7a pode ser enquadrada como crime ambiental. Se o equipamento causar danos \u00e0 sa\u00fade de vizinhos ou polui\u00e7\u00e3o atmosf\u00e9rica, o propriet\u00e1rio arrisca multas pesadas.<\/p>\n\n\n\n<h2 class=\"wp-block-heading\">Quando a utiliza\u00e7\u00e3o do fog\u00e3o se torna um problema legal?<\/h2>\n\n\n\n<p>A legisla\u00e7\u00e3o brasileira foca no impacto causado pela fuma\u00e7a e n\u00e3o na exist\u00eancia do objeto em si. De acordo com a <a href=\"https:\/\/www.planalto.gov.br\/ccivil_03\/leis\/l9605.htm\" target=\"_blank\" rel=\"noreferrer noopener\">Lei de Crimes Ambientais<\/a>, causar polui\u00e7\u00e3o que resulte em danos \u00e0 sa\u00fade humana \u00e9 uma infra\u00e7\u00e3o que pode levar \u00e0 reclus\u00e3o e penalidades financeiras.<\/p>\n\n\n\n<p>O problema surge quando o <strong>fog\u00e3o a lenha<\/strong> \u00e9 operado sem chamin\u00e9s adequadas ou quando s\u00e3o queimados materiais proibidos, como lixo e pl\u00e1sticos. Nessas situa\u00e7\u00f5es, a fuma\u00e7a t\u00f3xica invade propriedades alheias, gerando den\u00fancias que ativam a fiscaliza\u00e7\u00e3o dos \u00f3rg\u00e3os municipais e estaduais de meio ambiente.<\/p>\n\n\n<div class=\"wp-block-image\">\n<figure class=\"aligncenter size-large\"><img loading=\"lazy\" decoding=\"async\" width=\"1024\" height=\"576\" src=\"https:\/\/www.em.com.br\/emfoco\/wp-content\/uploads\/2026\/05\/fogao-a-lenha-1-1024x576.jpg\" alt=\"Fog\u00e3o a lenha em casa pode gerar multa de R$ 5 mil e at\u00e9 pris\u00e3o\" class=\"wp-image-203284\" srcset=\"https:\/\/www.em.com.br\/emfoco\/wp-content\/uploads\/2026\/05\/fogao-a-lenha-1-1024x576.jpg 1024w, https:\/\/www.em.com.br\/emfoco\/wp-content\/uploads\/2026\/05\/fogao-a-lenha-1-300x169.jpg 300w, https:\/\/www.em.com.br\/emfoco\/wp-content\/uploads\/2026\/05\/fogao-a-lenha-1-768x432.jpg 768w, https:\/\/www.em.com.br\/emfoco\/wp-content\/uploads\/2026\/05\/fogao-a-lenha-1-750x422.jpg 750w, https:\/\/www.em.com.br\/emfoco\/wp-content\/uploads\/2026\/05\/fogao-a-lenha-1-1140x641.jpg 1140w, https:\/\/www.em.com.br\/emfoco\/wp-content\/uploads\/2026\/05\/fogao-a-lenha-1.jpg 1280w\" sizes=\"auto, (max-width: 1024px) 100vw, 1024px\" \/><figcaption class=\"wp-element-caption\">Fog\u00e3o a lenha em casa pode render puni\u00e7\u00e3o por crime ambiental<\/figcaption><\/figure><\/div>\n\n\n<h2 class=\"wp-block-heading\">Quais fatores determinam a aplica\u00e7\u00e3o de multas ambientais?<\/h2>\n\n\n\n<p>Os agentes de fiscaliza\u00e7\u00e3o avaliam a gravidade da situa\u00e7\u00e3o com base na intensidade da polui\u00e7\u00e3o gerada no local. O <strong>Decreto n\u00ba 6.514\/2008<\/strong> estabelece que as multas administrativas para polui\u00e7\u00e3o atmosf\u00e9rica come\u00e7am em <strong>R$ 5.000<\/strong>, podendo escalar conforme o dano causado ao ecossistema e \u00e0 vizinhan\u00e7a.<\/p>\n\n\n\n<p>Confira os pontos cr\u00edticos observados pelas autoridades:<\/p>\n\n\n\n<ul class=\"wp-block-list\">\n<li>Frequ\u00eancia e densidade da fuma\u00e7a emitida pela chamin\u00e9.<\/li>\n\n\n\n<li>Queima de res\u00edduos t\u00f3xicos, como borracha ou solventes.<\/li>\n\n\n\n<li>Falta de comprovante de origem legal da lenha utilizada.<\/li>\n\n\n\n<li>Aus\u00eancia de sistemas de filtragem em estabelecimentos comerciais.<\/li>\n<\/ul>\n\n\n\n<p>Leia tamb\u00e9m: <a href=\"https:\/\/www.em.com.br\/emfoco\/2026\/05\/02\/se-voce-tem-oculos-antigos-possui-um-tesouro-4-ideias-para-reutiliza-los-em-casa-e-nao-joga-los-fora\/\" target=\"_blank\" rel=\"noreferrer noopener\">Se voc\u00ea tem \u00f3culos\u00a0antigos, possui um tesouro: 4 ideias para reutiliz\u00e1-los em casa e n\u00e3o jog\u00e1-los fora<\/a><\/p>\n\n\n\n<h2 class=\"wp-block-heading\">Como o CONAMA regula a qualidade do ar em 2026?<\/h2>\n\n\n\n<p>A atualiza\u00e7\u00e3o das normas nacionais de qualidade do ar trouxe limites mais r\u00edgidos para a emiss\u00e3o de material particulado. A <a href=\"https:\/\/www.gov.br\/mma\/pt-br\/assuntos\/conama\" target=\"_blank\" rel=\"noreferrer noopener\">Resolu\u00e7\u00e3o CONAMA n\u00ba 506\/2024<\/a> monitora poluentes finos que s\u00e3o gerados justamente pela queima incompleta de madeira em ambientes fechados ou urbanos.<\/p>\n\n\n\n<p>Essa regulamenta\u00e7\u00e3o atinge especialmente pizzarias e padarias que operam com <strong>fog\u00e3o a lenha<\/strong> em \u00e1reas densamente povoadas. Em cidades como <strong>S\u00e3o Paulo<\/strong> e <strong>Curitiba<\/strong>, a vigil\u00e2ncia \u00e9 constante, exigindo que o com\u00e9rcio instale filtros modernos para evitar que o aroma e a fuma\u00e7a se tornem um transtorno p\u00fablico.<\/p>\n\n\n<div class=\"wp-block-image\">\n<figure class=\"aligncenter size-large\"><img loading=\"lazy\" decoding=\"async\" width=\"1024\" height=\"576\" src=\"https:\/\/www.em.com.br\/emfoco\/wp-content\/uploads\/2026\/05\/vizinhaca-1-1024x576.jpg\" alt=\"Justi\u00e7a imp\u00f5e limites para uso de fog\u00e3o a lenha em \u00e1reas urbanas\" class=\"wp-image-203286\" srcset=\"https:\/\/www.em.com.br\/emfoco\/wp-content\/uploads\/2026\/05\/vizinhaca-1-1024x576.jpg 1024w, https:\/\/www.em.com.br\/emfoco\/wp-content\/uploads\/2026\/05\/vizinhaca-1-300x169.jpg 300w, https:\/\/www.em.com.br\/emfoco\/wp-content\/uploads\/2026\/05\/vizinhaca-1-768x432.jpg 768w, https:\/\/www.em.com.br\/emfoco\/wp-content\/uploads\/2026\/05\/vizinhaca-1-750x422.jpg 750w, https:\/\/www.em.com.br\/emfoco\/wp-content\/uploads\/2026\/05\/vizinhaca-1-1140x641.jpg 1140w, https:\/\/www.em.com.br\/emfoco\/wp-content\/uploads\/2026\/05\/vizinhaca-1.jpg 1280w\" sizes=\"auto, (max-width: 1024px) 100vw, 1024px\" \/><figcaption class=\"wp-element-caption\">Justi\u00e7a imp\u00f5e limites para uso de fog\u00e3o a lenha em \u00e1reas urbanas<\/figcaption><\/figure><\/div>\n\n\n<h2 class=\"wp-block-heading\">Onde buscar orienta\u00e7\u00f5es sobre o uso correto da lenha?<\/h2>\n\n\n\n<p>Para evitar complica\u00e7\u00f5es, \u00e9 fundamental que o consumidor utilize apenas lenha de proced\u00eancia legal, preferencialmente com certifica\u00e7\u00e3o de origem. O uso de madeira nativa sem autoriza\u00e7\u00e3o \u00e9 um crime aut\u00f4nomo, independentemente de o propriet\u00e1rio estar usando o fog\u00e3o a lenha para fins dom\u00e9sticos ou profissionais.<\/p>\n\n\n\n<p>Muitos estados oferecem guias pr\u00e1ticos atrav\u00e9s de suas secretarias de meio ambiente. Manter a manuten\u00e7\u00e3o da chamin\u00e9 em dia e garantir que a fuma\u00e7a seja dispersada em altura suficiente s\u00e3o as melhores formas de evitar conflitos judiciais e garantir que a tradi\u00e7\u00e3o culin\u00e1ria n\u00e3o resulte em preju\u00edzos financeiros inesperados.<\/p>\n\n\n\n<h2 class=\"wp-block-heading\">Existe alguma chance de proibi\u00e7\u00e3o total do equipamento?<\/h2>\n\n\n\n<p>O <strong>Senado Federal<\/strong> confirmou recentemente que <strong>n\u00e3o h\u00e1 planos para banir o fog\u00e3o a lenha<\/strong> das resid\u00eancias brasileiras. A preocupa\u00e7\u00e3o das autoridades recai unicamente sobre o <strong>mau uso<\/strong> e a<strong> polui\u00e7\u00e3o descontrolada<\/strong>, que afeta a qualidade de vida nas comunidades urbanas e rurais.<\/p>\n\n\n\n<p>Portanto, o uso consciente \u00e9 a chave para a legalidade. Ao investir em um equipamento eficiente e utilizar combust\u00edvel adequado, o cidad\u00e3o preserva o seu direito de uso sem infringir as normas ambientais, garantindo que o calor do lar n\u00e3o se transforme em uma notifica\u00e7\u00e3o de multa de <strong>R$ 5.000<\/strong> ou processos por danos morais.<\/p>\n","protected":false},"excerpt":{"rendered":"<p>O uso do fog\u00e3o a lenha n\u00e3o \u00e9 proibido por lei federal, mas a emiss\u00e3o excessiva de fuma\u00e7a pode ser enquadrada como crime ambiental. Se o equipamento causar danos \u00e0 sa\u00fade de vizinhos ou polui\u00e7\u00e3o atmosf\u00e9rica, o propriet\u00e1rio arrisca multas pesadas. Quando a utiliza\u00e7\u00e3o do fog\u00e3o se torna um problema legal? A legisla\u00e7\u00e3o brasileira foca [&hellip;]<\/p>\n","protected":false},"author":30,"featured_media":203356,"comment_status":"open","ping_status":"open","sticky":false,"template":"","format":"standard","meta":{"jnews-multi-image_gallery":[],"jnews_single_post":{"format":"standard"},"jnews_primary_category":[],"jnews_social_meta":[],"jnews_override_counter":[],"footnotes":""},"categories":[28],"tags":[24967,1163,13612,9442],"class_list":["post-203279","post","type-post","status-publish","format-standard","has-post-thumbnail","hentry","category-economia","tag-fumaca","tag-legislacao","tag-meio-ambiente-2","tag-multa"],"yoast_head":"<!-- This site is optimized with the Yoast SEO plugin v23.8 - https:\/\/yoast.com\/wordpress\/plugins\/seo\/ -->\n<title>Fog\u00e3o a lenha pode gerar multa de R$ 5.000 para quem fizer uso dessa forma em casa - Estado de Minas - Em foco<\/title>\n<meta name=\"description\" content=\"Entenda por que o fog\u00e3o a lenha pode gerar multa de R$ 5.000 para quem fizer uso desta forma em casa. Veja como evitar a penalidade.\" \/>\n<meta name=\"robots\" content=\"index, follow, max-snippet:-1, max-image-preview:large, max-video-preview:-1\" \/>\n<link rel=\"canonical\" href=\"https:\/\/www.em.com.br\/emfoco\/2026\/05\/03\/fogao-a-lenha-pode-gerar-multa-de-r-5-000-para-quem-fizer-uso-dessa-forma-em-casa\/\" \/>\n<meta property=\"og:locale\" content=\"pt_BR\" \/>\n<meta property=\"og:type\" content=\"article\" \/>\n<meta property=\"og:title\" content=\"Fog\u00e3o a lenha pode gerar multa de R$ 5.000 para quem fizer uso dessa forma em casa - Estado de Minas - Em foco\" \/>\n<meta property=\"og:description\" content=\"Entenda por que o fog\u00e3o a lenha pode gerar multa de R$ 5.000 para quem fizer uso desta forma em casa. Veja como evitar a penalidade.\" \/>\n<meta property=\"og:url\" content=\"https:\/\/www.em.com.br\/emfoco\/2026\/05\/03\/fogao-a-lenha-pode-gerar-multa-de-r-5-000-para-quem-fizer-uso-dessa-forma-em-casa\/\" \/>\n<meta property=\"og:site_name\" content=\"Estado de Minas - Em foco\" \/>\n<meta property=\"article:published_time\" content=\"2026-05-03T07:35:00+00:00\" \/>\n<meta property=\"article:modified_time\" content=\"2026-05-02T18:48:03+00:00\" \/>\n<meta property=\"og:image\" content=\"https:\/\/www.em.com.br\/emfoco\/wp-content\/uploads\/2026\/05\/EmFoco_19-2.jpg\" \/>\n\t<meta property=\"og:image:width\" content=\"1280\" \/>\n\t<meta property=\"og:image:height\" content=\"720\" \/>\n\t<meta property=\"og:image:type\" content=\"image\/jpeg\" \/>\n<meta name=\"author\" content=\"Guilherme Ara\u00fajo\" \/>\n<meta name=\"twitter:card\" content=\"summary_large_image\" \/>\n<meta name=\"twitter:label1\" content=\"Escrito por\" \/>\n\t<meta name=\"twitter:data1\" content=\"Guilherme Ara\u00fajo\" \/>\n\t<meta name=\"twitter:label2\" content=\"Est. tempo de leitura\" \/>\n\t<meta name=\"twitter:data2\" content=\"4 minutos\" \/>\n<!-- \/ Yoast SEO plugin. -->","yoast_head_json":{"title":"Fog\u00e3o a lenha pode gerar multa de R$ 5.000 para quem fizer uso dessa forma em casa - Estado de Minas - Em foco","description":"Entenda por que o fog\u00e3o a lenha pode gerar multa de R$ 5.000 para quem fizer uso desta forma em casa. Veja como evitar a penalidade.","robots":{"index":"index","follow":"follow","max-snippet":"max-snippet:-1","max-image-preview":"max-image-preview:large","max-video-preview":"max-video-preview:-1"},"canonical":"https:\/\/www.em.com.br\/emfoco\/2026\/05\/03\/fogao-a-lenha-pode-gerar-multa-de-r-5-000-para-quem-fizer-uso-dessa-forma-em-casa\/","og_locale":"pt_BR","og_type":"article","og_title":"Fog\u00e3o a lenha pode gerar multa de R$ 5.000 para quem fizer uso dessa forma em casa - Estado de Minas - Em foco","og_description":"Entenda por que o fog\u00e3o a lenha pode gerar multa de R$ 5.000 para quem fizer uso desta forma em casa. Veja como evitar a penalidade.","og_url":"https:\/\/www.em.com.br\/emfoco\/2026\/05\/03\/fogao-a-lenha-pode-gerar-multa-de-r-5-000-para-quem-fizer-uso-dessa-forma-em-casa\/","og_site_name":"Estado de Minas - Em foco","article_published_time":"2026-05-03T07:35:00+00:00","article_modified_time":"2026-05-02T18:48:03+00:00","og_image":[{"width":1280,"height":720,"url":"https:\/\/www.em.com.br\/emfoco\/wp-content\/uploads\/2026\/05\/EmFoco_19-2.jpg","type":"image\/jpeg"}],"author":"Guilherme Ara\u00fajo","twitter_card":"summary_large_image","twitter_misc":{"Escrito por":"Guilherme Ara\u00fajo","Est. tempo de leitura":"4 minutos"},"schema":{"@context":"https:\/\/schema.org","@graph":[{"@type":"WebPage","@id":"https:\/\/www.em.com.br\/emfoco\/2026\/05\/03\/fogao-a-lenha-pode-gerar-multa-de-r-5-000-para-quem-fizer-uso-dessa-forma-em-casa\/","url":"https:\/\/www.em.com.br\/emfoco\/2026\/05\/03\/fogao-a-lenha-pode-gerar-multa-de-r-5-000-para-quem-fizer-uso-dessa-forma-em-casa\/","name":"Fog\u00e3o a lenha pode gerar multa de R$ 5.000 para quem fizer uso dessa forma em casa - Estado de Minas - Em foco","isPartOf":{"@id":"https:\/\/www.em.com.br\/emfoco\/#website"},"primaryImageOfPage":{"@id":"https:\/\/www.em.com.br\/emfoco\/2026\/05\/03\/fogao-a-lenha-pode-gerar-multa-de-r-5-000-para-quem-fizer-uso-dessa-forma-em-casa\/#primaryimage"},"image":{"@id":"https:\/\/www.em.com.br\/emfoco\/2026\/05\/03\/fogao-a-lenha-pode-gerar-multa-de-r-5-000-para-quem-fizer-uso-dessa-forma-em-casa\/#primaryimage"},"thumbnailUrl":"https:\/\/www.em.com.br\/emfoco\/wp-content\/uploads\/2026\/05\/EmFoco_19-2.jpg","datePublished":"2026-05-03T07:35:00+00:00","dateModified":"2026-05-02T18:48:03+00:00","author":{"@id":"https:\/\/www.em.com.br\/emfoco\/#\/schema\/person\/5379e929a4b966c775d121e23f9bb421"},"description":"Entenda por que o fog\u00e3o a lenha pode gerar multa de R$ 5.000 para quem fizer uso desta forma em casa. Veja como evitar a penalidade.","breadcrumb":{"@id":"https:\/\/www.em.com.br\/emfoco\/2026\/05\/03\/fogao-a-lenha-pode-gerar-multa-de-r-5-000-para-quem-fizer-uso-dessa-forma-em-casa\/#breadcrumb"},"inLanguage":"pt-BR","potentialAction":[{"@type":"ReadAction","target":["https:\/\/www.em.com.br\/emfoco\/2026\/05\/03\/fogao-a-lenha-pode-gerar-multa-de-r-5-000-para-quem-fizer-uso-dessa-forma-em-casa\/"]}]},{"@type":"ImageObject","inLanguage":"pt-BR","@id":"https:\/\/www.em.com.br\/emfoco\/2026\/05\/03\/fogao-a-lenha-pode-gerar-multa-de-r-5-000-para-quem-fizer-uso-dessa-forma-em-casa\/#primaryimage","url":"https:\/\/www.em.com.br\/emfoco\/wp-content\/uploads\/2026\/05\/EmFoco_19-2.jpg","contentUrl":"https:\/\/www.em.com.br\/emfoco\/wp-content\/uploads\/2026\/05\/EmFoco_19-2.jpg","width":1280,"height":720,"caption":"Emiss\u00e3o excessiva de fuma\u00e7a em fog\u00f5es a lenha configura crime ambiental pass\u00edvel"},{"@type":"BreadcrumbList","@id":"https:\/\/www.em.com.br\/emfoco\/2026\/05\/03\/fogao-a-lenha-pode-gerar-multa-de-r-5-000-para-quem-fizer-uso-dessa-forma-em-casa\/#breadcrumb","itemListElement":[{"@type":"ListItem","position":1,"name":"In\u00edcio","item":"https:\/\/www.em.com.br\/emfoco\/"},{"@type":"ListItem","position":2,"name":"Fog\u00e3o a lenha pode gerar multa de R$ 5.000 para quem fizer uso dessa forma em casa"}]},{"@type":"WebSite","@id":"https:\/\/www.em.com.br\/emfoco\/#website","url":"https:\/\/www.em.com.br\/emfoco\/","name":"Estado de Minas - Em foco","description":"Acompanhe as \u00faltimas not\u00edcias e fique bem informado sobre tudo o que acontece em Minas Gerais, Brasil e no mundo.","potentialAction":[{"@type":"SearchAction","target":{"@type":"EntryPoint","urlTemplate":"https:\/\/www.em.com.br\/emfoco\/?s={search_term_string}"},"query-input":{"@type":"PropertyValueSpecification","valueRequired":true,"valueName":"search_term_string"}}],"inLanguage":"pt-BR"},{"@type":"Person","@id":"https:\/\/www.em.com.br\/emfoco\/#\/schema\/person\/5379e929a4b966c775d121e23f9bb421","name":"Guilherme Ara\u00fajo","image":{"@type":"ImageObject","inLanguage":"pt-BR","@id":"https:\/\/www.em.com.br\/emfoco\/#\/schema\/person\/image\/","url":"https:\/\/secure.gravatar.com\/avatar\/b8bf1fd0130e170bd8f5d7298dbafa25?s=96&d=mm&r=g","contentUrl":"https:\/\/secure.gravatar.com\/avatar\/b8bf1fd0130e170bd8f5d7298dbafa25?s=96&d=mm&r=g","caption":"Guilherme Ara\u00fajo"},"sameAs":["https:\/\/www.em.com.br\/emfoco"],"url":"https:\/\/www.em.com.br\/emfoco\/author\/guilhermeamyth\/"}]}},"_links":{"self":[{"href":"https:\/\/www.em.com.br\/emfoco\/wp-json\/wp\/v2\/posts\/203279","targetHints":{"allow":["GET"]}}],"collection":[{"href":"https:\/\/www.em.com.br\/emfoco\/wp-json\/wp\/v2\/posts"}],"about":[{"href":"https:\/\/www.em.com.br\/emfoco\/wp-json\/wp\/v2\/types\/post"}],"author":[{"embeddable":true,"href":"https:\/\/www.em.com.br\/emfoco\/wp-json\/wp\/v2\/users\/30"}],"replies":[{"embeddable":true,"href":"https:\/\/www.em.com.br\/emfoco\/wp-json\/wp\/v2\/comments?post=203279"}],"version-history":[{"count":1,"href":"https:\/\/www.em.com.br\/emfoco\/wp-json\/wp\/v2\/posts\/203279\/revisions"}],"predecessor-version":[{"id":203287,"href":"https:\/\/www.em.com.br\/emfoco\/wp-json\/wp\/v2\/posts\/203279\/revisions\/203287"}],"wp:featuredmedia":[{"embeddable":true,"href":"https:\/\/www.em.com.br\/emfoco\/wp-json\/wp\/v2\/media\/203356"}],"wp:attachment":[{"href":"https:\/\/www.em.com.br\/emfoco\/wp-json\/wp\/v2\/media?parent=203279"}],"wp:term":[{"taxonomy":"category","embeddable":true,"href":"https:\/\/www.em.com.br\/emfoco\/wp-json\/wp\/v2\/categories?post=203279"},{"taxonomy":"post_tag","embeddable":true,"href":"https:\/\/www.em.com.br\/emfoco\/wp-json\/wp\/v2\/tags?post=203279"}],"curies":[{"name":"wp","href":"https:\/\/api.w.org\/{rel}","templated":true}]}}