{"id":203259,"date":"2026-05-03T04:05:00","date_gmt":"2026-05-03T07:05:00","guid":{"rendered":"https:\/\/www.em.com.br\/emfoco\/?p=203259"},"modified":"2026-05-02T15:47:52","modified_gmt":"2026-05-02T18:47:52","slug":"carros-com-mais-de-20-anos-viram-ativos-vantajosos-com-novas-regras-do-ipva-em-2026","status":"publish","type":"post","link":"https:\/\/www.em.com.br\/emfoco\/2026\/05\/03\/carros-com-mais-de-20-anos-viram-ativos-vantajosos-com-novas-regras-do-ipva-em-2026\/","title":{"rendered":"Carros com mais de 20 anos viram ativos vantajosos com novas regras do IPVA em 2026"},"content":{"rendered":"\n<p>A nova regra de <strong>IPVA<\/strong> para 2026 estabelece imunidade tribut\u00e1ria nacional para ve\u00edculos com 20 anos ou mais de fabrica\u00e7\u00e3o. Essa mudan\u00e7a uniformiza o imposto em todo o pa\u00eds, beneficiando milh\u00f5es de motoristas que antes dependiam de legisla\u00e7\u00f5es estaduais variadas.<\/p>\n\n\n\n<h2 class=\"wp-block-heading\">Como a Emenda Constitucional alterou a cobran\u00e7a do IPVA?<\/h2>\n\n\n\n<p>A aprova\u00e7\u00e3o da <strong><a href=\"https:\/\/www25.senado.leg.br\/web\/atividade\/materias\/-\/materia\/161820\" target=\"_blank\" rel=\"noreferrer noopener\">PEC 72\/2023<\/a><\/strong> no <strong>Senado Federal<\/strong> transformou a isen\u00e7\u00e3o, que era opcional para os estados, em uma obriga\u00e7\u00e3o constitucional. Agora, nenhum governo estadual pode tributar carros, caminhonetes ou SUVs produzidos h\u00e1 duas d\u00e9cadas, criando um al\u00edvio financeiro direto para propriet\u00e1rios de modelos antigos.<\/p>\n\n\n\n<p>Antes dessa atualiza\u00e7\u00e3o na <strong>Constitui\u00e7\u00e3o Federal<\/strong>, estados como <strong>Minas Gerais<\/strong> e <strong>Pernambuco<\/strong> aplicavam regras rigorosas ou sequer concediam o benef\u00edcio por idade. Com a nova diretriz, ve\u00edculos fabricados em <strong>2006<\/strong> ou anos anteriores passam a ter valor de imposto zero automaticamente a partir do exerc\u00edcio atual.<\/p>\n\n\n\n<h2 class=\"wp-block-heading\">Quais estados brasileiros foram mais afetados pela nova regra do IPVA?<\/h2>\n\n\n\n<p>A mudan\u00e7a impactou severamente as unidades federativas que possu\u00edam prazos de isen\u00e7\u00e3o mais longos ou restritivos. Em <strong>Santa Catarina<\/strong> e no <strong>Tocantins<\/strong>, por exemplo, a gratuidade s\u00f3 era alcan\u00e7ada ap\u00f3s <strong>30 anos<\/strong>, o que obrigava muitos cidad\u00e3os a pagarem o tributo por uma d\u00e9cada extra.<\/p>\n\n\n\n<p>Abaixo, veja como os estados est\u00e3o organizados em rela\u00e7\u00e3o ao tempo de fabrica\u00e7\u00e3o para o benef\u00edcio:<\/p>\n\n\n<div class=\"wp-block-image\">\n<figure class=\"aligncenter size-large is-resized\"><img loading=\"lazy\" decoding=\"async\" width=\"1024\" height=\"514\" src=\"https:\/\/www.em.com.br\/emfoco\/wp-content\/uploads\/2026\/05\/image-36-1024x514.png\" alt=\"IPVA\" class=\"wp-image-203267\" style=\"width:800px;height:auto\" srcset=\"https:\/\/www.em.com.br\/emfoco\/wp-content\/uploads\/2026\/05\/image-36-1024x514.png 1024w, https:\/\/www.em.com.br\/emfoco\/wp-content\/uploads\/2026\/05\/image-36-300x151.png 300w, https:\/\/www.em.com.br\/emfoco\/wp-content\/uploads\/2026\/05\/image-36-768x386.png 768w, https:\/\/www.em.com.br\/emfoco\/wp-content\/uploads\/2026\/05\/image-36-360x180.png 360w, https:\/\/www.em.com.br\/emfoco\/wp-content\/uploads\/2026\/05\/image-36-750x377.png 750w, https:\/\/www.em.com.br\/emfoco\/wp-content\/uploads\/2026\/05\/image-36-1140x573.png 1140w, https:\/\/www.em.com.br\/emfoco\/wp-content\/uploads\/2026\/05\/image-36.png 1280w\" sizes=\"auto, (max-width: 1024px) 100vw, 1024px\" \/><\/figure><\/div>\n\n\n<h2 class=\"wp-block-heading\">Quais categorias de ve\u00edculos est\u00e3o inclusas na isen\u00e7\u00e3o?<\/h2>\n\n\n\n<p>A <a href=\"https:\/\/www.em.com.br\/emfoco\/2026\/05\/01\/motoristas-com-cnh-categoria-b-serao-impactados-pelas-novas-regras-de-transito\/\" target=\"_blank\" rel=\"noreferrer noopener\">legisla\u00e7\u00e3o delimita<\/a> que o benef\u00edcio do <strong>IPVA<\/strong> gratuito foca primordialmente em ve\u00edculos de passeio e carga leve. Est\u00e3o garantidos na lista de imunidade os sedans, hatches, picapes leves e peruas que atingirem o marco temporal de <strong>20 anos<\/strong> de exist\u00eancia desde a sua sa\u00edda da f\u00e1brica.<\/p>\n\n\n\n<p>Entretanto, \u00e9 importante notar que ve\u00edculos de grande porte, como \u00f4nibus e micro-\u00f4nibus, al\u00e9m de reboques, continuam sujeitos \u00e0s taxas estaduais normais. De acordo com o <a href=\"https:\/\/pt.wikipedia.org\/wiki\/Imposto_sobre_a_propriedade_de_ve%C3%ADculos_automotores\" target=\"_blank\" rel=\"noreferrer noopener\">C\u00f3digo Tribut\u00e1rio<\/a>, as motocicletas tamb\u00e9m seguem regras espec\u00edficas de cada estado, podendo ou n\u00e3o receber o benef\u00edcio conforme a localidade.<\/p>\n\n\n<div class=\"wp-block-image\">\n<figure class=\"aligncenter size-large\"><img loading=\"lazy\" decoding=\"async\" width=\"1024\" height=\"576\" src=\"https:\/\/www.em.com.br\/emfoco\/wp-content\/uploads\/2026\/04\/ipva_1776561748230-1-1024x576.jpg\" alt=\"Cr\u00e9ditos: depositphotos.com \/ rochu_2008\" class=\"wp-image-195672\" srcset=\"https:\/\/www.em.com.br\/emfoco\/wp-content\/uploads\/2026\/04\/ipva_1776561748230-1-1024x576.jpg 1024w, https:\/\/www.em.com.br\/emfoco\/wp-content\/uploads\/2026\/04\/ipva_1776561748230-1-300x169.jpg 300w, https:\/\/www.em.com.br\/emfoco\/wp-content\/uploads\/2026\/04\/ipva_1776561748230-1-768x432.jpg 768w, https:\/\/www.em.com.br\/emfoco\/wp-content\/uploads\/2026\/04\/ipva_1776561748230-1-750x422.jpg 750w, https:\/\/www.em.com.br\/emfoco\/wp-content\/uploads\/2026\/04\/ipva_1776561748230-1-1140x641.jpg 1140w, https:\/\/www.em.com.br\/emfoco\/wp-content\/uploads\/2026\/04\/ipva_1776561748230-1.jpg 1280w\" sizes=\"auto, (max-width: 1024px) 100vw, 1024px\" \/><figcaption class=\"wp-element-caption\">Carros fabricados at\u00e9 2006 ficam livres de IPVA e ganham valor de mercado &#8211; Cr\u00e9ditos: depositphotos.com \/ rochu_2008<\/figcaption><\/figure><\/div>\n\n\n<h2 class=\"wp-block-heading\">Vale a pena manter um carro antigo apenas pela isen\u00e7\u00e3o?<\/h2>\n\n\n\n<p>Embora economizar entre <strong>R$ 300<\/strong> e <strong>R$ 700<\/strong> por ano seja atrativo, o propriet\u00e1rio deve considerar o custo total de manuten\u00e7\u00e3o do bem. Ve\u00edculos com duas d\u00e9cadas de uso exigem revis\u00f5es frequentes em componentes cr\u00edticos de seguran\u00e7a e possuem menor efici\u00eancia energ\u00e9tica em compara\u00e7\u00e3o aos modelos modernos.<\/p>\n\n\n\n<p>Especialistas da <strong>Secretaria Nacional de Tr\u00e2nsito<\/strong> refor\u00e7am que o <strong>IPVA<\/strong> \u00e9 apenas uma das vari\u00e1veis financeiras do autom\u00f3vel. Se o gasto com combust\u00edvel e pe\u00e7as de reposi\u00e7\u00e3o for elevado, a isen\u00e7\u00e3o tribut\u00e1ria pode n\u00e3o compensar o investimento, sendo necess\u00e1rio avaliar o estado geral de conserva\u00e7\u00e3o do motor e da estrutura.<\/p>\n\n\n\n<p>Leia tamb\u00e9m: <a href=\"https:\/\/www.em.com.br\/emfoco\/2026\/04\/26\/multa-automatica-de-r-1-46735-em-2026-para-quem-nao-renovar-o-exame-da-cnh\/\" target=\"_blank\" rel=\"noreferrer noopener\">Multa autom\u00e1tica de R$ 1.467,35 em 2026 para quem n\u00e3o renovar o exame da CNH<\/a><\/p>\n\n\n\n<h2 class=\"wp-block-heading\">Como garantir que o desconto seja aplicado corretamente?<\/h2>\n\n\n\n<p>Na maioria dos casos, o sistema da Secretaria da Fazenda de cada estado atualiza o prontu\u00e1rio do ve\u00edculo de forma autom\u00e1tica ao identificar o ano de fabrica\u00e7\u00e3o. Caso o boleto seja emitido indevidamente para um carro de <strong>2006<\/strong>, o contribuinte deve contestar o valor apresentando o <strong>CRLV<\/strong> atualizado.<\/p>\n\n\n\n<p>A consulta de d\u00e9bitos e a verifica\u00e7\u00e3o da imunidade podem ser feitas nos portais oficiais dos \u00f3rg\u00e3os fazend\u00e1rios estaduais. Manter a documenta\u00e7\u00e3o em dia \u00e9 essencial para usufruir da nova lei de <strong>IPVA<\/strong>, garantindo que o direito constitucional seja respeitado e que o ve\u00edculo continue circulando dentro da legalidade em todas as rodovias brasileiras.<\/p>\n","protected":false},"excerpt":{"rendered":"<p>A nova regra de IPVA para 2026 estabelece imunidade tribut\u00e1ria nacional para ve\u00edculos com 20 anos ou mais de fabrica\u00e7\u00e3o. Essa mudan\u00e7a uniformiza o imposto em todo o pa\u00eds, beneficiando milh\u00f5es de motoristas que antes dependiam de legisla\u00e7\u00f5es estaduais variadas. Como a Emenda Constitucional alterou a cobran\u00e7a do IPVA? A aprova\u00e7\u00e3o da PEC 72\/2023 no [&hellip;]<\/p>\n","protected":false},"author":30,"featured_media":203353,"comment_status":"open","ping_status":"open","sticky":false,"template":"","format":"standard","meta":{"jnews-multi-image_gallery":[],"jnews_single_post":{"format":"standard"},"jnews_primary_category":[],"jnews_social_meta":[],"jnews_override_counter":[],"footnotes":""},"categories":[28],"tags":[941,715,534],"class_list":["post-203259","post","type-post","status-publish","format-standard","has-post-thumbnail","hentry","category-economia","tag-imposto","tag-isencao","tag-veiculos"],"yoast_head":"<!-- This site is optimized with the Yoast SEO plugin v23.8 - https:\/\/yoast.com\/wordpress\/plugins\/seo\/ -->\n<title>Carros com mais de 20 anos viram ativos vantajosos com novas regras do IPVA em 2026 - Estado de Minas - Em foco<\/title>\n<meta name=\"description\" content=\"Saiba como carros com mais de 20 anos viram ativos vantajosos com novas regras do IPVA em 2026. Entenda a imunidade tribut\u00e1ria nacional.\" \/>\n<meta name=\"robots\" content=\"index, follow, max-snippet:-1, max-image-preview:large, max-video-preview:-1\" \/>\n<link rel=\"canonical\" href=\"https:\/\/www.em.com.br\/emfoco\/2026\/05\/03\/carros-com-mais-de-20-anos-viram-ativos-vantajosos-com-novas-regras-do-ipva-em-2026\/\" \/>\n<meta property=\"og:locale\" content=\"pt_BR\" \/>\n<meta property=\"og:type\" content=\"article\" \/>\n<meta property=\"og:title\" content=\"Carros com mais de 20 anos viram ativos vantajosos com novas regras do IPVA em 2026 - Estado de Minas - Em foco\" \/>\n<meta property=\"og:description\" content=\"Saiba como carros com mais de 20 anos viram ativos vantajosos com novas regras do IPVA em 2026. Entenda a imunidade tribut\u00e1ria nacional.\" \/>\n<meta property=\"og:url\" content=\"https:\/\/www.em.com.br\/emfoco\/2026\/05\/03\/carros-com-mais-de-20-anos-viram-ativos-vantajosos-com-novas-regras-do-ipva-em-2026\/\" \/>\n<meta property=\"og:site_name\" content=\"Estado de Minas - Em foco\" \/>\n<meta property=\"article:published_time\" content=\"2026-05-03T07:05:00+00:00\" \/>\n<meta property=\"article:modified_time\" content=\"2026-05-02T18:47:52+00:00\" \/>\n<meta property=\"og:image\" content=\"https:\/\/www.em.com.br\/emfoco\/wp-content\/uploads\/2026\/05\/EmFoco_12-2.jpg\" \/>\n\t<meta property=\"og:image:width\" content=\"1280\" \/>\n\t<meta property=\"og:image:height\" content=\"720\" \/>\n\t<meta property=\"og:image:type\" content=\"image\/jpeg\" \/>\n<meta name=\"author\" content=\"Guilherme Ara\u00fajo\" \/>\n<meta name=\"twitter:card\" content=\"summary_large_image\" \/>\n<meta name=\"twitter:label1\" content=\"Escrito por\" \/>\n\t<meta name=\"twitter:data1\" content=\"Guilherme Ara\u00fajo\" \/>\n\t<meta name=\"twitter:label2\" content=\"Est. tempo de leitura\" \/>\n\t<meta name=\"twitter:data2\" content=\"4 minutos\" \/>\n<!-- \/ Yoast SEO plugin. -->","yoast_head_json":{"title":"Carros com mais de 20 anos viram ativos vantajosos com novas regras do IPVA em 2026 - Estado de Minas - Em foco","description":"Saiba como carros com mais de 20 anos viram ativos vantajosos com novas regras do IPVA em 2026. Entenda a imunidade tribut\u00e1ria nacional.","robots":{"index":"index","follow":"follow","max-snippet":"max-snippet:-1","max-image-preview":"max-image-preview:large","max-video-preview":"max-video-preview:-1"},"canonical":"https:\/\/www.em.com.br\/emfoco\/2026\/05\/03\/carros-com-mais-de-20-anos-viram-ativos-vantajosos-com-novas-regras-do-ipva-em-2026\/","og_locale":"pt_BR","og_type":"article","og_title":"Carros com mais de 20 anos viram ativos vantajosos com novas regras do IPVA em 2026 - Estado de Minas - Em foco","og_description":"Saiba como carros com mais de 20 anos viram ativos vantajosos com novas regras do IPVA em 2026. Entenda a imunidade tribut\u00e1ria nacional.","og_url":"https:\/\/www.em.com.br\/emfoco\/2026\/05\/03\/carros-com-mais-de-20-anos-viram-ativos-vantajosos-com-novas-regras-do-ipva-em-2026\/","og_site_name":"Estado de Minas - Em foco","article_published_time":"2026-05-03T07:05:00+00:00","article_modified_time":"2026-05-02T18:47:52+00:00","og_image":[{"width":1280,"height":720,"url":"https:\/\/www.em.com.br\/emfoco\/wp-content\/uploads\/2026\/05\/EmFoco_12-2.jpg","type":"image\/jpeg"}],"author":"Guilherme Ara\u00fajo","twitter_card":"summary_large_image","twitter_misc":{"Escrito por":"Guilherme Ara\u00fajo","Est. tempo de leitura":"4 minutos"},"schema":{"@context":"https:\/\/schema.org","@graph":[{"@type":"WebPage","@id":"https:\/\/www.em.com.br\/emfoco\/2026\/05\/03\/carros-com-mais-de-20-anos-viram-ativos-vantajosos-com-novas-regras-do-ipva-em-2026\/","url":"https:\/\/www.em.com.br\/emfoco\/2026\/05\/03\/carros-com-mais-de-20-anos-viram-ativos-vantajosos-com-novas-regras-do-ipva-em-2026\/","name":"Carros com mais de 20 anos viram ativos vantajosos com novas regras do IPVA em 2026 - Estado de Minas - Em foco","isPartOf":{"@id":"https:\/\/www.em.com.br\/emfoco\/#website"},"primaryImageOfPage":{"@id":"https:\/\/www.em.com.br\/emfoco\/2026\/05\/03\/carros-com-mais-de-20-anos-viram-ativos-vantajosos-com-novas-regras-do-ipva-em-2026\/#primaryimage"},"image":{"@id":"https:\/\/www.em.com.br\/emfoco\/2026\/05\/03\/carros-com-mais-de-20-anos-viram-ativos-vantajosos-com-novas-regras-do-ipva-em-2026\/#primaryimage"},"thumbnailUrl":"https:\/\/www.em.com.br\/emfoco\/wp-content\/uploads\/2026\/05\/EmFoco_12-2.jpg","datePublished":"2026-05-03T07:05:00+00:00","dateModified":"2026-05-02T18:47:52+00:00","author":{"@id":"https:\/\/www.em.com.br\/emfoco\/#\/schema\/person\/5379e929a4b966c775d121e23f9bb421"},"description":"Saiba como carros com mais de 20 anos viram ativos vantajosos com novas regras do IPVA em 2026. Entenda a imunidade tribut\u00e1ria nacional.","breadcrumb":{"@id":"https:\/\/www.em.com.br\/emfoco\/2026\/05\/03\/carros-com-mais-de-20-anos-viram-ativos-vantajosos-com-novas-regras-do-ipva-em-2026\/#breadcrumb"},"inLanguage":"pt-BR","potentialAction":[{"@type":"ReadAction","target":["https:\/\/www.em.com.br\/emfoco\/2026\/05\/03\/carros-com-mais-de-20-anos-viram-ativos-vantajosos-com-novas-regras-do-ipva-em-2026\/"]}]},{"@type":"ImageObject","inLanguage":"pt-BR","@id":"https:\/\/www.em.com.br\/emfoco\/2026\/05\/03\/carros-com-mais-de-20-anos-viram-ativos-vantajosos-com-novas-regras-do-ipva-em-2026\/#primaryimage","url":"https:\/\/www.em.com.br\/emfoco\/wp-content\/uploads\/2026\/05\/EmFoco_12-2.jpg","contentUrl":"https:\/\/www.em.com.br\/emfoco\/wp-content\/uploads\/2026\/05\/EmFoco_12-2.jpg","width":1280,"height":720,"caption":"Emenda Constitucional garante imunidade de IPVA para ve\u00edculos com vinte anos fabricados"},{"@type":"BreadcrumbList","@id":"https:\/\/www.em.com.br\/emfoco\/2026\/05\/03\/carros-com-mais-de-20-anos-viram-ativos-vantajosos-com-novas-regras-do-ipva-em-2026\/#breadcrumb","itemListElement":[{"@type":"ListItem","position":1,"name":"In\u00edcio","item":"https:\/\/www.em.com.br\/emfoco\/"},{"@type":"ListItem","position":2,"name":"Carros com mais de 20 anos viram ativos vantajosos com novas regras do IPVA em 2026"}]},{"@type":"WebSite","@id":"https:\/\/www.em.com.br\/emfoco\/#website","url":"https:\/\/www.em.com.br\/emfoco\/","name":"Estado de Minas - Em foco","description":"Acompanhe as \u00faltimas not\u00edcias e fique bem informado sobre tudo o que acontece em Minas Gerais, Brasil e no mundo.","potentialAction":[{"@type":"SearchAction","target":{"@type":"EntryPoint","urlTemplate":"https:\/\/www.em.com.br\/emfoco\/?s={search_term_string}"},"query-input":{"@type":"PropertyValueSpecification","valueRequired":true,"valueName":"search_term_string"}}],"inLanguage":"pt-BR"},{"@type":"Person","@id":"https:\/\/www.em.com.br\/emfoco\/#\/schema\/person\/5379e929a4b966c775d121e23f9bb421","name":"Guilherme Ara\u00fajo","image":{"@type":"ImageObject","inLanguage":"pt-BR","@id":"https:\/\/www.em.com.br\/emfoco\/#\/schema\/person\/image\/","url":"https:\/\/secure.gravatar.com\/avatar\/b8bf1fd0130e170bd8f5d7298dbafa25?s=96&d=mm&r=g","contentUrl":"https:\/\/secure.gravatar.com\/avatar\/b8bf1fd0130e170bd8f5d7298dbafa25?s=96&d=mm&r=g","caption":"Guilherme Ara\u00fajo"},"sameAs":["https:\/\/www.em.com.br\/emfoco"],"url":"https:\/\/www.em.com.br\/emfoco\/author\/guilhermeamyth\/"}]}},"_links":{"self":[{"href":"https:\/\/www.em.com.br\/emfoco\/wp-json\/wp\/v2\/posts\/203259","targetHints":{"allow":["GET"]}}],"collection":[{"href":"https:\/\/www.em.com.br\/emfoco\/wp-json\/wp\/v2\/posts"}],"about":[{"href":"https:\/\/www.em.com.br\/emfoco\/wp-json\/wp\/v2\/types\/post"}],"author":[{"embeddable":true,"href":"https:\/\/www.em.com.br\/emfoco\/wp-json\/wp\/v2\/users\/30"}],"replies":[{"embeddable":true,"href":"https:\/\/www.em.com.br\/emfoco\/wp-json\/wp\/v2\/comments?post=203259"}],"version-history":[{"count":4,"href":"https:\/\/www.em.com.br\/emfoco\/wp-json\/wp\/v2\/posts\/203259\/revisions"}],"predecessor-version":[{"id":203277,"href":"https:\/\/www.em.com.br\/emfoco\/wp-json\/wp\/v2\/posts\/203259\/revisions\/203277"}],"wp:featuredmedia":[{"embeddable":true,"href":"https:\/\/www.em.com.br\/emfoco\/wp-json\/wp\/v2\/media\/203353"}],"wp:attachment":[{"href":"https:\/\/www.em.com.br\/emfoco\/wp-json\/wp\/v2\/media?parent=203259"}],"wp:term":[{"taxonomy":"category","embeddable":true,"href":"https:\/\/www.em.com.br\/emfoco\/wp-json\/wp\/v2\/categories?post=203259"},{"taxonomy":"post_tag","embeddable":true,"href":"https:\/\/www.em.com.br\/emfoco\/wp-json\/wp\/v2\/tags?post=203259"}],"curies":[{"name":"wp","href":"https:\/\/api.w.org\/{rel}","templated":true}]}}