{"id":203258,"date":"2026-05-03T02:05:00","date_gmt":"2026-05-03T05:05:00","guid":{"rendered":"https:\/\/www.em.com.br\/emfoco\/?p=203258"},"modified":"2026-05-02T15:47:36","modified_gmt":"2026-05-02T18:47:36","slug":"nova-regra-do-contran-traz-renovacao-gratuita-da-cnh-sem-exames-presenciais","status":"publish","type":"post","link":"https:\/\/www.em.com.br\/emfoco\/2026\/05\/03\/nova-regra-do-contran-traz-renovacao-gratuita-da-cnh-sem-exames-presenciais\/","title":{"rendered":"Nova regra do Contran traz renova\u00e7\u00e3o gratuita da CNH sem exames presenciais"},"content":{"rendered":"\n<p>A <strong>renova\u00e7\u00e3o da CNH<\/strong> tornou-se autom\u00e1tica e gratuita para motoristas brasileiros que mant\u00eam um hist\u00f3rico de condu\u00e7\u00e3o exemplar. Essa medida desburocratiza o processo, eliminando taxas e a necessidade de deslocamento at\u00e9 as unidades do Detran.<\/p>\n\n\n\n<h2 class=\"wp-block-heading\">O qual o pilar da renova\u00e7\u00e3o da CNH?<\/h2>\n\n\n\n<p>O pilar central dessa mudan\u00e7a \u00e9 o <strong>Registro Nacional Positivo de Condutores<\/strong>, sistema que identifica motoristas que n\u00e3o cometeram infra\u00e7\u00f5es nos \u00faltimos doze meses. Estar inscrito nesse banco de dados \u00e9 um requisito obrigat\u00f3rio para quem deseja usufruir da isen\u00e7\u00e3o de exames e custos.<\/p>\n\n\n\n<p>A inscri\u00e7\u00e3o no cadastro positivo n\u00e3o acontece de forma autom\u00e1tica, exigindo o consentimento expresso do cidad\u00e3o atrav\u00e9s do aplicativo oficial do governo. Sem essa autoriza\u00e7\u00e3o, o motorista permanece no regime de renova\u00e7\u00e3o tradicional, mesmo que possua um prontu\u00e1rio sem pontos ou multas registradas.<\/p>\n\n\n\n<h2 class=\"wp-block-heading\">Quais s\u00e3o os requisitos para a renova\u00e7\u00e3o autom\u00e1tica da CNH?<\/h2>\n\n\n\n<p>A facilidade na renova\u00e7\u00e3o da CNH \u00e9 restrita a condutores que cumprem crit\u00e9rios rigorosos de comportamento e sa\u00fade. A regra visa premiar a seguran\u00e7a vi\u00e1ria, garantindo que apenas motoristas com baixo risco estat\u00edstico sejam dispensados das avalia\u00e7\u00f5es m\u00e9dicas presenciais peri\u00f3dicas.<\/p>\n\n\n\n<p>Confira os principais crit\u00e9rios para acessar o benef\u00edcio:<\/p>\n\n\n<div class=\"wp-block-image\">\n<figure class=\"aligncenter size-large is-resized\"><img loading=\"lazy\" decoding=\"async\" width=\"1024\" height=\"706\" src=\"https:\/\/www.em.com.br\/emfoco\/wp-content\/uploads\/2026\/05\/image-34-1024x706.png\" alt=\"renova\u00e7\u00e3o da CNH\" class=\"wp-image-203262\" style=\"width:782px;height:auto\" srcset=\"https:\/\/www.em.com.br\/emfoco\/wp-content\/uploads\/2026\/05\/image-34-1024x706.png 1024w, https:\/\/www.em.com.br\/emfoco\/wp-content\/uploads\/2026\/05\/image-34-300x207.png 300w, https:\/\/www.em.com.br\/emfoco\/wp-content\/uploads\/2026\/05\/image-34-768x529.png 768w, https:\/\/www.em.com.br\/emfoco\/wp-content\/uploads\/2026\/05\/image-34-750x517.png 750w, https:\/\/www.em.com.br\/emfoco\/wp-content\/uploads\/2026\/05\/image-34-1140x786.png 1140w, https:\/\/www.em.com.br\/emfoco\/wp-content\/uploads\/2026\/05\/image-34.png 1280w\" sizes=\"auto, (max-width: 1024px) 100vw, 1024px\" \/><\/figure><\/div>\n\n\n<h2 class=\"wp-block-heading\">Como realizar o cadastro no sistema do RNPC?<\/h2>\n\n\n\n<p>Para habilitar a <strong>renova\u00e7\u00e3o da CNH<\/strong> sem custos, o motorista deve utilizar as ferramentas digitais disponibilizadas pela Secretaria Nacional de Tr\u00e2nsito. O processo \u00e9 simples e pode ser feito inteiramente pelo celular, desde que o usu\u00e1rio possua uma conta autenticada no portal federal.<\/p>\n\n\n\n<p>Acompanhe o procedimento para ativa\u00e7\u00e3o do benef\u00edcio:<\/p>\n\n\n\n<ul class=\"wp-block-list\">\n<li>Baixe o aplicativo <strong>CNH do Brasil<\/strong> ou acesse o site oficial.<\/li>\n\n\n\n<li>Fa\u00e7a o login seguro com seu <strong>CPF<\/strong> e senha cadastrados.<\/li>\n\n\n\n<li>Selecione a op\u00e7\u00e3o do Cadastro Positivo de Condutores.<\/li>\n\n\n\n<li>Confirme a autoriza\u00e7\u00e3o para consulta do seu hist\u00f3rico de tr\u00e2nsito.<\/li>\n<\/ul>\n\n\n\n<p>Leia tamb\u00e9m: <a href=\"https:\/\/www.em.com.br\/emfoco\/2026\/04\/27\/codigo-a-b-e-outros-na-cnh-para-que-servem-essas-letras-e-o-que-dizem-sobre-o-condutor\/\" target=\"_blank\" rel=\"noreferrer noopener\">C\u00f3digo A, B e outros na CNH: para que servem essas letras e o que dizem sobre o condutor<\/a><\/p>\n\n\n\n<h2 class=\"wp-block-heading\">Existem limita\u00e7\u00f5es de uso conforme a faixa et\u00e1ria?<\/h2>\n\n\n\n<p>A nova legisla\u00e7\u00e3o estabelece regras diferenciadas baseadas no envelhecimento natural do condutor, conforme as diretrizes do <strong>C\u00f3digo de Tr\u00e2nsito Brasileiro<\/strong>. Motoristas entre <strong>50 e 69 anos<\/strong> podem utilizar a renova\u00e7\u00e3o autom\u00e1tica apenas uma \u00fanica vez, retornando ao exame presencial no ciclo seguinte.<\/p>\n\n\n\n<p>J\u00e1 os condutores com at\u00e9 <strong>49 anos<\/strong> podem renovar sucessivamente pelo sistema digital, desde que mantenham o prontu\u00e1rio limpo. Por outro lado, motoristas com <strong>70 anos<\/strong> ou mais est\u00e3o permanentemente exclu\u00eddos dessa modalidade, devendo realizar o processo f\u00edsico a cada <strong>3 anos<\/strong> para garantir a seguran\u00e7a no tr\u00e2nsito.<\/p>\n\n\n<div class=\"wp-block-image\">\n<figure class=\"aligncenter size-large\"><img loading=\"lazy\" decoding=\"async\" width=\"1024\" height=\"576\" src=\"https:\/\/www.em.com.br\/emfoco\/wp-content\/uploads\/2026\/04\/CNh1-1024x576.jpg\" alt=\"\" class=\"wp-image-194414\" srcset=\"https:\/\/www.em.com.br\/emfoco\/wp-content\/uploads\/2026\/04\/CNh1-1024x576.jpg 1024w, https:\/\/www.em.com.br\/emfoco\/wp-content\/uploads\/2026\/04\/CNh1-300x169.jpg 300w, https:\/\/www.em.com.br\/emfoco\/wp-content\/uploads\/2026\/04\/CNh1-768x432.jpg 768w, https:\/\/www.em.com.br\/emfoco\/wp-content\/uploads\/2026\/04\/CNh1-750x422.jpg 750w, https:\/\/www.em.com.br\/emfoco\/wp-content\/uploads\/2026\/04\/CNh1-1140x641.jpg 1140w, https:\/\/www.em.com.br\/emfoco\/wp-content\/uploads\/2026\/04\/CNh1.jpg 1280w\" sizes=\"auto, (max-width: 1024px) 100vw, 1024px\" \/><figcaption class=\"wp-element-caption\">Regra do Contran autoriza renova\u00e7\u00e3o da CNH sem necessidade de exames<\/figcaption><\/figure><\/div>\n\n\n<h2 class=\"wp-block-heading\">A CNH f\u00edsica ainda \u00e9 obrigat\u00f3ria no Brasil?<\/h2>\n\n\n\n<p>Com as atualiza\u00e7\u00f5es da <a href=\"https:\/\/www.gov.br\/transportes\/pt-br\/assuntos\/transito\/senatran\" target=\"_blank\" rel=\"noreferrer noopener\">Secretaria Nacional de Tr\u00e2nsito<\/a>, a vers\u00e3o impressa do documento tornou-se opcional. A CNH Digital possui plena validade jur\u00eddica para todas as finalidades, incluindo a fiscaliza\u00e7\u00e3o policial, loca\u00e7\u00e3o de ve\u00edculos e identifica\u00e7\u00e3o pessoal em \u00f3rg\u00e3os p\u00fablicos.<\/p>\n\n\n\n<p>Caso o motorista deseje ter a via em papel, ele ainda pode solicit\u00e1-la ao Detran, mas haver\u00e1 a cobran\u00e7a de taxas de emiss\u00e3o e envio. A tend\u00eancia para 2026 \u00e9 a digitaliza\u00e7\u00e3o completa, onde a <strong>renova\u00e7\u00e3o da CNH<\/strong> autom\u00e1tica consolida o aplicativo como a principal ferramenta de gest\u00e3o da vida do condutor brasileiro.<\/p>\n\n\n\n<p>Manter o cadastro positivo ativo \u00e9 a melhor forma de economizar tempo e dinheiro no futuro. Ao dirigir com responsabilidade, o motorista n\u00e3o apenas contribui para um tr\u00e2nsito mais seguro, mas tamb\u00e9m garante que sua pr\u00f3xima atualiza\u00e7\u00e3o de documento ocorra de forma instant\u00e2nea e sem custos administrativos.<\/p>\n","protected":false},"excerpt":{"rendered":"<p>A renova\u00e7\u00e3o da CNH tornou-se autom\u00e1tica e gratuita para motoristas brasileiros que mant\u00eam um hist\u00f3rico de condu\u00e7\u00e3o exemplar. Essa medida desburocratiza o processo, eliminando taxas e a necessidade de deslocamento at\u00e9 as unidades do Detran. O qual o pilar da renova\u00e7\u00e3o da CNH? O pilar central dessa mudan\u00e7a \u00e9 o Registro Nacional Positivo de Condutores, [&hellip;]<\/p>\n","protected":false},"author":30,"featured_media":203355,"comment_status":"open","ping_status":"open","sticky":false,"template":"","format":"standard","meta":{"jnews-multi-image_gallery":[],"jnews_single_post":{"format":"standard"},"jnews_primary_category":[],"jnews_social_meta":[],"jnews_override_counter":[],"footnotes":""},"categories":[28],"tags":[830,1661,29223,765],"class_list":["post-203258","post","type-post","status-publish","format-standard","has-post-thumbnail","hentry","category-economia","tag-cnh","tag-motoristas","tag-rnpc","tag-transito"],"yoast_head":"<!-- This site is optimized with the Yoast SEO plugin v23.8 - https:\/\/yoast.com\/wordpress\/plugins\/seo\/ -->\n<title>Nova regra do Contran traz renova\u00e7\u00e3o gratuita da CNH sem exames presenciais - Estado de Minas - Em foco<\/title>\n<meta name=\"description\" content=\"Saiba como a nova regra do Contran permite renova\u00e7\u00e3o gratuita da CNH sem exames presenciais. Entenda quem tem direito a este benef\u00edcio.\" \/>\n<meta name=\"robots\" content=\"index, follow, max-snippet:-1, max-image-preview:large, max-video-preview:-1\" \/>\n<link rel=\"canonical\" href=\"https:\/\/www.em.com.br\/emfoco\/2026\/05\/03\/nova-regra-do-contran-traz-renovacao-gratuita-da-cnh-sem-exames-presenciais\/\" \/>\n<meta property=\"og:locale\" content=\"pt_BR\" \/>\n<meta property=\"og:type\" content=\"article\" \/>\n<meta property=\"og:title\" content=\"Nova regra do Contran traz renova\u00e7\u00e3o gratuita da CNH sem exames presenciais - Estado de Minas - Em foco\" \/>\n<meta property=\"og:description\" content=\"Saiba como a nova regra do Contran permite renova\u00e7\u00e3o gratuita da CNH sem exames presenciais. Entenda quem tem direito a este benef\u00edcio.\" \/>\n<meta property=\"og:url\" content=\"https:\/\/www.em.com.br\/emfoco\/2026\/05\/03\/nova-regra-do-contran-traz-renovacao-gratuita-da-cnh-sem-exames-presenciais\/\" \/>\n<meta property=\"og:site_name\" content=\"Estado de Minas - Em foco\" \/>\n<meta property=\"article:published_time\" content=\"2026-05-03T05:05:00+00:00\" \/>\n<meta property=\"article:modified_time\" content=\"2026-05-02T18:47:36+00:00\" \/>\n<meta property=\"og:image\" content=\"https:\/\/www.em.com.br\/emfoco\/wp-content\/uploads\/2026\/05\/EmFoco_10-2.jpg\" \/>\n\t<meta property=\"og:image:width\" content=\"1280\" \/>\n\t<meta property=\"og:image:height\" content=\"720\" \/>\n\t<meta property=\"og:image:type\" content=\"image\/jpeg\" \/>\n<meta name=\"author\" content=\"Guilherme Ara\u00fajo\" \/>\n<meta name=\"twitter:card\" content=\"summary_large_image\" \/>\n<meta name=\"twitter:label1\" content=\"Escrito por\" \/>\n\t<meta name=\"twitter:data1\" content=\"Guilherme Ara\u00fajo\" \/>\n\t<meta name=\"twitter:label2\" content=\"Est. tempo de leitura\" \/>\n\t<meta name=\"twitter:data2\" content=\"4 minutos\" \/>\n<!-- \/ Yoast SEO plugin. -->","yoast_head_json":{"title":"Nova regra do Contran traz renova\u00e7\u00e3o gratuita da CNH sem exames presenciais - Estado de Minas - Em foco","description":"Saiba como a nova regra do Contran permite renova\u00e7\u00e3o gratuita da CNH sem exames presenciais. Entenda quem tem direito a este benef\u00edcio.","robots":{"index":"index","follow":"follow","max-snippet":"max-snippet:-1","max-image-preview":"max-image-preview:large","max-video-preview":"max-video-preview:-1"},"canonical":"https:\/\/www.em.com.br\/emfoco\/2026\/05\/03\/nova-regra-do-contran-traz-renovacao-gratuita-da-cnh-sem-exames-presenciais\/","og_locale":"pt_BR","og_type":"article","og_title":"Nova regra do Contran traz renova\u00e7\u00e3o gratuita da CNH sem exames presenciais - Estado de Minas - Em foco","og_description":"Saiba como a nova regra do Contran permite renova\u00e7\u00e3o gratuita da CNH sem exames presenciais. Entenda quem tem direito a este benef\u00edcio.","og_url":"https:\/\/www.em.com.br\/emfoco\/2026\/05\/03\/nova-regra-do-contran-traz-renovacao-gratuita-da-cnh-sem-exames-presenciais\/","og_site_name":"Estado de Minas - Em foco","article_published_time":"2026-05-03T05:05:00+00:00","article_modified_time":"2026-05-02T18:47:36+00:00","og_image":[{"width":1280,"height":720,"url":"https:\/\/www.em.com.br\/emfoco\/wp-content\/uploads\/2026\/05\/EmFoco_10-2.jpg","type":"image\/jpeg"}],"author":"Guilherme Ara\u00fajo","twitter_card":"summary_large_image","twitter_misc":{"Escrito por":"Guilherme Ara\u00fajo","Est. tempo de leitura":"4 minutos"},"schema":{"@context":"https:\/\/schema.org","@graph":[{"@type":"WebPage","@id":"https:\/\/www.em.com.br\/emfoco\/2026\/05\/03\/nova-regra-do-contran-traz-renovacao-gratuita-da-cnh-sem-exames-presenciais\/","url":"https:\/\/www.em.com.br\/emfoco\/2026\/05\/03\/nova-regra-do-contran-traz-renovacao-gratuita-da-cnh-sem-exames-presenciais\/","name":"Nova regra do Contran traz renova\u00e7\u00e3o gratuita da CNH sem exames presenciais - Estado de Minas - Em foco","isPartOf":{"@id":"https:\/\/www.em.com.br\/emfoco\/#website"},"primaryImageOfPage":{"@id":"https:\/\/www.em.com.br\/emfoco\/2026\/05\/03\/nova-regra-do-contran-traz-renovacao-gratuita-da-cnh-sem-exames-presenciais\/#primaryimage"},"image":{"@id":"https:\/\/www.em.com.br\/emfoco\/2026\/05\/03\/nova-regra-do-contran-traz-renovacao-gratuita-da-cnh-sem-exames-presenciais\/#primaryimage"},"thumbnailUrl":"https:\/\/www.em.com.br\/emfoco\/wp-content\/uploads\/2026\/05\/EmFoco_10-2.jpg","datePublished":"2026-05-03T05:05:00+00:00","dateModified":"2026-05-02T18:47:36+00:00","author":{"@id":"https:\/\/www.em.com.br\/emfoco\/#\/schema\/person\/5379e929a4b966c775d121e23f9bb421"},"description":"Saiba como a nova regra do Contran permite renova\u00e7\u00e3o gratuita da CNH sem exames presenciais. Entenda quem tem direito a este benef\u00edcio.","breadcrumb":{"@id":"https:\/\/www.em.com.br\/emfoco\/2026\/05\/03\/nova-regra-do-contran-traz-renovacao-gratuita-da-cnh-sem-exames-presenciais\/#breadcrumb"},"inLanguage":"pt-BR","potentialAction":[{"@type":"ReadAction","target":["https:\/\/www.em.com.br\/emfoco\/2026\/05\/03\/nova-regra-do-contran-traz-renovacao-gratuita-da-cnh-sem-exames-presenciais\/"]}]},{"@type":"ImageObject","inLanguage":"pt-BR","@id":"https:\/\/www.em.com.br\/emfoco\/2026\/05\/03\/nova-regra-do-contran-traz-renovacao-gratuita-da-cnh-sem-exames-presenciais\/#primaryimage","url":"https:\/\/www.em.com.br\/emfoco\/wp-content\/uploads\/2026\/05\/EmFoco_10-2.jpg","contentUrl":"https:\/\/www.em.com.br\/emfoco\/wp-content\/uploads\/2026\/05\/EmFoco_10-2.jpg","width":1280,"height":720,"caption":"Sistema de registro positivo desburocratiza e isenta custos na renova\u00e7\u00e3o da CNH"},{"@type":"BreadcrumbList","@id":"https:\/\/www.em.com.br\/emfoco\/2026\/05\/03\/nova-regra-do-contran-traz-renovacao-gratuita-da-cnh-sem-exames-presenciais\/#breadcrumb","itemListElement":[{"@type":"ListItem","position":1,"name":"In\u00edcio","item":"https:\/\/www.em.com.br\/emfoco\/"},{"@type":"ListItem","position":2,"name":"Nova regra do Contran traz renova\u00e7\u00e3o gratuita da CNH sem exames presenciais"}]},{"@type":"WebSite","@id":"https:\/\/www.em.com.br\/emfoco\/#website","url":"https:\/\/www.em.com.br\/emfoco\/","name":"Estado de Minas - Em foco","description":"Acompanhe as \u00faltimas not\u00edcias e fique bem informado sobre tudo o que acontece em Minas Gerais, Brasil e no mundo.","potentialAction":[{"@type":"SearchAction","target":{"@type":"EntryPoint","urlTemplate":"https:\/\/www.em.com.br\/emfoco\/?s={search_term_string}"},"query-input":{"@type":"PropertyValueSpecification","valueRequired":true,"valueName":"search_term_string"}}],"inLanguage":"pt-BR"},{"@type":"Person","@id":"https:\/\/www.em.com.br\/emfoco\/#\/schema\/person\/5379e929a4b966c775d121e23f9bb421","name":"Guilherme Ara\u00fajo","image":{"@type":"ImageObject","inLanguage":"pt-BR","@id":"https:\/\/www.em.com.br\/emfoco\/#\/schema\/person\/image\/","url":"https:\/\/secure.gravatar.com\/avatar\/b8bf1fd0130e170bd8f5d7298dbafa25?s=96&d=mm&r=g","contentUrl":"https:\/\/secure.gravatar.com\/avatar\/b8bf1fd0130e170bd8f5d7298dbafa25?s=96&d=mm&r=g","caption":"Guilherme Ara\u00fajo"},"sameAs":["https:\/\/www.em.com.br\/emfoco"],"url":"https:\/\/www.em.com.br\/emfoco\/author\/guilhermeamyth\/"}]}},"_links":{"self":[{"href":"https:\/\/www.em.com.br\/emfoco\/wp-json\/wp\/v2\/posts\/203258","targetHints":{"allow":["GET"]}}],"collection":[{"href":"https:\/\/www.em.com.br\/emfoco\/wp-json\/wp\/v2\/posts"}],"about":[{"href":"https:\/\/www.em.com.br\/emfoco\/wp-json\/wp\/v2\/types\/post"}],"author":[{"embeddable":true,"href":"https:\/\/www.em.com.br\/emfoco\/wp-json\/wp\/v2\/users\/30"}],"replies":[{"embeddable":true,"href":"https:\/\/www.em.com.br\/emfoco\/wp-json\/wp\/v2\/comments?post=203258"}],"version-history":[{"count":2,"href":"https:\/\/www.em.com.br\/emfoco\/wp-json\/wp\/v2\/posts\/203258\/revisions"}],"predecessor-version":[{"id":203265,"href":"https:\/\/www.em.com.br\/emfoco\/wp-json\/wp\/v2\/posts\/203258\/revisions\/203265"}],"wp:featuredmedia":[{"embeddable":true,"href":"https:\/\/www.em.com.br\/emfoco\/wp-json\/wp\/v2\/media\/203355"}],"wp:attachment":[{"href":"https:\/\/www.em.com.br\/emfoco\/wp-json\/wp\/v2\/media?parent=203258"}],"wp:term":[{"taxonomy":"category","embeddable":true,"href":"https:\/\/www.em.com.br\/emfoco\/wp-json\/wp\/v2\/categories?post=203258"},{"taxonomy":"post_tag","embeddable":true,"href":"https:\/\/www.em.com.br\/emfoco\/wp-json\/wp\/v2\/tags?post=203258"}],"curies":[{"name":"wp","href":"https:\/\/api.w.org\/{rel}","templated":true}]}}