{"id":203226,"date":"2026-05-02T13:48:00","date_gmt":"2026-05-02T16:48:00","guid":{"rendered":"https:\/\/www.em.com.br\/emfoco\/?p=203226"},"modified":"2026-05-02T07:49:33","modified_gmt":"2026-05-02T10:49:33","slug":"se-voce-tem-rolos-de-papel-higienico-vazios-nao-os-jogue-fora-veja-como-reutiliza-los-para-organizar-cabos-embaracados-e-dar-um-alivio-visual-a-gaveta-do-escritorio","status":"publish","type":"post","link":"https:\/\/www.em.com.br\/emfoco\/2026\/05\/02\/se-voce-tem-rolos-de-papel-higienico-vazios-nao-os-jogue-fora-veja-como-reutiliza-los-para-organizar-cabos-embaracados-e-dar-um-alivio-visual-a-gaveta-do-escritorio\/","title":{"rendered":"Se voc\u00ea tem rolos de papel higi\u00eanico vazios, n\u00e3o os jogue fora: veja como reutiliz\u00e1-los para organizar cabos embara\u00e7ados e dar um al\u00edvio visual \u00e0 gaveta do escrit\u00f3rio"},"content":{"rendered":"\n<p>Aquele rolo de papel higi\u00eanico vazio que voc\u00ea ia jogar no lixo pode ser exatamente o que faltava para acabar com a bagun\u00e7a de <strong>cabos embara\u00e7ados<\/strong> na gaveta do escrit\u00f3rio ou no cantinho de trabalho em casa. Simples, sem custo nenhum e surpreendentemente eficaz.<\/p>\n\n\n\n<h2 class=\"wp-block-heading\">O inimigo silencioso da gaveta: cabos que viram um n\u00f3 sem pedir licen\u00e7a<\/h2>\n\n\n\n<p>Quem nunca abriu a gaveta e se deparou com um emaranhado de <strong>cabos USB, carregadores e fones de ouvido<\/strong> enroscados entre si? Essa bagun\u00e7a n\u00e3o acontece por acidente: cabos finos e flex\u00edveis se entrela\u00e7am naturalmente quando ficam soltos no mesmo espa\u00e7o, criando o que os especialistas em organiza\u00e7\u00e3o dom\u00e9stica chamam de &#8220;efeito macarr\u00e3o&#8221;.<\/p>\n\n\n\n<p>O problema vai al\u00e9m da est\u00e9tica. Cabos mal armazenados sofrem tor\u00e7\u00f5es e dobras excessivas que comprometem o <strong>revestimento interno<\/strong>, acelerando o desgaste. Guardar cada um em seu pr\u00f3prio compartimento, como dentro de um <strong>rolo de papel higi\u00eanico vazio<\/strong>, \u00e9 uma solu\u00e7\u00e3o funcional que protege o equipamento e poupa tempo na hora de encontrar o cabo certo.<\/p>\n\n\n\n<figure class=\"wp-block-image size-large\"><img loading=\"lazy\" decoding=\"async\" width=\"1024\" height=\"576\" src=\"https:\/\/www.em.com.br\/emfoco\/wp-content\/uploads\/2026\/05\/Se-voce-tem-rolos-de-papel-higienico-vazios-nao-os-jogue-fora-veja-como-reutiliza-los-para-organizar-cabos-embaracados-e-dar-um-alivio-visual-a-gaveta-do-escritorio-1-1024x576.jpg\" alt=\"Se voc\u00ea tem rolos de papel higi\u00eanico vazios, n\u00e3o os jogue fora: veja como reutiliz\u00e1-los para organizar cabos embara\u00e7ados e dar um al\u00edvio visual \u00e0 gaveta do escrit\u00f3rio\" class=\"wp-image-203227\" srcset=\"https:\/\/www.em.com.br\/emfoco\/wp-content\/uploads\/2026\/05\/Se-voce-tem-rolos-de-papel-higienico-vazios-nao-os-jogue-fora-veja-como-reutiliza-los-para-organizar-cabos-embaracados-e-dar-um-alivio-visual-a-gaveta-do-escritorio-1-1024x576.jpg 1024w, https:\/\/www.em.com.br\/emfoco\/wp-content\/uploads\/2026\/05\/Se-voce-tem-rolos-de-papel-higienico-vazios-nao-os-jogue-fora-veja-como-reutiliza-los-para-organizar-cabos-embaracados-e-dar-um-alivio-visual-a-gaveta-do-escritorio-1-300x169.jpg 300w, https:\/\/www.em.com.br\/emfoco\/wp-content\/uploads\/2026\/05\/Se-voce-tem-rolos-de-papel-higienico-vazios-nao-os-jogue-fora-veja-como-reutiliza-los-para-organizar-cabos-embaracados-e-dar-um-alivio-visual-a-gaveta-do-escritorio-1-768x432.jpg 768w, https:\/\/www.em.com.br\/emfoco\/wp-content\/uploads\/2026\/05\/Se-voce-tem-rolos-de-papel-higienico-vazios-nao-os-jogue-fora-veja-como-reutiliza-los-para-organizar-cabos-embaracados-e-dar-um-alivio-visual-a-gaveta-do-escritorio-1-750x422.jpg 750w, https:\/\/www.em.com.br\/emfoco\/wp-content\/uploads\/2026\/05\/Se-voce-tem-rolos-de-papel-higienico-vazios-nao-os-jogue-fora-veja-como-reutiliza-los-para-organizar-cabos-embaracados-e-dar-um-alivio-visual-a-gaveta-do-escritorio-1-1140x641.jpg 1140w, https:\/\/www.em.com.br\/emfoco\/wp-content\/uploads\/2026\/05\/Se-voce-tem-rolos-de-papel-higienico-vazios-nao-os-jogue-fora-veja-como-reutiliza-los-para-organizar-cabos-embaracados-e-dar-um-alivio-visual-a-gaveta-do-escritorio-1.jpg 1280w\" sizes=\"auto, (max-width: 1024px) 100vw, 1024px\" \/><figcaption class=\"wp-element-caption\">Rolo vazio ajuda a organizar cabos.<\/figcaption><\/figure>\n\n\n\n<h2 class=\"wp-block-heading\">Do banheiro para o home office: como o rolo de papel\u00e3o vira organizador na pr\u00e1tica<\/h2>\n\n\n\n<p>A l\u00f3gica \u00e9 direta: cada <strong>rolo de papel\u00e3o<\/strong> funciona como um mini-compartimento individual. Voc\u00ea enrola o cabo com cuidado, insere dentro do tubo e pronto. O formato cil\u00edndrico mant\u00e9m o cabo no lugar, sem apertar o fio nem criar dobras prejudiciais. Para identificar cada rolo, basta escrever na lateral com caneta ou colar uma etiqueta adesiva.<\/p>\n\n\n\n<p>Dentro de uma caixa de sapato ou bandeja de escrit\u00f3rio, v\u00e1rios rolos ficam em p\u00e9 lado a lado, formando um sistema de <strong>organiza\u00e7\u00e3o visual<\/strong> que deixa tudo vis\u00edvel de uma vez. Nada de revirar a gaveta inteira para achar o carregador do celular. \u00c9 o tipo de solu\u00e7\u00e3o que, depois de testar, voc\u00ea se pergunta por que n\u00e3o tinha feito antes.<\/p>\n\n\n\n<h2 class=\"wp-block-heading\">Mais do que cabos: outros usos criativos que poucos conhecem<\/h2>\n\n\n\n<p>O <strong>rolo de papel higi\u00eanico vazio<\/strong> tem muito mais versatilidade do que parece. Al\u00e9m de organizar cabos, ele resolve pequenos problemas de armazenamento espalhados pela casa. Veja algumas outras formas de aproveitar esse material antes de descart\u00e1-lo:<\/p>\n\n\n\n<ul class=\"wp-block-list\">\n<li><strong>Guardar canetas, l\u00e1pis e pinc\u00e9is<\/strong> na mesa de trabalho, usando o rolo como porta-utens\u00edlio improvisado dentro de uma caneca ou caixinha.<\/li>\n\n\n\n<li><strong>Proteger documentos enrolados<\/strong> como diplomas, mapas e p\u00f4steres, evitando amassados e rasgos durante o armazenamento.<\/li>\n\n\n\n<li><strong>Organizar novelos de l\u00e3 ou fios<\/strong> para artesanato, passando o fio por dentro do tubo para controlar o desenrolar sem embara\u00e7os.<\/li>\n\n\n\n<li><strong>Separar meias e lingerie<\/strong> na gaveta de roupas, enrolando cada par dentro de um rolo para economizar espa\u00e7o.<\/li>\n\n\n\n<li><strong>Criar moldes para len\u00e7os de pesco\u00e7o e len\u00e7os de bolso<\/strong>, enrolando o tecido ao redor para preservar a forma sem vincos.<\/li>\n<\/ul>\n\n\n\n<h2 class=\"wp-block-heading\">O al\u00edvio visual que ningu\u00e9m esperava encontrar numa gaveta<\/h2>\n\n\n\n<p>Pesquisas sobre <strong>organiza\u00e7\u00e3o dom\u00e9stica<\/strong> e bem-estar mostram que ambientes visualmente organizados reduzem o estresse cotidiano. Quando abrimos uma gaveta e encontramos tudo no lugar, com cada <strong>cabo embara\u00e7ado<\/strong> do passado agora quietinho dentro do seu tubo de papel\u00e3o, o c\u00e9rebro processa isso como ordem e conforto. \u00c9 pequeno, mas faz diferen\u00e7a no humor do dia.<\/p>\n\n\n\n<p>No contexto do <strong>home office<\/strong>, onde o espa\u00e7o de trabalho muitas vezes divide territ\u00f3rio com o espa\u00e7o de descanso, essa organiza\u00e7\u00e3o visual tem ainda mais valor. Um cantinho arrumado ajuda a manter o foco e a sensa\u00e7\u00e3o de que o trabalho tem come\u00e7o, meio e fim, mesmo dentro de casa.<\/p>\n\n\n\n<figure class=\"wp-block-image size-large\"><img loading=\"lazy\" decoding=\"async\" width=\"1024\" height=\"576\" src=\"https:\/\/www.em.com.br\/emfoco\/wp-content\/uploads\/2026\/05\/Se-voce-tem-rolos-de-papel-higienico-vazios-nao-os-jogue-fora-veja-como-reutiliza-los-para-organizar-cabos-embaracados-e-dar-um-alivio-visual-a-gaveta-do-escritorio-1024x576.jpg\" alt=\"Se voc\u00ea tem rolos de papel higi\u00eanico vazios, n\u00e3o os jogue fora: veja como reutiliz\u00e1-los para organizar cabos embara\u00e7ados e dar um al\u00edvio visual \u00e0 gaveta do escrit\u00f3rio\" class=\"wp-image-203228\" srcset=\"https:\/\/www.em.com.br\/emfoco\/wp-content\/uploads\/2026\/05\/Se-voce-tem-rolos-de-papel-higienico-vazios-nao-os-jogue-fora-veja-como-reutiliza-los-para-organizar-cabos-embaracados-e-dar-um-alivio-visual-a-gaveta-do-escritorio-1024x576.jpg 1024w, https:\/\/www.em.com.br\/emfoco\/wp-content\/uploads\/2026\/05\/Se-voce-tem-rolos-de-papel-higienico-vazios-nao-os-jogue-fora-veja-como-reutiliza-los-para-organizar-cabos-embaracados-e-dar-um-alivio-visual-a-gaveta-do-escritorio-300x169.jpg 300w, https:\/\/www.em.com.br\/emfoco\/wp-content\/uploads\/2026\/05\/Se-voce-tem-rolos-de-papel-higienico-vazios-nao-os-jogue-fora-veja-como-reutiliza-los-para-organizar-cabos-embaracados-e-dar-um-alivio-visual-a-gaveta-do-escritorio-768x432.jpg 768w, https:\/\/www.em.com.br\/emfoco\/wp-content\/uploads\/2026\/05\/Se-voce-tem-rolos-de-papel-higienico-vazios-nao-os-jogue-fora-veja-como-reutiliza-los-para-organizar-cabos-embaracados-e-dar-um-alivio-visual-a-gaveta-do-escritorio-750x422.jpg 750w, https:\/\/www.em.com.br\/emfoco\/wp-content\/uploads\/2026\/05\/Se-voce-tem-rolos-de-papel-higienico-vazios-nao-os-jogue-fora-veja-como-reutiliza-los-para-organizar-cabos-embaracados-e-dar-um-alivio-visual-a-gaveta-do-escritorio-1140x641.jpg 1140w, https:\/\/www.em.com.br\/emfoco\/wp-content\/uploads\/2026\/05\/Se-voce-tem-rolos-de-papel-higienico-vazios-nao-os-jogue-fora-veja-como-reutiliza-los-para-organizar-cabos-embaracados-e-dar-um-alivio-visual-a-gaveta-do-escritorio.jpg 1280w\" sizes=\"auto, (max-width: 1024px) 100vw, 1024px\" \/><figcaption class=\"wp-element-caption\">A gaveta fica mais limpa e pr\u00e1tica.<\/figcaption><\/figure>\n\n\n\n<h2 class=\"wp-block-heading\">Reutiliza\u00e7\u00e3o que faz sentido para o bolso e para o planeta<\/h2>\n\n\n\n<p>Cada <strong>rolo de papel\u00e3o<\/strong> reutilizado \u00e9 um item a menos no lixo recicl\u00e1vel. O Brasil gera toneladas de res\u00edduos de papel por ano, e pequenas a\u00e7\u00f5es de <strong>reutiliza\u00e7\u00e3o no dia a dia<\/strong> somam quando praticadas por muitas pessoas. Aproveitar o tubo antes de descart\u00e1-lo \u00e9 um gesto simples de consumo consciente que n\u00e3o exige esfor\u00e7o nem investimento.<\/p>\n\n\n\n<p>Na pr\u00f3xima vez que terminar um rolo de <strong>papel higi\u00eanico<\/strong>, guarde o tubo antes de jogar fora. Organize os cabos da sua mesa, separe as meias da gaveta ou proteja aquele documento que vive amassando. O resultado aparece r\u00e1pido, e a sensa\u00e7\u00e3o de ordem vale mais do que parece.<\/p>\n\n\n\n<p>Se esse conte\u00fado te deu ideias para organizar melhor o seu espa\u00e7o, compartilhe com algu\u00e9m que tamb\u00e9m vive tentando domar a bagun\u00e7a da gaveta.<\/p>\n","protected":false},"excerpt":{"rendered":"<p>Aquele rolo de papel higi\u00eanico vazio que voc\u00ea ia jogar no lixo pode ser exatamente o que faltava para acabar com a bagun\u00e7a de cabos embara\u00e7ados na gaveta do escrit\u00f3rio ou no cantinho de trabalho em casa. Simples, sem custo nenhum e surpreendentemente eficaz. O inimigo silencioso da gaveta: cabos que viram um n\u00f3 sem [&hellip;]<\/p>\n","protected":false},"author":5,"featured_media":203229,"comment_status":"open","ping_status":"open","sticky":false,"template":"","format":"standard","meta":{"jnews-multi-image_gallery":[],"jnews_single_post":{"format":"standard"},"jnews_primary_category":[],"jnews_social_meta":[],"jnews_override_counter":[],"footnotes":""},"categories":[29],"tags":[29230,3304,29231,21073],"class_list":["post-203226","post","type-post","status-publish","format-standard","has-post-thumbnail","hentry","category-entretenimento","tag-gaveta-organizada","tag-home-office","tag-organizacao-de-cabos","tag-rolo-de-papel-higienico"],"yoast_head":"<!-- This site is optimized with the Yoast SEO plugin v23.8 - https:\/\/yoast.com\/wordpress\/plugins\/seo\/ -->\n<title>Se voc\u00ea tem rolos de papel higi\u00eanico vazios, n\u00e3o os jogue fora: veja como reutiliz\u00e1-los para organizar cabos embara\u00e7ados e dar um al\u00edvio visual \u00e0 gaveta do escrit\u00f3rio - Estado de Minas - Em foco<\/title>\n<meta name=\"description\" content=\"Essa solu\u00e7\u00e3o caseira ajuda a transformar a organiza\u00e7\u00e3o da rotina com praticidade, economia e um toque de consumo consciente.\" \/>\n<meta name=\"robots\" content=\"index, follow, max-snippet:-1, max-image-preview:large, max-video-preview:-1\" \/>\n<link rel=\"canonical\" href=\"https:\/\/www.em.com.br\/emfoco\/2026\/05\/02\/se-voce-tem-rolos-de-papel-higienico-vazios-nao-os-jogue-fora-veja-como-reutiliza-los-para-organizar-cabos-embaracados-e-dar-um-alivio-visual-a-gaveta-do-escritorio\/\" \/>\n<meta property=\"og:locale\" content=\"pt_BR\" \/>\n<meta property=\"og:type\" content=\"article\" \/>\n<meta property=\"og:title\" content=\"Se voc\u00ea tem rolos de papel higi\u00eanico vazios, n\u00e3o os jogue fora: veja como reutiliz\u00e1-los para organizar cabos embara\u00e7ados e dar um al\u00edvio visual \u00e0 gaveta do escrit\u00f3rio - Estado de Minas - Em foco\" \/>\n<meta property=\"og:description\" content=\"Essa solu\u00e7\u00e3o caseira ajuda a transformar a organiza\u00e7\u00e3o da rotina com praticidade, economia e um toque de consumo consciente.\" \/>\n<meta property=\"og:url\" content=\"https:\/\/www.em.com.br\/emfoco\/2026\/05\/02\/se-voce-tem-rolos-de-papel-higienico-vazios-nao-os-jogue-fora-veja-como-reutiliza-los-para-organizar-cabos-embaracados-e-dar-um-alivio-visual-a-gaveta-do-escritorio\/\" \/>\n<meta property=\"og:site_name\" content=\"Estado de Minas - Em foco\" \/>\n<meta property=\"article:published_time\" content=\"2026-05-02T16:48:00+00:00\" \/>\n<meta property=\"article:modified_time\" content=\"2026-05-02T10:49:33+00:00\" \/>\n<meta property=\"og:image\" content=\"https:\/\/www.em.com.br\/emfoco\/wp-content\/uploads\/2026\/05\/Se-voce-tem-rolos-de-papel-higienico-vazios-nao-os-jogue-fora-veja-como-reutiliza-los-para-organizar-cabos-embaracados-e-dar-um-alivio-visual-a-gaveta-do-escritorio-2.jpg\" \/>\n\t<meta property=\"og:image:width\" content=\"1280\" \/>\n\t<meta property=\"og:image:height\" content=\"720\" \/>\n\t<meta property=\"og:image:type\" content=\"image\/jpeg\" \/>\n<meta name=\"author\" content=\"N\u00fabia Rangel\" \/>\n<meta name=\"twitter:card\" content=\"summary_large_image\" \/>\n<meta name=\"twitter:label1\" content=\"Escrito por\" \/>\n\t<meta name=\"twitter:data1\" content=\"N\u00fabia Rangel\" \/>\n\t<meta name=\"twitter:label2\" content=\"Est. tempo de leitura\" \/>\n\t<meta name=\"twitter:data2\" content=\"5 minutos\" \/>\n<!-- \/ Yoast SEO plugin. -->","yoast_head_json":{"title":"Se voc\u00ea tem rolos de papel higi\u00eanico vazios, n\u00e3o os jogue fora: veja como reutiliz\u00e1-los para organizar cabos embara\u00e7ados e dar um al\u00edvio visual \u00e0 gaveta do escrit\u00f3rio - Estado de Minas - Em foco","description":"Essa solu\u00e7\u00e3o caseira ajuda a transformar a organiza\u00e7\u00e3o da rotina com praticidade, economia e um toque de consumo consciente.","robots":{"index":"index","follow":"follow","max-snippet":"max-snippet:-1","max-image-preview":"max-image-preview:large","max-video-preview":"max-video-preview:-1"},"canonical":"https:\/\/www.em.com.br\/emfoco\/2026\/05\/02\/se-voce-tem-rolos-de-papel-higienico-vazios-nao-os-jogue-fora-veja-como-reutiliza-los-para-organizar-cabos-embaracados-e-dar-um-alivio-visual-a-gaveta-do-escritorio\/","og_locale":"pt_BR","og_type":"article","og_title":"Se voc\u00ea tem rolos de papel higi\u00eanico vazios, n\u00e3o os jogue fora: veja como reutiliz\u00e1-los para organizar cabos embara\u00e7ados e dar um al\u00edvio visual \u00e0 gaveta do escrit\u00f3rio - Estado de Minas - Em foco","og_description":"Essa solu\u00e7\u00e3o caseira ajuda a transformar a organiza\u00e7\u00e3o da rotina com praticidade, economia e um toque de consumo consciente.","og_url":"https:\/\/www.em.com.br\/emfoco\/2026\/05\/02\/se-voce-tem-rolos-de-papel-higienico-vazios-nao-os-jogue-fora-veja-como-reutiliza-los-para-organizar-cabos-embaracados-e-dar-um-alivio-visual-a-gaveta-do-escritorio\/","og_site_name":"Estado de Minas - Em foco","article_published_time":"2026-05-02T16:48:00+00:00","article_modified_time":"2026-05-02T10:49:33+00:00","og_image":[{"width":1280,"height":720,"url":"https:\/\/www.em.com.br\/emfoco\/wp-content\/uploads\/2026\/05\/Se-voce-tem-rolos-de-papel-higienico-vazios-nao-os-jogue-fora-veja-como-reutiliza-los-para-organizar-cabos-embaracados-e-dar-um-alivio-visual-a-gaveta-do-escritorio-2.jpg","type":"image\/jpeg"}],"author":"N\u00fabia Rangel","twitter_card":"summary_large_image","twitter_misc":{"Escrito por":"N\u00fabia Rangel","Est. tempo de leitura":"5 minutos"},"schema":{"@context":"https:\/\/schema.org","@graph":[{"@type":"WebPage","@id":"https:\/\/www.em.com.br\/emfoco\/2026\/05\/02\/se-voce-tem-rolos-de-papel-higienico-vazios-nao-os-jogue-fora-veja-como-reutiliza-los-para-organizar-cabos-embaracados-e-dar-um-alivio-visual-a-gaveta-do-escritorio\/","url":"https:\/\/www.em.com.br\/emfoco\/2026\/05\/02\/se-voce-tem-rolos-de-papel-higienico-vazios-nao-os-jogue-fora-veja-como-reutiliza-los-para-organizar-cabos-embaracados-e-dar-um-alivio-visual-a-gaveta-do-escritorio\/","name":"Se voc\u00ea tem rolos de papel higi\u00eanico vazios, n\u00e3o os jogue fora: veja como reutiliz\u00e1-los para organizar cabos embara\u00e7ados e dar um al\u00edvio visual \u00e0 gaveta do escrit\u00f3rio - Estado de Minas - Em foco","isPartOf":{"@id":"https:\/\/www.em.com.br\/emfoco\/#website"},"primaryImageOfPage":{"@id":"https:\/\/www.em.com.br\/emfoco\/2026\/05\/02\/se-voce-tem-rolos-de-papel-higienico-vazios-nao-os-jogue-fora-veja-como-reutiliza-los-para-organizar-cabos-embaracados-e-dar-um-alivio-visual-a-gaveta-do-escritorio\/#primaryimage"},"image":{"@id":"https:\/\/www.em.com.br\/emfoco\/2026\/05\/02\/se-voce-tem-rolos-de-papel-higienico-vazios-nao-os-jogue-fora-veja-como-reutiliza-los-para-organizar-cabos-embaracados-e-dar-um-alivio-visual-a-gaveta-do-escritorio\/#primaryimage"},"thumbnailUrl":"https:\/\/www.em.com.br\/emfoco\/wp-content\/uploads\/2026\/05\/Se-voce-tem-rolos-de-papel-higienico-vazios-nao-os-jogue-fora-veja-como-reutiliza-los-para-organizar-cabos-embaracados-e-dar-um-alivio-visual-a-gaveta-do-escritorio-2.jpg","datePublished":"2026-05-02T16:48:00+00:00","dateModified":"2026-05-02T10:49:33+00:00","author":{"@id":"https:\/\/www.em.com.br\/emfoco\/#\/schema\/person\/524437ef54f8a5d32591b143307f2e20"},"description":"Essa solu\u00e7\u00e3o caseira ajuda a transformar a organiza\u00e7\u00e3o da rotina com praticidade, economia e um toque de consumo consciente.","breadcrumb":{"@id":"https:\/\/www.em.com.br\/emfoco\/2026\/05\/02\/se-voce-tem-rolos-de-papel-higienico-vazios-nao-os-jogue-fora-veja-como-reutiliza-los-para-organizar-cabos-embaracados-e-dar-um-alivio-visual-a-gaveta-do-escritorio\/#breadcrumb"},"inLanguage":"pt-BR","potentialAction":[{"@type":"ReadAction","target":["https:\/\/www.em.com.br\/emfoco\/2026\/05\/02\/se-voce-tem-rolos-de-papel-higienico-vazios-nao-os-jogue-fora-veja-como-reutiliza-los-para-organizar-cabos-embaracados-e-dar-um-alivio-visual-a-gaveta-do-escritorio\/"]}]},{"@type":"ImageObject","inLanguage":"pt-BR","@id":"https:\/\/www.em.com.br\/emfoco\/2026\/05\/02\/se-voce-tem-rolos-de-papel-higienico-vazios-nao-os-jogue-fora-veja-como-reutiliza-los-para-organizar-cabos-embaracados-e-dar-um-alivio-visual-a-gaveta-do-escritorio\/#primaryimage","url":"https:\/\/www.em.com.br\/emfoco\/wp-content\/uploads\/2026\/05\/Se-voce-tem-rolos-de-papel-higienico-vazios-nao-os-jogue-fora-veja-como-reutiliza-los-para-organizar-cabos-embaracados-e-dar-um-alivio-visual-a-gaveta-do-escritorio-2.jpg","contentUrl":"https:\/\/www.em.com.br\/emfoco\/wp-content\/uploads\/2026\/05\/Se-voce-tem-rolos-de-papel-higienico-vazios-nao-os-jogue-fora-veja-como-reutiliza-los-para-organizar-cabos-embaracados-e-dar-um-alivio-visual-a-gaveta-do-escritorio-2.jpg","width":1280,"height":720,"caption":"Cabos separados duram mais tempo."},{"@type":"BreadcrumbList","@id":"https:\/\/www.em.com.br\/emfoco\/2026\/05\/02\/se-voce-tem-rolos-de-papel-higienico-vazios-nao-os-jogue-fora-veja-como-reutiliza-los-para-organizar-cabos-embaracados-e-dar-um-alivio-visual-a-gaveta-do-escritorio\/#breadcrumb","itemListElement":[{"@type":"ListItem","position":1,"name":"In\u00edcio","item":"https:\/\/www.em.com.br\/emfoco\/"},{"@type":"ListItem","position":2,"name":"Se voc\u00ea tem rolos de papel higi\u00eanico vazios, n\u00e3o os jogue fora: veja como reutiliz\u00e1-los para organizar cabos embara\u00e7ados e dar um al\u00edvio visual \u00e0 gaveta do escrit\u00f3rio"}]},{"@type":"WebSite","@id":"https:\/\/www.em.com.br\/emfoco\/#website","url":"https:\/\/www.em.com.br\/emfoco\/","name":"Estado de Minas - Em foco","description":"Acompanhe as \u00faltimas not\u00edcias e fique bem informado sobre tudo o que acontece em Minas Gerais, Brasil e no mundo.","potentialAction":[{"@type":"SearchAction","target":{"@type":"EntryPoint","urlTemplate":"https:\/\/www.em.com.br\/emfoco\/?s={search_term_string}"},"query-input":{"@type":"PropertyValueSpecification","valueRequired":true,"valueName":"search_term_string"}}],"inLanguage":"pt-BR"},{"@type":"Person","@id":"https:\/\/www.em.com.br\/emfoco\/#\/schema\/person\/524437ef54f8a5d32591b143307f2e20","name":"N\u00fabia Rangel","image":{"@type":"ImageObject","inLanguage":"pt-BR","@id":"https:\/\/www.em.com.br\/emfoco\/#\/schema\/person\/image\/","url":"https:\/\/secure.gravatar.com\/avatar\/47cff2827a5ba23c37e8068c86817ea4?s=96&d=mm&r=g","contentUrl":"https:\/\/secure.gravatar.com\/avatar\/47cff2827a5ba23c37e8068c86817ea4?s=96&d=mm&r=g","caption":"N\u00fabia Rangel"},"sameAs":["https:\/\/www.em.com.br\/emfoco\/"],"url":"https:\/\/www.em.com.br\/emfoco\/author\/nubiamyth\/"}]}},"_links":{"self":[{"href":"https:\/\/www.em.com.br\/emfoco\/wp-json\/wp\/v2\/posts\/203226","targetHints":{"allow":["GET"]}}],"collection":[{"href":"https:\/\/www.em.com.br\/emfoco\/wp-json\/wp\/v2\/posts"}],"about":[{"href":"https:\/\/www.em.com.br\/emfoco\/wp-json\/wp\/v2\/types\/post"}],"author":[{"embeddable":true,"href":"https:\/\/www.em.com.br\/emfoco\/wp-json\/wp\/v2\/users\/5"}],"replies":[{"embeddable":true,"href":"https:\/\/www.em.com.br\/emfoco\/wp-json\/wp\/v2\/comments?post=203226"}],"version-history":[{"count":1,"href":"https:\/\/www.em.com.br\/emfoco\/wp-json\/wp\/v2\/posts\/203226\/revisions"}],"predecessor-version":[{"id":203230,"href":"https:\/\/www.em.com.br\/emfoco\/wp-json\/wp\/v2\/posts\/203226\/revisions\/203230"}],"wp:featuredmedia":[{"embeddable":true,"href":"https:\/\/www.em.com.br\/emfoco\/wp-json\/wp\/v2\/media\/203229"}],"wp:attachment":[{"href":"https:\/\/www.em.com.br\/emfoco\/wp-json\/wp\/v2\/media?parent=203226"}],"wp:term":[{"taxonomy":"category","embeddable":true,"href":"https:\/\/www.em.com.br\/emfoco\/wp-json\/wp\/v2\/categories?post=203226"},{"taxonomy":"post_tag","embeddable":true,"href":"https:\/\/www.em.com.br\/emfoco\/wp-json\/wp\/v2\/tags?post=203226"}],"curies":[{"name":"wp","href":"https:\/\/api.w.org\/{rel}","templated":true}]}}