{"id":202989,"date":"2026-05-02T07:00:00","date_gmt":"2026-05-02T10:00:00","guid":{"rendered":"https:\/\/www.em.com.br\/emfoco\/?p=202989"},"modified":"2026-05-02T04:37:24","modified_gmt":"2026-05-02T07:37:24","slug":"adeus-as-carteiras-de-habilitacao-para-maiores-de-65-anos-eles-nao-poderao-renovar-suas-permissoes-se-nao-atenderem-a-esse-requisito-em-2026","status":"publish","type":"post","link":"https:\/\/www.em.com.br\/emfoco\/2026\/05\/02\/adeus-as-carteiras-de-habilitacao-para-maiores-de-65-anos-eles-nao-poderao-renovar-suas-permissoes-se-nao-atenderem-a-esse-requisito-em-2026\/","title":{"rendered":"Adeus \u00e0s carteiras de habilita\u00e7\u00e3o para maiores de 65 anos: eles n\u00e3o poder\u00e3o renovar suas permiss\u00f5es se n\u00e3o atenderem a esse requisito em 2026"},"content":{"rendered":"\n<p>Renovar a CNH para condutores com mais de 65 anos na <strong>Col\u00f4mbia <\/strong>envolve etapas que v\u00e3o muito al\u00e9m de uma simples visita ao \u00f3rg\u00e3o de tr\u00e2nsito. A legisla\u00e7\u00e3o vigente exige exames m\u00e9dicos e psicol\u00f3gicos espec\u00edficos para assegurar que o motorista mantenha condi\u00e7\u00f5es reais de seguran\u00e7a ao dirigir, especialmente em grandes centros urbanos como <strong>Bogot\u00e1<\/strong>.<\/p>\n\n\n\n<p><strong>Quais s\u00e3o as regras vigentes para renova\u00e7\u00e3o da CNH de idosos na Col\u00f4mbia<\/strong><\/p>\n\n\n\n<p>A legisla\u00e7\u00e3o colombiana determina que, antes de qualquer renova\u00e7\u00e3o, o condutor em idade avan\u00e7ada comprove suas condi\u00e7\u00f5es f\u00edsicas, mentais e de coordena\u00e7\u00e3o motora. Essa verifica\u00e7\u00e3o \u00e9 pe\u00e7a fundamental da pol\u00edtica de seguran\u00e7a vi\u00e1ria do pa\u00eds, que busca acompanhar os efeitos do envelhecimento nas habilidades ao volante.<\/p>\n\n\n\n<p>As normas do Minist\u00e9rio dos Transportes regulamentam o conte\u00fado dos exames e a forma de emiss\u00e3o dos certificados m\u00e9dicos, atualmente integrados ao sistema eletr\u00f4nico. Dessa forma, a licen\u00e7a de condu\u00e7\u00e3o funciona como uma autoriza\u00e7\u00e3o renov\u00e1vel, condicionada \u00e0 aptid\u00e3o m\u00e9dica comprovada periodicamente.<\/p>\n\n\n\n<p><strong>Como funciona a renova\u00e7\u00e3o da CNH para idosos no Brasil em 2026<\/strong><\/p>\n\n\n\n<p>No Brasil, em 2026, n\u00e3o existe limite de idade que impe\u00e7a automaticamente a renova\u00e7\u00e3o da CNH para condutores com 65 anos ou mais. A idade avan\u00e7ada exige maior controle, mas o impedimento ocorre somente se o motorista for reprovado nos exames m\u00e9dicos obrigat\u00f3rios ou apresentar restri\u00e7\u00f5es administrativas graves no <a href=\"https:\/\/www.gov.br\/pt-br\/temas\/servicos-de-transito\" target=\"_blank\" rel=\"noreferrer noopener\">Detran<\/a>.<\/p>\n\n\n\n<p>De modo geral, a renova\u00e7\u00e3o depende da avalia\u00e7\u00e3o de sa\u00fade e do hist\u00f3rico do condutor, observando crit\u00e9rios m\u00e9dicos, altera\u00e7\u00f5es de prazos e benef\u00edcios, al\u00e9m de exig\u00eancias espec\u00edficas \u2014 como o exame toxicol\u00f3gico para as categorias C, D e E \u2014 e eventuais propostas de isen\u00e7\u00e3o de taxas para idosos em situa\u00e7\u00e3o de vulnerabilidade.<\/p>\n\n\n\n<figure class=\"wp-block-image size-large\"><img loading=\"lazy\" decoding=\"async\" width=\"1024\" height=\"572\" src=\"https:\/\/www.em.com.br\/emfoco\/wp-content\/uploads\/2026\/05\/magnific_idoso-segurando-carteira-_2905052466-1024x572.jpeg\" alt=\"\" class=\"wp-image-203020\" srcset=\"https:\/\/www.em.com.br\/emfoco\/wp-content\/uploads\/2026\/05\/magnific_idoso-segurando-carteira-_2905052466-1024x572.jpeg 1024w, https:\/\/www.em.com.br\/emfoco\/wp-content\/uploads\/2026\/05\/magnific_idoso-segurando-carteira-_2905052466-300x167.jpeg 300w, https:\/\/www.em.com.br\/emfoco\/wp-content\/uploads\/2026\/05\/magnific_idoso-segurando-carteira-_2905052466-768x429.jpeg 768w, https:\/\/www.em.com.br\/emfoco\/wp-content\/uploads\/2026\/05\/magnific_idoso-segurando-carteira-_2905052466-750x419.jpeg 750w, https:\/\/www.em.com.br\/emfoco\/wp-content\/uploads\/2026\/05\/magnific_idoso-segurando-carteira-_2905052466-1140x636.jpeg 1140w, https:\/\/www.em.com.br\/emfoco\/wp-content\/uploads\/2026\/05\/magnific_idoso-segurando-carteira-_2905052466.jpeg 1376w\" sizes=\"auto, (max-width: 1024px) 100vw, 1024px\" \/><figcaption class=\"wp-element-caption\">Renova\u00e7\u00e3o da CNH para maiores de 65 anos exige exames m\u00e9dicos e psicol\u00f3gicos<\/figcaption><\/figure>\n\n\n\n<p><strong>Quais documentos e exames s\u00e3o exigidos ap\u00f3s os 65 anos na Col\u00f4mbia<\/strong><\/p>\n\n\n\n<p>Entre os principais requisitos para renovar a CNH de condutores acima de 65 anos na Col\u00f4mbia est\u00e1 a realiza\u00e7\u00e3o de um exame completo em um Centro de Reconhecimento de Condutores (CRC) credenciado. Nesses locais, s\u00e3o avaliados vis\u00e3o, audi\u00e7\u00e3o, coordena\u00e7\u00e3o motora, condi\u00e7\u00f5es f\u00edsicas gerais e estado psicol\u00f3gico.<\/p>\n\n\n\n<p>Confira os pontos que o idoso deve observar antes de iniciar o processo de renova\u00e7\u00e3o:<\/p>\n\n\n\n<ul class=\"wp-block-list\">\n<li>Estar cadastrado no Registro \u00danico Nacional de Tr\u00e2nsito (RUNT), com dados atualizados.<\/li>\n\n\n\n<li>Ter o certificado m\u00e9dico registrado no sistema; sem ele, a autoridade de tr\u00e2nsito n\u00e3o conclui a renova\u00e7\u00e3o.<\/li>\n\n\n\n<li>Apresentar documento de identidade original no momento do atendimento.<\/li>\n\n\n\n<li>N\u00e3o ter multas ativas ou, caso existam, quit\u00e1-las ou firmar acordo de pagamento.<\/li>\n\n\n\n<li>Respeitar a validade do laudo m\u00e9dico, que geralmente \u00e9 de at\u00e9 seis meses.<\/li>\n<\/ul>\n\n\n\n<p><strong>Com que frequ\u00eancia o idoso precisa renovar a licen\u00e7a de condu\u00e7\u00e3o<\/strong><\/p>\n\n\n\n<p>A periodicidade da renova\u00e7\u00e3o varia conforme a faixa et\u00e1ria do motorista e o tipo de servi\u00e7o \u2014 particular ou p\u00fablico. Para ve\u00edculos de uso particular, o prazo \u00e9 mais espa\u00e7ado na meia-idade e vai se reduzindo com o avan\u00e7o dos anos, permitindo um acompanhamento m\u00e9dico mais pr\u00f3ximo.<\/p>\n\n\n\n<p>Em linhas gerais, para o servi\u00e7o particular (categorias A e B): a renova\u00e7\u00e3o ocorre a cada 10 anos para menores de 60 anos, a cada 5 anos entre 60 e 80 anos, e anualmente para maiores de 80 anos. No servi\u00e7o p\u00fablico, a renova\u00e7\u00e3o \u00e9 feita a cada 3 anos para menores de 60 anos e passa a ser anual a partir dos 60 anos.<\/p>\n\n\n\n<figure class=\"wp-block-image size-large\"><img loading=\"lazy\" decoding=\"async\" width=\"1024\" height=\"572\" src=\"https:\/\/www.em.com.br\/emfoco\/wp-content\/uploads\/2026\/05\/magnific_equipamento-de-exame-de-v_2905052810-1024x572.png\" alt=\"\" class=\"wp-image-203021\" srcset=\"https:\/\/www.em.com.br\/emfoco\/wp-content\/uploads\/2026\/05\/magnific_equipamento-de-exame-de-v_2905052810-1024x572.png 1024w, https:\/\/www.em.com.br\/emfoco\/wp-content\/uploads\/2026\/05\/magnific_equipamento-de-exame-de-v_2905052810-300x167.png 300w, https:\/\/www.em.com.br\/emfoco\/wp-content\/uploads\/2026\/05\/magnific_equipamento-de-exame-de-v_2905052810-768x429.png 768w, https:\/\/www.em.com.br\/emfoco\/wp-content\/uploads\/2026\/05\/magnific_equipamento-de-exame-de-v_2905052810-750x419.png 750w, https:\/\/www.em.com.br\/emfoco\/wp-content\/uploads\/2026\/05\/magnific_equipamento-de-exame-de-v_2905052810-1140x636.png 1140w, https:\/\/www.em.com.br\/emfoco\/wp-content\/uploads\/2026\/05\/magnific_equipamento-de-exame-de-v_2905052810.png 1376w\" sizes=\"auto, (max-width: 1024px) 100vw, 1024px\" \/><figcaption class=\"wp-element-caption\">Motoristas acima de 65 anos precisam comprovar aptid\u00e3o para renovar a CNH<\/figcaption><\/figure>\n\n\n\n<p><strong>Quais s\u00e3o os passos pr\u00e1ticos e por que n\u00e3o deixar a renova\u00e7\u00e3o para a \u00faltima hora<\/strong><\/p>\n\n\n\n<p>O processo de renova\u00e7\u00e3o para condutores acima de 65 anos na Col\u00f4mbia segue um roteiro padronizado, centralizado em Bogot\u00e1 pelo Guich\u00ea \u00danico de Servi\u00e7os. Para 2025, foram divulgados valores de refer\u00eancia de aproximadamente 128.700 pesos para autom\u00f3veis e 222.100 pesos para motocicletas, sujeitos a ajustes locais e anuais.<\/p>\n\n\n\n<p>Renovar a CNH dentro do prazo evita multas, restri\u00e7\u00f5es para dirigir e a necessidade de refazer exames por vencimento do laudo m\u00e9dico. Al\u00e9m disso, garante que o condutor idoso esteja de fato apto para enfrentar um tr\u00e2nsito cada vez mais intenso, din\u00e2mico e exigente. Se voc\u00ea ou um familiar j\u00e1 passou dos 65 anos, n\u00e3o aguarde o documento vencer: agende o exame no Centro de Reconhecimento de Condutores, regularize eventuais multas e providencie a renova\u00e7\u00e3o o quanto antes \u2014 assumindo um compromisso s\u00e9rio com a sua seguran\u00e7a e a de todos ao redor.<\/p>\n\n\n\n<p><\/p>\n","protected":false},"excerpt":{"rendered":"<p>Renovar a CNH para condutores com mais de 65 anos na Col\u00f4mbia envolve etapas que v\u00e3o muito al\u00e9m de uma simples visita ao \u00f3rg\u00e3o de tr\u00e2nsito. A legisla\u00e7\u00e3o vigente exige exames m\u00e9dicos e psicol\u00f3gicos espec\u00edficos para assegurar que o motorista mantenha condi\u00e7\u00f5es reais de seguran\u00e7a ao dirigir, especialmente em grandes centros urbanos como Bogot\u00e1. Quais [&hellip;]<\/p>\n","protected":false},"author":19,"featured_media":203028,"comment_status":"open","ping_status":"open","sticky":false,"template":"","format":"standard","meta":{"jnews-multi-image_gallery":[],"jnews_single_post":{"format":"standard"},"jnews_primary_category":[],"jnews_social_meta":[],"jnews_override_counter":[],"footnotes":""},"categories":[1],"tags":[158,4472,11990,29207,15176,617],"class_list":["post-202989","post","type-post","status-publish","format-standard","has-post-thumbnail","hentry","category-noticias","tag-brasil","tag-colombia","tag-exames-medicos","tag-maiores-de-65-anos","tag-renovacao-da-cnh","tag-requisitos"],"yoast_head":"<!-- This site is optimized with the Yoast SEO plugin v23.8 - https:\/\/yoast.com\/wordpress\/plugins\/seo\/ -->\n<title>Adeus \u00e0s carteiras de habilita\u00e7\u00e3o para maiores de 65 anos: eles n\u00e3o poder\u00e3o renovar suas permiss\u00f5es se n\u00e3o atenderem a esse requisito em 2026 - Estado de Minas - Em foco<\/title>\n<meta name=\"description\" content=\"A renova\u00e7\u00e3o da CNH para maiores de 65 anos exige exames m\u00e9dicos e psicol\u00f3gicos. Entenda as regras atuais na Col\u00f4mbia e no Brasil.\" \/>\n<meta name=\"robots\" content=\"index, follow, max-snippet:-1, max-image-preview:large, max-video-preview:-1\" \/>\n<link rel=\"canonical\" href=\"https:\/\/www.em.com.br\/emfoco\/2026\/05\/02\/adeus-as-carteiras-de-habilitacao-para-maiores-de-65-anos-eles-nao-poderao-renovar-suas-permissoes-se-nao-atenderem-a-esse-requisito-em-2026\/\" \/>\n<meta property=\"og:locale\" content=\"pt_BR\" \/>\n<meta property=\"og:type\" content=\"article\" \/>\n<meta property=\"og:title\" content=\"Adeus \u00e0s carteiras de habilita\u00e7\u00e3o para maiores de 65 anos: eles n\u00e3o poder\u00e3o renovar suas permiss\u00f5es se n\u00e3o atenderem a esse requisito em 2026 - Estado de Minas - Em foco\" \/>\n<meta property=\"og:description\" content=\"A renova\u00e7\u00e3o da CNH para maiores de 65 anos exige exames m\u00e9dicos e psicol\u00f3gicos. Entenda as regras atuais na Col\u00f4mbia e no Brasil.\" \/>\n<meta property=\"og:url\" content=\"https:\/\/www.em.com.br\/emfoco\/2026\/05\/02\/adeus-as-carteiras-de-habilitacao-para-maiores-de-65-anos-eles-nao-poderao-renovar-suas-permissoes-se-nao-atenderem-a-esse-requisito-em-2026\/\" \/>\n<meta property=\"og:site_name\" content=\"Estado de Minas - Em foco\" \/>\n<meta property=\"article:published_time\" content=\"2026-05-02T10:00:00+00:00\" \/>\n<meta property=\"article:modified_time\" content=\"2026-05-02T07:37:24+00:00\" \/>\n<meta property=\"og:image\" content=\"https:\/\/www.em.com.br\/emfoco\/wp-content\/uploads\/2026\/05\/magnific_e-laudo-medico-com-carimb_2905079597.jpeg\" \/>\n\t<meta property=\"og:image:width\" content=\"1376\" \/>\n\t<meta property=\"og:image:height\" content=\"768\" \/>\n\t<meta property=\"og:image:type\" content=\"image\/jpeg\" \/>\n<meta name=\"author\" content=\"Vanessa Tavares\" \/>\n<meta name=\"twitter:card\" content=\"summary_large_image\" \/>\n<meta name=\"twitter:label1\" content=\"Escrito por\" \/>\n\t<meta name=\"twitter:data1\" content=\"Vanessa Tavares\" \/>\n\t<meta name=\"twitter:label2\" content=\"Est. tempo de leitura\" \/>\n\t<meta name=\"twitter:data2\" content=\"5 minutos\" \/>\n<!-- \/ Yoast SEO plugin. -->","yoast_head_json":{"title":"Adeus \u00e0s carteiras de habilita\u00e7\u00e3o para maiores de 65 anos: eles n\u00e3o poder\u00e3o renovar suas permiss\u00f5es se n\u00e3o atenderem a esse requisito em 2026 - Estado de Minas - Em foco","description":"A renova\u00e7\u00e3o da CNH para maiores de 65 anos exige exames m\u00e9dicos e psicol\u00f3gicos. Entenda as regras atuais na Col\u00f4mbia e no Brasil.","robots":{"index":"index","follow":"follow","max-snippet":"max-snippet:-1","max-image-preview":"max-image-preview:large","max-video-preview":"max-video-preview:-1"},"canonical":"https:\/\/www.em.com.br\/emfoco\/2026\/05\/02\/adeus-as-carteiras-de-habilitacao-para-maiores-de-65-anos-eles-nao-poderao-renovar-suas-permissoes-se-nao-atenderem-a-esse-requisito-em-2026\/","og_locale":"pt_BR","og_type":"article","og_title":"Adeus \u00e0s carteiras de habilita\u00e7\u00e3o para maiores de 65 anos: eles n\u00e3o poder\u00e3o renovar suas permiss\u00f5es se n\u00e3o atenderem a esse requisito em 2026 - Estado de Minas - Em foco","og_description":"A renova\u00e7\u00e3o da CNH para maiores de 65 anos exige exames m\u00e9dicos e psicol\u00f3gicos. Entenda as regras atuais na Col\u00f4mbia e no Brasil.","og_url":"https:\/\/www.em.com.br\/emfoco\/2026\/05\/02\/adeus-as-carteiras-de-habilitacao-para-maiores-de-65-anos-eles-nao-poderao-renovar-suas-permissoes-se-nao-atenderem-a-esse-requisito-em-2026\/","og_site_name":"Estado de Minas - Em foco","article_published_time":"2026-05-02T10:00:00+00:00","article_modified_time":"2026-05-02T07:37:24+00:00","og_image":[{"width":1376,"height":768,"url":"https:\/\/www.em.com.br\/emfoco\/wp-content\/uploads\/2026\/05\/magnific_e-laudo-medico-com-carimb_2905079597.jpeg","type":"image\/jpeg"}],"author":"Vanessa Tavares","twitter_card":"summary_large_image","twitter_misc":{"Escrito por":"Vanessa Tavares","Est. tempo de leitura":"5 minutos"},"schema":{"@context":"https:\/\/schema.org","@graph":[{"@type":"WebPage","@id":"https:\/\/www.em.com.br\/emfoco\/2026\/05\/02\/adeus-as-carteiras-de-habilitacao-para-maiores-de-65-anos-eles-nao-poderao-renovar-suas-permissoes-se-nao-atenderem-a-esse-requisito-em-2026\/","url":"https:\/\/www.em.com.br\/emfoco\/2026\/05\/02\/adeus-as-carteiras-de-habilitacao-para-maiores-de-65-anos-eles-nao-poderao-renovar-suas-permissoes-se-nao-atenderem-a-esse-requisito-em-2026\/","name":"Adeus \u00e0s carteiras de habilita\u00e7\u00e3o para maiores de 65 anos: eles n\u00e3o poder\u00e3o renovar suas permiss\u00f5es se n\u00e3o atenderem a esse requisito em 2026 - Estado de Minas - Em foco","isPartOf":{"@id":"https:\/\/www.em.com.br\/emfoco\/#website"},"primaryImageOfPage":{"@id":"https:\/\/www.em.com.br\/emfoco\/2026\/05\/02\/adeus-as-carteiras-de-habilitacao-para-maiores-de-65-anos-eles-nao-poderao-renovar-suas-permissoes-se-nao-atenderem-a-esse-requisito-em-2026\/#primaryimage"},"image":{"@id":"https:\/\/www.em.com.br\/emfoco\/2026\/05\/02\/adeus-as-carteiras-de-habilitacao-para-maiores-de-65-anos-eles-nao-poderao-renovar-suas-permissoes-se-nao-atenderem-a-esse-requisito-em-2026\/#primaryimage"},"thumbnailUrl":"https:\/\/www.em.com.br\/emfoco\/wp-content\/uploads\/2026\/05\/magnific_e-laudo-medico-com-carimb_2905079597.jpeg","datePublished":"2026-05-02T10:00:00+00:00","dateModified":"2026-05-02T07:37:24+00:00","author":{"@id":"https:\/\/www.em.com.br\/emfoco\/#\/schema\/person\/4a7a157aac450b98edc86f15a7434f0b"},"description":"A renova\u00e7\u00e3o da CNH para maiores de 65 anos exige exames m\u00e9dicos e psicol\u00f3gicos. Entenda as regras atuais na Col\u00f4mbia e no Brasil.","breadcrumb":{"@id":"https:\/\/www.em.com.br\/emfoco\/2026\/05\/02\/adeus-as-carteiras-de-habilitacao-para-maiores-de-65-anos-eles-nao-poderao-renovar-suas-permissoes-se-nao-atenderem-a-esse-requisito-em-2026\/#breadcrumb"},"inLanguage":"pt-BR","potentialAction":[{"@type":"ReadAction","target":["https:\/\/www.em.com.br\/emfoco\/2026\/05\/02\/adeus-as-carteiras-de-habilitacao-para-maiores-de-65-anos-eles-nao-poderao-renovar-suas-permissoes-se-nao-atenderem-a-esse-requisito-em-2026\/"]}]},{"@type":"ImageObject","inLanguage":"pt-BR","@id":"https:\/\/www.em.com.br\/emfoco\/2026\/05\/02\/adeus-as-carteiras-de-habilitacao-para-maiores-de-65-anos-eles-nao-poderao-renovar-suas-permissoes-se-nao-atenderem-a-esse-requisito-em-2026\/#primaryimage","url":"https:\/\/www.em.com.br\/emfoco\/wp-content\/uploads\/2026\/05\/magnific_e-laudo-medico-com-carimb_2905079597.jpeg","contentUrl":"https:\/\/www.em.com.br\/emfoco\/wp-content\/uploads\/2026\/05\/magnific_e-laudo-medico-com-carimb_2905079597.jpeg","width":1376,"height":768,"caption":"Regras para renovar a CNH acima de 65 anos ficam mais rigorosas na Col\u00f4mbia"},{"@type":"BreadcrumbList","@id":"https:\/\/www.em.com.br\/emfoco\/2026\/05\/02\/adeus-as-carteiras-de-habilitacao-para-maiores-de-65-anos-eles-nao-poderao-renovar-suas-permissoes-se-nao-atenderem-a-esse-requisito-em-2026\/#breadcrumb","itemListElement":[{"@type":"ListItem","position":1,"name":"In\u00edcio","item":"https:\/\/www.em.com.br\/emfoco\/"},{"@type":"ListItem","position":2,"name":"Adeus \u00e0s carteiras de habilita\u00e7\u00e3o para maiores de 65 anos: eles n\u00e3o poder\u00e3o renovar suas permiss\u00f5es se n\u00e3o atenderem a esse requisito em 2026"}]},{"@type":"WebSite","@id":"https:\/\/www.em.com.br\/emfoco\/#website","url":"https:\/\/www.em.com.br\/emfoco\/","name":"Estado de Minas - Em foco","description":"Acompanhe as \u00faltimas not\u00edcias e fique bem informado sobre tudo o que acontece em Minas Gerais, Brasil e no mundo.","potentialAction":[{"@type":"SearchAction","target":{"@type":"EntryPoint","urlTemplate":"https:\/\/www.em.com.br\/emfoco\/?s={search_term_string}"},"query-input":{"@type":"PropertyValueSpecification","valueRequired":true,"valueName":"search_term_string"}}],"inLanguage":"pt-BR"},{"@type":"Person","@id":"https:\/\/www.em.com.br\/emfoco\/#\/schema\/person\/4a7a157aac450b98edc86f15a7434f0b","name":"Vanessa Tavares","image":{"@type":"ImageObject","inLanguage":"pt-BR","@id":"https:\/\/www.em.com.br\/emfoco\/#\/schema\/person\/image\/","url":"https:\/\/secure.gravatar.com\/avatar\/088c9372da58da00f00f8e508f13d635?s=96&d=mm&r=g","contentUrl":"https:\/\/secure.gravatar.com\/avatar\/088c9372da58da00f00f8e508f13d635?s=96&d=mm&r=g","caption":"Vanessa Tavares"},"sameAs":["https:\/\/www.em.com.br\/emfoco"],"url":"https:\/\/www.em.com.br\/emfoco\/author\/vanessamyth\/"}]}},"_links":{"self":[{"href":"https:\/\/www.em.com.br\/emfoco\/wp-json\/wp\/v2\/posts\/202989","targetHints":{"allow":["GET"]}}],"collection":[{"href":"https:\/\/www.em.com.br\/emfoco\/wp-json\/wp\/v2\/posts"}],"about":[{"href":"https:\/\/www.em.com.br\/emfoco\/wp-json\/wp\/v2\/types\/post"}],"author":[{"embeddable":true,"href":"https:\/\/www.em.com.br\/emfoco\/wp-json\/wp\/v2\/users\/19"}],"replies":[{"embeddable":true,"href":"https:\/\/www.em.com.br\/emfoco\/wp-json\/wp\/v2\/comments?post=202989"}],"version-history":[{"count":2,"href":"https:\/\/www.em.com.br\/emfoco\/wp-json\/wp\/v2\/posts\/202989\/revisions"}],"predecessor-version":[{"id":203199,"href":"https:\/\/www.em.com.br\/emfoco\/wp-json\/wp\/v2\/posts\/202989\/revisions\/203199"}],"wp:featuredmedia":[{"embeddable":true,"href":"https:\/\/www.em.com.br\/emfoco\/wp-json\/wp\/v2\/media\/203028"}],"wp:attachment":[{"href":"https:\/\/www.em.com.br\/emfoco\/wp-json\/wp\/v2\/media?parent=202989"}],"wp:term":[{"taxonomy":"category","embeddable":true,"href":"https:\/\/www.em.com.br\/emfoco\/wp-json\/wp\/v2\/categories?post=202989"},{"taxonomy":"post_tag","embeddable":true,"href":"https:\/\/www.em.com.br\/emfoco\/wp-json\/wp\/v2\/tags?post=202989"}],"curies":[{"name":"wp","href":"https:\/\/api.w.org\/{rel}","templated":true}]}}