{"id":202914,"date":"2026-05-02T20:50:00","date_gmt":"2026-05-02T23:50:00","guid":{"rendered":"https:\/\/www.em.com.br\/emfoco\/?p=202914"},"modified":"2026-05-02T08:43:58","modified_gmt":"2026-05-02T11:43:58","slug":"latam-se-juntou-a-gol-azul-e-a-american-airlines-e-suspendeu-todos-os-voos-para-este-destino-passageiros-brasileiros-ja-tinham-passagem-comprada","status":"publish","type":"post","link":"https:\/\/www.em.com.br\/emfoco\/2026\/05\/02\/latam-se-juntou-a-gol-azul-e-a-american-airlines-e-suspendeu-todos-os-voos-para-este-destino-passageiros-brasileiros-ja-tinham-passagem-comprada\/","title":{"rendered":"LATAM se juntou \u00e0 Gol, Azul e \u00e0 American Airlines e suspendeu todos os voos para este destino; passageiros brasileiros j\u00e1 tinham passagem comprada"},"content":{"rendered":"\n<p>Uma onda de cancelamentos simult\u00e2neos sacudiu as rotas a\u00e9reas entre o Brasil e a Venezuela em novembro de 2025, depois que a&nbsp;<strong>Ag\u00eancia Federal de Avia\u00e7\u00e3o dos Estados Unidos<\/strong>&nbsp;(FAA) emitiu um alerta de seguran\u00e7a sobre o espa\u00e7o a\u00e9reo venezuelano. Em poucas horas, companhias como&nbsp;<strong>LATAM<\/strong>,&nbsp;<strong>Gol<\/strong>&nbsp;e&nbsp;<strong>Azul<\/strong>&nbsp;interromperam seus voos \u2014 e o governo de Nicol\u00e1s Maduro respondeu revogando as licen\u00e7as das empresas. Quem tinha passagem comprada ficou no meio desse impasse pol\u00edtico e precisou correr para entender seus direitos.<\/p>\n\n\n\n<h2 class=\"wp-block-heading\">Por que as companhias a\u00e9reas suspenderam os voos de uma vez?<\/h2>\n\n\n\n<p>A decis\u00e3o partiu de um alerta da FAA que apontou risco elevado para a avia\u00e7\u00e3o civil na regi\u00e3o de Maiquet\u00eda, \u00e1rea que cobre grande parte do espa\u00e7o a\u00e9reo venezuelano. O documento citou interfer\u00eancias em sistemas de navega\u00e7\u00e3o, aumento da movimenta\u00e7\u00e3o militar e possibilidade de incidentes com aeronaves civis. O aviso surgiu em um contexto de tens\u00e3o crescente entre Washington e Caracas, com a presen\u00e7a militar americana no Caribe interpretada pelo governo venezuelano como press\u00e3o para derrubar Maduro.<\/p>\n\n\n\n<p>Em 22 de novembro de 2025, seis companhias interromperam seus servi\u00e7os para a Venezuela quase ao mesmo tempo. Cada empresa publicou nota pr\u00f3pria, mas todas apontaram para o mesmo motivo: a seguran\u00e7a de passageiros e tripulantes. A decis\u00e3o foi coordenada pela leitura do mesmo alerta internacional, n\u00e3o por acordo entre as a\u00e9reas.<\/p>\n\n\n\n<figure class=\"wp-block-image size-large\"><img loading=\"lazy\" decoding=\"async\" width=\"1024\" height=\"572\" src=\"https:\/\/www.em.com.br\/emfoco\/wp-content\/uploads\/2026\/05\/magnific_painel-de-aeroporto-no-br_2904934353-1024x572.jpeg\" alt=\"\" class=\"wp-image-202939\" srcset=\"https:\/\/www.em.com.br\/emfoco\/wp-content\/uploads\/2026\/05\/magnific_painel-de-aeroporto-no-br_2904934353-1024x572.jpeg 1024w, https:\/\/www.em.com.br\/emfoco\/wp-content\/uploads\/2026\/05\/magnific_painel-de-aeroporto-no-br_2904934353-300x167.jpeg 300w, https:\/\/www.em.com.br\/emfoco\/wp-content\/uploads\/2026\/05\/magnific_painel-de-aeroporto-no-br_2904934353-768x429.jpeg 768w, https:\/\/www.em.com.br\/emfoco\/wp-content\/uploads\/2026\/05\/magnific_painel-de-aeroporto-no-br_2904934353-750x419.jpeg 750w, https:\/\/www.em.com.br\/emfoco\/wp-content\/uploads\/2026\/05\/magnific_painel-de-aeroporto-no-br_2904934353-1140x636.jpeg 1140w, https:\/\/www.em.com.br\/emfoco\/wp-content\/uploads\/2026\/05\/magnific_painel-de-aeroporto-no-br_2904934353.jpeg 1376w\" sizes=\"auto, (max-width: 1024px) 100vw, 1024px\" \/><figcaption class=\"wp-element-caption\">\u2013 LATAM se junta a Gol, Azul e American Airlines e cancela voos para este destino<\/figcaption><\/figure>\n\n\n\n<h2 class=\"wp-block-heading\">Quais rotas foram afetadas e quem estava voando para a Venezuela?<\/h2>\n\n\n\n<p>O impacto variou entre as companhias brasileiras envolvidas. Confira o quadro de cada opera\u00e7\u00e3o:<\/p>\n\n\n\n<p>A situa\u00e7\u00e3o de cada empresa tinha particularidades importantes, como mostra a tabela abaixo, que re\u00fane as informa\u00e7\u00f5es confirmadas no momento das suspens\u00f5es.<\/p>\n\n\n\n<figure class=\"wp-block-table\"><table class=\"has-fixed-layout\"><thead><tr><th>Companhia<\/th><th>Rota afetada<\/th><th>Status da suspens\u00e3o<\/th><\/tr><\/thead><tbody><tr><td>Gol<\/td><td>Brasil \u2013 Caracas (CCS)<\/td><td>Suspensa desde dezembro de 2025, por tempo indeterminado<\/td><\/tr><tr><td>Azul<\/td><td>Confins (BH) \u2013 Cura\u00e7ao<\/td><td>Cancelada em 4 e 5 de janeiro de 2026 por restri\u00e7\u00e3o do espa\u00e7o a\u00e9reo venezuelano<\/td><\/tr><tr><td>LATAM Col\u00f4mbia\/Peru<\/td><td>Rotas para Aruba e Cura\u00e7ao<\/td><td>Interrompida por 48h inicialmente; monitoramento cont\u00ednuo<\/td><\/tr><tr><td>Iberia, TAP, Avianca<\/td><td>Voos para Caracas<\/td><td>Suspensas em 22\/11\/2025, com licen\u00e7as revogadas pela Venezuela<\/td><\/tr><\/tbody><\/table><\/figure>\n\n\n\n<h2 class=\"wp-block-heading\">O que o governo venezuelano fez com as companhias que suspenderam voos?<\/h2>\n\n\n\n<p>Maduro n\u00e3o ficou em sil\u00eancio. O&nbsp;<strong>Instituto Nacional de Aeron\u00e1utica Civil<\/strong>&nbsp;(INAC) da Venezuela revogou as licen\u00e7as operacionais de seis empresas, incluindo LATAM Col\u00f4mbia, Gol, Iberia, TAP, Avianca e Turkish Airlines. A acusa\u00e7\u00e3o oficial foi de que as companhias haviam aderido a a\u00e7\u00f5es de &#8220;terrorismo de Estado&#8221; atribu\u00eddas aos Estados Unidos.<\/p>\n\n\n\n<p>Antes de revogar as licen\u00e7as, Caracas deu um prazo de 48 horas para a retomada dos voos. Todas as empresas mantiveram a suspens\u00e3o. Segundo dados da\u00a0<strong>Associa\u00e7\u00e3o Nacional de Ag\u00eancias de Viagem e Turismo<\/strong>\u00a0da Venezuela (Avavit), ao menos 8.000 passageiros de 40 voos foram diretamente afetados pela paralisa\u00e7\u00e3o.<\/p>\n\n\n\n<figure class=\"wp-block-image size-large\"><img loading=\"lazy\" decoding=\"async\" width=\"1024\" height=\"572\" src=\"https:\/\/www.em.com.br\/emfoco\/wp-content\/uploads\/2026\/05\/magnific_mapa-da-america-do-sul-co_2904934138-1024x572.jpeg\" alt=\"\" class=\"wp-image-202941\" srcset=\"https:\/\/www.em.com.br\/emfoco\/wp-content\/uploads\/2026\/05\/magnific_mapa-da-america-do-sul-co_2904934138-1024x572.jpeg 1024w, https:\/\/www.em.com.br\/emfoco\/wp-content\/uploads\/2026\/05\/magnific_mapa-da-america-do-sul-co_2904934138-300x167.jpeg 300w, https:\/\/www.em.com.br\/emfoco\/wp-content\/uploads\/2026\/05\/magnific_mapa-da-america-do-sul-co_2904934138-768x429.jpeg 768w, https:\/\/www.em.com.br\/emfoco\/wp-content\/uploads\/2026\/05\/magnific_mapa-da-america-do-sul-co_2904934138-750x419.jpeg 750w, https:\/\/www.em.com.br\/emfoco\/wp-content\/uploads\/2026\/05\/magnific_mapa-da-america-do-sul-co_2904934138-1140x636.jpeg 1140w, https:\/\/www.em.com.br\/emfoco\/wp-content\/uploads\/2026\/05\/magnific_mapa-da-america-do-sul-co_2904934138.jpeg 1376w\" sizes=\"auto, (max-width: 1024px) 100vw, 1024px\" \/><figcaption class=\"wp-element-caption\">Companhias a\u00e9reas suspendem voos e deixam passageiros brasileiros com passagens compradas<\/figcaption><\/figure>\n\n\n\n<h2 class=\"wp-block-heading\">Quais s\u00e3o os direitos de quem tinha passagem comprada?<\/h2>\n\n\n\n<p>Para os passageiros brasileiros com bilhetes em m\u00e3os, a boa not\u00edcia \u00e9 que a legisla\u00e7\u00e3o nacional imp\u00f5e obriga\u00e7\u00f5es claras \u00e0s companhias a\u00e9reas em casos de cancelamento. A\u00a0<strong><a href=\"https:\/\/www.anac.gov.br\/assuntos\/legislacao\/legislacao-1\/resolucoes\/2016\/resolucao-no-400-13-12-2016\" target=\"_blank\" rel=\"noreferrer noopener\">Resolu\u00e7\u00e3o n\u00ba 400 da ANAC<\/a><\/strong>\u00a0garante assist\u00eancia material e op\u00e7\u00f5es de remarca\u00e7\u00e3o ou reembolso quando a empresa cancela o voo.<\/p>\n\n\n\n<p>Cada empresa adotou canais e prazos distintos para atender quem foi afetado:<\/p>\n\n\n\n<ul class=\"wp-block-list\">\n<li><strong>Gol:<\/strong>\u00a0passageiros podiam solicitar cr\u00e9dito ou reembolso pela central 0300-115-2121 ou pelo aplicativo; clientes com milhas Smiles deveriam contatar diretamente o programa.<\/li>\n\n\n\n<li><strong>Azul:<\/strong>\u00a0al\u00e9m da assist\u00eancia prevista pela <a href=\"https:\/\/www.anac.gov.br\/\" target=\"_blank\" rel=\"noreferrer noopener\">ANAC<\/a>, a empresa flexibilizou a remarca\u00e7\u00e3o para datas alternativas nos dias subsequentes.<\/li>\n\n\n\n<li><strong>LATAM:<\/strong>\u00a0a companhia abriu a op\u00e7\u00e3o de altera\u00e7\u00e3o de data sem cobran\u00e7a de diferen\u00e7a tarif\u00e1ria por at\u00e9 um ano a partir da emiss\u00e3o do bilhete, ou reembolso integral, incluindo servi\u00e7os opcionais.<\/li>\n<\/ul>\n\n\n\n<h2 class=\"wp-block-heading\">Vale planejar uma viagem para a Venezuela agora?<\/h2>\n\n\n\n<p>O cen\u00e1rio mudou radicalmente nos meses seguintes. Com a captura de Nicol\u00e1s Maduro pelos Estados Unidos em janeiro de 2026 e a reabertura diplom\u00e1tica gradual, as rotas a\u00e9reas come\u00e7aram a ser retomadas. A&nbsp;<strong>American Airlines<\/strong>&nbsp;voltou a operar entre Miami e Caracas em 30 de abril de 2026, ap\u00f3s sete anos sem servi\u00e7o direto, marcando uma virada hist\u00f3rica na conectividade a\u00e9rea do pa\u00eds.<\/p>\n\n\n\n<p>Quem planeja visitar a Venezuela hoje deve consultar o status atualizado das opera\u00e7\u00f5es nos sites das companhias antes de comprar qualquer bilhete. Crises como essa mostram que destinos com instabilidade pol\u00edtica ou geopol\u00edtica podem mudar de patamar rapidamente \u2014 e que ter um seguro viagem com cobertura para cancelamento por motivo de for\u00e7a maior faz toda a diferen\u00e7a quando o imprevisto bate na porta.<\/p>\n","protected":false},"excerpt":{"rendered":"<p>Uma onda de cancelamentos simult\u00e2neos sacudiu as rotas a\u00e9reas entre o Brasil e a Venezuela em novembro de 2025, depois que a&nbsp;Ag\u00eancia Federal de Avia\u00e7\u00e3o dos Estados Unidos&nbsp;(FAA) emitiu um alerta de seguran\u00e7a sobre o espa\u00e7o a\u00e9reo venezuelano. Em poucas horas, companhias como&nbsp;LATAM,&nbsp;Gol&nbsp;e&nbsp;Azul&nbsp;interromperam seus voos \u2014 e o governo de Nicol\u00e1s Maduro respondeu revogando as [&hellip;]<\/p>\n","protected":false},"author":19,"featured_media":202928,"comment_status":"open","ping_status":"open","sticky":false,"template":"","format":"standard","meta":{"jnews-multi-image_gallery":[],"jnews_single_post":{"format":"standard"},"jnews_primary_category":[],"jnews_social_meta":[],"jnews_override_counter":[],"footnotes":""},"categories":[1],"tags":[1257,3046,314,2096,16754,29188,29189,29187,29190],"class_list":["post-202914","post","type-post","status-publish","format-standard","has-post-thumbnail","hentry","category-noticias","tag-american-airlines","tag-azul","tag-destino","tag-gol","tag-latam","tag-passageiros-brasileiros","tag-passagens-compradas","tag-suspendeu-voos","tag-suspensao-de-voos"],"yoast_head":"<!-- This site is optimized with the Yoast SEO plugin v23.8 - https:\/\/yoast.com\/wordpress\/plugins\/seo\/ -->\n<title>LATAM se juntou \u00e0 Gol, Azul e \u00e0 American Airlines e suspendeu todos os voos para este destino; passageiros brasileiros j\u00e1 tinham passagem comprada - Estado de Minas - Em foco<\/title>\n<meta name=\"description\" content=\"Voos para a Venezuela foram suspensos por LATAM, Gol e Azul ap\u00f3s alerta da FAA. Saiba quais rotas foram canceladas, quantos passageiros foram afetados e quais s\u00e3o seus direitos.\" \/>\n<meta name=\"robots\" content=\"index, follow, max-snippet:-1, max-image-preview:large, max-video-preview:-1\" \/>\n<link rel=\"canonical\" href=\"https:\/\/www.em.com.br\/emfoco\/2026\/05\/02\/latam-se-juntou-a-gol-azul-e-a-american-airlines-e-suspendeu-todos-os-voos-para-este-destino-passageiros-brasileiros-ja-tinham-passagem-comprada\/\" \/>\n<meta property=\"og:locale\" content=\"pt_BR\" \/>\n<meta property=\"og:type\" content=\"article\" \/>\n<meta property=\"og:title\" content=\"LATAM se juntou \u00e0 Gol, Azul e \u00e0 American Airlines e suspendeu todos os voos para este destino; passageiros brasileiros j\u00e1 tinham passagem comprada - Estado de Minas - Em foco\" \/>\n<meta property=\"og:description\" content=\"Voos para a Venezuela foram suspensos por LATAM, Gol e Azul ap\u00f3s alerta da FAA. Saiba quais rotas foram canceladas, quantos passageiros foram afetados e quais s\u00e3o seus direitos.\" \/>\n<meta property=\"og:url\" content=\"https:\/\/www.em.com.br\/emfoco\/2026\/05\/02\/latam-se-juntou-a-gol-azul-e-a-american-airlines-e-suspendeu-todos-os-voos-para-este-destino-passageiros-brasileiros-ja-tinham-passagem-comprada\/\" \/>\n<meta property=\"og:site_name\" content=\"Estado de Minas - Em foco\" \/>\n<meta property=\"article:published_time\" content=\"2026-05-02T23:50:00+00:00\" \/>\n<meta property=\"article:modified_time\" content=\"2026-05-02T11:43:58+00:00\" \/>\n<meta property=\"og:image\" content=\"https:\/\/www.em.com.br\/emfoco\/wp-content\/uploads\/2026\/05\/magnific_aviao-comercial-em-solo-c_2904935522.jpeg\" \/>\n\t<meta property=\"og:image:width\" content=\"1376\" \/>\n\t<meta property=\"og:image:height\" content=\"768\" \/>\n\t<meta property=\"og:image:type\" content=\"image\/jpeg\" \/>\n<meta name=\"author\" content=\"Vanessa Tavares\" \/>\n<meta name=\"twitter:card\" content=\"summary_large_image\" \/>\n<meta name=\"twitter:label1\" content=\"Escrito por\" \/>\n\t<meta name=\"twitter:data1\" content=\"Vanessa Tavares\" \/>\n\t<meta name=\"twitter:label2\" content=\"Est. tempo de leitura\" \/>\n\t<meta name=\"twitter:data2\" content=\"5 minutos\" \/>\n<!-- \/ Yoast SEO plugin. -->","yoast_head_json":{"title":"LATAM se juntou \u00e0 Gol, Azul e \u00e0 American Airlines e suspendeu todos os voos para este destino; passageiros brasileiros j\u00e1 tinham passagem comprada - Estado de Minas - Em foco","description":"Voos para a Venezuela foram suspensos por LATAM, Gol e Azul ap\u00f3s alerta da FAA. Saiba quais rotas foram canceladas, quantos passageiros foram afetados e quais s\u00e3o seus direitos.","robots":{"index":"index","follow":"follow","max-snippet":"max-snippet:-1","max-image-preview":"max-image-preview:large","max-video-preview":"max-video-preview:-1"},"canonical":"https:\/\/www.em.com.br\/emfoco\/2026\/05\/02\/latam-se-juntou-a-gol-azul-e-a-american-airlines-e-suspendeu-todos-os-voos-para-este-destino-passageiros-brasileiros-ja-tinham-passagem-comprada\/","og_locale":"pt_BR","og_type":"article","og_title":"LATAM se juntou \u00e0 Gol, Azul e \u00e0 American Airlines e suspendeu todos os voos para este destino; passageiros brasileiros j\u00e1 tinham passagem comprada - Estado de Minas - Em foco","og_description":"Voos para a Venezuela foram suspensos por LATAM, Gol e Azul ap\u00f3s alerta da FAA. Saiba quais rotas foram canceladas, quantos passageiros foram afetados e quais s\u00e3o seus direitos.","og_url":"https:\/\/www.em.com.br\/emfoco\/2026\/05\/02\/latam-se-juntou-a-gol-azul-e-a-american-airlines-e-suspendeu-todos-os-voos-para-este-destino-passageiros-brasileiros-ja-tinham-passagem-comprada\/","og_site_name":"Estado de Minas - Em foco","article_published_time":"2026-05-02T23:50:00+00:00","article_modified_time":"2026-05-02T11:43:58+00:00","og_image":[{"width":1376,"height":768,"url":"https:\/\/www.em.com.br\/emfoco\/wp-content\/uploads\/2026\/05\/magnific_aviao-comercial-em-solo-c_2904935522.jpeg","type":"image\/jpeg"}],"author":"Vanessa Tavares","twitter_card":"summary_large_image","twitter_misc":{"Escrito por":"Vanessa Tavares","Est. tempo de leitura":"5 minutos"},"schema":{"@context":"https:\/\/schema.org","@graph":[{"@type":"WebPage","@id":"https:\/\/www.em.com.br\/emfoco\/2026\/05\/02\/latam-se-juntou-a-gol-azul-e-a-american-airlines-e-suspendeu-todos-os-voos-para-este-destino-passageiros-brasileiros-ja-tinham-passagem-comprada\/","url":"https:\/\/www.em.com.br\/emfoco\/2026\/05\/02\/latam-se-juntou-a-gol-azul-e-a-american-airlines-e-suspendeu-todos-os-voos-para-este-destino-passageiros-brasileiros-ja-tinham-passagem-comprada\/","name":"LATAM se juntou \u00e0 Gol, Azul e \u00e0 American Airlines e suspendeu todos os voos para este destino; passageiros brasileiros j\u00e1 tinham passagem comprada - Estado de Minas - Em foco","isPartOf":{"@id":"https:\/\/www.em.com.br\/emfoco\/#website"},"primaryImageOfPage":{"@id":"https:\/\/www.em.com.br\/emfoco\/2026\/05\/02\/latam-se-juntou-a-gol-azul-e-a-american-airlines-e-suspendeu-todos-os-voos-para-este-destino-passageiros-brasileiros-ja-tinham-passagem-comprada\/#primaryimage"},"image":{"@id":"https:\/\/www.em.com.br\/emfoco\/2026\/05\/02\/latam-se-juntou-a-gol-azul-e-a-american-airlines-e-suspendeu-todos-os-voos-para-este-destino-passageiros-brasileiros-ja-tinham-passagem-comprada\/#primaryimage"},"thumbnailUrl":"https:\/\/www.em.com.br\/emfoco\/wp-content\/uploads\/2026\/05\/magnific_aviao-comercial-em-solo-c_2904935522.jpeg","datePublished":"2026-05-02T23:50:00+00:00","dateModified":"2026-05-02T11:43:58+00:00","author":{"@id":"https:\/\/www.em.com.br\/emfoco\/#\/schema\/person\/4a7a157aac450b98edc86f15a7434f0b"},"description":"Voos para a Venezuela foram suspensos por LATAM, Gol e Azul ap\u00f3s alerta da FAA. Saiba quais rotas foram canceladas, quantos passageiros foram afetados e quais s\u00e3o seus direitos.","breadcrumb":{"@id":"https:\/\/www.em.com.br\/emfoco\/2026\/05\/02\/latam-se-juntou-a-gol-azul-e-a-american-airlines-e-suspendeu-todos-os-voos-para-este-destino-passageiros-brasileiros-ja-tinham-passagem-comprada\/#breadcrumb"},"inLanguage":"pt-BR","potentialAction":[{"@type":"ReadAction","target":["https:\/\/www.em.com.br\/emfoco\/2026\/05\/02\/latam-se-juntou-a-gol-azul-e-a-american-airlines-e-suspendeu-todos-os-voos-para-este-destino-passageiros-brasileiros-ja-tinham-passagem-comprada\/"]}]},{"@type":"ImageObject","inLanguage":"pt-BR","@id":"https:\/\/www.em.com.br\/emfoco\/2026\/05\/02\/latam-se-juntou-a-gol-azul-e-a-american-airlines-e-suspendeu-todos-os-voos-para-este-destino-passageiros-brasileiros-ja-tinham-passagem-comprada\/#primaryimage","url":"https:\/\/www.em.com.br\/emfoco\/wp-content\/uploads\/2026\/05\/magnific_aviao-comercial-em-solo-c_2904935522.jpeg","contentUrl":"https:\/\/www.em.com.br\/emfoco\/wp-content\/uploads\/2026\/05\/magnific_aviao-comercial-em-solo-c_2904935522.jpeg","width":1376,"height":768,"caption":"LATAM suspende voos para destino j\u00e1 afetado por Gol, Azul e American Airlines"},{"@type":"BreadcrumbList","@id":"https:\/\/www.em.com.br\/emfoco\/2026\/05\/02\/latam-se-juntou-a-gol-azul-e-a-american-airlines-e-suspendeu-todos-os-voos-para-este-destino-passageiros-brasileiros-ja-tinham-passagem-comprada\/#breadcrumb","itemListElement":[{"@type":"ListItem","position":1,"name":"In\u00edcio","item":"https:\/\/www.em.com.br\/emfoco\/"},{"@type":"ListItem","position":2,"name":"LATAM se juntou \u00e0 Gol, Azul e \u00e0 American Airlines e suspendeu todos os voos para este destino; passageiros brasileiros j\u00e1 tinham passagem comprada"}]},{"@type":"WebSite","@id":"https:\/\/www.em.com.br\/emfoco\/#website","url":"https:\/\/www.em.com.br\/emfoco\/","name":"Estado de Minas - Em foco","description":"Acompanhe as \u00faltimas not\u00edcias e fique bem informado sobre tudo o que acontece em Minas Gerais, Brasil e no mundo.","potentialAction":[{"@type":"SearchAction","target":{"@type":"EntryPoint","urlTemplate":"https:\/\/www.em.com.br\/emfoco\/?s={search_term_string}"},"query-input":{"@type":"PropertyValueSpecification","valueRequired":true,"valueName":"search_term_string"}}],"inLanguage":"pt-BR"},{"@type":"Person","@id":"https:\/\/www.em.com.br\/emfoco\/#\/schema\/person\/4a7a157aac450b98edc86f15a7434f0b","name":"Vanessa Tavares","image":{"@type":"ImageObject","inLanguage":"pt-BR","@id":"https:\/\/www.em.com.br\/emfoco\/#\/schema\/person\/image\/","url":"https:\/\/secure.gravatar.com\/avatar\/088c9372da58da00f00f8e508f13d635?s=96&d=mm&r=g","contentUrl":"https:\/\/secure.gravatar.com\/avatar\/088c9372da58da00f00f8e508f13d635?s=96&d=mm&r=g","caption":"Vanessa Tavares"},"sameAs":["https:\/\/www.em.com.br\/emfoco"],"url":"https:\/\/www.em.com.br\/emfoco\/author\/vanessamyth\/"}]}},"_links":{"self":[{"href":"https:\/\/www.em.com.br\/emfoco\/wp-json\/wp\/v2\/posts\/202914","targetHints":{"allow":["GET"]}}],"collection":[{"href":"https:\/\/www.em.com.br\/emfoco\/wp-json\/wp\/v2\/posts"}],"about":[{"href":"https:\/\/www.em.com.br\/emfoco\/wp-json\/wp\/v2\/types\/post"}],"author":[{"embeddable":true,"href":"https:\/\/www.em.com.br\/emfoco\/wp-json\/wp\/v2\/users\/19"}],"replies":[{"embeddable":true,"href":"https:\/\/www.em.com.br\/emfoco\/wp-json\/wp\/v2\/comments?post=202914"}],"version-history":[{"count":1,"href":"https:\/\/www.em.com.br\/emfoco\/wp-json\/wp\/v2\/posts\/202914\/revisions"}],"predecessor-version":[{"id":202942,"href":"https:\/\/www.em.com.br\/emfoco\/wp-json\/wp\/v2\/posts\/202914\/revisions\/202942"}],"wp:featuredmedia":[{"embeddable":true,"href":"https:\/\/www.em.com.br\/emfoco\/wp-json\/wp\/v2\/media\/202928"}],"wp:attachment":[{"href":"https:\/\/www.em.com.br\/emfoco\/wp-json\/wp\/v2\/media?parent=202914"}],"wp:term":[{"taxonomy":"category","embeddable":true,"href":"https:\/\/www.em.com.br\/emfoco\/wp-json\/wp\/v2\/categories?post=202914"},{"taxonomy":"post_tag","embeddable":true,"href":"https:\/\/www.em.com.br\/emfoco\/wp-json\/wp\/v2\/tags?post=202914"}],"curies":[{"name":"wp","href":"https:\/\/api.w.org\/{rel}","templated":true}]}}