{"id":202912,"date":"2026-05-03T08:30:00","date_gmt":"2026-05-03T11:30:00","guid":{"rendered":"https:\/\/www.em.com.br\/emfoco\/?p=202912"},"modified":"2026-05-01T17:26:37","modified_gmt":"2026-05-01T20:26:37","slug":"se-voce-tem-tampas-de-potes-de-geleia-possui-um-tesouro-4-ideias-modernas-para-reutiliza-las-em-casa-e-nao-joga-las-fora","status":"publish","type":"post","link":"https:\/\/www.em.com.br\/emfoco\/2026\/05\/03\/se-voce-tem-tampas-de-potes-de-geleia-possui-um-tesouro-4-ideias-modernas-para-reutiliza-las-em-casa-e-nao-joga-las-fora\/","title":{"rendered":"Se voc\u00ea tem tampas de potes de geleia, possui um tesouro: 4 ideias modernas para reutiliz\u00e1-las em casa e n\u00e3o jog\u00e1-las fora"},"content":{"rendered":"\n<p>Reaproveitar objetos do dia a dia virou um h\u00e1bito em muitos lares, e as tampas de potes de geleia, conservas ou molhos deixaram de ser apenas descart\u00e1veis para ganhar novas fun\u00e7\u00f5es de forma simples e criativa. Com poucos materiais, um pouco de planejamento e foco em consumo consciente, elas podem se transformar em pe\u00e7as \u00fateis para organiza\u00e7\u00e3o, ilumina\u00e7\u00e3o e decora\u00e7\u00e3o discreta, ajudando a reduzir res\u00edduos e tornar a casa mais funcional e harm\u00f4nica.<\/p>\n\n\n\n<h2 class=\"wp-block-heading\">Por que vale a pena reutilizar tampas de geleia em casa<\/h2>\n\n\n\n<p>Ao reutiliz\u00e1-las, \u00e9 poss\u00edvel reduzir o volume de lixo, evitar novas compras de organizadores e criar solu\u00e7\u00f5es sob medida para cada canto da casa.<\/p>\n\n\n\n<p>Esse h\u00e1bito tamb\u00e9m refor\u00e7a a separa\u00e7\u00e3o de recicl\u00e1veis, pois o contato constante com esses objetos aumenta a aten\u00e7\u00e3o ao que \u00e9 descartado. Como as tampas de potes de vidro costumam ter formatos padronizados e f\u00e1cil limpeza, elas se encaixam bem em v\u00e1rios projetos criativos e sustent\u00e1veis.<\/p>\n\n\n\n<figure class=\"wp-block-image size-large\"><img loading=\"lazy\" decoding=\"async\" width=\"1024\" height=\"576\" src=\"https:\/\/www.em.com.br\/emfoco\/wp-content\/uploads\/2026\/05\/Gemini_Generated_Image_wjeytvwjeytvwjey-1-1024x576.png\" alt=\"Tampas de geleia viram solu\u00e7\u00f5es pr\u00e1ticas e bonitas\" class=\"wp-image-202933\" srcset=\"https:\/\/www.em.com.br\/emfoco\/wp-content\/uploads\/2026\/05\/Gemini_Generated_Image_wjeytvwjeytvwjey-1-1024x576.png 1024w, https:\/\/www.em.com.br\/emfoco\/wp-content\/uploads\/2026\/05\/Gemini_Generated_Image_wjeytvwjeytvwjey-1-300x169.png 300w, https:\/\/www.em.com.br\/emfoco\/wp-content\/uploads\/2026\/05\/Gemini_Generated_Image_wjeytvwjeytvwjey-1-768x432.png 768w, https:\/\/www.em.com.br\/emfoco\/wp-content\/uploads\/2026\/05\/Gemini_Generated_Image_wjeytvwjeytvwjey-1-750x422.png 750w, https:\/\/www.em.com.br\/emfoco\/wp-content\/uploads\/2026\/05\/Gemini_Generated_Image_wjeytvwjeytvwjey-1-1140x641.png 1140w, https:\/\/www.em.com.br\/emfoco\/wp-content\/uploads\/2026\/05\/Gemini_Generated_Image_wjeytvwjeytvwjey-1.png 1280w\" sizes=\"auto, (max-width: 1024px) 100vw, 1024px\" \/><figcaption class=\"wp-element-caption\">Tampas de geleia viram solu\u00e7\u00f5es pr\u00e1ticas e bonitas<\/figcaption><\/figure>\n\n\n\n<h2 class=\"wp-block-heading\">Como transformar tampas de frascos em organizadores pr\u00e1ticos<\/h2>\n\n\n\n<p>Uma das formas mais comuns de reaproveitar&nbsp;<strong>tampas de frascos<\/strong>&nbsp;\u00e9 convert\u00ea-las em pequenos organizadores para cozinha, escrit\u00f3rio ou banheiro. Na cozinha, podem receber especiarias; na \u00e1rea de trabalho, separam clipes e parafusos; no banheiro, guardam bijuterias ou grampos.<\/p>\n\n\n\n<p>Um modelo bastante funcional \u00e9 o organizador magn\u00e9tico feito com tampas de geleia, que mant\u00e9m itens \u00e0 vista, sem ocupar gavetas ou prateleiras. O processo \u00e9 simples e r\u00e1pido, ideal para quem est\u00e1 come\u00e7ando no fa\u00e7a-voc\u00ea-mesmo:<\/p>\n\n\n\n<ol class=\"wp-block-list\">\n<li>Separar as tampas em bom estado, lavadas e bem secas.<\/li>\n\n\n\n<li>Aplicar um\u00a0<strong>im\u00e3<\/strong>\u00a0na parte externa da tampa com cola resistente.<\/li>\n\n\n\n<li>Aguardar a secagem completa do adesivo, seguindo o tempo indicado pelo fabricante.<\/li>\n\n\n\n<li>Preencher o interior com o conte\u00fado desejado, como temperos ou pequenos parafusos.<\/li>\n\n\n\n<li>Fixar as tampas em superf\u00edcies met\u00e1licas, como geladeira, quadro de ferramentas ou arm\u00e1rio de a\u00e7o.<\/li>\n<\/ol>\n\n\n\n<p>Para melhorar a organiza\u00e7\u00e3o, \u00e9 comum acrescentar etiquetas com o nome do conte\u00fado ou usar cores diferentes de tinta nas tampas, criando um sistema visual mais intuitivo e moderno.<\/p>\n\n\n\n<h2 class=\"wp-block-heading\">De que forma tampas de frascos podem virar pe\u00e7as decorativas<\/h2>\n\n\n\n<p>As tampas de geleia tamb\u00e9m podem ganhar fun\u00e7\u00e3o est\u00e9tica, atuando como detalhes discretos que personalizam o ambiente. Um uso frequente \u00e9 como base para\u00a0<strong>porta-velas<\/strong>, servindo de suporte para velas tipo rechaud e criando pontos de luz suaves em estantes, mesas de centro ou varandas.<\/p>\n\n\n\n<p>Al\u00e9m disso, elas podem ser usadas como puxadores de gavetas, bases para vasinhos ou apoio para suculentas. Quando combinadas com tinta, verniz ou adesivos, tornam-se elementos decorativos cheios de personalidade, sem exigir alto investimento.<\/p>\n\n\n\n<figure class=\"wp-block-image size-large\"><img loading=\"lazy\" decoding=\"async\" width=\"1024\" height=\"576\" src=\"https:\/\/www.em.com.br\/emfoco\/wp-content\/uploads\/2026\/05\/Gemini_Generated_Image_4pve2m4pve2m4pve-1-1024x576.png\" alt=\"Tampas de geleia viram solu\u00e7\u00f5es pr\u00e1ticas e bonitas\" class=\"wp-image-202935\" srcset=\"https:\/\/www.em.com.br\/emfoco\/wp-content\/uploads\/2026\/05\/Gemini_Generated_Image_4pve2m4pve2m4pve-1-1024x576.png 1024w, https:\/\/www.em.com.br\/emfoco\/wp-content\/uploads\/2026\/05\/Gemini_Generated_Image_4pve2m4pve2m4pve-1-300x169.png 300w, https:\/\/www.em.com.br\/emfoco\/wp-content\/uploads\/2026\/05\/Gemini_Generated_Image_4pve2m4pve2m4pve-1-768x432.png 768w, https:\/\/www.em.com.br\/emfoco\/wp-content\/uploads\/2026\/05\/Gemini_Generated_Image_4pve2m4pve2m4pve-1-750x422.png 750w, https:\/\/www.em.com.br\/emfoco\/wp-content\/uploads\/2026\/05\/Gemini_Generated_Image_4pve2m4pve2m4pve-1-1140x641.png 1140w, https:\/\/www.em.com.br\/emfoco\/wp-content\/uploads\/2026\/05\/Gemini_Generated_Image_4pve2m4pve2m4pve-1.png 1280w\" sizes=\"auto, (max-width: 1024px) 100vw, 1024px\" \/><figcaption class=\"wp-element-caption\">Tampas de geleia viram solu\u00e7\u00f5es pr\u00e1ticas e bonitas<\/figcaption><\/figure>\n\n\n\n<h2 class=\"wp-block-heading\">Quais ideias de decora\u00e7\u00e3o voc\u00ea pode testar com tampas de geleia<\/h2>\n\n\n\n<p>Ao explorar o potencial decorativo das tampinhas, \u00e9 poss\u00edvel criar solu\u00e7\u00f5es r\u00e1pidas para renovar m\u00f3veis e cantinhos da casa. Depois de higienizar e, se quiser, pintar as pe\u00e7as, voc\u00ea pode adaptar o uso conforme o estilo do ambiente e a necessidade do dia a dia.<\/p>\n\n\n\n<p>A lista a seguir traz algumas formas simples de usar tampas de geleia na decora\u00e7\u00e3o e na rotina, facilitando a visualiza\u00e7\u00e3o das possibilidades:<\/p>\n\n\n\n<ul class=\"wp-block-list\">\n<li><strong>Organizadores magn\u00e9ticos:<\/strong>\u00a0fixe um \u00edman neles e utilize-os para guardar especiarias, parafusos ou clipes em superf\u00edcies met\u00e1licas.<\/li>\n\n\n\n<li><strong>Casti\u00e7ais minimalistas:<\/strong>\u00a0coloque velas pequenas dentro e crie pontos de luz simples e decorativos.<\/li>\n\n\n\n<li><strong>Puxadores para m\u00f3veis:<\/strong>\u00a0com um parafuso no centro, voc\u00ea pode transform\u00e1-los em puxadores originais para gavetas ou portas.<\/li>\n\n\n\n<li><strong>Mini vasos:<\/strong>\u00a0ideais para suculentas ou pequenos cactos, adicionam um toque de verde sem ocupar muito espa\u00e7o.<\/li>\n<\/ul>\n\n\n\n<h2 class=\"wp-block-heading\">Como criar portavelas com tampas de geleia e adotar o reuso agora<\/h2>\n\n\n\n<p>Entre as ideias com&nbsp;<strong>tampas de geleia<\/strong>, o portavelas \u00e9 uma das mais r\u00e1pidas de executar e combina com jantares, varandas ou mesas de apoio. Basta higienizar as tampas, personalizar com tinta se desejar, acomodar uma vela pequena no centro e, se necess\u00e1rio, colar a base para maior estabilidade, sempre posicionando em locais planos e longe de materiais inflam\u00e1veis.<\/p>\n\n\n\n<p>Esses pequenos projetos mostram que res\u00edduos podem virar recursos \u00fateis e bonitos em poucos minutos. Comece hoje separando algumas tampas, escolha uma das ideias e coloque em pr\u00e1tica: cada gesto de reuso feito agora reduz lixo, economiza dinheiro e aproxima voc\u00ea de uma rotina mais consciente e inspiradora.<\/p>\n","protected":false},"excerpt":{"rendered":"<p>Reaproveitar objetos do dia a dia virou um h\u00e1bito em muitos lares, e as tampas de potes de geleia, conservas ou molhos deixaram de ser apenas descart\u00e1veis para ganhar novas fun\u00e7\u00f5es de forma simples e criativa. Com poucos materiais, um pouco de planejamento e foco em consumo consciente, elas podem se transformar em pe\u00e7as \u00fateis [&hellip;]<\/p>\n","protected":false},"author":11,"featured_media":202927,"comment_status":"open","ping_status":"open","sticky":false,"template":"","format":"standard","meta":{"jnews-multi-image_gallery":[],"jnews_single_post":{"format":"standard"},"jnews_primary_category":[],"jnews_social_meta":[],"jnews_override_counter":[],"footnotes":""},"categories":[8819],"tags":[4687,27424,5115,547,11912,29165],"class_list":["post-202912","post","type-post","status-publish","format-standard","has-post-thumbnail","hentry","category-curiosidades","tag-decoracao","tag-decorar-a-casa","tag-diy","tag-sustentavel","tag-tampas","tag-tampas-de-geleia"],"yoast_head":"<!-- This site is optimized with the Yoast SEO plugin v23.8 - https:\/\/yoast.com\/wordpress\/plugins\/seo\/ -->\n<title>Se voc\u00ea tem tampas de potes de geleia, possui um tesouro: 4 ideias modernas para reutiliz\u00e1-las em casa e n\u00e3o jog\u00e1-las fora - Estado de Minas - Em foco<\/title>\n<meta name=\"description\" content=\"Reutilizar tampas de geleia ajuda a organizar e decorar a casa. Veja ideias simples e sustent\u00e1veis para usar no dia a dia.\" \/>\n<meta name=\"robots\" content=\"index, follow, max-snippet:-1, max-image-preview:large, max-video-preview:-1\" \/>\n<link rel=\"canonical\" href=\"https:\/\/www.em.com.br\/emfoco\/2026\/05\/03\/se-voce-tem-tampas-de-potes-de-geleia-possui-um-tesouro-4-ideias-modernas-para-reutiliza-las-em-casa-e-nao-joga-las-fora\/\" \/>\n<meta property=\"og:locale\" content=\"pt_BR\" \/>\n<meta property=\"og:type\" content=\"article\" \/>\n<meta property=\"og:title\" content=\"Se voc\u00ea tem tampas de potes de geleia, possui um tesouro: 4 ideias modernas para reutiliz\u00e1-las em casa e n\u00e3o jog\u00e1-las fora - Estado de Minas - Em foco\" \/>\n<meta property=\"og:description\" content=\"Reutilizar tampas de geleia ajuda a organizar e decorar a casa. Veja ideias simples e sustent\u00e1veis para usar no dia a dia.\" \/>\n<meta property=\"og:url\" content=\"https:\/\/www.em.com.br\/emfoco\/2026\/05\/03\/se-voce-tem-tampas-de-potes-de-geleia-possui-um-tesouro-4-ideias-modernas-para-reutiliza-las-em-casa-e-nao-joga-las-fora\/\" \/>\n<meta property=\"og:site_name\" content=\"Estado de Minas - Em foco\" \/>\n<meta property=\"article:published_time\" content=\"2026-05-03T11:30:00+00:00\" \/>\n<meta property=\"article:modified_time\" content=\"2026-05-01T20:26:37+00:00\" \/>\n<meta property=\"og:image\" content=\"https:\/\/www.em.com.br\/emfoco\/wp-content\/uploads\/2026\/05\/Gemini_Generated_Image_kl1qhvkl1qhvkl1q-1.png\" \/>\n\t<meta property=\"og:image:width\" content=\"1280\" \/>\n\t<meta property=\"og:image:height\" content=\"720\" \/>\n\t<meta property=\"og:image:type\" content=\"image\/png\" \/>\n<meta name=\"author\" content=\"Andre\u0301 Rangel\u00a0\" \/>\n<meta name=\"twitter:card\" content=\"summary_large_image\" \/>\n<meta name=\"twitter:label1\" content=\"Escrito por\" \/>\n\t<meta name=\"twitter:data1\" content=\"Andre\u0301 Rangel\u00a0\" \/>\n\t<meta name=\"twitter:label2\" content=\"Est. tempo de leitura\" \/>\n\t<meta name=\"twitter:data2\" content=\"5 minutos\" \/>\n<!-- \/ Yoast SEO plugin. -->","yoast_head_json":{"title":"Se voc\u00ea tem tampas de potes de geleia, possui um tesouro: 4 ideias modernas para reutiliz\u00e1-las em casa e n\u00e3o jog\u00e1-las fora - Estado de Minas - Em foco","description":"Reutilizar tampas de geleia ajuda a organizar e decorar a casa. Veja ideias simples e sustent\u00e1veis para usar no dia a dia.","robots":{"index":"index","follow":"follow","max-snippet":"max-snippet:-1","max-image-preview":"max-image-preview:large","max-video-preview":"max-video-preview:-1"},"canonical":"https:\/\/www.em.com.br\/emfoco\/2026\/05\/03\/se-voce-tem-tampas-de-potes-de-geleia-possui-um-tesouro-4-ideias-modernas-para-reutiliza-las-em-casa-e-nao-joga-las-fora\/","og_locale":"pt_BR","og_type":"article","og_title":"Se voc\u00ea tem tampas de potes de geleia, possui um tesouro: 4 ideias modernas para reutiliz\u00e1-las em casa e n\u00e3o jog\u00e1-las fora - Estado de Minas - Em foco","og_description":"Reutilizar tampas de geleia ajuda a organizar e decorar a casa. Veja ideias simples e sustent\u00e1veis para usar no dia a dia.","og_url":"https:\/\/www.em.com.br\/emfoco\/2026\/05\/03\/se-voce-tem-tampas-de-potes-de-geleia-possui-um-tesouro-4-ideias-modernas-para-reutiliza-las-em-casa-e-nao-joga-las-fora\/","og_site_name":"Estado de Minas - Em foco","article_published_time":"2026-05-03T11:30:00+00:00","article_modified_time":"2026-05-01T20:26:37+00:00","og_image":[{"width":1280,"height":720,"url":"https:\/\/www.em.com.br\/emfoco\/wp-content\/uploads\/2026\/05\/Gemini_Generated_Image_kl1qhvkl1qhvkl1q-1.png","type":"image\/png"}],"author":"Andre\u0301 Rangel\u00a0","twitter_card":"summary_large_image","twitter_misc":{"Escrito por":"Andre\u0301 Rangel\u00a0","Est. tempo de leitura":"5 minutos"},"schema":{"@context":"https:\/\/schema.org","@graph":[{"@type":"WebPage","@id":"https:\/\/www.em.com.br\/emfoco\/2026\/05\/03\/se-voce-tem-tampas-de-potes-de-geleia-possui-um-tesouro-4-ideias-modernas-para-reutiliza-las-em-casa-e-nao-joga-las-fora\/","url":"https:\/\/www.em.com.br\/emfoco\/2026\/05\/03\/se-voce-tem-tampas-de-potes-de-geleia-possui-um-tesouro-4-ideias-modernas-para-reutiliza-las-em-casa-e-nao-joga-las-fora\/","name":"Se voc\u00ea tem tampas de potes de geleia, possui um tesouro: 4 ideias modernas para reutiliz\u00e1-las em casa e n\u00e3o jog\u00e1-las fora - Estado de Minas - Em foco","isPartOf":{"@id":"https:\/\/www.em.com.br\/emfoco\/#website"},"primaryImageOfPage":{"@id":"https:\/\/www.em.com.br\/emfoco\/2026\/05\/03\/se-voce-tem-tampas-de-potes-de-geleia-possui-um-tesouro-4-ideias-modernas-para-reutiliza-las-em-casa-e-nao-joga-las-fora\/#primaryimage"},"image":{"@id":"https:\/\/www.em.com.br\/emfoco\/2026\/05\/03\/se-voce-tem-tampas-de-potes-de-geleia-possui-um-tesouro-4-ideias-modernas-para-reutiliza-las-em-casa-e-nao-joga-las-fora\/#primaryimage"},"thumbnailUrl":"https:\/\/www.em.com.br\/emfoco\/wp-content\/uploads\/2026\/05\/Gemini_Generated_Image_kl1qhvkl1qhvkl1q-1.png","datePublished":"2026-05-03T11:30:00+00:00","dateModified":"2026-05-01T20:26:37+00:00","author":{"@id":"https:\/\/www.em.com.br\/emfoco\/#\/schema\/person\/60eda09c1fedf0d6891f4cef4b60b8b8"},"description":"Reutilizar tampas de geleia ajuda a organizar e decorar a casa. Veja ideias simples e sustent\u00e1veis para usar no dia a dia.","breadcrumb":{"@id":"https:\/\/www.em.com.br\/emfoco\/2026\/05\/03\/se-voce-tem-tampas-de-potes-de-geleia-possui-um-tesouro-4-ideias-modernas-para-reutiliza-las-em-casa-e-nao-joga-las-fora\/#breadcrumb"},"inLanguage":"pt-BR","potentialAction":[{"@type":"ReadAction","target":["https:\/\/www.em.com.br\/emfoco\/2026\/05\/03\/se-voce-tem-tampas-de-potes-de-geleia-possui-um-tesouro-4-ideias-modernas-para-reutiliza-las-em-casa-e-nao-joga-las-fora\/"]}]},{"@type":"ImageObject","inLanguage":"pt-BR","@id":"https:\/\/www.em.com.br\/emfoco\/2026\/05\/03\/se-voce-tem-tampas-de-potes-de-geleia-possui-um-tesouro-4-ideias-modernas-para-reutiliza-las-em-casa-e-nao-joga-las-fora\/#primaryimage","url":"https:\/\/www.em.com.br\/emfoco\/wp-content\/uploads\/2026\/05\/Gemini_Generated_Image_kl1qhvkl1qhvkl1q-1.png","contentUrl":"https:\/\/www.em.com.br\/emfoco\/wp-content\/uploads\/2026\/05\/Gemini_Generated_Image_kl1qhvkl1qhvkl1q-1.png","width":1280,"height":720,"caption":"Tampas de geleia viram solu\u00e7\u00f5es pr\u00e1ticas e bonitas"},{"@type":"BreadcrumbList","@id":"https:\/\/www.em.com.br\/emfoco\/2026\/05\/03\/se-voce-tem-tampas-de-potes-de-geleia-possui-um-tesouro-4-ideias-modernas-para-reutiliza-las-em-casa-e-nao-joga-las-fora\/#breadcrumb","itemListElement":[{"@type":"ListItem","position":1,"name":"In\u00edcio","item":"https:\/\/www.em.com.br\/emfoco\/"},{"@type":"ListItem","position":2,"name":"Se voc\u00ea tem tampas de potes de geleia, possui um tesouro: 4 ideias modernas para reutiliz\u00e1-las em casa e n\u00e3o jog\u00e1-las fora"}]},{"@type":"WebSite","@id":"https:\/\/www.em.com.br\/emfoco\/#website","url":"https:\/\/www.em.com.br\/emfoco\/","name":"Estado de Minas - Em foco","description":"Acompanhe as \u00faltimas not\u00edcias e fique bem informado sobre tudo o que acontece em Minas Gerais, Brasil e no mundo.","potentialAction":[{"@type":"SearchAction","target":{"@type":"EntryPoint","urlTemplate":"https:\/\/www.em.com.br\/emfoco\/?s={search_term_string}"},"query-input":{"@type":"PropertyValueSpecification","valueRequired":true,"valueName":"search_term_string"}}],"inLanguage":"pt-BR"},{"@type":"Person","@id":"https:\/\/www.em.com.br\/emfoco\/#\/schema\/person\/60eda09c1fedf0d6891f4cef4b60b8b8","name":"Andre\u0301 Rangel\u00a0","image":{"@type":"ImageObject","inLanguage":"pt-BR","@id":"https:\/\/www.em.com.br\/emfoco\/#\/schema\/person\/image\/","url":"https:\/\/secure.gravatar.com\/avatar\/6234dc814c77c8ef6d8bba622c787efc?s=96&d=mm&r=g","contentUrl":"https:\/\/secure.gravatar.com\/avatar\/6234dc814c77c8ef6d8bba622c787efc?s=96&d=mm&r=g","caption":"Andre\u0301 Rangel\u00a0"},"url":"https:\/\/www.em.com.br\/emfoco\/author\/luizmyth\/"}]}},"_links":{"self":[{"href":"https:\/\/www.em.com.br\/emfoco\/wp-json\/wp\/v2\/posts\/202912","targetHints":{"allow":["GET"]}}],"collection":[{"href":"https:\/\/www.em.com.br\/emfoco\/wp-json\/wp\/v2\/posts"}],"about":[{"href":"https:\/\/www.em.com.br\/emfoco\/wp-json\/wp\/v2\/types\/post"}],"author":[{"embeddable":true,"href":"https:\/\/www.em.com.br\/emfoco\/wp-json\/wp\/v2\/users\/11"}],"replies":[{"embeddable":true,"href":"https:\/\/www.em.com.br\/emfoco\/wp-json\/wp\/v2\/comments?post=202912"}],"version-history":[{"count":2,"href":"https:\/\/www.em.com.br\/emfoco\/wp-json\/wp\/v2\/posts\/202912\/revisions"}],"predecessor-version":[{"id":202936,"href":"https:\/\/www.em.com.br\/emfoco\/wp-json\/wp\/v2\/posts\/202912\/revisions\/202936"}],"wp:featuredmedia":[{"embeddable":true,"href":"https:\/\/www.em.com.br\/emfoco\/wp-json\/wp\/v2\/media\/202927"}],"wp:attachment":[{"href":"https:\/\/www.em.com.br\/emfoco\/wp-json\/wp\/v2\/media?parent=202912"}],"wp:term":[{"taxonomy":"category","embeddable":true,"href":"https:\/\/www.em.com.br\/emfoco\/wp-json\/wp\/v2\/categories?post=202912"},{"taxonomy":"post_tag","embeddable":true,"href":"https:\/\/www.em.com.br\/emfoco\/wp-json\/wp\/v2\/tags?post=202912"}],"curies":[{"name":"wp","href":"https:\/\/api.w.org\/{rel}","templated":true}]}}