{"id":202820,"date":"2026-05-02T04:35:00","date_gmt":"2026-05-02T07:35:00","guid":{"rendered":"https:\/\/www.em.com.br\/emfoco\/?p=202820"},"modified":"2026-05-01T22:25:24","modified_gmt":"2026-05-02T01:25:24","slug":"inss-reconhece-aposentadoria-especial-em-2026-com-regras-para-diversas-profissoes","status":"publish","type":"post","link":"https:\/\/www.em.com.br\/emfoco\/2026\/05\/02\/inss-reconhece-aposentadoria-especial-em-2026-com-regras-para-diversas-profissoes\/","title":{"rendered":"INSS reconhece aposentadoria especial em 2026 com regras pr\u00f3prias para quem atuou nessas profiss\u00f5es"},"content":{"rendered":"\n<p>A <strong>aposentadoria especial<\/strong> \u00e9 um benef\u00edcio destinado a quem trabalha exposto a agentes nocivos \u00e0 sa\u00fade. Em <strong>2026<\/strong>, o <strong>INSS<\/strong> mant\u00e9m crit\u00e9rios rigorosos para compensar o desgaste f\u00edsico de eletricistas, mineradores e profissionais da sa\u00fade.<\/p>\n\n\n\n<h2 class=\"wp-block-heading\">Quem tem direito ao benef\u00edcio de aposentadoria especial?<\/h2>\n\n\n\n<p>Tem direito o segurado que comprova exposi\u00e7\u00e3o habitual e permanente a agentes qu\u00edmicos, f\u00edsicos ou biol\u00f3gicos prejudiciais. Diferente da aposentadoria comum, a <strong>aposentadoria especial<\/strong> exige um tempo de contribui\u00e7\u00e3o menor, variando entre <strong>15, 20 ou 25 anos<\/strong>.<\/p>\n\n\n\n<p>Para garantir o acesso, \u00e9 indispens\u00e1vel apresentar o <strong>Perfil Profissiogr\u00e1fico Previdenci\u00e1rio (PPP)<\/strong>. Este documento, emitido pelo empregador, detalha os riscos do ambiente de trabalho e, desde <strong>janeiro de 2023<\/strong>, deve ser enviado obrigatoriamente em formato eletr\u00f4nico ao <strong>Governo Federal<\/strong>.<\/p>\n\n\n<div class=\"wp-block-image\">\n<figure class=\"aligncenter size-large\"><img loading=\"lazy\" decoding=\"async\" width=\"1024\" height=\"576\" src=\"https:\/\/www.em.com.br\/emfoco\/wp-content\/uploads\/2026\/04\/aplicativo-inss-1-1024x576.jpg\" alt=\"Cr\u00e9ditos: depositphotos.com \/ rafapress\" class=\"wp-image-194533\" srcset=\"https:\/\/www.em.com.br\/emfoco\/wp-content\/uploads\/2026\/04\/aplicativo-inss-1-1024x576.jpg 1024w, https:\/\/www.em.com.br\/emfoco\/wp-content\/uploads\/2026\/04\/aplicativo-inss-1-300x169.jpg 300w, https:\/\/www.em.com.br\/emfoco\/wp-content\/uploads\/2026\/04\/aplicativo-inss-1-768x432.jpg 768w, https:\/\/www.em.com.br\/emfoco\/wp-content\/uploads\/2026\/04\/aplicativo-inss-1-750x422.jpg 750w, https:\/\/www.em.com.br\/emfoco\/wp-content\/uploads\/2026\/04\/aplicativo-inss-1-1140x641.jpg 1140w, https:\/\/www.em.com.br\/emfoco\/wp-content\/uploads\/2026\/04\/aplicativo-inss-1.jpg 1280w\" sizes=\"auto, (max-width: 1024px) 100vw, 1024px\" \/><figcaption class=\"wp-element-caption\">Confira quais profiss\u00f5es possuem aposentadoria especial &#8211; Cr\u00e9ditos: depositphotos.com \/ rafapress<\/figcaption><\/figure><\/div>\n\n\n<h2 class=\"wp-block-heading\">Quais s\u00e3o as profiss\u00f5es e agentes considerados perigosos?<\/h2>\n\n\n\n<p>Diversas atividades s\u00e3o reconhecidas pelo <strong><a href=\"https:\/\/www.gov.br\/inss\/pt-br\" target=\"_blank\" rel=\"noreferrer noopener\">Instituto Nacional do Seguro Social<\/a><\/strong> devido ao alto risco ocupacional. Entre os exemplos cl\u00e1ssicos est\u00e3o os eletricistas expostos a tens\u00f5es acima de <strong>250 volts<\/strong> e profissionais de sa\u00fade em contato com v\u00edrus e bact\u00e9rias.<\/p>\n\n\n\n<p>Trabalhadores de postos de gasolina, que lidam com <strong>hidrocarbonetos arom\u00e1ticos<\/strong>, tamb\u00e9m podem solicitar o benef\u00edcio. Al\u00e9m disso, a exposi\u00e7\u00e3o a ru\u00eddos intensos, superiores a <strong>85 decib\u00e9is<\/strong>, \u00e9 um dos fatores mais comuns para o reconhecimento do tempo especial nas ind\u00fastrias brasileiras.<\/p>\n\n\n\n<h2 class=\"wp-block-heading\">Como funciona a tabela de tempo de contribui\u00e7\u00e3o e car\u00eancia?<\/h2>\n\n\n\n<p>O tempo necess\u00e1rio para se aposentar depende diretamente do n\u00edvel de periculosidade da fun\u00e7\u00e3o exercida. Quanto mais agressivo for o agente nocivo, menor ser\u00e1 o tempo total de servi\u00e7o exigido pelo <a href=\"https:\/\/www.em.com.br\/emfoco\/2026\/05\/01\/idoso-de-92-anos-relata-em-audiencia-esqueci-de-me-aposentar-e-solicita-beneficio-do-inss\/\" target=\"_blank\" rel=\"noreferrer noopener\">INSS<\/a> para a concess\u00e3o.<\/p>\n\n\n\n<p>Abaixo, apresentamos os prazos conforme a gravidade do risco:<\/p>\n\n\n<div class=\"wp-block-image\">\n<figure class=\"aligncenter size-large is-resized\"><img loading=\"lazy\" decoding=\"async\" width=\"1024\" height=\"598\" src=\"https:\/\/www.em.com.br\/emfoco\/wp-content\/uploads\/2026\/05\/image-28-1024x598.png\" alt=\"\" class=\"wp-image-203130\" style=\"width:804px;height:auto\" srcset=\"https:\/\/www.em.com.br\/emfoco\/wp-content\/uploads\/2026\/05\/image-28-1024x598.png 1024w, https:\/\/www.em.com.br\/emfoco\/wp-content\/uploads\/2026\/05\/image-28-300x175.png 300w, https:\/\/www.em.com.br\/emfoco\/wp-content\/uploads\/2026\/05\/image-28-768x449.png 768w, https:\/\/www.em.com.br\/emfoco\/wp-content\/uploads\/2026\/05\/image-28-750x438.png 750w, https:\/\/www.em.com.br\/emfoco\/wp-content\/uploads\/2026\/05\/image-28-1140x666.png 1140w, https:\/\/www.em.com.br\/emfoco\/wp-content\/uploads\/2026\/05\/image-28.png 1280w\" sizes=\"auto, (max-width: 1024px) 100vw, 1024px\" \/><\/figure><\/div>\n\n\n<h2 class=\"wp-block-heading\">Quais s\u00e3o as regras de transi\u00e7\u00e3o ap\u00f3s a reforma?<\/h2>\n\n\n\n<p>A <strong>Reforma da Previd\u00eancia<\/strong> de <strong>2019<\/strong> alterou significativamente o acesso \u00e0 <strong>aposentadoria especial<\/strong>. Para quem j\u00e1 contribu\u00eda antes da nova lei, aplica-se um sistema de pontua\u00e7\u00e3o que soma a idade e o tempo de servi\u00e7o total.<\/p>\n\n\n\n<p>Atualmente, para a maioria dos casos de <strong>25 anos de atividade especial<\/strong>, o trabalhador precisa atingir <strong>86 pontos<\/strong>. J\u00e1 para quem ingressou no sistema ap\u00f3s a reforma, al\u00e9m do tempo de exposi\u00e7\u00e3o, \u00e9 obrigat\u00f3rio cumprir a idade m\u00ednima de <strong>60 anos<\/strong>.<\/p>\n\n\n\n<h2 class=\"wp-block-heading\">O uso de EPI pode anular o direito ao benef\u00edcio?<\/h2>\n\n\n\n<p>Esta \u00e9 uma quest\u00e3o sens\u00edvel discutida frequentemente no <strong>Superior Tribunal de Justi\u00e7a (STJ)<\/strong>. Em muitos casos, o uso de equipamentos de prote\u00e7\u00e3o eficazes pode descaracterizar a insalubridade, mas isso n\u00e3o se aplica de forma autom\u00e1tica a todos os agentes.<\/p>\n\n\n\n<p>No caso de ru\u00eddos e agentes biol\u00f3gicos, a jurisprud\u00eancia costuma favorecer o trabalhador. Mesmo com o uso de prote\u00e7\u00e3o, o entendimento \u00e9 que o risco \u00e0 sa\u00fade permanece, garantindo assim a contagem diferenciada para a <strong>aposentadoria especial<\/strong> conforme as diretrizes do <a href=\"https:\/\/www.gov.br\/inss\/pt-br\" target=\"_blank\" rel=\"noreferrer noopener\">Minist\u00e9rio da Previd\u00eancia Social<\/a>.<\/p>\n\n\n\n<h2 class=\"wp-block-heading\">Como solicitar a aposentadoria especial pelo Meu INSS?<\/h2>\n\n\n\n<p>O processo de solicita\u00e7\u00e3o \u00e9 totalmente digital e pode ser feito pelo aplicativo <strong>Meu INSS<\/strong> ou pelo telefone <strong>135<\/strong>. O segurado deve anexar o <strong>PPP<\/strong> e outros laudos t\u00e9cnicos que comprovem a habitualidade da exposi\u00e7\u00e3o aos riscos citados.<\/p>\n\n\n\n<p>Caso o pedido seja indeferido por falta de clareza nos documentos, o trabalhador pode entrar com recurso administrativo. \u00c9 fundamental que os dados de <strong>Engenheiros de Seguran\u00e7a<\/strong> ou <strong>M\u00e9dicos do Trabalho<\/strong> estejam atualizados no formul\u00e1rio para evitar atrasos na an\u00e1lise do benef\u00edcio em <strong>2026<\/strong>.<\/p>\n","protected":false},"excerpt":{"rendered":"<p>A aposentadoria especial \u00e9 um benef\u00edcio destinado a quem trabalha exposto a agentes nocivos \u00e0 sa\u00fade. Em 2026, o INSS mant\u00e9m crit\u00e9rios rigorosos para compensar o desgaste f\u00edsico de eletricistas, mineradores e profissionais da sa\u00fade. Quem tem direito ao benef\u00edcio de aposentadoria especial? Tem direito o segurado que comprova exposi\u00e7\u00e3o habitual e permanente a agentes [&hellip;]<\/p>\n","protected":false},"author":30,"featured_media":203082,"comment_status":"open","ping_status":"open","sticky":false,"template":"","format":"standard","meta":{"jnews-multi-image_gallery":[],"jnews_single_post":{"format":"standard"},"jnews_primary_category":[],"jnews_social_meta":[],"jnews_override_counter":[],"footnotes":""},"categories":[28],"tags":[174,1010,827,888],"class_list":["post-202820","post","type-post","status-publish","format-standard","has-post-thumbnail","hentry","category-economia","tag-inss","tag-previdencia","tag-profissoes","tag-regras"],"yoast_head":"<!-- This site is optimized with the Yoast SEO plugin v23.8 - https:\/\/yoast.com\/wordpress\/plugins\/seo\/ -->\n<title>INSS reconhece aposentadoria especial em 2026 com regras pr\u00f3prias para quem atuou nessas profiss\u00f5es - Estado de Minas - Em foco<\/title>\n<meta name=\"description\" content=\"Entenda como este \u00f3rg\u00e3o reconhece aposentadoria especial em 2026, veja regras para profiss\u00f5es expostas a riscos e quem pode pedir.\" \/>\n<meta name=\"robots\" content=\"index, follow, max-snippet:-1, max-image-preview:large, max-video-preview:-1\" \/>\n<link rel=\"canonical\" href=\"https:\/\/www.em.com.br\/emfoco\/2026\/05\/02\/inss-reconhece-aposentadoria-especial-em-2026-com-regras-para-diversas-profissoes\/\" \/>\n<meta property=\"og:locale\" content=\"pt_BR\" \/>\n<meta property=\"og:type\" content=\"article\" \/>\n<meta property=\"og:title\" content=\"INSS reconhece aposentadoria especial em 2026 com regras pr\u00f3prias para quem atuou nessas profiss\u00f5es - Estado de Minas - Em foco\" \/>\n<meta property=\"og:description\" content=\"Entenda como este \u00f3rg\u00e3o reconhece aposentadoria especial em 2026, veja regras para profiss\u00f5es expostas a riscos e quem pode pedir.\" \/>\n<meta property=\"og:url\" content=\"https:\/\/www.em.com.br\/emfoco\/2026\/05\/02\/inss-reconhece-aposentadoria-especial-em-2026-com-regras-para-diversas-profissoes\/\" \/>\n<meta property=\"og:site_name\" content=\"Estado de Minas - Em foco\" \/>\n<meta property=\"article:published_time\" content=\"2026-05-02T07:35:00+00:00\" \/>\n<meta property=\"article:modified_time\" content=\"2026-05-02T01:25:24+00:00\" \/>\n<meta property=\"og:image\" content=\"https:\/\/www.em.com.br\/emfoco\/wp-content\/uploads\/2026\/05\/EmFoco_63-1.jpg\" \/>\n\t<meta property=\"og:image:width\" content=\"1280\" \/>\n\t<meta property=\"og:image:height\" content=\"720\" \/>\n\t<meta property=\"og:image:type\" content=\"image\/jpeg\" \/>\n<meta name=\"author\" content=\"Guilherme Ara\u00fajo\" \/>\n<meta name=\"twitter:card\" content=\"summary_large_image\" \/>\n<meta name=\"twitter:label1\" content=\"Escrito por\" \/>\n\t<meta name=\"twitter:data1\" content=\"Guilherme Ara\u00fajo\" \/>\n\t<meta name=\"twitter:label2\" content=\"Est. tempo de leitura\" \/>\n\t<meta name=\"twitter:data2\" content=\"4 minutos\" \/>\n<!-- \/ Yoast SEO plugin. -->","yoast_head_json":{"title":"INSS reconhece aposentadoria especial em 2026 com regras pr\u00f3prias para quem atuou nessas profiss\u00f5es - Estado de Minas - Em foco","description":"Entenda como este \u00f3rg\u00e3o reconhece aposentadoria especial em 2026, veja regras para profiss\u00f5es expostas a riscos e quem pode pedir.","robots":{"index":"index","follow":"follow","max-snippet":"max-snippet:-1","max-image-preview":"max-image-preview:large","max-video-preview":"max-video-preview:-1"},"canonical":"https:\/\/www.em.com.br\/emfoco\/2026\/05\/02\/inss-reconhece-aposentadoria-especial-em-2026-com-regras-para-diversas-profissoes\/","og_locale":"pt_BR","og_type":"article","og_title":"INSS reconhece aposentadoria especial em 2026 com regras pr\u00f3prias para quem atuou nessas profiss\u00f5es - Estado de Minas - Em foco","og_description":"Entenda como este \u00f3rg\u00e3o reconhece aposentadoria especial em 2026, veja regras para profiss\u00f5es expostas a riscos e quem pode pedir.","og_url":"https:\/\/www.em.com.br\/emfoco\/2026\/05\/02\/inss-reconhece-aposentadoria-especial-em-2026-com-regras-para-diversas-profissoes\/","og_site_name":"Estado de Minas - Em foco","article_published_time":"2026-05-02T07:35:00+00:00","article_modified_time":"2026-05-02T01:25:24+00:00","og_image":[{"width":1280,"height":720,"url":"https:\/\/www.em.com.br\/emfoco\/wp-content\/uploads\/2026\/05\/EmFoco_63-1.jpg","type":"image\/jpeg"}],"author":"Guilherme Ara\u00fajo","twitter_card":"summary_large_image","twitter_misc":{"Escrito por":"Guilherme Ara\u00fajo","Est. tempo de leitura":"4 minutos"},"schema":{"@context":"https:\/\/schema.org","@graph":[{"@type":"WebPage","@id":"https:\/\/www.em.com.br\/emfoco\/2026\/05\/02\/inss-reconhece-aposentadoria-especial-em-2026-com-regras-para-diversas-profissoes\/","url":"https:\/\/www.em.com.br\/emfoco\/2026\/05\/02\/inss-reconhece-aposentadoria-especial-em-2026-com-regras-para-diversas-profissoes\/","name":"INSS reconhece aposentadoria especial em 2026 com regras pr\u00f3prias para quem atuou nessas profiss\u00f5es - Estado de Minas - Em foco","isPartOf":{"@id":"https:\/\/www.em.com.br\/emfoco\/#website"},"primaryImageOfPage":{"@id":"https:\/\/www.em.com.br\/emfoco\/2026\/05\/02\/inss-reconhece-aposentadoria-especial-em-2026-com-regras-para-diversas-profissoes\/#primaryimage"},"image":{"@id":"https:\/\/www.em.com.br\/emfoco\/2026\/05\/02\/inss-reconhece-aposentadoria-especial-em-2026-com-regras-para-diversas-profissoes\/#primaryimage"},"thumbnailUrl":"https:\/\/www.em.com.br\/emfoco\/wp-content\/uploads\/2026\/05\/EmFoco_63-1.jpg","datePublished":"2026-05-02T07:35:00+00:00","dateModified":"2026-05-02T01:25:24+00:00","author":{"@id":"https:\/\/www.em.com.br\/emfoco\/#\/schema\/person\/5379e929a4b966c775d121e23f9bb421"},"description":"Entenda como este \u00f3rg\u00e3o reconhece aposentadoria especial em 2026, veja regras para profiss\u00f5es expostas a riscos e quem pode pedir.","breadcrumb":{"@id":"https:\/\/www.em.com.br\/emfoco\/2026\/05\/02\/inss-reconhece-aposentadoria-especial-em-2026-com-regras-para-diversas-profissoes\/#breadcrumb"},"inLanguage":"pt-BR","potentialAction":[{"@type":"ReadAction","target":["https:\/\/www.em.com.br\/emfoco\/2026\/05\/02\/inss-reconhece-aposentadoria-especial-em-2026-com-regras-para-diversas-profissoes\/"]}]},{"@type":"ImageObject","inLanguage":"pt-BR","@id":"https:\/\/www.em.com.br\/emfoco\/2026\/05\/02\/inss-reconhece-aposentadoria-especial-em-2026-com-regras-para-diversas-profissoes\/#primaryimage","url":"https:\/\/www.em.com.br\/emfoco\/wp-content\/uploads\/2026\/05\/EmFoco_63-1.jpg","contentUrl":"https:\/\/www.em.com.br\/emfoco\/wp-content\/uploads\/2026\/05\/EmFoco_63-1.jpg","width":1280,"height":720,"caption":"Crit\u00e9rios rigorosos do INSS compensam o desgaste f\u00edsico de trabalhadores expostos a agentes."},{"@type":"BreadcrumbList","@id":"https:\/\/www.em.com.br\/emfoco\/2026\/05\/02\/inss-reconhece-aposentadoria-especial-em-2026-com-regras-para-diversas-profissoes\/#breadcrumb","itemListElement":[{"@type":"ListItem","position":1,"name":"In\u00edcio","item":"https:\/\/www.em.com.br\/emfoco\/"},{"@type":"ListItem","position":2,"name":"INSS reconhece aposentadoria especial em 2026 com regras pr\u00f3prias para quem atuou nessas profiss\u00f5es"}]},{"@type":"WebSite","@id":"https:\/\/www.em.com.br\/emfoco\/#website","url":"https:\/\/www.em.com.br\/emfoco\/","name":"Estado de Minas - Em foco","description":"Acompanhe as \u00faltimas not\u00edcias e fique bem informado sobre tudo o que acontece em Minas Gerais, Brasil e no mundo.","potentialAction":[{"@type":"SearchAction","target":{"@type":"EntryPoint","urlTemplate":"https:\/\/www.em.com.br\/emfoco\/?s={search_term_string}"},"query-input":{"@type":"PropertyValueSpecification","valueRequired":true,"valueName":"search_term_string"}}],"inLanguage":"pt-BR"},{"@type":"Person","@id":"https:\/\/www.em.com.br\/emfoco\/#\/schema\/person\/5379e929a4b966c775d121e23f9bb421","name":"Guilherme Ara\u00fajo","image":{"@type":"ImageObject","inLanguage":"pt-BR","@id":"https:\/\/www.em.com.br\/emfoco\/#\/schema\/person\/image\/","url":"https:\/\/secure.gravatar.com\/avatar\/b8bf1fd0130e170bd8f5d7298dbafa25?s=96&d=mm&r=g","contentUrl":"https:\/\/secure.gravatar.com\/avatar\/b8bf1fd0130e170bd8f5d7298dbafa25?s=96&d=mm&r=g","caption":"Guilherme Ara\u00fajo"},"sameAs":["https:\/\/www.em.com.br\/emfoco"],"url":"https:\/\/www.em.com.br\/emfoco\/author\/guilhermeamyth\/"}]}},"_links":{"self":[{"href":"https:\/\/www.em.com.br\/emfoco\/wp-json\/wp\/v2\/posts\/202820","targetHints":{"allow":["GET"]}}],"collection":[{"href":"https:\/\/www.em.com.br\/emfoco\/wp-json\/wp\/v2\/posts"}],"about":[{"href":"https:\/\/www.em.com.br\/emfoco\/wp-json\/wp\/v2\/types\/post"}],"author":[{"embeddable":true,"href":"https:\/\/www.em.com.br\/emfoco\/wp-json\/wp\/v2\/users\/30"}],"replies":[{"embeddable":true,"href":"https:\/\/www.em.com.br\/emfoco\/wp-json\/wp\/v2\/comments?post=202820"}],"version-history":[{"count":3,"href":"https:\/\/www.em.com.br\/emfoco\/wp-json\/wp\/v2\/posts\/202820\/revisions"}],"predecessor-version":[{"id":203156,"href":"https:\/\/www.em.com.br\/emfoco\/wp-json\/wp\/v2\/posts\/202820\/revisions\/203156"}],"wp:featuredmedia":[{"embeddable":true,"href":"https:\/\/www.em.com.br\/emfoco\/wp-json\/wp\/v2\/media\/203082"}],"wp:attachment":[{"href":"https:\/\/www.em.com.br\/emfoco\/wp-json\/wp\/v2\/media?parent=202820"}],"wp:term":[{"taxonomy":"category","embeddable":true,"href":"https:\/\/www.em.com.br\/emfoco\/wp-json\/wp\/v2\/categories?post=202820"},{"taxonomy":"post_tag","embeddable":true,"href":"https:\/\/www.em.com.br\/emfoco\/wp-json\/wp\/v2\/tags?post=202820"}],"curies":[{"name":"wp","href":"https:\/\/api.w.org\/{rel}","templated":true}]}}