{"id":20282,"date":"2025-02-18T06:20:19","date_gmt":"2025-02-18T09:20:19","guid":{"rendered":"https:\/\/www.em.com.br\/emfoco\/?p=20282"},"modified":"2025-02-17T10:18:26","modified_gmt":"2025-02-17T13:18:26","slug":"prepare-se-para-o-dia-previsao-do-tempo-para-belo-horizonte-hoje-18-02","status":"publish","type":"post","link":"https:\/\/www.em.com.br\/emfoco\/2025\/02\/18\/prepare-se-para-o-dia-previsao-do-tempo-para-belo-horizonte-hoje-18-02\/","title":{"rendered":"Prepare-se para o dia! Previs\u00e3o do tempo para Belo Horizonte hoje 18\/02"},"content":{"rendered":"\n<p>A previs\u00e3o do tempo \u00e9 uma ferramenta essencial para o planejamento di\u00e1rio, especialmente em cidades como <strong>Belo Horizonte<\/strong>, onde o <a href=\"https:\/\/www.em.com.br\/emfoco\/2025\/02\/12\/clima-de-verao-em-belo-horizonte-saiba-como-se-preparar\/\" target=\"_blank\" rel=\"noreferrer noopener\">clima <\/a>pode ser bastante vari\u00e1vel. No dia 18 de fevereiro de 2025, os moradores e visitantes da capital mineira podem esperar condi\u00e7\u00f5es clim\u00e1ticas espec\u00edficas que influenciar\u00e3o suas atividades.<\/p>\n\n\n\n<p>Compreender a previs\u00e3o do tempo ajuda a se preparar adequadamente para o dia, seja escolhendo a roupa certa ou planejando atividades ao ar livre. Neste artigo, vamos explorar as condi\u00e7\u00f5es clim\u00e1ticas esperadas para <a href=\"https:\/\/pt.wikipedia.org\/wiki\/Belo_Horizonte\" target=\"_blank\" rel=\"noreferrer noopener\">Belo Horizonte<\/a> em 18 de fevereiro de 2025, incluindo temperatura, precipita\u00e7\u00e3o e outras informa\u00e7\u00f5es relevantes.<\/p>\n\n\n\n<h2 class=\"wp-block-heading\">Qual \u00e9 a previs\u00e3o de temperatura para Belo Horizonte?<\/h2>\n\n\n\n<p>Para o dia 18 de fevereiro de 2025, a previs\u00e3o indica que Belo Horizonte ter\u00e1 temperaturas variando entre <strong>20\u00b0C<\/strong> e <strong>30\u00b0C<\/strong>. A manh\u00e3 come\u00e7ar\u00e1 com temperaturas amenas, proporcionando um clima agrad\u00e1vel para atividades ao ar livre. No entanto, \u00e0 medida que o dia avan\u00e7a, espera-se que as temperaturas aumentem, atingindo o pico durante a tarde.<\/p>\n\n\n\n<p>Essa varia\u00e7\u00e3o de temperatura \u00e9 t\u00edpica para a \u00e9poca do ano, j\u00e1 que fevereiro \u00e9 um m\u00eas de ver\u00e3o no <strong>Brasil<\/strong>. \u00c9 importante que os moradores e visitantes se mantenham hidratados e usem protetor solar para se proteger do calor intenso durante o per\u00edodo mais quente do dia.<\/p>\n\n\n<div class=\"wp-block-image\">\n<figure class=\"aligncenter size-large\"><img loading=\"lazy\" decoding=\"async\" width=\"1024\" height=\"576\" src=\"https:\/\/www.em.com.br\/emfoco\/wp-content\/uploads\/2024\/12\/Praca_da_Liberdade_-_Belo_Horizonte-1024x576.jpg\" alt=\"Prepare-se para o dia! Previs\u00e3o do tempo para Belo Horizonte hoje 18\/02\" class=\"wp-image-3809\" srcset=\"https:\/\/www.em.com.br\/emfoco\/wp-content\/uploads\/2024\/12\/Praca_da_Liberdade_-_Belo_Horizonte-1024x576.jpg 1024w, https:\/\/www.em.com.br\/emfoco\/wp-content\/uploads\/2024\/12\/Praca_da_Liberdade_-_Belo_Horizonte-300x169.jpg 300w, https:\/\/www.em.com.br\/emfoco\/wp-content\/uploads\/2024\/12\/Praca_da_Liberdade_-_Belo_Horizonte-768x432.jpg 768w, https:\/\/www.em.com.br\/emfoco\/wp-content\/uploads\/2024\/12\/Praca_da_Liberdade_-_Belo_Horizonte-750x422.jpg 750w, https:\/\/www.em.com.br\/emfoco\/wp-content\/uploads\/2024\/12\/Praca_da_Liberdade_-_Belo_Horizonte-1140x641.jpg 1140w, https:\/\/www.em.com.br\/emfoco\/wp-content\/uploads\/2024\/12\/Praca_da_Liberdade_-_Belo_Horizonte.jpg 1200w\" sizes=\"auto, (max-width: 1024px) 100vw, 1024px\" \/><figcaption class=\"wp-element-caption\">Pra\u00e7a da Liberdade BH &#8211; Wikimidia commons<\/figcaption><\/figure><\/div>\n\n\n<h2 class=\"wp-block-heading\">Haver\u00e1 precipita\u00e7\u00e3o em Belo Horizonte?<\/h2>\n\n\n\n<p>A previs\u00e3o do tempo para 18 de fevereiro de 2025 indica uma <strong>probabilidade de chuva<\/strong> ao longo do dia. As pancadas de chuva s\u00e3o comuns em Belo Horizonte durante o ver\u00e3o, e podem ocorrer principalmente no final da tarde e in\u00edcio da noite. Essas chuvas costumam ser r\u00e1pidas, mas intensas, e podem ser acompanhadas de trovoadas.<\/p>\n\n\n\n<p>\u00c9 aconselh\u00e1vel que as pessoas carreguem guarda-chuvas ou capas de chuva para se protegerem das precipita\u00e7\u00f5es inesperadas. Al\u00e9m disso, \u00e9 importante estar atento \u00e0s condi\u00e7\u00f5es das vias, pois a chuva pode causar alagamentos em algumas \u00e1reas da cidade.<\/p>\n\n\n\n<h2 class=\"wp-block-heading\">Como ser\u00e1 a umidade e o vento?<\/h2>\n\n\n\n<p>A umidade relativa do ar em Belo Horizonte no dia 18 de fevereiro de 2025 dever\u00e1 estar em torno de <strong>70%<\/strong>. Essa umidade \u00e9 t\u00edpica para a esta\u00e7\u00e3o e pode aumentar a sensa\u00e7\u00e3o de calor, especialmente durante a tarde. A umidade elevada tamb\u00e9m contribui para a forma\u00e7\u00e3o de nuvens e a ocorr\u00eancia de chuvas.<\/p>\n\n\n\n<p>Os ventos na cidade dever\u00e3o ser leves a moderados, com velocidades variando entre <strong>10 km\/h<\/strong> e <strong>20 km\/h<\/strong>. Esses ventos podem proporcionar um al\u00edvio do calor, especialmente nas \u00e1reas mais abertas da cidade.<\/p>\n\n\n\n<h2 class=\"wp-block-heading\">Quais s\u00e3o as dicas para enfrentar o clima em Belo Horizonte?<\/h2>\n\n\n\n<ul class=\"wp-block-list\">\n<li><strong>Hidrata\u00e7\u00e3o:<\/strong> Beba bastante \u00e1gua ao longo do dia para se manter hidratado, especialmente durante as horas mais quentes.<\/li>\n\n\n\n<li><strong>Prote\u00e7\u00e3o solar:<\/strong> Use protetor solar e chap\u00e9us para se proteger dos raios UV.<\/li>\n\n\n\n<li><strong>Planejamento:<\/strong> Considere o clima ao planejar atividades ao ar livre, especialmente se houver previs\u00e3o de chuva.<\/li>\n\n\n\n<li><strong>Transporte:<\/strong> Esteja preparado para poss\u00edveis atrasos no tr\u00e2nsito devido a chuvas e alagamentos.<\/li>\n<\/ul>\n\n\n\n<p>Com essas informa\u00e7\u00f5es e dicas, os moradores e visitantes de Belo Horizonte podem se preparar melhor para enfrentar o clima do dia 18 de fevereiro de 2025. Manter-se informado sobre as condi\u00e7\u00f5es clim\u00e1ticas \u00e9 essencial para garantir um dia tranquilo e seguro.<\/p>\n","protected":false},"excerpt":{"rendered":"<p>A previs\u00e3o do tempo \u00e9 uma ferramenta essencial para o planejamento di\u00e1rio, especialmente em cidades como Belo Horizonte, onde o clima pode ser bastante vari\u00e1vel. No dia 18 de fevereiro de 2025, os moradores e visitantes da capital mineira podem esperar condi\u00e7\u00f5es clim\u00e1ticas espec\u00edficas que influenciar\u00e3o suas atividades. Compreender a previs\u00e3o do tempo ajuda a [&hellip;]<\/p>\n","protected":false},"author":7,"featured_media":20114,"comment_status":"open","ping_status":"open","sticky":false,"template":"","format":"standard","meta":{"jnews-multi-image_gallery":[],"jnews_single_post":{"format":"standard"},"jnews_primary_category":[],"jnews_social_meta":[],"jnews_override_counter":[],"footnotes":""},"categories":[30],"tags":[154,152,251,249],"class_list":["post-20282","post","type-post","status-publish","format-standard","has-post-thumbnail","hentry","category-clima","tag-belo-horizonte","tag-clima","tag-previsao-do-tempo","tag-temperatura"],"yoast_head":"<!-- This site is optimized with the Yoast SEO plugin v23.8 - https:\/\/yoast.com\/wordpress\/plugins\/seo\/ -->\n<title>Prepare-se para o dia! Previs\u00e3o do tempo para Belo Horizonte hoje 18\/02 - Estado de Minas - Em foco<\/title>\n<meta name=\"description\" content=\"Fique preparado para o clima de Belo Horizonte em 18 de fevereiro de 2025. Temperaturas agrad\u00e1veis de manh\u00e3 e \u00e0 tarde.\" \/>\n<meta name=\"robots\" content=\"index, follow, max-snippet:-1, max-image-preview:large, max-video-preview:-1\" \/>\n<link rel=\"canonical\" href=\"https:\/\/www.em.com.br\/emfoco\/2025\/02\/18\/prepare-se-para-o-dia-previsao-do-tempo-para-belo-horizonte-hoje-18-02\/\" \/>\n<meta property=\"og:locale\" content=\"pt_BR\" \/>\n<meta property=\"og:type\" content=\"article\" \/>\n<meta property=\"og:title\" content=\"Prepare-se para o dia! Previs\u00e3o do tempo para Belo Horizonte hoje 18\/02 - Estado de Minas - Em foco\" \/>\n<meta property=\"og:description\" content=\"Fique preparado para o clima de Belo Horizonte em 18 de fevereiro de 2025. Temperaturas agrad\u00e1veis de manh\u00e3 e \u00e0 tarde.\" \/>\n<meta property=\"og:url\" content=\"https:\/\/www.em.com.br\/emfoco\/2025\/02\/18\/prepare-se-para-o-dia-previsao-do-tempo-para-belo-horizonte-hoje-18-02\/\" \/>\n<meta property=\"og:site_name\" content=\"Estado de Minas - Em foco\" \/>\n<meta property=\"article:published_time\" content=\"2025-02-18T09:20:19+00:00\" \/>\n<meta property=\"article:modified_time\" content=\"2025-02-17T13:18:26+00:00\" \/>\n<meta property=\"og:image\" content=\"https:\/\/www.em.com.br\/emfoco\/wp-content\/uploads\/2025\/02\/Belo-Horizonte_1739639370794.jpg\" \/>\n\t<meta property=\"og:image:width\" content=\"1280\" \/>\n\t<meta property=\"og:image:height\" content=\"720\" \/>\n\t<meta property=\"og:image:type\" content=\"image\/jpeg\" \/>\n<meta name=\"author\" content=\"Kelvin\" \/>\n<meta name=\"twitter:card\" content=\"summary_large_image\" \/>\n<meta name=\"twitter:label1\" content=\"Escrito por\" \/>\n\t<meta name=\"twitter:data1\" content=\"Kelvin\" \/>\n\t<meta name=\"twitter:label2\" content=\"Est. tempo de leitura\" \/>\n\t<meta name=\"twitter:data2\" content=\"4 minutos\" \/>\n<!-- \/ Yoast SEO plugin. -->","yoast_head_json":{"title":"Prepare-se para o dia! Previs\u00e3o do tempo para Belo Horizonte hoje 18\/02 - Estado de Minas - Em foco","description":"Fique preparado para o clima de Belo Horizonte em 18 de fevereiro de 2025. Temperaturas agrad\u00e1veis de manh\u00e3 e \u00e0 tarde.","robots":{"index":"index","follow":"follow","max-snippet":"max-snippet:-1","max-image-preview":"max-image-preview:large","max-video-preview":"max-video-preview:-1"},"canonical":"https:\/\/www.em.com.br\/emfoco\/2025\/02\/18\/prepare-se-para-o-dia-previsao-do-tempo-para-belo-horizonte-hoje-18-02\/","og_locale":"pt_BR","og_type":"article","og_title":"Prepare-se para o dia! Previs\u00e3o do tempo para Belo Horizonte hoje 18\/02 - Estado de Minas - Em foco","og_description":"Fique preparado para o clima de Belo Horizonte em 18 de fevereiro de 2025. Temperaturas agrad\u00e1veis de manh\u00e3 e \u00e0 tarde.","og_url":"https:\/\/www.em.com.br\/emfoco\/2025\/02\/18\/prepare-se-para-o-dia-previsao-do-tempo-para-belo-horizonte-hoje-18-02\/","og_site_name":"Estado de Minas - Em foco","article_published_time":"2025-02-18T09:20:19+00:00","article_modified_time":"2025-02-17T13:18:26+00:00","og_image":[{"width":1280,"height":720,"url":"https:\/\/www.em.com.br\/emfoco\/wp-content\/uploads\/2025\/02\/Belo-Horizonte_1739639370794.jpg","type":"image\/jpeg"}],"author":"Kelvin","twitter_card":"summary_large_image","twitter_misc":{"Escrito por":"Kelvin","Est. tempo de leitura":"4 minutos"},"schema":{"@context":"https:\/\/schema.org","@graph":[{"@type":"WebPage","@id":"https:\/\/www.em.com.br\/emfoco\/2025\/02\/18\/prepare-se-para-o-dia-previsao-do-tempo-para-belo-horizonte-hoje-18-02\/","url":"https:\/\/www.em.com.br\/emfoco\/2025\/02\/18\/prepare-se-para-o-dia-previsao-do-tempo-para-belo-horizonte-hoje-18-02\/","name":"Prepare-se para o dia! Previs\u00e3o do tempo para Belo Horizonte hoje 18\/02 - Estado de Minas - Em foco","isPartOf":{"@id":"https:\/\/www.em.com.br\/emfoco\/#website"},"primaryImageOfPage":{"@id":"https:\/\/www.em.com.br\/emfoco\/2025\/02\/18\/prepare-se-para-o-dia-previsao-do-tempo-para-belo-horizonte-hoje-18-02\/#primaryimage"},"image":{"@id":"https:\/\/www.em.com.br\/emfoco\/2025\/02\/18\/prepare-se-para-o-dia-previsao-do-tempo-para-belo-horizonte-hoje-18-02\/#primaryimage"},"thumbnailUrl":"https:\/\/www.em.com.br\/emfoco\/wp-content\/uploads\/2025\/02\/Belo-Horizonte_1739639370794.jpg","datePublished":"2025-02-18T09:20:19+00:00","dateModified":"2025-02-17T13:18:26+00:00","author":{"@id":"https:\/\/www.em.com.br\/emfoco\/#\/schema\/person\/fb0a7f48c6fbb94b83f413a80f61917d"},"description":"Fique preparado para o clima de Belo Horizonte em 18 de fevereiro de 2025. Temperaturas agrad\u00e1veis de manh\u00e3 e \u00e0 tarde.","breadcrumb":{"@id":"https:\/\/www.em.com.br\/emfoco\/2025\/02\/18\/prepare-se-para-o-dia-previsao-do-tempo-para-belo-horizonte-hoje-18-02\/#breadcrumb"},"inLanguage":"pt-BR","potentialAction":[{"@type":"ReadAction","target":["https:\/\/www.em.com.br\/emfoco\/2025\/02\/18\/prepare-se-para-o-dia-previsao-do-tempo-para-belo-horizonte-hoje-18-02\/"]}]},{"@type":"ImageObject","inLanguage":"pt-BR","@id":"https:\/\/www.em.com.br\/emfoco\/2025\/02\/18\/prepare-se-para-o-dia-previsao-do-tempo-para-belo-horizonte-hoje-18-02\/#primaryimage","url":"https:\/\/www.em.com.br\/emfoco\/wp-content\/uploads\/2025\/02\/Belo-Horizonte_1739639370794.jpg","contentUrl":"https:\/\/www.em.com.br\/emfoco\/wp-content\/uploads\/2025\/02\/Belo-Horizonte_1739639370794.jpg","width":1280,"height":720,"caption":"Belo Horizonte - Cr\u00e9ditos: depositphotos.com \/ PedroTruffi"},{"@type":"BreadcrumbList","@id":"https:\/\/www.em.com.br\/emfoco\/2025\/02\/18\/prepare-se-para-o-dia-previsao-do-tempo-para-belo-horizonte-hoje-18-02\/#breadcrumb","itemListElement":[{"@type":"ListItem","position":1,"name":"In\u00edcio","item":"https:\/\/www.em.com.br\/emfoco\/"},{"@type":"ListItem","position":2,"name":"Prepare-se para o dia! Previs\u00e3o do tempo para Belo Horizonte hoje 18\/02"}]},{"@type":"WebSite","@id":"https:\/\/www.em.com.br\/emfoco\/#website","url":"https:\/\/www.em.com.br\/emfoco\/","name":"Estado de Minas - Em foco","description":"Acompanhe as \u00faltimas not\u00edcias e fique bem informado sobre tudo o que acontece em Minas Gerais, Brasil e no mundo.","potentialAction":[{"@type":"SearchAction","target":{"@type":"EntryPoint","urlTemplate":"https:\/\/www.em.com.br\/emfoco\/?s={search_term_string}"},"query-input":{"@type":"PropertyValueSpecification","valueRequired":true,"valueName":"search_term_string"}}],"inLanguage":"pt-BR"},{"@type":"Person","@id":"https:\/\/www.em.com.br\/emfoco\/#\/schema\/person\/fb0a7f48c6fbb94b83f413a80f61917d","name":"Kelvin","image":{"@type":"ImageObject","inLanguage":"pt-BR","@id":"https:\/\/www.em.com.br\/emfoco\/#\/schema\/person\/image\/","url":"https:\/\/secure.gravatar.com\/avatar\/e74f84337e6bf6c4c5e88fbdffa05270?s=96&d=mm&r=g","contentUrl":"https:\/\/secure.gravatar.com\/avatar\/e74f84337e6bf6c4c5e88fbdffa05270?s=96&d=mm&r=g","caption":"Kelvin"},"sameAs":["https:\/\/www.em.com.br\/emfoco"],"url":"https:\/\/www.em.com.br\/emfoco\/author\/kelvinmyth\/"}]}},"_links":{"self":[{"href":"https:\/\/www.em.com.br\/emfoco\/wp-json\/wp\/v2\/posts\/20282","targetHints":{"allow":["GET"]}}],"collection":[{"href":"https:\/\/www.em.com.br\/emfoco\/wp-json\/wp\/v2\/posts"}],"about":[{"href":"https:\/\/www.em.com.br\/emfoco\/wp-json\/wp\/v2\/types\/post"}],"author":[{"embeddable":true,"href":"https:\/\/www.em.com.br\/emfoco\/wp-json\/wp\/v2\/users\/7"}],"replies":[{"embeddable":true,"href":"https:\/\/www.em.com.br\/emfoco\/wp-json\/wp\/v2\/comments?post=20282"}],"version-history":[{"count":2,"href":"https:\/\/www.em.com.br\/emfoco\/wp-json\/wp\/v2\/posts\/20282\/revisions"}],"predecessor-version":[{"id":20292,"href":"https:\/\/www.em.com.br\/emfoco\/wp-json\/wp\/v2\/posts\/20282\/revisions\/20292"}],"wp:featuredmedia":[{"embeddable":true,"href":"https:\/\/www.em.com.br\/emfoco\/wp-json\/wp\/v2\/media\/20114"}],"wp:attachment":[{"href":"https:\/\/www.em.com.br\/emfoco\/wp-json\/wp\/v2\/media?parent=20282"}],"wp:term":[{"taxonomy":"category","embeddable":true,"href":"https:\/\/www.em.com.br\/emfoco\/wp-json\/wp\/v2\/categories?post=20282"},{"taxonomy":"post_tag","embeddable":true,"href":"https:\/\/www.em.com.br\/emfoco\/wp-json\/wp\/v2\/tags?post=20282"}],"curies":[{"name":"wp","href":"https:\/\/api.w.org\/{rel}","templated":true}]}}