{"id":202788,"date":"2026-05-01T17:00:00","date_gmt":"2026-05-01T20:00:00","guid":{"rendered":"https:\/\/www.em.com.br\/emfoco\/?p=202788"},"modified":"2026-05-01T15:37:43","modified_gmt":"2026-05-01T18:37:43","slug":"corte-de-cabelo-vira-sucesso-absoluto-em-2026-com-pontas-curvadas-e-camadas-suaves-valoriza-todos-os-rostos","status":"publish","type":"post","link":"https:\/\/www.em.com.br\/emfoco\/2026\/05\/01\/corte-de-cabelo-vira-sucesso-absoluto-em-2026-com-pontas-curvadas-e-camadas-suaves-valoriza-todos-os-rostos\/","title":{"rendered":"Corte de cabelo vira sucesso absoluto em 2026: com pontas curvadas e camadas suaves, valoriza todos os rostos"},"content":{"rendered":"\n<p>Entre os cortes de cabelo m\u00e9dios que bombam nos sal\u00f5es e nas redes sociais, o&nbsp;<strong>bob moderno<\/strong>&nbsp;segue como aposta certa para quem quer praticidade sem abrir m\u00e3o de um visual atual. Com comprimento intermedi\u00e1rio e acabamento leve, ele funciona tanto na rotina corrida de trabalho quanto em eventos mais arrumados, sem exigir horas de produ\u00e7\u00e3o ou muita t\u00e9cnica na finaliza\u00e7\u00e3o.<\/p>\n\n\n\n<h2 class=\"wp-block-heading\">O que \u00e9 o corte bob moderno e quais s\u00e3o suas principais caracter\u00edsticas<\/h2>\n\n\n\n<p>O\u00a0<strong><a href=\"https:\/\/br.pinterest.com\/elianecastanho1\/cabelo-estilo-bob\/\" target=\"_blank\" rel=\"noreferrer noopener\">corte bob moderno<\/a><\/strong>\u00a0\u00e9 uma releitura do cl\u00e1ssico chanel alongado, com comprimento entre o queixo e a altura dos ombros. Em vez de linhas totalmente retas, traz camadas discretas, pontas levemente irregulares e um caimento que acompanha o movimento natural do cabelo.<\/p>\n\n\n\n<p>Esse desenho deixa o visual mais leve e menos dependente de chapinha ou escova di\u00e1ria. O corte pode ser levemente mais curto na nuca, mais alongado na frente, ganhar franja ou mechas que emolduram o rosto, o que amplia as possibilidades de personaliza\u00e7\u00e3o no sal\u00e3o.<\/p>\n\n\n\n<iframe loading=\"lazy\" src=\"https:\/\/assets.pinterest.com\/ext\/embed.html?id=321233385946811641\" height=\"521\" width=\"345\" frameborder=\"0\" scrolling=\"no\" ><\/iframe>\n\n\n\n<h2 class=\"wp-block-heading\">Como adaptar o bob moderno aos diferentes formatos de rosto<\/h2>\n\n\n\n<p>O&nbsp;<strong>bob moderno m\u00e9dio<\/strong>&nbsp;se tornou um dos cortes mais democr\u00e1ticos justamente por permitir ajustes finos em comprimento, grau de desfiado e mechas frontais. Pequenas mudan\u00e7as de mil\u00edmetros j\u00e1 alteram o efeito visual e ajudam a equilibrar propor\u00e7\u00f5es faciais.<\/p>\n\n\n\n<p>Para facilitar a escolha, profissionais costumam adaptar o corte ao formato de rosto, explorando linhas verticais, contornos suaves ou volume estrat\u00e9gico. Veja como cada tipo pode ser favorecido:<\/p>\n\n\n\n<ul class=\"wp-block-list\">\n<li><strong>Rostos ovais:<\/strong>\u00a0combinam com vers\u00f5es mais retas ou desestruturadas, com ou sem franja leve.<\/li>\n\n\n\n<li><strong>Rostos redondos:<\/strong>\u00a0pedem bob na altura dos ombros ou um pouco abaixo, com camadas que alongam a face.<\/li>\n\n\n\n<li><strong>Rostos quadrados:<\/strong>\u00a0ficam melhor com contornos suaves, pontas desfiadas e pouco volume no maxilar.<\/li>\n\n\n\n<li><strong>Rostos alongados:<\/strong>\u00a0ganham equil\u00edbrio com volume lateral e franjas m\u00e9dias ou curtain bangs.<\/li>\n<\/ul>\n\n\n\n<iframe loading=\"lazy\" src=\"https:\/\/assets.pinterest.com\/ext\/embed.html?id=633881716343314822\" height=\"618\" width=\"345\" frameborder=\"0\" scrolling=\"no\" ><\/iframe>\n\n\n\n<h2 class=\"wp-block-heading\">Quais tipos de cabelo combinam melhor com o bob moderno<\/h2>\n\n\n\n<p>O&nbsp;<strong>bob moderno em cabelo m\u00e9dio<\/strong>&nbsp;funciona em fios lisos, ondulados, cacheados e volumosos, desde que a t\u00e9cnica seja ajustada. Em cabelos lisos, camadas internas discretas evitam o efeito chapado; nos ondulados, o corte valoriza o desenho natural com finaliza\u00e7\u00f5es r\u00e1pidas usando creme, mousse ou spray texturizador.<\/p>\n\n\n\n<p>Em fios cacheados ou muito cheios, a distribui\u00e7\u00e3o de peso \u00e9 essencial para controlar volume sem perder defini\u00e7\u00e3o. J\u00e1 em cabelos finos, camadas suaves e desfiado apenas nas pontas criam sensa\u00e7\u00e3o de densidade. Quem tem qu\u00edmicas mais intensas deve alinhar o corte a um cronograma de hidrata\u00e7\u00e3o, nutri\u00e7\u00e3o e reconstru\u00e7\u00e3o para manter brilho e caimento.<\/p>\n\n\n\n<figure class=\"wp-block-image\"><img decoding=\"async\" src=\"https:\/\/www.em.com.br\/emfoco\/wp-content\/uploads\/2026\/02\/Gemini_Generated_Image_f0kizqf0kizqf0ki-1-1024x576.png\" alt=\"\"\/><figcaption class=\"wp-element-caption\">Bob moderno \u00e9 o corte m\u00e9dio mais vers\u00e1til<\/figcaption><\/figure>\n\n\n\n<h2 class=\"wp-block-heading\">Como cuidar do bob moderno no dia a dia<\/h2>\n\n\n\n<p>A manuten\u00e7\u00e3o do&nbsp;<strong>corte bob moderno<\/strong>&nbsp;\u00e9 simples, mas pede regularidade no sal\u00e3o a cada seis a oito semanas. No dia a dia, uma rotina objetiva mant\u00e9m o movimento: limpeza adequada, hidrata\u00e7\u00e3o leve e finaliza\u00e7\u00e3o que realce a textura natural, sem pesar na raiz.<\/p>\n\n\n\n<ol class=\"wp-block-list\">\n<li>Lavar com shampoo e condicionador adequados ao tipo de fio, evitando f\u00f3rmulas muito pesadas na raiz.<\/li>\n\n\n\n<li>Aplicar leave-in ou creme de pentear leve no comprimento e pontas para facilitar o desembara\u00e7o.<\/li>\n\n\n\n<li>Usar mousse suave, spray texturizador ou pouco \u00f3leo apenas para real\u00e7ar o movimento.<\/li>\n\n\n\n<li>Priorizar secagem natural; se usar secador, optar por bico direcionador ou difusor.<\/li>\n\n\n\n<li>Aplicar protetor t\u00e9rmico antes de escova rotativa, chapinha ou babyliss.<\/li>\n<\/ol>\n\n\n\n<h2 class=\"wp-block-heading\">Por que o bob moderno segue em alta e por que apostar agora<\/h2>\n\n\n\n<p>Em uma rotina h\u00edbrida, cheia de reuni\u00f5es online e compromissos presenciais, o&nbsp;<strong>bob moderno<\/strong>&nbsp;se mant\u00e9m em alta por unir estilo, praticidade e respeito \u00e0 textura real dos fios. Ele permite adapta\u00e7\u00f5es r\u00e1pidas com poucos produtos, aceita tanto um visual discreto quanto produ\u00e7\u00f5es mais marcantes com cor e acabamento.<\/p>\n\n\n\n<p>Se voc\u00ea sente que seu cabelo n\u00e3o acompanha mais o seu momento, este \u00e9 o sinal para mudar: converse com seu cabeleireiro ainda nesta semana, leve refer\u00eancias de bob moderno que voc\u00ea ama e garanta um corte vers\u00e1til, atual e f\u00e1cil de manter. N\u00e3o adie essa transforma\u00e7\u00e3o \u2014 um novo corte pode renovar sua autoestima e sua imagem de forma imediata.<\/p>\n","protected":false},"excerpt":{"rendered":"<p>Entre os cortes de cabelo m\u00e9dios que bombam nos sal\u00f5es e nas redes sociais, o&nbsp;bob moderno&nbsp;segue como aposta certa para quem quer praticidade sem abrir m\u00e3o de um visual atual. Com comprimento intermedi\u00e1rio e acabamento leve, ele funciona tanto na rotina corrida de trabalho quanto em eventos mais arrumados, sem exigir horas de produ\u00e7\u00e3o ou [&hellip;]<\/p>\n","protected":false},"author":11,"featured_media":180378,"comment_status":"open","ping_status":"open","sticky":false,"template":"","format":"standard","meta":{"jnews-multi-image_gallery":[],"jnews_single_post":{"format":"standard"},"jnews_primary_category":[],"jnews_social_meta":[],"jnews_override_counter":[],"footnotes":""},"categories":[8819,1],"tags":[4905,5257,13340,5318,4977,1920],"class_list":["post-202788","post","type-post","status-publish","format-standard","has-post-thumbnail","hentry","category-curiosidades","category-noticias","tag-cabelo","tag-corte","tag-corte-bob","tag-estilo","tag-moda","tag-tendencia"],"yoast_head":"<!-- This site is optimized with the Yoast SEO plugin v23.8 - https:\/\/yoast.com\/wordpress\/plugins\/seo\/ -->\n<title>Corte de cabelo vira sucesso absoluto em 2026: com pontas curvadas e camadas suaves, valoriza todos os rostos - Estado de Minas - Em foco<\/title>\n<meta name=\"description\" content=\"O bob moderno combina praticidade e movimento, funcionando em v\u00e1rios tipos de cabelo. Veja por que virou tend\u00eancia nos sal\u00f5es.\" \/>\n<meta name=\"robots\" content=\"index, follow, max-snippet:-1, max-image-preview:large, max-video-preview:-1\" \/>\n<link rel=\"canonical\" href=\"https:\/\/www.em.com.br\/emfoco\/2026\/05\/01\/corte-de-cabelo-vira-sucesso-absoluto-em-2026-com-pontas-curvadas-e-camadas-suaves-valoriza-todos-os-rostos\/\" \/>\n<meta property=\"og:locale\" content=\"pt_BR\" \/>\n<meta property=\"og:type\" content=\"article\" \/>\n<meta property=\"og:title\" content=\"Corte de cabelo vira sucesso absoluto em 2026: com pontas curvadas e camadas suaves, valoriza todos os rostos - Estado de Minas - Em foco\" \/>\n<meta property=\"og:description\" content=\"O bob moderno combina praticidade e movimento, funcionando em v\u00e1rios tipos de cabelo. Veja por que virou tend\u00eancia nos sal\u00f5es.\" \/>\n<meta property=\"og:url\" content=\"https:\/\/www.em.com.br\/emfoco\/2026\/05\/01\/corte-de-cabelo-vira-sucesso-absoluto-em-2026-com-pontas-curvadas-e-camadas-suaves-valoriza-todos-os-rostos\/\" \/>\n<meta property=\"og:site_name\" content=\"Estado de Minas - Em foco\" \/>\n<meta property=\"article:published_time\" content=\"2026-05-01T20:00:00+00:00\" \/>\n<meta property=\"article:modified_time\" content=\"2026-05-01T18:37:43+00:00\" \/>\n<meta property=\"og:image\" content=\"https:\/\/www.em.com.br\/emfoco\/wp-content\/uploads\/2026\/03\/Gemini_Generated_Image_2cn0fo2cn0fo2cn0-1.png\" \/>\n\t<meta property=\"og:image:width\" content=\"1280\" \/>\n\t<meta property=\"og:image:height\" content=\"720\" \/>\n\t<meta property=\"og:image:type\" content=\"image\/png\" \/>\n<meta name=\"author\" content=\"Andre\u0301 Rangel\u00a0\" \/>\n<meta name=\"twitter:card\" content=\"summary_large_image\" \/>\n<meta name=\"twitter:label1\" content=\"Escrito por\" \/>\n\t<meta name=\"twitter:data1\" content=\"Andre\u0301 Rangel\u00a0\" \/>\n\t<meta name=\"twitter:label2\" content=\"Est. tempo de leitura\" \/>\n\t<meta name=\"twitter:data2\" content=\"5 minutos\" \/>\n<!-- \/ Yoast SEO plugin. -->","yoast_head_json":{"title":"Corte de cabelo vira sucesso absoluto em 2026: com pontas curvadas e camadas suaves, valoriza todos os rostos - Estado de Minas - Em foco","description":"O bob moderno combina praticidade e movimento, funcionando em v\u00e1rios tipos de cabelo. Veja por que virou tend\u00eancia nos sal\u00f5es.","robots":{"index":"index","follow":"follow","max-snippet":"max-snippet:-1","max-image-preview":"max-image-preview:large","max-video-preview":"max-video-preview:-1"},"canonical":"https:\/\/www.em.com.br\/emfoco\/2026\/05\/01\/corte-de-cabelo-vira-sucesso-absoluto-em-2026-com-pontas-curvadas-e-camadas-suaves-valoriza-todos-os-rostos\/","og_locale":"pt_BR","og_type":"article","og_title":"Corte de cabelo vira sucesso absoluto em 2026: com pontas curvadas e camadas suaves, valoriza todos os rostos - Estado de Minas - Em foco","og_description":"O bob moderno combina praticidade e movimento, funcionando em v\u00e1rios tipos de cabelo. Veja por que virou tend\u00eancia nos sal\u00f5es.","og_url":"https:\/\/www.em.com.br\/emfoco\/2026\/05\/01\/corte-de-cabelo-vira-sucesso-absoluto-em-2026-com-pontas-curvadas-e-camadas-suaves-valoriza-todos-os-rostos\/","og_site_name":"Estado de Minas - Em foco","article_published_time":"2026-05-01T20:00:00+00:00","article_modified_time":"2026-05-01T18:37:43+00:00","og_image":[{"width":1280,"height":720,"url":"https:\/\/www.em.com.br\/emfoco\/wp-content\/uploads\/2026\/03\/Gemini_Generated_Image_2cn0fo2cn0fo2cn0-1.png","type":"image\/png"}],"author":"Andre\u0301 Rangel\u00a0","twitter_card":"summary_large_image","twitter_misc":{"Escrito por":"Andre\u0301 Rangel\u00a0","Est. tempo de leitura":"5 minutos"},"schema":{"@context":"https:\/\/schema.org","@graph":[{"@type":"WebPage","@id":"https:\/\/www.em.com.br\/emfoco\/2026\/05\/01\/corte-de-cabelo-vira-sucesso-absoluto-em-2026-com-pontas-curvadas-e-camadas-suaves-valoriza-todos-os-rostos\/","url":"https:\/\/www.em.com.br\/emfoco\/2026\/05\/01\/corte-de-cabelo-vira-sucesso-absoluto-em-2026-com-pontas-curvadas-e-camadas-suaves-valoriza-todos-os-rostos\/","name":"Corte de cabelo vira sucesso absoluto em 2026: com pontas curvadas e camadas suaves, valoriza todos os rostos - Estado de Minas - Em foco","isPartOf":{"@id":"https:\/\/www.em.com.br\/emfoco\/#website"},"primaryImageOfPage":{"@id":"https:\/\/www.em.com.br\/emfoco\/2026\/05\/01\/corte-de-cabelo-vira-sucesso-absoluto-em-2026-com-pontas-curvadas-e-camadas-suaves-valoriza-todos-os-rostos\/#primaryimage"},"image":{"@id":"https:\/\/www.em.com.br\/emfoco\/2026\/05\/01\/corte-de-cabelo-vira-sucesso-absoluto-em-2026-com-pontas-curvadas-e-camadas-suaves-valoriza-todos-os-rostos\/#primaryimage"},"thumbnailUrl":"https:\/\/www.em.com.br\/emfoco\/wp-content\/uploads\/2026\/03\/Gemini_Generated_Image_2cn0fo2cn0fo2cn0-1.png","datePublished":"2026-05-01T20:00:00+00:00","dateModified":"2026-05-01T18:37:43+00:00","author":{"@id":"https:\/\/www.em.com.br\/emfoco\/#\/schema\/person\/60eda09c1fedf0d6891f4cef4b60b8b8"},"description":"O bob moderno combina praticidade e movimento, funcionando em v\u00e1rios tipos de cabelo. Veja por que virou tend\u00eancia nos sal\u00f5es.","breadcrumb":{"@id":"https:\/\/www.em.com.br\/emfoco\/2026\/05\/01\/corte-de-cabelo-vira-sucesso-absoluto-em-2026-com-pontas-curvadas-e-camadas-suaves-valoriza-todos-os-rostos\/#breadcrumb"},"inLanguage":"pt-BR","potentialAction":[{"@type":"ReadAction","target":["https:\/\/www.em.com.br\/emfoco\/2026\/05\/01\/corte-de-cabelo-vira-sucesso-absoluto-em-2026-com-pontas-curvadas-e-camadas-suaves-valoriza-todos-os-rostos\/"]}]},{"@type":"ImageObject","inLanguage":"pt-BR","@id":"https:\/\/www.em.com.br\/emfoco\/2026\/05\/01\/corte-de-cabelo-vira-sucesso-absoluto-em-2026-com-pontas-curvadas-e-camadas-suaves-valoriza-todos-os-rostos\/#primaryimage","url":"https:\/\/www.em.com.br\/emfoco\/wp-content\/uploads\/2026\/03\/Gemini_Generated_Image_2cn0fo2cn0fo2cn0-1.png","contentUrl":"https:\/\/www.em.com.br\/emfoco\/wp-content\/uploads\/2026\/03\/Gemini_Generated_Image_2cn0fo2cn0fo2cn0-1.png","width":1280,"height":720,"caption":"O corte m\u00e9dio que une estilo leveza e movimento"},{"@type":"BreadcrumbList","@id":"https:\/\/www.em.com.br\/emfoco\/2026\/05\/01\/corte-de-cabelo-vira-sucesso-absoluto-em-2026-com-pontas-curvadas-e-camadas-suaves-valoriza-todos-os-rostos\/#breadcrumb","itemListElement":[{"@type":"ListItem","position":1,"name":"In\u00edcio","item":"https:\/\/www.em.com.br\/emfoco\/"},{"@type":"ListItem","position":2,"name":"Corte de cabelo vira sucesso absoluto em 2026: com pontas curvadas e camadas suaves, valoriza todos os rostos"}]},{"@type":"WebSite","@id":"https:\/\/www.em.com.br\/emfoco\/#website","url":"https:\/\/www.em.com.br\/emfoco\/","name":"Estado de Minas - Em foco","description":"Acompanhe as \u00faltimas not\u00edcias e fique bem informado sobre tudo o que acontece em Minas Gerais, Brasil e no mundo.","potentialAction":[{"@type":"SearchAction","target":{"@type":"EntryPoint","urlTemplate":"https:\/\/www.em.com.br\/emfoco\/?s={search_term_string}"},"query-input":{"@type":"PropertyValueSpecification","valueRequired":true,"valueName":"search_term_string"}}],"inLanguage":"pt-BR"},{"@type":"Person","@id":"https:\/\/www.em.com.br\/emfoco\/#\/schema\/person\/60eda09c1fedf0d6891f4cef4b60b8b8","name":"Andre\u0301 Rangel\u00a0","image":{"@type":"ImageObject","inLanguage":"pt-BR","@id":"https:\/\/www.em.com.br\/emfoco\/#\/schema\/person\/image\/","url":"https:\/\/secure.gravatar.com\/avatar\/6234dc814c77c8ef6d8bba622c787efc?s=96&d=mm&r=g","contentUrl":"https:\/\/secure.gravatar.com\/avatar\/6234dc814c77c8ef6d8bba622c787efc?s=96&d=mm&r=g","caption":"Andre\u0301 Rangel\u00a0"},"url":"https:\/\/www.em.com.br\/emfoco\/author\/luizmyth\/"}]}},"_links":{"self":[{"href":"https:\/\/www.em.com.br\/emfoco\/wp-json\/wp\/v2\/posts\/202788","targetHints":{"allow":["GET"]}}],"collection":[{"href":"https:\/\/www.em.com.br\/emfoco\/wp-json\/wp\/v2\/posts"}],"about":[{"href":"https:\/\/www.em.com.br\/emfoco\/wp-json\/wp\/v2\/types\/post"}],"author":[{"embeddable":true,"href":"https:\/\/www.em.com.br\/emfoco\/wp-json\/wp\/v2\/users\/11"}],"replies":[{"embeddable":true,"href":"https:\/\/www.em.com.br\/emfoco\/wp-json\/wp\/v2\/comments?post=202788"}],"version-history":[{"count":1,"href":"https:\/\/www.em.com.br\/emfoco\/wp-json\/wp\/v2\/posts\/202788\/revisions"}],"predecessor-version":[{"id":202795,"href":"https:\/\/www.em.com.br\/emfoco\/wp-json\/wp\/v2\/posts\/202788\/revisions\/202795"}],"wp:featuredmedia":[{"embeddable":true,"href":"https:\/\/www.em.com.br\/emfoco\/wp-json\/wp\/v2\/media\/180378"}],"wp:attachment":[{"href":"https:\/\/www.em.com.br\/emfoco\/wp-json\/wp\/v2\/media?parent=202788"}],"wp:term":[{"taxonomy":"category","embeddable":true,"href":"https:\/\/www.em.com.br\/emfoco\/wp-json\/wp\/v2\/categories?post=202788"},{"taxonomy":"post_tag","embeddable":true,"href":"https:\/\/www.em.com.br\/emfoco\/wp-json\/wp\/v2\/tags?post=202788"}],"curies":[{"name":"wp","href":"https:\/\/api.w.org\/{rel}","templated":true}]}}