{"id":202775,"date":"2026-05-02T04:05:00","date_gmt":"2026-05-02T07:05:00","guid":{"rendered":"https:\/\/www.em.com.br\/emfoco\/?p=202775"},"modified":"2026-05-01T22:18:00","modified_gmt":"2026-05-02T01:18:00","slug":"adeus-as-taxas-escondidas-nova-regra-obriga-transparencia-total-nos-contratos-de-aluguel","status":"publish","type":"post","link":"https:\/\/www.em.com.br\/emfoco\/2026\/05\/02\/adeus-as-taxas-escondidas-nova-regra-obriga-transparencia-total-nos-contratos-de-aluguel\/","title":{"rendered":"Adeus \u00e0s taxas escondidas, nova regra obriga transpar\u00eancia total nos contratos de aluguel"},"content":{"rendered":"\n<p>Uma nova regra promete dar fim \u00e0s taxas escondidas nos contratos de aluguel, exigindo transpar\u00eancia total nas cobran\u00e7as. A mudan\u00e7a obriga propriet\u00e1rios e imobili\u00e1rias a detalhar todos os custos. Veja como isso impacta diretamente quem aluga im\u00f3veis em 2026.<\/p>\n\n\n\n<h2 class=\"wp-block-heading\">O que mudou na formaliza\u00e7\u00e3o dos documentos de loca\u00e7\u00e3o?<\/h2>\n\n\n\n<p>A partir de agora, a <strong>Lei do Inquilinato<\/strong>, formalmente conhecida como <a href=\"https:\/\/www.planalto.gov.br\/ccivil_03\/leis\/l8245.htm\" target=\"_blank\" rel=\"noreferrer noopener\">Lei n\u00ba 8.245\/1991<\/a>, exige que todo acordo seja formalizado por escrito. Contratos verbais perderam for\u00e7a jur\u00eddica em disputas, sendo substitu\u00eddos por formatos digitais com certifica\u00e7\u00e3o plena.<\/p>\n\n\n\n<p>Essa nova din\u00e2mica obriga que itens como \u00edndice de reajuste, forma de pagamento e prazos estejam descritos sem qualquer margem para d\u00favidas. A meta \u00e9 que os <strong>contratos de aluguel<\/strong> funcionem como um roteiro financeiro claro, eliminando taxas de administra\u00e7\u00e3o ocultas que n\u00e3o foram previamente acordadas.<\/p>\n\n\n<div class=\"wp-block-image\">\n<figure class=\"aligncenter size-large\"><img loading=\"lazy\" decoding=\"async\" width=\"1024\" height=\"576\" src=\"https:\/\/www.em.com.br\/emfoco\/wp-content\/uploads\/2026\/05\/reajustes-1-1024x576.jpg\" alt=\"Justi\u00e7a imp\u00f5e fim de cobran\u00e7as omitidas em alugu\u00e9is e exige clareza m\u00e1xima em contratos\" class=\"wp-image-203123\" srcset=\"https:\/\/www.em.com.br\/emfoco\/wp-content\/uploads\/2026\/05\/reajustes-1-1024x576.jpg 1024w, https:\/\/www.em.com.br\/emfoco\/wp-content\/uploads\/2026\/05\/reajustes-1-300x169.jpg 300w, https:\/\/www.em.com.br\/emfoco\/wp-content\/uploads\/2026\/05\/reajustes-1-768x432.jpg 768w, https:\/\/www.em.com.br\/emfoco\/wp-content\/uploads\/2026\/05\/reajustes-1-750x422.jpg 750w, https:\/\/www.em.com.br\/emfoco\/wp-content\/uploads\/2026\/05\/reajustes-1-1140x641.jpg 1140w, https:\/\/www.em.com.br\/emfoco\/wp-content\/uploads\/2026\/05\/reajustes-1.jpg 1280w\" sizes=\"auto, (max-width: 1024px) 100vw, 1024px\" \/><figcaption class=\"wp-element-caption\">Justi\u00e7a imp\u00f5e fim de cobran\u00e7as omitidas em alugu\u00e9is e exige clareza m\u00e1xima em contratos<\/figcaption><\/figure><\/div>\n\n\n<h2 class=\"wp-block-heading\">Como funcionam as novas limita\u00e7\u00f5es para as garantias locat\u00edcias?<\/h2>\n\n\n\n<p>As mudan\u00e7as na legisla\u00e7\u00e3o deixaram mais claro quais tipos de garantias podem ser exigidas em contratos de aluguel e tamb\u00e9m limitaram abusos que antes eram comuns no mercado. Para facilitar a compreens\u00e3o, veja o resumo abaixo:<\/p>\n\n\n<div class=\"wp-block-image\">\n<figure class=\"aligncenter size-large is-resized\"><img loading=\"lazy\" decoding=\"async\" width=\"1024\" height=\"737\" src=\"https:\/\/www.em.com.br\/emfoco\/wp-content\/uploads\/2026\/05\/image-26-1024x737.png\" alt=\"\" class=\"wp-image-203118\" style=\"width:768px;height:auto\" srcset=\"https:\/\/www.em.com.br\/emfoco\/wp-content\/uploads\/2026\/05\/image-26-1024x737.png 1024w, https:\/\/www.em.com.br\/emfoco\/wp-content\/uploads\/2026\/05\/image-26-300x216.png 300w, https:\/\/www.em.com.br\/emfoco\/wp-content\/uploads\/2026\/05\/image-26-768x553.png 768w, https:\/\/www.em.com.br\/emfoco\/wp-content\/uploads\/2026\/05\/image-26-120x86.png 120w, https:\/\/www.em.com.br\/emfoco\/wp-content\/uploads\/2026\/05\/image-26-750x540.png 750w, https:\/\/www.em.com.br\/emfoco\/wp-content\/uploads\/2026\/05\/image-26-1140x820.png 1140w, https:\/\/www.em.com.br\/emfoco\/wp-content\/uploads\/2026\/05\/image-26.png 1280w\" sizes=\"auto, (max-width: 1024px) 100vw, 1024px\" \/><\/figure><\/div>\n\n\n<h2 class=\"wp-block-heading\">Qual o papel do novo Cadastro Imobili\u00e1rio Brasileiro (CIB)?<\/h2>\n\n\n\n<p>O governo federal implementou o <strong><a href=\"https:\/\/www.gov.br\/receitafederal\/pt-br\/acesso-a-informacao\/perguntas-frequentes\/cadastros\/cib\" target=\"_blank\" rel=\"noreferrer noopener\">Cadastro Imobili\u00e1rio Brasileiro (CIB)<\/a><\/strong>, um identificador \u00fanico que funciona como o &#8220;CPF dos im\u00f3veis&#8221;. Esse sistema integra dados de cart\u00f3rios, prefeituras e \u00f3rg\u00e3os do <strong>Poder Judici\u00e1rio<\/strong> para monitorar o uso de cada unidade no pa\u00eds.<\/p>\n\n\n\n<p>At\u00e9 o final de <strong>2026<\/strong>, todos os im\u00f3veis urbanos devem possuir esse c\u00f3digo, permitindo que a <a href=\"https:\/\/www.gov.br\/receitafederal\/pt-br\" target=\"_blank\" rel=\"noreferrer noopener\">Receita Federal<\/a> cruze dados com precis\u00e3o. O objetivo principal \u00e9 identificar omiss\u00f5es de valores ou subdeclara\u00e7\u00f5es nos <strong>contratos de aluguel<\/strong>, garantindo que os impostos sejam recolhidos corretamente sobre os valores reais praticados.<\/p>\n\n\n\n<h2 class=\"wp-block-heading\">Quem ser\u00e1 afetado pela nova tributa\u00e7\u00e3o de grandes locadores?<\/h2>\n\n\n\n<p>A <strong>Reforma Tribut\u00e1ria<\/strong>, atrav\u00e9s da <strong><a href=\"https:\/\/www.planalto.gov.br\/ccivil_03\/leis\/lcp\/lcp214.htm\" target=\"_blank\" rel=\"noreferrer noopener\">Lei Complementar n\u00ba 214\/2025<\/a><\/strong>, trouxe novas regras para quem possui muitos im\u00f3veis. Est\u00e3o sujeitos ao <strong>IBS<\/strong> e \u00e0 <strong>CBS<\/strong> apenas os propriet\u00e1rios que possuem receita anual superior a <strong>R$ 240 mil<\/strong> e mais de <strong>tr\u00eas im\u00f3veis<\/strong> locados.<\/p>\n\n\n\n<p>Para a maioria dos brasileiros, que alugam apenas uma ou duas unidades, nada muda significativamente na carga tribut\u00e1ria imediata. O ano de <strong>2026<\/strong> serve como um per\u00edodo de transi\u00e7\u00e3o declarat\u00f3ria, com as al\u00edquotas plenas sendo aplicadas de forma gradual at\u00e9 o ano de <strong>2033<\/strong>.<\/p>\n\n\n<div class=\"wp-block-image\">\n<figure class=\"aligncenter size-large\"><img loading=\"lazy\" decoding=\"async\" width=\"1024\" height=\"576\" src=\"https:\/\/www.em.com.br\/emfoco\/wp-content\/uploads\/2026\/05\/chaves-do-imovel-1-1024x576.jpg\" alt=\"Contratos de aluguel ganham nova norma de transpar\u00eancia para barrar taxas ocultas\" class=\"wp-image-203125\" srcset=\"https:\/\/www.em.com.br\/emfoco\/wp-content\/uploads\/2026\/05\/chaves-do-imovel-1-1024x576.jpg 1024w, https:\/\/www.em.com.br\/emfoco\/wp-content\/uploads\/2026\/05\/chaves-do-imovel-1-300x169.jpg 300w, https:\/\/www.em.com.br\/emfoco\/wp-content\/uploads\/2026\/05\/chaves-do-imovel-1-768x432.jpg 768w, https:\/\/www.em.com.br\/emfoco\/wp-content\/uploads\/2026\/05\/chaves-do-imovel-1-750x422.jpg 750w, https:\/\/www.em.com.br\/emfoco\/wp-content\/uploads\/2026\/05\/chaves-do-imovel-1-1140x641.jpg 1140w, https:\/\/www.em.com.br\/emfoco\/wp-content\/uploads\/2026\/05\/chaves-do-imovel-1.jpg 1280w\" sizes=\"auto, (max-width: 1024px) 100vw, 1024px\" \/><figcaption class=\"wp-element-caption\">Contratos de aluguel ganham nova norma de transpar\u00eancia para barrar taxas ocultas<\/figcaption><\/figure><\/div>\n\n\n<p>Leia tamb\u00e9m: <a href=\"https:\/\/www.em.com.br\/emfoco\/2026\/04\/27\/motoboy-toma-garrafada-de-vidro-por-cliente-durante-entrega-e-decisao-da-justica-surpreende-trabalhadores-de-todo-o-pais\/\" target=\"_blank\" rel=\"noreferrer noopener\">Motoboy toma garrafada de vidro por cliente durante entrega e decis\u00e3o da Justi\u00e7a surpreende trabalhadores de todo o pa\u00eds<\/a><\/p>\n\n\n\n<h2 class=\"wp-block-heading\">Como fica a cobran\u00e7a do IPTU nas novas regras?<\/h2>\n\n\n\n<p>A responsabilidade legal pelo pagamento do <strong>IPTU<\/strong> continua sendo do propriet\u00e1rio, mas a transfer\u00eancia dessa obriga\u00e7\u00e3o ao inquilino \u00e9 permitida. Para que isso ocorra legalmente, o documento de loca\u00e7\u00e3o deve conter uma cl\u00e1usula expressa e detalhada sobre prazos e m\u00e9todos de reembolso.<\/p>\n\n\n\n<p>A clareza \u00e9 fundamental para evitar que atrasos no pagamento gerem d\u00edvidas ativas no nome do dono do im\u00f3vel. Recomenda-se que os <strong>contratos de aluguel<\/strong> especifiquem se o tributo ser\u00e1 pago diretamente \u00e0 prefeitura ou se haver\u00e1 repasse mensal junto com o valor da loca\u00e7\u00e3o.<\/p>\n\n\n\n<h2 class=\"wp-block-heading\">Por que o reajuste anual agora exige mais aten\u00e7\u00e3o?<\/h2>\n\n\n\n<p>Os \u00edndices de reajuste, como o <strong>IPCA<\/strong> ou o <strong>IGP-M<\/strong>, devem ser escolhidos no momento da assinatura e n\u00e3o podem ser alterados unilateralmente. Essa previsibilidade protege o planejamento financeiro das fam\u00edlias e evita reajustes abusivos baseados em \u00edndices que n\u00e3o refletem a infla\u00e7\u00e3o real do per\u00edodo.<\/p>\n\n\n\n<p>As novas diretrizes de transpar\u00eancia buscam reduzir a judicializa\u00e7\u00e3o do setor, criando um ambiente de neg\u00f3cios mais seguro para ambas as partes. Com regras claras e fiscaliza\u00e7\u00e3o automatizada, o mercado caminha para uma maturidade onde a \u00e9tica contratual \u00e9 o pilar principal das rela\u00e7\u00f5es de moradia.<\/p>\n","protected":false},"excerpt":{"rendered":"<p>Uma nova regra promete dar fim \u00e0s taxas escondidas nos contratos de aluguel, exigindo transpar\u00eancia total nas cobran\u00e7as. A mudan\u00e7a obriga propriet\u00e1rios e imobili\u00e1rias a detalhar todos os custos. Veja como isso impacta diretamente quem aluga im\u00f3veis em 2026. O que mudou na formaliza\u00e7\u00e3o dos documentos de loca\u00e7\u00e3o? A partir de agora, a Lei do [&hellip;]<\/p>\n","protected":false},"author":30,"featured_media":203083,"comment_status":"open","ping_status":"open","sticky":false,"template":"","format":"standard","meta":{"jnews-multi-image_gallery":[],"jnews_single_post":{"format":"standard"},"jnews_primary_category":[],"jnews_social_meta":[],"jnews_override_counter":[],"footnotes":""},"categories":[28],"tags":[1526,1342,3158,8712],"class_list":["post-202775","post","type-post","status-publish","format-standard","has-post-thumbnail","hentry","category-economia","tag-aluguel","tag-direitos","tag-imobiliario","tag-leis"],"yoast_head":"<!-- This site is optimized with the Yoast SEO plugin v23.8 - https:\/\/yoast.com\/wordpress\/plugins\/seo\/ -->\n<title>Adeus \u00e0s taxas escondidas, nova regra obriga transpar\u00eancia total nos contratos de aluguel - Estado de Minas - Em foco<\/title>\n<meta name=\"description\" content=\"Entenda esta regra acaba com taxas escondidas e obriga transpar\u00eancia nos contratos de aluguel em 2026 e veja impactos.\" \/>\n<meta name=\"robots\" content=\"index, follow, max-snippet:-1, max-image-preview:large, max-video-preview:-1\" \/>\n<link rel=\"canonical\" href=\"https:\/\/www.em.com.br\/emfoco\/2026\/05\/02\/adeus-as-taxas-escondidas-nova-regra-obriga-transparencia-total-nos-contratos-de-aluguel\/\" \/>\n<meta property=\"og:locale\" content=\"pt_BR\" \/>\n<meta property=\"og:type\" content=\"article\" \/>\n<meta property=\"og:title\" content=\"Adeus \u00e0s taxas escondidas, nova regra obriga transpar\u00eancia total nos contratos de aluguel - Estado de Minas - Em foco\" \/>\n<meta property=\"og:description\" content=\"Entenda esta regra acaba com taxas escondidas e obriga transpar\u00eancia nos contratos de aluguel em 2026 e veja impactos.\" \/>\n<meta property=\"og:url\" content=\"https:\/\/www.em.com.br\/emfoco\/2026\/05\/02\/adeus-as-taxas-escondidas-nova-regra-obriga-transparencia-total-nos-contratos-de-aluguel\/\" \/>\n<meta property=\"og:site_name\" content=\"Estado de Minas - Em foco\" \/>\n<meta property=\"article:published_time\" content=\"2026-05-02T07:05:00+00:00\" \/>\n<meta property=\"article:modified_time\" content=\"2026-05-02T01:18:00+00:00\" \/>\n<meta property=\"og:image\" content=\"https:\/\/www.em.com.br\/emfoco\/wp-content\/uploads\/2026\/05\/EmFoco_62-1.jpg\" \/>\n\t<meta property=\"og:image:width\" content=\"1280\" \/>\n\t<meta property=\"og:image:height\" content=\"720\" \/>\n\t<meta property=\"og:image:type\" content=\"image\/jpeg\" \/>\n<meta name=\"author\" content=\"Guilherme Ara\u00fajo\" \/>\n<meta name=\"twitter:card\" content=\"summary_large_image\" \/>\n<meta name=\"twitter:label1\" content=\"Escrito por\" \/>\n\t<meta name=\"twitter:data1\" content=\"Guilherme Ara\u00fajo\" \/>\n\t<meta name=\"twitter:label2\" content=\"Est. tempo de leitura\" \/>\n\t<meta name=\"twitter:data2\" content=\"5 minutos\" \/>\n<!-- \/ Yoast SEO plugin. -->","yoast_head_json":{"title":"Adeus \u00e0s taxas escondidas, nova regra obriga transpar\u00eancia total nos contratos de aluguel - Estado de Minas - Em foco","description":"Entenda esta regra acaba com taxas escondidas e obriga transpar\u00eancia nos contratos de aluguel em 2026 e veja impactos.","robots":{"index":"index","follow":"follow","max-snippet":"max-snippet:-1","max-image-preview":"max-image-preview:large","max-video-preview":"max-video-preview:-1"},"canonical":"https:\/\/www.em.com.br\/emfoco\/2026\/05\/02\/adeus-as-taxas-escondidas-nova-regra-obriga-transparencia-total-nos-contratos-de-aluguel\/","og_locale":"pt_BR","og_type":"article","og_title":"Adeus \u00e0s taxas escondidas, nova regra obriga transpar\u00eancia total nos contratos de aluguel - Estado de Minas - Em foco","og_description":"Entenda esta regra acaba com taxas escondidas e obriga transpar\u00eancia nos contratos de aluguel em 2026 e veja impactos.","og_url":"https:\/\/www.em.com.br\/emfoco\/2026\/05\/02\/adeus-as-taxas-escondidas-nova-regra-obriga-transparencia-total-nos-contratos-de-aluguel\/","og_site_name":"Estado de Minas - Em foco","article_published_time":"2026-05-02T07:05:00+00:00","article_modified_time":"2026-05-02T01:18:00+00:00","og_image":[{"width":1280,"height":720,"url":"https:\/\/www.em.com.br\/emfoco\/wp-content\/uploads\/2026\/05\/EmFoco_62-1.jpg","type":"image\/jpeg"}],"author":"Guilherme Ara\u00fajo","twitter_card":"summary_large_image","twitter_misc":{"Escrito por":"Guilherme Ara\u00fajo","Est. tempo de leitura":"5 minutos"},"schema":{"@context":"https:\/\/schema.org","@graph":[{"@type":"WebPage","@id":"https:\/\/www.em.com.br\/emfoco\/2026\/05\/02\/adeus-as-taxas-escondidas-nova-regra-obriga-transparencia-total-nos-contratos-de-aluguel\/","url":"https:\/\/www.em.com.br\/emfoco\/2026\/05\/02\/adeus-as-taxas-escondidas-nova-regra-obriga-transparencia-total-nos-contratos-de-aluguel\/","name":"Adeus \u00e0s taxas escondidas, nova regra obriga transpar\u00eancia total nos contratos de aluguel - Estado de Minas - Em foco","isPartOf":{"@id":"https:\/\/www.em.com.br\/emfoco\/#website"},"primaryImageOfPage":{"@id":"https:\/\/www.em.com.br\/emfoco\/2026\/05\/02\/adeus-as-taxas-escondidas-nova-regra-obriga-transparencia-total-nos-contratos-de-aluguel\/#primaryimage"},"image":{"@id":"https:\/\/www.em.com.br\/emfoco\/2026\/05\/02\/adeus-as-taxas-escondidas-nova-regra-obriga-transparencia-total-nos-contratos-de-aluguel\/#primaryimage"},"thumbnailUrl":"https:\/\/www.em.com.br\/emfoco\/wp-content\/uploads\/2026\/05\/EmFoco_62-1.jpg","datePublished":"2026-05-02T07:05:00+00:00","dateModified":"2026-05-02T01:18:00+00:00","author":{"@id":"https:\/\/www.em.com.br\/emfoco\/#\/schema\/person\/5379e929a4b966c775d121e23f9bb421"},"description":"Entenda esta regra acaba com taxas escondidas e obriga transpar\u00eancia nos contratos de aluguel em 2026 e veja impactos.","breadcrumb":{"@id":"https:\/\/www.em.com.br\/emfoco\/2026\/05\/02\/adeus-as-taxas-escondidas-nova-regra-obriga-transparencia-total-nos-contratos-de-aluguel\/#breadcrumb"},"inLanguage":"pt-BR","potentialAction":[{"@type":"ReadAction","target":["https:\/\/www.em.com.br\/emfoco\/2026\/05\/02\/adeus-as-taxas-escondidas-nova-regra-obriga-transparencia-total-nos-contratos-de-aluguel\/"]}]},{"@type":"ImageObject","inLanguage":"pt-BR","@id":"https:\/\/www.em.com.br\/emfoco\/2026\/05\/02\/adeus-as-taxas-escondidas-nova-regra-obriga-transparencia-total-nos-contratos-de-aluguel\/#primaryimage","url":"https:\/\/www.em.com.br\/emfoco\/wp-content\/uploads\/2026\/05\/EmFoco_62-1.jpg","contentUrl":"https:\/\/www.em.com.br\/emfoco\/wp-content\/uploads\/2026\/05\/EmFoco_62-1.jpg","width":1280,"height":720,"caption":"Novas normas de transpar\u00eancia garantem clareza e formalidade nos contratos de loca\u00e7\u00e3o."},{"@type":"BreadcrumbList","@id":"https:\/\/www.em.com.br\/emfoco\/2026\/05\/02\/adeus-as-taxas-escondidas-nova-regra-obriga-transparencia-total-nos-contratos-de-aluguel\/#breadcrumb","itemListElement":[{"@type":"ListItem","position":1,"name":"In\u00edcio","item":"https:\/\/www.em.com.br\/emfoco\/"},{"@type":"ListItem","position":2,"name":"Adeus \u00e0s taxas escondidas, nova regra obriga transpar\u00eancia total nos contratos de aluguel"}]},{"@type":"WebSite","@id":"https:\/\/www.em.com.br\/emfoco\/#website","url":"https:\/\/www.em.com.br\/emfoco\/","name":"Estado de Minas - Em foco","description":"Acompanhe as \u00faltimas not\u00edcias e fique bem informado sobre tudo o que acontece em Minas Gerais, Brasil e no mundo.","potentialAction":[{"@type":"SearchAction","target":{"@type":"EntryPoint","urlTemplate":"https:\/\/www.em.com.br\/emfoco\/?s={search_term_string}"},"query-input":{"@type":"PropertyValueSpecification","valueRequired":true,"valueName":"search_term_string"}}],"inLanguage":"pt-BR"},{"@type":"Person","@id":"https:\/\/www.em.com.br\/emfoco\/#\/schema\/person\/5379e929a4b966c775d121e23f9bb421","name":"Guilherme Ara\u00fajo","image":{"@type":"ImageObject","inLanguage":"pt-BR","@id":"https:\/\/www.em.com.br\/emfoco\/#\/schema\/person\/image\/","url":"https:\/\/secure.gravatar.com\/avatar\/b8bf1fd0130e170bd8f5d7298dbafa25?s=96&d=mm&r=g","contentUrl":"https:\/\/secure.gravatar.com\/avatar\/b8bf1fd0130e170bd8f5d7298dbafa25?s=96&d=mm&r=g","caption":"Guilherme Ara\u00fajo"},"sameAs":["https:\/\/www.em.com.br\/emfoco"],"url":"https:\/\/www.em.com.br\/emfoco\/author\/guilhermeamyth\/"}]}},"_links":{"self":[{"href":"https:\/\/www.em.com.br\/emfoco\/wp-json\/wp\/v2\/posts\/202775","targetHints":{"allow":["GET"]}}],"collection":[{"href":"https:\/\/www.em.com.br\/emfoco\/wp-json\/wp\/v2\/posts"}],"about":[{"href":"https:\/\/www.em.com.br\/emfoco\/wp-json\/wp\/v2\/types\/post"}],"author":[{"embeddable":true,"href":"https:\/\/www.em.com.br\/emfoco\/wp-json\/wp\/v2\/users\/30"}],"replies":[{"embeddable":true,"href":"https:\/\/www.em.com.br\/emfoco\/wp-json\/wp\/v2\/comments?post=202775"}],"version-history":[{"count":5,"href":"https:\/\/www.em.com.br\/emfoco\/wp-json\/wp\/v2\/posts\/202775\/revisions"}],"predecessor-version":[{"id":203127,"href":"https:\/\/www.em.com.br\/emfoco\/wp-json\/wp\/v2\/posts\/202775\/revisions\/203127"}],"wp:featuredmedia":[{"embeddable":true,"href":"https:\/\/www.em.com.br\/emfoco\/wp-json\/wp\/v2\/media\/203083"}],"wp:attachment":[{"href":"https:\/\/www.em.com.br\/emfoco\/wp-json\/wp\/v2\/media?parent=202775"}],"wp:term":[{"taxonomy":"category","embeddable":true,"href":"https:\/\/www.em.com.br\/emfoco\/wp-json\/wp\/v2\/categories?post=202775"},{"taxonomy":"post_tag","embeddable":true,"href":"https:\/\/www.em.com.br\/emfoco\/wp-json\/wp\/v2\/tags?post=202775"}],"curies":[{"name":"wp","href":"https:\/\/api.w.org\/{rel}","templated":true}]}}