{"id":202772,"date":"2026-05-02T05:35:00","date_gmt":"2026-05-02T08:35:00","guid":{"rendered":"https:\/\/www.em.com.br\/emfoco\/?p=202772"},"modified":"2026-05-01T18:21:55","modified_gmt":"2026-05-01T21:21:55","slug":"cabeleireiros-revelam-cortar-o-cabelo-regularmente-ajuda-no-crescimento-saudavel-mas-nao-acelera-o-crescimento","status":"publish","type":"post","link":"https:\/\/www.em.com.br\/emfoco\/2026\/05\/02\/cabeleireiros-revelam-cortar-o-cabelo-regularmente-ajuda-no-crescimento-saudavel-mas-nao-acelera-o-crescimento\/","title":{"rendered":"Cabeleireiros revelam: \u201cCortar o cabelo regularmente ajuda no crescimento saud\u00e1vel, mas n\u00e3o acelera o crescimento\u201d"},"content":{"rendered":"\n<p>Muitas pessoas acreditam fielmente que a tesoura possui um poder m\u00e1gico capaz de acelerar o <strong>Crescimento do cabelo<\/strong> de forma instant\u00e2nea. No entanto a verdade guardada pelos profissionais esconde um detalhe t\u00e9cnico que altera completamente a percep\u00e7\u00e3o sobre a sa\u00fade das fibras capilares.<\/p>\n\n\n\n<h2 class=\"wp-block-heading\">O mito sobre o corte constante e o crescimento do cabelo<\/h2>\n\n\n\n<p>Cortar as pontas regularmente serve principalmente para eliminar as partes extremamente danificadas que impedem a visualiza\u00e7\u00e3o da <strong>beleza est\u00e9tica total<\/strong>. Essa pr\u00e1tica evita que a quebra suba pelo comprimento e destrua a <strong>estrutura capilar interna<\/strong> com o passar dos meses de abandono. Muitos clientes acabam confundindo a manuten\u00e7\u00e3o da sa\u00fade externa com um aumento real na velocidade biol\u00f3gica produzida pelo couro cabeludo.<\/p>\n\n\n\n<p>A sensa\u00e7\u00e3o de fios muito mais longos surge apenas quando as extremidades param de se fragmentar devido ao <strong>ressecamento excessivo<\/strong> do cotidiano. Manter o <strong>crescimento do cabelo<\/strong> vis\u00edvel depende muito mais da preserva\u00e7\u00e3o das pontas saud\u00e1veis do que da estimula\u00e7\u00e3o mec\u00e2nica provocada pela tesoura. Fios inteiros e selados refletem melhor a luz natural e transmitem uma <strong>imagem de vitalidade<\/strong> superior para qualquer pessoa que observa.<\/p>\n\n\n<div class=\"wp-block-image\">\n<figure class=\"aligncenter size-large\"><img loading=\"lazy\" decoding=\"async\" width=\"1024\" height=\"576\" src=\"https:\/\/www.em.com.br\/emfoco\/wp-content\/uploads\/2026\/05\/Crescimento-do-cabelo-1024x576.jpg\" alt=\"crescimento do cabelo\" class=\"wp-image-202787\" srcset=\"https:\/\/www.em.com.br\/emfoco\/wp-content\/uploads\/2026\/05\/Crescimento-do-cabelo-1024x576.jpg 1024w, https:\/\/www.em.com.br\/emfoco\/wp-content\/uploads\/2026\/05\/Crescimento-do-cabelo-300x169.jpg 300w, https:\/\/www.em.com.br\/emfoco\/wp-content\/uploads\/2026\/05\/Crescimento-do-cabelo-768x432.jpg 768w, https:\/\/www.em.com.br\/emfoco\/wp-content\/uploads\/2026\/05\/Crescimento-do-cabelo-750x422.jpg 750w, https:\/\/www.em.com.br\/emfoco\/wp-content\/uploads\/2026\/05\/Crescimento-do-cabelo-1140x641.jpg 1140w, https:\/\/www.em.com.br\/emfoco\/wp-content\/uploads\/2026\/05\/Crescimento-do-cabelo.jpg 1280w\" sizes=\"auto, (max-width: 1024px) 100vw, 1024px\" \/><figcaption class=\"wp-element-caption\">A sensa\u00e7\u00e3o de fios muito mais longos surge apenas quando as extremidades param de se fragmentar devido ao ressecamento excessivo do cotidiano.<\/figcaption><\/figure><\/div>\n\n\n<p>Leia tamb\u00e9m: <a href=\"https:\/\/www.em.com.br\/emfoco\/2026\/04\/25\/os-cortes-que-favorecem-cabelos-grossos-independentemente-da-textura-ou-comprimento\/\" target=\"_blank\" rel=\"noreferrer noopener\">Os cortes que favorecem cabelos grossos, independentemente da textura ou comprimento<\/a><\/p>\n\n\n\n<h2 class=\"wp-block-heading\">Como a biologia reage aos est\u00edmulos e ao crescimento do cabelo<\/h2>\n\n\n\n<p>O bulbo capilar funciona de maneira independente das pontas e recebe todos os nutrientes necess\u00e1rios diretamente da sua <strong>corrente sangu\u00ednea<\/strong>. Agentes externos como polui\u00e7\u00e3o e radia\u00e7\u00e3o solar enfraquecem a queratina e tornam o fio <strong>quebradi\u00e7o precocemente<\/strong> em diversas situa\u00e7\u00f5es. Investir em massagens suaves no couro cabeludo promove uma circula\u00e7\u00e3o eficiente que realmente favorece o ganho de comprimento saud\u00e1vel.<\/p>\n\n\n\n<p>O uso frequente de ferramentas de calor sem a devida prote\u00e7\u00e3o t\u00e9rmica acelera a <strong>degrada\u00e7\u00e3o das prote\u00ednas<\/strong> naturais presentes na haste. Os profissionais recomendam adotar h\u00e1bitos preventivos para garantir que o desenvolvimento biol\u00f3gico ocorra sem <strong>interrup\u00e7\u00f5es indesejadas<\/strong> por danos externos. V\u00e1rios fatores cotidianos determinam se o seu cronograma capilar ter\u00e1 sucesso ou se os fios continuar\u00e3o fr\u00e1geis.<\/p>\n\n\n\n<ul class=\"wp-block-list\">\n<li>Alimenta\u00e7\u00e3o rica em ferro e biotina para <strong>fortalecer a raiz<\/strong> desde o in\u00edcio.<\/li>\n\n\n\n<li>Uso de condicionadores seladores que evitam a <strong>abertura das cut\u00edculas<\/strong> protetoras.<\/li>\n\n\n\n<li>Redu\u00e7\u00e3o da frequ\u00eancia de processos qu\u00edmicos agressivos que causam o <strong>corte qu\u00edmico<\/strong> severo.<\/li>\n<\/ul>\n\n\n\n<p>Para voc\u00ea que gosta de se cuidar, separamos um v\u00eddeo do canal da <a href=\"https:\/\/www.youtube.com\/@PatriciaElias\" target=\"_blank\" rel=\"noreferrer noopener\">Patricia Elias<\/a> com dicas para acelerar o cresciento capilar de forma correta:<\/p>\n\n\n\n<figure class=\"wp-block-embed is-type-video is-provider-youtube wp-block-embed-youtube wp-embed-aspect-16-9 wp-has-aspect-ratio\"><div class=\"wp-block-embed__wrapper\">\n<div class=\"jeg_video_container jeg_video_content\"><iframe loading=\"lazy\" title=\"F\u00f3rmula POTENTE que faz CRESCER MUITO CABELO !\" width=\"500\" height=\"281\" src=\"https:\/\/www.youtube.com\/embed\/sg03v7YcowQ?feature=oembed\" frameborder=\"0\" allow=\"accelerometer; autoplay; clipboard-write; encrypted-media; gyroscope; picture-in-picture; web-share\" referrerpolicy=\"strict-origin-when-cross-origin\" allowfullscreen><\/iframe><\/div>\n<\/div><\/figure>\n\n\n\n<h2 class=\"wp-block-heading\">Estrat\u00e9gias profissionais para um crescimento do cabelo constante<\/h2>\n\n\n\n<p>Manter a hidrata\u00e7\u00e3o em dia garante que a fibra suporte a tra\u00e7\u00e3o di\u00e1ria sem romper no meio do <strong>caminho do desenvolvimento<\/strong>. Fios bem nutridos apresentam um di\u00e2metro regular e mant\u00eam a <strong>elasticidade necess\u00e1ria<\/strong> para suportar penteados diversos sem sofrer danos. O equil\u00edbrio h\u00eddrico atua como um suporte fundamental para quem busca um <strong>visual impactante<\/strong> e longo por muito tempo.<\/p>\n\n\n\n<p>A escolha de shampoos suaves evita a inflama\u00e7\u00e3o dos poros onde os novos fios est\u00e3o tentando emergir com <strong>for\u00e7a total<\/strong>. Remover res\u00edduos de produtos pesados permite que a pele receba <strong>oxigena\u00e7\u00e3o plena<\/strong> e absorva t\u00f4nicos espec\u00edficos de forma otimizada. Verifique se o seu estoque dom\u00e9stico possui os itens que auxiliam nessa jornada de <strong>recupera\u00e7\u00e3o intensa<\/strong> das fibras.<\/p>\n\n\n\n<figure class=\"wp-block-embed is-type-rich is-provider-pinterest wp-block-embed-pinterest\"><div class=\"wp-block-embed__wrapper\">\n<iframe loading=\"lazy\" title=\"Como fazer o cabelo crescer MUITO mais RAP\u00cdDO?!\" src=\"https:\/\/assets.pinterest.com\/ext\/embed.html?id=1091560028434009373&#038;src=oembed\" height=\"899\" width=\"450\" frameborder=\"0\" scrolling=\"no\" ><\/iframe>\n<\/div><\/figure>\n\n\n\n<h2 class=\"wp-block-heading\">Erros comuns que impedem a evolu\u00e7\u00e3o natural dos fios<\/h2>\n\n\n\n<p>Dormir com o cabelo molhado favorece a prolifera\u00e7\u00e3o de fungos que enfraquecem a <strong>fixa\u00e7\u00e3o da raiz<\/strong> no couro cabeludo. Esse h\u00e1bito nocivo causa uma queda silenciosa que muitas vezes \u00e9 confundida com a <strong>falta de desenvolvimento<\/strong> biol\u00f3gico natural. Evite prender as mechas com muita for\u00e7a para n\u00e3o gerar uma <strong>alopecia por tra\u00e7\u00e3o<\/strong> que prejudica o volume.<\/p>\n\n\n\n<p>Ignorar o uso de m\u00e1scaras reconstrutoras deixa a estrutura capilar oca e vulner\u00e1vel aos <strong>danos mec\u00e2nicos simples<\/strong> do dia a dia. A reposi\u00e7\u00e3o de massa capilar preenche as lacunas e devolve o <strong>peso necess\u00e1rio<\/strong> para um caimento impec\u00e1vel e bonito. Priorize os tratamentos que focam na <strong>selagem imediata<\/strong> das cut\u00edculas ap\u00f3s cada lavagem t\u00e9cnica realizada no ambiente dom\u00e9stico.<\/p>\n\n\n\n<h2 class=\"wp-block-heading\">Conselhos pr\u00e1ticos para manter o visual saud\u00e1vel<\/h2>\n\n\n\n<p>Priorize o bem-estar do seu couro cabeludo para colher <strong>resultados vis\u00edveis<\/strong> em pouco tempo. Escolha produtos que respeitem o seu tipo de fibra para evitar o <strong>ac\u00famulo de oleosidade<\/strong>. O segredo da beleza reside na <strong>disciplina aplicada<\/strong> nos detalhes m\u00ednimos da sua rotina.<\/p>\n\n\n\n<p>Procure um profissional de confian\u00e7a para realizar <strong>ajustes pontuais<\/strong> que valorizem o seu rosto. Pequenas mudan\u00e7as na forma de pentear podem <strong>renovar sua imagem<\/strong> sem interven\u00e7\u00f5es radicais. Siga um <strong>plano de a\u00e7\u00e3o<\/strong> personalizado e aproveite o vigor de um visual totalmente transformado.<\/p>\n","protected":false},"excerpt":{"rendered":"<p>Muitas pessoas acreditam fielmente que a tesoura possui um poder m\u00e1gico capaz de acelerar o Crescimento do cabelo de forma instant\u00e2nea. No entanto a verdade guardada pelos profissionais esconde um detalhe t\u00e9cnico que altera completamente a percep\u00e7\u00e3o sobre a sa\u00fade das fibras capilares. O mito sobre o corte constante e o crescimento do cabelo Cortar [&hellip;]<\/p>\n","protected":false},"author":9,"featured_media":203039,"comment_status":"open","ping_status":"open","sticky":false,"template":"","format":"standard","meta":{"jnews-multi-image_gallery":[],"jnews_single_post":{"format":"standard"},"jnews_primary_category":[],"jnews_social_meta":[],"jnews_override_counter":[],"footnotes":""},"categories":[8819],"tags":[6494,5046,5045],"class_list":["post-202772","post","type-post","status-publish","format-standard","has-post-thumbnail","hentry","category-curiosidades","tag-cronograma-capilar","tag-dicas-de-beleza","tag-saude-capilar"],"yoast_head":"<!-- This site is optimized with the Yoast SEO plugin v23.8 - https:\/\/yoast.com\/wordpress\/plugins\/seo\/ -->\n<title>Cabeleireiros revelam: \u201cCortar o cabelo regularmente ajuda no crescimento saud\u00e1vel, mas n\u00e3o acelera o crescimento\u201d - Estado de Minas - Em foco<\/title>\n<meta name=\"description\" content=\"Muita gente gasta fortunas com tesouras esperando um milagre capilar sem conhecer a ci\u00eancia por tr\u00e1s dos fios.\" \/>\n<meta name=\"robots\" content=\"index, follow, max-snippet:-1, max-image-preview:large, max-video-preview:-1\" \/>\n<link rel=\"canonical\" href=\"https:\/\/www.em.com.br\/emfoco\/2026\/05\/02\/cabeleireiros-revelam-cortar-o-cabelo-regularmente-ajuda-no-crescimento-saudavel-mas-nao-acelera-o-crescimento\/\" \/>\n<meta property=\"og:locale\" content=\"pt_BR\" \/>\n<meta property=\"og:type\" content=\"article\" \/>\n<meta property=\"og:title\" content=\"Cabeleireiros revelam: \u201cCortar o cabelo regularmente ajuda no crescimento saud\u00e1vel, mas n\u00e3o acelera o crescimento\u201d - Estado de Minas - Em foco\" \/>\n<meta property=\"og:description\" content=\"Muita gente gasta fortunas com tesouras esperando um milagre capilar sem conhecer a ci\u00eancia por tr\u00e1s dos fios.\" \/>\n<meta property=\"og:url\" content=\"https:\/\/www.em.com.br\/emfoco\/2026\/05\/02\/cabeleireiros-revelam-cortar-o-cabelo-regularmente-ajuda-no-crescimento-saudavel-mas-nao-acelera-o-crescimento\/\" \/>\n<meta property=\"og:site_name\" content=\"Estado de Minas - Em foco\" \/>\n<meta property=\"article:published_time\" content=\"2026-05-02T08:35:00+00:00\" \/>\n<meta property=\"article:modified_time\" content=\"2026-05-01T21:21:55+00:00\" \/>\n<meta property=\"og:image\" content=\"https:\/\/www.em.com.br\/emfoco\/wp-content\/uploads\/2026\/05\/EmFoco_32-1.jpg\" \/>\n\t<meta property=\"og:image:width\" content=\"1280\" \/>\n\t<meta property=\"og:image:height\" content=\"720\" \/>\n\t<meta property=\"og:image:type\" content=\"image\/jpeg\" \/>\n<meta name=\"author\" content=\"Daniely Cardoso\" \/>\n<meta name=\"twitter:card\" content=\"summary_large_image\" \/>\n<meta name=\"twitter:label1\" content=\"Escrito por\" \/>\n\t<meta name=\"twitter:data1\" content=\"Daniely Cardoso\" \/>\n\t<meta name=\"twitter:label2\" content=\"Est. tempo de leitura\" \/>\n\t<meta name=\"twitter:data2\" content=\"5 minutos\" \/>\n<!-- \/ Yoast SEO plugin. -->","yoast_head_json":{"title":"Cabeleireiros revelam: \u201cCortar o cabelo regularmente ajuda no crescimento saud\u00e1vel, mas n\u00e3o acelera o crescimento\u201d - Estado de Minas - Em foco","description":"Muita gente gasta fortunas com tesouras esperando um milagre capilar sem conhecer a ci\u00eancia por tr\u00e1s dos fios.","robots":{"index":"index","follow":"follow","max-snippet":"max-snippet:-1","max-image-preview":"max-image-preview:large","max-video-preview":"max-video-preview:-1"},"canonical":"https:\/\/www.em.com.br\/emfoco\/2026\/05\/02\/cabeleireiros-revelam-cortar-o-cabelo-regularmente-ajuda-no-crescimento-saudavel-mas-nao-acelera-o-crescimento\/","og_locale":"pt_BR","og_type":"article","og_title":"Cabeleireiros revelam: \u201cCortar o cabelo regularmente ajuda no crescimento saud\u00e1vel, mas n\u00e3o acelera o crescimento\u201d - Estado de Minas - Em foco","og_description":"Muita gente gasta fortunas com tesouras esperando um milagre capilar sem conhecer a ci\u00eancia por tr\u00e1s dos fios.","og_url":"https:\/\/www.em.com.br\/emfoco\/2026\/05\/02\/cabeleireiros-revelam-cortar-o-cabelo-regularmente-ajuda-no-crescimento-saudavel-mas-nao-acelera-o-crescimento\/","og_site_name":"Estado de Minas - Em foco","article_published_time":"2026-05-02T08:35:00+00:00","article_modified_time":"2026-05-01T21:21:55+00:00","og_image":[{"width":1280,"height":720,"url":"https:\/\/www.em.com.br\/emfoco\/wp-content\/uploads\/2026\/05\/EmFoco_32-1.jpg","type":"image\/jpeg"}],"author":"Daniely Cardoso","twitter_card":"summary_large_image","twitter_misc":{"Escrito por":"Daniely Cardoso","Est. tempo de leitura":"5 minutos"},"schema":{"@context":"https:\/\/schema.org","@graph":[{"@type":"WebPage","@id":"https:\/\/www.em.com.br\/emfoco\/2026\/05\/02\/cabeleireiros-revelam-cortar-o-cabelo-regularmente-ajuda-no-crescimento-saudavel-mas-nao-acelera-o-crescimento\/","url":"https:\/\/www.em.com.br\/emfoco\/2026\/05\/02\/cabeleireiros-revelam-cortar-o-cabelo-regularmente-ajuda-no-crescimento-saudavel-mas-nao-acelera-o-crescimento\/","name":"Cabeleireiros revelam: \u201cCortar o cabelo regularmente ajuda no crescimento saud\u00e1vel, mas n\u00e3o acelera o crescimento\u201d - Estado de Minas - Em foco","isPartOf":{"@id":"https:\/\/www.em.com.br\/emfoco\/#website"},"primaryImageOfPage":{"@id":"https:\/\/www.em.com.br\/emfoco\/2026\/05\/02\/cabeleireiros-revelam-cortar-o-cabelo-regularmente-ajuda-no-crescimento-saudavel-mas-nao-acelera-o-crescimento\/#primaryimage"},"image":{"@id":"https:\/\/www.em.com.br\/emfoco\/2026\/05\/02\/cabeleireiros-revelam-cortar-o-cabelo-regularmente-ajuda-no-crescimento-saudavel-mas-nao-acelera-o-crescimento\/#primaryimage"},"thumbnailUrl":"https:\/\/www.em.com.br\/emfoco\/wp-content\/uploads\/2026\/05\/EmFoco_32-1.jpg","datePublished":"2026-05-02T08:35:00+00:00","dateModified":"2026-05-01T21:21:55+00:00","author":{"@id":"https:\/\/www.em.com.br\/emfoco\/#\/schema\/person\/0a8186d72f2c3a5c6276d90b41f271a0"},"description":"Muita gente gasta fortunas com tesouras esperando um milagre capilar sem conhecer a ci\u00eancia por tr\u00e1s dos fios.","breadcrumb":{"@id":"https:\/\/www.em.com.br\/emfoco\/2026\/05\/02\/cabeleireiros-revelam-cortar-o-cabelo-regularmente-ajuda-no-crescimento-saudavel-mas-nao-acelera-o-crescimento\/#breadcrumb"},"inLanguage":"pt-BR","potentialAction":[{"@type":"ReadAction","target":["https:\/\/www.em.com.br\/emfoco\/2026\/05\/02\/cabeleireiros-revelam-cortar-o-cabelo-regularmente-ajuda-no-crescimento-saudavel-mas-nao-acelera-o-crescimento\/"]}]},{"@type":"ImageObject","inLanguage":"pt-BR","@id":"https:\/\/www.em.com.br\/emfoco\/2026\/05\/02\/cabeleireiros-revelam-cortar-o-cabelo-regularmente-ajuda-no-crescimento-saudavel-mas-nao-acelera-o-crescimento\/#primaryimage","url":"https:\/\/www.em.com.br\/emfoco\/wp-content\/uploads\/2026\/05\/EmFoco_32-1.jpg","contentUrl":"https:\/\/www.em.com.br\/emfoco\/wp-content\/uploads\/2026\/05\/EmFoco_32-1.jpg","width":1280,"height":720,"caption":"Preserva\u00e7\u00e3o das extremidades saud\u00e1veis que garante vitalidade e ganho de comprimento capilar"},{"@type":"BreadcrumbList","@id":"https:\/\/www.em.com.br\/emfoco\/2026\/05\/02\/cabeleireiros-revelam-cortar-o-cabelo-regularmente-ajuda-no-crescimento-saudavel-mas-nao-acelera-o-crescimento\/#breadcrumb","itemListElement":[{"@type":"ListItem","position":1,"name":"In\u00edcio","item":"https:\/\/www.em.com.br\/emfoco\/"},{"@type":"ListItem","position":2,"name":"Cabeleireiros revelam: \u201cCortar o cabelo regularmente ajuda no crescimento saud\u00e1vel, mas n\u00e3o acelera o crescimento\u201d"}]},{"@type":"WebSite","@id":"https:\/\/www.em.com.br\/emfoco\/#website","url":"https:\/\/www.em.com.br\/emfoco\/","name":"Estado de Minas - Em foco","description":"Acompanhe as \u00faltimas not\u00edcias e fique bem informado sobre tudo o que acontece em Minas Gerais, Brasil e no mundo.","potentialAction":[{"@type":"SearchAction","target":{"@type":"EntryPoint","urlTemplate":"https:\/\/www.em.com.br\/emfoco\/?s={search_term_string}"},"query-input":{"@type":"PropertyValueSpecification","valueRequired":true,"valueName":"search_term_string"}}],"inLanguage":"pt-BR"},{"@type":"Person","@id":"https:\/\/www.em.com.br\/emfoco\/#\/schema\/person\/0a8186d72f2c3a5c6276d90b41f271a0","name":"Daniely Cardoso","image":{"@type":"ImageObject","inLanguage":"pt-BR","@id":"https:\/\/www.em.com.br\/emfoco\/#\/schema\/person\/image\/","url":"https:\/\/secure.gravatar.com\/avatar\/4b80ddbd124d1f071b626d52d62e5dff?s=96&d=mm&r=g","contentUrl":"https:\/\/secure.gravatar.com\/avatar\/4b80ddbd124d1f071b626d52d62e5dff?s=96&d=mm&r=g","caption":"Daniely Cardoso"},"url":"https:\/\/www.em.com.br\/emfoco\/author\/danielymyth\/"}]}},"_links":{"self":[{"href":"https:\/\/www.em.com.br\/emfoco\/wp-json\/wp\/v2\/posts\/202772","targetHints":{"allow":["GET"]}}],"collection":[{"href":"https:\/\/www.em.com.br\/emfoco\/wp-json\/wp\/v2\/posts"}],"about":[{"href":"https:\/\/www.em.com.br\/emfoco\/wp-json\/wp\/v2\/types\/post"}],"author":[{"embeddable":true,"href":"https:\/\/www.em.com.br\/emfoco\/wp-json\/wp\/v2\/users\/9"}],"replies":[{"embeddable":true,"href":"https:\/\/www.em.com.br\/emfoco\/wp-json\/wp\/v2\/comments?post=202772"}],"version-history":[{"count":1,"href":"https:\/\/www.em.com.br\/emfoco\/wp-json\/wp\/v2\/posts\/202772\/revisions"}],"predecessor-version":[{"id":202791,"href":"https:\/\/www.em.com.br\/emfoco\/wp-json\/wp\/v2\/posts\/202772\/revisions\/202791"}],"wp:featuredmedia":[{"embeddable":true,"href":"https:\/\/www.em.com.br\/emfoco\/wp-json\/wp\/v2\/media\/203039"}],"wp:attachment":[{"href":"https:\/\/www.em.com.br\/emfoco\/wp-json\/wp\/v2\/media?parent=202772"}],"wp:term":[{"taxonomy":"category","embeddable":true,"href":"https:\/\/www.em.com.br\/emfoco\/wp-json\/wp\/v2\/categories?post=202772"},{"taxonomy":"post_tag","embeddable":true,"href":"https:\/\/www.em.com.br\/emfoco\/wp-json\/wp\/v2\/tags?post=202772"}],"curies":[{"name":"wp","href":"https:\/\/api.w.org\/{rel}","templated":true}]}}